{"id":53171,"date":"2021-09-24T08:59:02","date_gmt":"2021-09-24T11:59:02","guid":{"rendered":"https:\/\/dana.com.br\/canaldana\/?p=53171"},"modified":"2021-09-24T08:59:02","modified_gmt":"2021-09-24T11:59:02","slug":"great-wall-deve-comecar-a-produzir-no-brasil-em-2023","status":"publish","type":"post","link":"https:\/\/dana.com.br\/canaldana\/2021\/09\/24\/great-wall-deve-comecar-a-produzir-no-brasil-em-2023\/","title":{"rendered":"Great Wall deve come\u00e7ar a produzir no Brasil em 2023"},"content":{"rendered":"<p><em>O Estado de S. Paulo <\/em><\/p>\n<p>&nbsp;<\/p>\n<p>Depois de adquirir, no m\u00eas passado, a f\u00e1brica da Mercedes-Benz em Iracem\u00e1polis, no interior de S\u00e3o Paulo, a Great Wall finaliza os processos legais de transfer\u00eancia das instala\u00e7\u00f5es para come\u00e7ar a preparar as linhas aos utilit\u00e1rios esportivos e picapes que a montadora chinesa pretende fabricar no local.<\/p>\n<p>&nbsp;<\/p>\n<p>Embora a montadora tenha comprado uma f\u00e1brica j\u00e1 erguida, incluindo os equipamentos que eram usados at\u00e9 dezembro de 2020 na montagem de autom\u00f3veis premium da Mercedes, a adapta\u00e7\u00e3o da unidade ao padr\u00e3o industrial da Great Wall na China n\u00e3o ser\u00e1 um processo t\u00e3o r\u00e1pido quanto possa parecer. Pelo cronograma, os carros da montadora s\u00f3 devem come\u00e7ar a ser produzidos no Brasil nos primeiros meses de 2023.<\/p>\n<p>&nbsp;<\/p>\n<p>Esse \u00e9 o prazo que a empresa deve levar para desenvolver fornecedores locais e uma rede de revendas \u2013 cuja cobertura deve ser nacional \u2013 e ampliar a capacidade, de 20 mil para 100 mil autom\u00f3veis por ano, entre outros trabalhos de adapta\u00e7\u00e3o. No total, essas mudan\u00e7as v\u00e3o consumir investimentos estimados em aproximadamente R$ 4 bilh\u00f5es nos pr\u00f3ximos cinco anos.<\/p>\n<p>&nbsp;<\/p>\n<p>\u201cO arranque da f\u00e1brica seria no in\u00edcio de 2023\u201d, contou o diretor de planejamento de produto e estrat\u00e9gia da Great Wall, Anderson Suzuki, durante participa\u00e7\u00e3o, ontem, no Broadcast Live, programa transmitido pelos canais da Ag\u00eancia Estado no YouTube e no LinkedIn.<\/p>\n<p>&nbsp;<\/p>\n<p>Nos pr\u00f3ximos dois meses, estimou Suzuki, a f\u00e1brica deve ser completamente transferida ao grupo chin\u00eas, que poder\u00e1 come\u00e7ar a transformar as instala\u00e7\u00f5es. A inten\u00e7\u00e3o \u00e9 iniciar as importa\u00e7\u00f5es antes do in\u00edcio da produ\u00e7\u00e3o. No segundo semestre de 2022, os primeiros carros da Great Wall devem chegar ao Pa\u00eds.<\/p>\n<p>&nbsp;<\/p>\n<p>Ao justificar a decis\u00e3o de investir no Brasil depois de tanto a Mercedes quanto a Ford terem desistido de produzir autom\u00f3veis no Pa\u00eds, Suzuki afirmou que o mercado brasileiro tem potencial de voltar nos pr\u00f3ximos anos a algo na faixa entre 3 milh\u00f5es e 3,5 milh\u00f5es de carros, ante 2,1 milh\u00f5es de 2021. \u201c\u00c9 tamb\u00e9m um mercado competitivo. Praticamente, todas as marcas j\u00e1 est\u00e3o presentes aqui com produ\u00e7\u00e3o ou importa\u00e7\u00e3o\u201d. (O Estado de S. Paulo\/Francisco Carlos de Assis e Eduardo Laguna)<\/p>\n","protected":false},"excerpt":{"rendered":"<p>O Estado de S. Paulo &nbsp; Depois de adquirir, no m\u00eas passado, a f\u00e1brica da Mercedes-Benz em Iracem\u00e1polis, no interior de S\u00e3o Paulo, a Great Wall finaliza os processos legais de transfer\u00eancia das instala\u00e7\u00f5es para come\u00e7ar a preparar as linhas aos utilit\u00e1rios esportivos e picapes que a montadora chinesa pretende fabricar no local. &nbsp; Embora\u2026 <a class=\"readmore\" href=\"https:\/\/dana.com.br\/canaldana\/2021\/09\/24\/great-wall-deve-comecar-a-produzir-no-brasil-em-2023\/\">Leia mais \u00bb<\/a><\/p>\n","protected":false},"author":3,"featured_media":0,"comment_status":"closed","ping_status":"closed","sticky":false,"template":"","format":"standard","meta":{"_acf_changed":false,"footnotes":""},"categories":[61],"tags":[],"class_list":["post-53171","post","type-post","status-publish","format-standard","hentry","category-destaques"],"acf":[],"yoast_head":"<!-- This site is optimized with the Yoast SEO plugin v27.3 - https:\/\/yoast.com\/product\/yoast-seo-wordpress\/ -->\n<title>Great Wall deve come\u00e7ar a produzir no Brasil em 2023 - Canal Dana<\/title>\n<meta name=\"robots\" content=\"index, follow, max-snippet:-1, max-image-preview:large, max-video-preview:-1\" \/>\n<link rel=\"canonical\" href=\"https:\/\/dana.com.br\/canaldana\/2021\/09\/24\/great-wall-deve-comecar-a-produzir-no-brasil-em-2023\/\" \/>\n<meta property=\"og:locale\" content=\"pt_BR\" \/>\n<meta property=\"og:type\" content=\"article\" \/>\n<meta property=\"og:title\" content=\"Great Wall deve come\u00e7ar a produzir no Brasil em 2023 - Canal Dana\" \/>\n<meta property=\"og:description\" content=\"O Estado de S. Paulo &nbsp; Depois de adquirir, no m\u00eas passado, a f\u00e1brica da Mercedes-Benz em Iracem\u00e1polis, no interior de S\u00e3o Paulo, a Great Wall finaliza os processos legais de transfer\u00eancia das instala\u00e7\u00f5es para come\u00e7ar a preparar as linhas aos utilit\u00e1rios esportivos e picapes que a montadora chinesa pretende fabricar no local. &nbsp; Embora\u2026 Leia mais \u00bb\" \/>\n<meta property=\"og:url\" content=\"https:\/\/dana.com.br\/canaldana\/2021\/09\/24\/great-wall-deve-comecar-a-produzir-no-brasil-em-2023\/\" \/>\n<meta property=\"og:site_name\" content=\"Canal Dana\" \/>\n<meta property=\"article:published_time\" content=\"2021-09-24T11:59:02+00:00\" \/>\n<meta name=\"author\" content=\"Canal Dana\" \/>\n<meta name=\"twitter:card\" content=\"summary_large_image\" \/>\n<meta name=\"twitter:label1\" content=\"Escrito por\" \/>\n\t<meta name=\"twitter:data1\" content=\"Canal Dana\" \/>\n\t<meta name=\"twitter:label2\" content=\"Est. tempo de leitura\" \/>\n\t<meta name=\"twitter:data2\" content=\"2 minutos\" \/>\n<script type=\"application\/ld+json\" class=\"yoast-schema-graph\">{\"@context\":\"https:\\\/\\\/schema.org\",\"@graph\":[{\"@type\":\"Article\",\"@id\":\"https:\\\/\\\/dana.com.br\\\/canaldana\\\/2021\\\/09\\\/24\\\/great-wall-deve-comecar-a-produzir-no-brasil-em-2023\\\/#article\",\"isPartOf\":{\"@id\":\"https:\\\/\\\/dana.com.br\\\/canaldana\\\/2021\\\/09\\\/24\\\/great-wall-deve-comecar-a-produzir-no-brasil-em-2023\\\/\"},\"author\":{\"name\":\"Canal Dana\",\"@id\":\"https:\\\/\\\/dana.com.br\\\/canaldana\\\/#\\\/schema\\\/person\\\/3c21f22f56fcf3bc46b94bc60ea4fef6\"},\"headline\":\"Great Wall deve come\u00e7ar a produzir no Brasil em 2023\",\"datePublished\":\"2021-09-24T11:59:02+00:00\",\"mainEntityOfPage\":{\"@id\":\"https:\\\/\\\/dana.com.br\\\/canaldana\\\/2021\\\/09\\\/24\\\/great-wall-deve-comecar-a-produzir-no-brasil-em-2023\\\/\"},\"wordCount\":397,\"articleSection\":[\"Destaques\"],\"inLanguage\":\"pt-BR\"},{\"@type\":\"WebPage\",\"@id\":\"https:\\\/\\\/dana.com.br\\\/canaldana\\\/2021\\\/09\\\/24\\\/great-wall-deve-comecar-a-produzir-no-brasil-em-2023\\\/\",\"url\":\"https:\\\/\\\/dana.com.br\\\/canaldana\\\/2021\\\/09\\\/24\\\/great-wall-deve-comecar-a-produzir-no-brasil-em-2023\\\/\",\"name\":\"Great Wall deve come\u00e7ar a produzir no Brasil em 2023 - Canal Dana\",\"isPartOf\":{\"@id\":\"https:\\\/\\\/dana.com.br\\\/canaldana\\\/#website\"},\"datePublished\":\"2021-09-24T11:59:02+00:00\",\"author\":{\"@id\":\"https:\\\/\\\/dana.com.br\\\/canaldana\\\/#\\\/schema\\\/person\\\/3c21f22f56fcf3bc46b94bc60ea4fef6\"},\"breadcrumb\":{\"@id\":\"https:\\\/\\\/dana.com.br\\\/canaldana\\\/2021\\\/09\\\/24\\\/great-wall-deve-comecar-a-produzir-no-brasil-em-2023\\\/#breadcrumb\"},\"inLanguage\":\"pt-BR\",\"potentialAction\":[{\"@type\":\"ReadAction\",\"target\":[\"https:\\\/\\\/dana.com.br\\\/canaldana\\\/2021\\\/09\\\/24\\\/great-wall-deve-comecar-a-produzir-no-brasil-em-2023\\\/\"]}]},{\"@type\":\"BreadcrumbList\",\"@id\":\"https:\\\/\\\/dana.com.br\\\/canaldana\\\/2021\\\/09\\\/24\\\/great-wall-deve-comecar-a-produzir-no-brasil-em-2023\\\/#breadcrumb\",\"itemListElement\":[{\"@type\":\"ListItem\",\"position\":1,\"name\":\"Home\",\"item\":\"https:\\\/\\\/dana.com.br\\\/canaldana\\\/\"},{\"@type\":\"ListItem\",\"position\":2,\"name\":\"Destaques\",\"item\":\"https:\\\/\\\/dana.com.br\\\/canaldana\\\/destaques\\\/\"},{\"@type\":\"ListItem\",\"position\":3,\"name\":\"Great Wall deve come\u00e7ar a produzir no Brasil em 2023\"}]},{\"@type\":\"WebSite\",\"@id\":\"https:\\\/\\\/dana.com.br\\\/canaldana\\\/#website\",\"url\":\"https:\\\/\\\/dana.com.br\\\/canaldana\\\/\",\"name\":\"Canal Dana\",\"description\":\"Informativo com as principais not\u00edcias da ind\u00fastria automotiva\",\"potentialAction\":[{\"@type\":\"SearchAction\",\"target\":{\"@type\":\"EntryPoint\",\"urlTemplate\":\"https:\\\/\\\/dana.com.br\\\/canaldana\\\/?s={search_term_string}\"},\"query-input\":{\"@type\":\"PropertyValueSpecification\",\"valueRequired\":true,\"valueName\":\"search_term_string\"}}],\"inLanguage\":\"pt-BR\"},{\"@type\":\"Person\",\"@id\":\"https:\\\/\\\/dana.com.br\\\/canaldana\\\/#\\\/schema\\\/person\\\/3c21f22f56fcf3bc46b94bc60ea4fef6\",\"name\":\"Canal Dana\",\"image\":{\"@type\":\"ImageObject\",\"inLanguage\":\"pt-BR\",\"@id\":\"https:\\\/\\\/secure.gravatar.com\\\/avatar\\\/420aaf9278582877d9018637c6817617705899d2858d7572ef0fe59a6b6454b4?s=96&d=mm&r=g\",\"url\":\"https:\\\/\\\/secure.gravatar.com\\\/avatar\\\/420aaf9278582877d9018637c6817617705899d2858d7572ef0fe59a6b6454b4?s=96&d=mm&r=g\",\"contentUrl\":\"https:\\\/\\\/secure.gravatar.com\\\/avatar\\\/420aaf9278582877d9018637c6817617705899d2858d7572ef0fe59a6b6454b4?s=96&d=mm&r=g\",\"caption\":\"Canal Dana\"},\"url\":\"https:\\\/\\\/dana.com.br\\\/canaldana\\\/author\\\/cdeditor\\\/\"}]}<\/script>\n<!-- \/ Yoast SEO plugin. -->","yoast_head_json":{"title":"Great Wall deve come\u00e7ar a produzir no Brasil em 2023 - Canal Dana","robots":{"index":"index","follow":"follow","max-snippet":"max-snippet:-1","max-image-preview":"max-image-preview:large","max-video-preview":"max-video-preview:-1"},"canonical":"https:\/\/dana.com.br\/canaldana\/2021\/09\/24\/great-wall-deve-comecar-a-produzir-no-brasil-em-2023\/","og_locale":"pt_BR","og_type":"article","og_title":"Great Wall deve come\u00e7ar a produzir no Brasil em 2023 - Canal Dana","og_description":"O Estado de S. Paulo &nbsp; Depois de adquirir, no m\u00eas passado, a f\u00e1brica da Mercedes-Benz em Iracem\u00e1polis, no interior de S\u00e3o Paulo, a Great Wall finaliza os processos legais de transfer\u00eancia das instala\u00e7\u00f5es para come\u00e7ar a preparar as linhas aos utilit\u00e1rios esportivos e picapes que a montadora chinesa pretende fabricar no local. &nbsp; Embora\u2026 Leia mais \u00bb","og_url":"https:\/\/dana.com.br\/canaldana\/2021\/09\/24\/great-wall-deve-comecar-a-produzir-no-brasil-em-2023\/","og_site_name":"Canal Dana","article_published_time":"2021-09-24T11:59:02+00:00","author":"Canal Dana","twitter_card":"summary_large_image","twitter_misc":{"Escrito por":"Canal Dana","Est. tempo de leitura":"2 minutos"},"schema":{"@context":"https:\/\/schema.org","@graph":[{"@type":"Article","@id":"https:\/\/dana.com.br\/canaldana\/2021\/09\/24\/great-wall-deve-comecar-a-produzir-no-brasil-em-2023\/#article","isPartOf":{"@id":"https:\/\/dana.com.br\/canaldana\/2021\/09\/24\/great-wall-deve-comecar-a-produzir-no-brasil-em-2023\/"},"author":{"name":"Canal Dana","@id":"https:\/\/dana.com.br\/canaldana\/#\/schema\/person\/3c21f22f56fcf3bc46b94bc60ea4fef6"},"headline":"Great Wall deve come\u00e7ar a produzir no Brasil em 2023","datePublished":"2021-09-24T11:59:02+00:00","mainEntityOfPage":{"@id":"https:\/\/dana.com.br\/canaldana\/2021\/09\/24\/great-wall-deve-comecar-a-produzir-no-brasil-em-2023\/"},"wordCount":397,"articleSection":["Destaques"],"inLanguage":"pt-BR"},{"@type":"WebPage","@id":"https:\/\/dana.com.br\/canaldana\/2021\/09\/24\/great-wall-deve-comecar-a-produzir-no-brasil-em-2023\/","url":"https:\/\/dana.com.br\/canaldana\/2021\/09\/24\/great-wall-deve-comecar-a-produzir-no-brasil-em-2023\/","name":"Great Wall deve come\u00e7ar a produzir no Brasil em 2023 - Canal Dana","isPartOf":{"@id":"https:\/\/dana.com.br\/canaldana\/#website"},"datePublished":"2021-09-24T11:59:02+00:00","author":{"@id":"https:\/\/dana.com.br\/canaldana\/#\/schema\/person\/3c21f22f56fcf3bc46b94bc60ea4fef6"},"breadcrumb":{"@id":"https:\/\/dana.com.br\/canaldana\/2021\/09\/24\/great-wall-deve-comecar-a-produzir-no-brasil-em-2023\/#breadcrumb"},"inLanguage":"pt-BR","potentialAction":[{"@type":"ReadAction","target":["https:\/\/dana.com.br\/canaldana\/2021\/09\/24\/great-wall-deve-comecar-a-produzir-no-brasil-em-2023\/"]}]},{"@type":"BreadcrumbList","@id":"https:\/\/dana.com.br\/canaldana\/2021\/09\/24\/great-wall-deve-comecar-a-produzir-no-brasil-em-2023\/#breadcrumb","itemListElement":[{"@type":"ListItem","position":1,"name":"Home","item":"https:\/\/dana.com.br\/canaldana\/"},{"@type":"ListItem","position":2,"name":"Destaques","item":"https:\/\/dana.com.br\/canaldana\/destaques\/"},{"@type":"ListItem","position":3,"name":"Great Wall deve come\u00e7ar a produzir no Brasil em 2023"}]},{"@type":"WebSite","@id":"https:\/\/dana.com.br\/canaldana\/#website","url":"https:\/\/dana.com.br\/canaldana\/","name":"Canal Dana","description":"Informativo com as principais not\u00edcias da ind\u00fastria automotiva","potentialAction":[{"@type":"SearchAction","target":{"@type":"EntryPoint","urlTemplate":"https:\/\/dana.com.br\/canaldana\/?s={search_term_string}"},"query-input":{"@type":"PropertyValueSpecification","valueRequired":true,"valueName":"search_term_string"}}],"inLanguage":"pt-BR"},{"@type":"Person","@id":"https:\/\/dana.com.br\/canaldana\/#\/schema\/person\/3c21f22f56fcf3bc46b94bc60ea4fef6","name":"Canal Dana","image":{"@type":"ImageObject","inLanguage":"pt-BR","@id":"https:\/\/secure.gravatar.com\/avatar\/420aaf9278582877d9018637c6817617705899d2858d7572ef0fe59a6b6454b4?s=96&d=mm&r=g","url":"https:\/\/secure.gravatar.com\/avatar\/420aaf9278582877d9018637c6817617705899d2858d7572ef0fe59a6b6454b4?s=96&d=mm&r=g","contentUrl":"https:\/\/secure.gravatar.com\/avatar\/420aaf9278582877d9018637c6817617705899d2858d7572ef0fe59a6b6454b4?s=96&d=mm&r=g","caption":"Canal Dana"},"url":"https:\/\/dana.com.br\/canaldana\/author\/cdeditor\/"}]}},"_links":{"self":[{"href":"https:\/\/dana.com.br\/canaldana\/wp-json\/wp\/v2\/posts\/53171","targetHints":{"allow":["GET"]}}],"collection":[{"href":"https:\/\/dana.com.br\/canaldana\/wp-json\/wp\/v2\/posts"}],"about":[{"href":"https:\/\/dana.com.br\/canaldana\/wp-json\/wp\/v2\/types\/post"}],"author":[{"embeddable":true,"href":"https:\/\/dana.com.br\/canaldana\/wp-json\/wp\/v2\/users\/3"}],"replies":[{"embeddable":true,"href":"https:\/\/dana.com.br\/canaldana\/wp-json\/wp\/v2\/comments?post=53171"}],"version-history":[{"count":0,"href":"https:\/\/dana.com.br\/canaldana\/wp-json\/wp\/v2\/posts\/53171\/revisions"}],"wp:attachment":[{"href":"https:\/\/dana.com.br\/canaldana\/wp-json\/wp\/v2\/media?parent=53171"}],"wp:term":[{"taxonomy":"category","embeddable":true,"href":"https:\/\/dana.com.br\/canaldana\/wp-json\/wp\/v2\/categories?post=53171"},{"taxonomy":"post_tag","embeddable":true,"href":"https:\/\/dana.com.br\/canaldana\/wp-json\/wp\/v2\/tags?post=53171"}],"curies":[{"name":"wp","href":"https:\/\/api.w.org\/{rel}","templated":true}]}}