{"id":53138,"date":"2021-09-23T08:37:08","date_gmt":"2021-09-23T11:37:08","guid":{"rendered":"https:\/\/dana.com.br\/canaldana\/?p=53138"},"modified":"2021-09-23T08:37:08","modified_gmt":"2021-09-23T11:37:08","slug":"general-motors-vai-retomar-producao-em-dois-turnos-nas-fabricas-de-sp-e-rs","status":"publish","type":"post","link":"https:\/\/dana.com.br\/canaldana\/2021\/09\/23\/general-motors-vai-retomar-producao-em-dois-turnos-nas-fabricas-de-sp-e-rs\/","title":{"rendered":"General Motors vai retomar produ\u00e7\u00e3o em dois turnos nas f\u00e1bricas de SP e RS"},"content":{"rendered":"<p><em>O Estado de S. Paulo <\/em><\/p>\n<p>&nbsp;<\/p>\n<p>\u00c2nimo. Depois de sofrer com a falta de pe\u00e7as para fabrica\u00e7\u00e3o de carros e perder lideran\u00e7a no mercado nacional, montadora americana trocou de comando; apesar da volatilidade de abastecimento, Santiago Chamorro, novo presidente, v\u00ea chance de dobrar produ\u00e7\u00e3o atual<\/p>\n<p>&nbsp;<\/p>\n<p>A General Motors volta a operar em dois turnos de trabalho nas duas maiores f\u00e1bricas no Brasil, em Gravata\u00ed (RS) e em S\u00e3o Caetano do Sul (SP), na pr\u00f3xima segunda-feira e no dia 4 de outubro, respectivamente. A unidade ga\u00facha ficou fechada por cinco meses e a do ABC paulista por dois meses em raz\u00e3o da falta de semicondutores. Ambas retomaram atividades parciais em meados de agosto.<\/p>\n<p>&nbsp;<\/p>\n<p>\u201cVamos poder dobrar a produ\u00e7\u00e3o atual\u201d, anunciou ontem o novo presidente da GM na Am\u00e9rica do Sul e Brasil, Santiago Chamorro, em sua primeira entrevista (online) com um grupo de jornalistas brasileiros ap\u00f3s assumir o cargo, em 31 de agosto. \u201cO campe\u00e3o voltou\u201d, disse, referindo -se ao Onix, carro mais vendido no Pa\u00eds antes do fechamento da unidade de Gravata\u00ed, onde \u00e9 produzido. Segundo o executivo, a inten\u00e7\u00e3o da marca \u00e9 colocar os ve\u00edculos nas revendas o mais r\u00e1pido poss\u00edvel para atender os clientes que est\u00e3o aguardando. \u201cH\u00e1 uma demanda represada\u201d.<\/p>\n<p>&nbsp;<\/p>\n<p>Chamorro ainda est\u00e1 nos EUA, preparando a volta ao Pa\u00eds para o m\u00eas que vem. Ele j\u00e1 presidiu a filial brasileira de 2013 a 2016, e ocupava, na sede da matriz em Detroit, o posto de vice-presidente da divis\u00e3o global de servi\u00e7os conectados antes de ser escolhido para suceder a Carlos Zarlenga, que deixou a empresa.<\/p>\n<p>&nbsp;<\/p>\n<p>O executivo afirmou que os problemas de suprimento de semicondutores e outros componentes prosseguem, mas o grupo tenta administrar a volatilidade de abastecimento. \u201cH\u00e1 um trabalho gigantesco, de forma global, para redesenhar nossa manufatura de produtos e a cadeia de log\u00edstica de suprimentos\u201d, disse. A inten\u00e7\u00e3o \u00e9 reduzir a depend\u00eancia dos fornecedores concentrados na \u00c1sia.<\/p>\n<p>&nbsp;<\/p>\n<p>A f\u00e1brica de S\u00e3o Caetano produz os modelos Tracker, Onix Joy e Spin, e seu fechamento serviu tamb\u00e9m para o grupo fazer reformas para a produ\u00e7\u00e3o da nova picape Montana, em 2022.<\/p>\n<p>&nbsp;<\/p>\n<p>A unidade de S\u00e3o Jos\u00e9 dos Campos (SP), onde s\u00e3o feitos a picape S10 e o SUV Trailblazer, j\u00e1 estava operando nessas condi\u00e7\u00f5es, assim como as filiais de motores em Joinville (SC) e de pe\u00e7as em Mogi das Cruzes (SP). O grupo emprega cerca de 15 mil pessoas no Pa\u00eds.<\/p>\n<p>&nbsp;<\/p>\n<p>S\u00f3 com a retomada parcial da produ\u00e7\u00e3o em Gravata\u00ed e S\u00e3o Caetano, em meados de agosto, a GM conseguiu alcan\u00e7ar 12% de participa\u00e7\u00e3o nas vendas de autom\u00f3veis e comerciais leves neste m\u00eas (at\u00e9 ter\u00e7a-feira), o dobro do registrado no m\u00eas passado.<\/p>\n<p>&nbsp;<\/p>\n<p>\u201cA retomada da produ\u00e7\u00e3o mais acelerada \u00e9 um bom momento para ampliar nossos esfor\u00e7os para criar na regi\u00e3o um neg\u00f3cio autossustent\u00e1vel\u201d, afirmou o executivo colombiano, que volta ao Brasil com essa miss\u00e3o. A GM registra preju\u00edzos na Am\u00e9rica do Sul h\u00e1 alguns anos, al\u00e9m de ter perdido a lideran\u00e7a do mercado brasileiro.<\/p>\n<p>&nbsp;<\/p>\n<p>Chamorro ressaltou que o modelo de neg\u00f3cios do grupo vai focar tamb\u00e9m em neg\u00f3cios adicionais, com novos produtos para financiamento por parte do Banco GM e mais servi\u00e7os de conectividade. Ele acredita que o mercado em 2022 continuar\u00e1 reagindo, mesmo que a escassez de chips se prolongue at\u00e9 o fim do primeiro semestre.<\/p>\n<p>&nbsp;<\/p>\n<p><strong>VW para de novo<\/strong><\/p>\n<p>&nbsp;<\/p>\n<p>Enquanto a GM volta a operar em dois turnos, a Volkswagen confirma nova parada em toda a f\u00e1brica de S\u00e3o Bernardo do Campo (SP) de segunda-feira at\u00e9 o dia 6 de outubro. No mesmo per\u00edodo a unidade de Taubat\u00e9 dispensar\u00e1 trabalhadores de um turno.<\/p>\n<p>&nbsp;<\/p>\n<p>A Toyota j\u00e1 anunciou a parada da produ\u00e7\u00e3o do sed\u00e3 Corolla por dez dias entre 13 e 22 de outubro por falta de pe\u00e7as para freios na unidade de Indaiatuba (SP). O item \u00e9 importado da Mal\u00e1sia, onde o avan\u00e7o da variante delta do coronav\u00edrus levou o governo a decretar lockdown.<\/p>\n<p>&nbsp;<\/p>\n<p>Na segunda-feira est\u00e1 prevista a volta dos funcion\u00e1rios do segundo turno da f\u00e1brica da Hyundai em Piracicaba (SP), ap\u00f3s dez dias de dispensa. Na \u00faltima ter\u00e7a-feira e ontem voltaram \u00e0s f\u00e1bricas oper\u00e1rios dispensados da Renault no Paran\u00e1 e da Honda em Itirapina (SP). (O Estado de S. Paulo\/Cleide Silva)<\/p>\n","protected":false},"excerpt":{"rendered":"<p>O Estado de S. Paulo &nbsp; \u00c2nimo. Depois de sofrer com a falta de pe\u00e7as para fabrica\u00e7\u00e3o de carros e perder lideran\u00e7a no mercado nacional, montadora americana trocou de comando; apesar da volatilidade de abastecimento, Santiago Chamorro, novo presidente, v\u00ea chance de dobrar produ\u00e7\u00e3o atual &nbsp; A General Motors volta a operar em dois turnos\u2026 <a class=\"readmore\" href=\"https:\/\/dana.com.br\/canaldana\/2021\/09\/23\/general-motors-vai-retomar-producao-em-dois-turnos-nas-fabricas-de-sp-e-rs\/\">Leia mais \u00bb<\/a><\/p>\n","protected":false},"author":3,"featured_media":0,"comment_status":"closed","ping_status":"closed","sticky":false,"template":"","format":"standard","meta":{"_acf_changed":false,"footnotes":""},"categories":[61],"tags":[],"class_list":["post-53138","post","type-post","status-publish","format-standard","hentry","category-destaques"],"acf":[],"yoast_head":"<!-- This site is optimized with the Yoast SEO plugin v27.3 - https:\/\/yoast.com\/product\/yoast-seo-wordpress\/ -->\n<title>General Motors vai retomar produ\u00e7\u00e3o em dois turnos nas f\u00e1bricas de SP e RS - Canal Dana<\/title>\n<meta name=\"robots\" content=\"index, follow, max-snippet:-1, max-image-preview:large, max-video-preview:-1\" \/>\n<link rel=\"canonical\" href=\"https:\/\/dana.com.br\/canaldana\/2021\/09\/23\/general-motors-vai-retomar-producao-em-dois-turnos-nas-fabricas-de-sp-e-rs\/\" \/>\n<meta property=\"og:locale\" content=\"pt_BR\" \/>\n<meta property=\"og:type\" content=\"article\" \/>\n<meta property=\"og:title\" content=\"General Motors vai retomar produ\u00e7\u00e3o em dois turnos nas f\u00e1bricas de SP e RS - Canal Dana\" \/>\n<meta property=\"og:description\" content=\"O Estado de S. Paulo &nbsp; \u00c2nimo. Depois de sofrer com a falta de pe\u00e7as para fabrica\u00e7\u00e3o de carros e perder lideran\u00e7a no mercado nacional, montadora americana trocou de comando; apesar da volatilidade de abastecimento, Santiago Chamorro, novo presidente, v\u00ea chance de dobrar produ\u00e7\u00e3o atual &nbsp; A General Motors volta a operar em dois turnos\u2026 Leia mais \u00bb\" \/>\n<meta property=\"og:url\" content=\"https:\/\/dana.com.br\/canaldana\/2021\/09\/23\/general-motors-vai-retomar-producao-em-dois-turnos-nas-fabricas-de-sp-e-rs\/\" \/>\n<meta property=\"og:site_name\" content=\"Canal Dana\" \/>\n<meta property=\"article:published_time\" content=\"2021-09-23T11:37:08+00:00\" \/>\n<meta name=\"author\" content=\"Canal Dana\" \/>\n<meta name=\"twitter:card\" content=\"summary_large_image\" \/>\n<meta name=\"twitter:label1\" content=\"Escrito por\" \/>\n\t<meta name=\"twitter:data1\" content=\"Canal Dana\" \/>\n\t<meta name=\"twitter:label2\" content=\"Est. tempo de leitura\" \/>\n\t<meta name=\"twitter:data2\" content=\"4 minutos\" \/>\n<script type=\"application\/ld+json\" class=\"yoast-schema-graph\">{\"@context\":\"https:\\\/\\\/schema.org\",\"@graph\":[{\"@type\":\"Article\",\"@id\":\"https:\\\/\\\/dana.com.br\\\/canaldana\\\/2021\\\/09\\\/23\\\/general-motors-vai-retomar-producao-em-dois-turnos-nas-fabricas-de-sp-e-rs\\\/#article\",\"isPartOf\":{\"@id\":\"https:\\\/\\\/dana.com.br\\\/canaldana\\\/2021\\\/09\\\/23\\\/general-motors-vai-retomar-producao-em-dois-turnos-nas-fabricas-de-sp-e-rs\\\/\"},\"author\":{\"name\":\"Canal Dana\",\"@id\":\"https:\\\/\\\/dana.com.br\\\/canaldana\\\/#\\\/schema\\\/person\\\/3c21f22f56fcf3bc46b94bc60ea4fef6\"},\"headline\":\"General Motors vai retomar produ\u00e7\u00e3o em dois turnos nas f\u00e1bricas de SP e RS\",\"datePublished\":\"2021-09-23T11:37:08+00:00\",\"mainEntityOfPage\":{\"@id\":\"https:\\\/\\\/dana.com.br\\\/canaldana\\\/2021\\\/09\\\/23\\\/general-motors-vai-retomar-producao-em-dois-turnos-nas-fabricas-de-sp-e-rs\\\/\"},\"wordCount\":775,\"articleSection\":[\"Destaques\"],\"inLanguage\":\"pt-BR\"},{\"@type\":\"WebPage\",\"@id\":\"https:\\\/\\\/dana.com.br\\\/canaldana\\\/2021\\\/09\\\/23\\\/general-motors-vai-retomar-producao-em-dois-turnos-nas-fabricas-de-sp-e-rs\\\/\",\"url\":\"https:\\\/\\\/dana.com.br\\\/canaldana\\\/2021\\\/09\\\/23\\\/general-motors-vai-retomar-producao-em-dois-turnos-nas-fabricas-de-sp-e-rs\\\/\",\"name\":\"General Motors vai retomar produ\u00e7\u00e3o em dois turnos nas f\u00e1bricas de SP e RS - Canal Dana\",\"isPartOf\":{\"@id\":\"https:\\\/\\\/dana.com.br\\\/canaldana\\\/#website\"},\"datePublished\":\"2021-09-23T11:37:08+00:00\",\"author\":{\"@id\":\"https:\\\/\\\/dana.com.br\\\/canaldana\\\/#\\\/schema\\\/person\\\/3c21f22f56fcf3bc46b94bc60ea4fef6\"},\"breadcrumb\":{\"@id\":\"https:\\\/\\\/dana.com.br\\\/canaldana\\\/2021\\\/09\\\/23\\\/general-motors-vai-retomar-producao-em-dois-turnos-nas-fabricas-de-sp-e-rs\\\/#breadcrumb\"},\"inLanguage\":\"pt-BR\",\"potentialAction\":[{\"@type\":\"ReadAction\",\"target\":[\"https:\\\/\\\/dana.com.br\\\/canaldana\\\/2021\\\/09\\\/23\\\/general-motors-vai-retomar-producao-em-dois-turnos-nas-fabricas-de-sp-e-rs\\\/\"]}]},{\"@type\":\"BreadcrumbList\",\"@id\":\"https:\\\/\\\/dana.com.br\\\/canaldana\\\/2021\\\/09\\\/23\\\/general-motors-vai-retomar-producao-em-dois-turnos-nas-fabricas-de-sp-e-rs\\\/#breadcrumb\",\"itemListElement\":[{\"@type\":\"ListItem\",\"position\":1,\"name\":\"Home\",\"item\":\"https:\\\/\\\/dana.com.br\\\/canaldana\\\/\"},{\"@type\":\"ListItem\",\"position\":2,\"name\":\"Destaques\",\"item\":\"https:\\\/\\\/dana.com.br\\\/canaldana\\\/destaques\\\/\"},{\"@type\":\"ListItem\",\"position\":3,\"name\":\"General Motors vai retomar produ\u00e7\u00e3o em dois turnos nas f\u00e1bricas de SP e RS\"}]},{\"@type\":\"WebSite\",\"@id\":\"https:\\\/\\\/dana.com.br\\\/canaldana\\\/#website\",\"url\":\"https:\\\/\\\/dana.com.br\\\/canaldana\\\/\",\"name\":\"Canal Dana\",\"description\":\"Informativo com as principais not\u00edcias da ind\u00fastria automotiva\",\"potentialAction\":[{\"@type\":\"SearchAction\",\"target\":{\"@type\":\"EntryPoint\",\"urlTemplate\":\"https:\\\/\\\/dana.com.br\\\/canaldana\\\/?s={search_term_string}\"},\"query-input\":{\"@type\":\"PropertyValueSpecification\",\"valueRequired\":true,\"valueName\":\"search_term_string\"}}],\"inLanguage\":\"pt-BR\"},{\"@type\":\"Person\",\"@id\":\"https:\\\/\\\/dana.com.br\\\/canaldana\\\/#\\\/schema\\\/person\\\/3c21f22f56fcf3bc46b94bc60ea4fef6\",\"name\":\"Canal Dana\",\"image\":{\"@type\":\"ImageObject\",\"inLanguage\":\"pt-BR\",\"@id\":\"https:\\\/\\\/secure.gravatar.com\\\/avatar\\\/420aaf9278582877d9018637c6817617705899d2858d7572ef0fe59a6b6454b4?s=96&d=mm&r=g\",\"url\":\"https:\\\/\\\/secure.gravatar.com\\\/avatar\\\/420aaf9278582877d9018637c6817617705899d2858d7572ef0fe59a6b6454b4?s=96&d=mm&r=g\",\"contentUrl\":\"https:\\\/\\\/secure.gravatar.com\\\/avatar\\\/420aaf9278582877d9018637c6817617705899d2858d7572ef0fe59a6b6454b4?s=96&d=mm&r=g\",\"caption\":\"Canal Dana\"},\"url\":\"https:\\\/\\\/dana.com.br\\\/canaldana\\\/author\\\/cdeditor\\\/\"}]}<\/script>\n<!-- \/ Yoast SEO plugin. -->","yoast_head_json":{"title":"General Motors vai retomar produ\u00e7\u00e3o em dois turnos nas f\u00e1bricas de SP e RS - Canal Dana","robots":{"index":"index","follow":"follow","max-snippet":"max-snippet:-1","max-image-preview":"max-image-preview:large","max-video-preview":"max-video-preview:-1"},"canonical":"https:\/\/dana.com.br\/canaldana\/2021\/09\/23\/general-motors-vai-retomar-producao-em-dois-turnos-nas-fabricas-de-sp-e-rs\/","og_locale":"pt_BR","og_type":"article","og_title":"General Motors vai retomar produ\u00e7\u00e3o em dois turnos nas f\u00e1bricas de SP e RS - Canal Dana","og_description":"O Estado de S. Paulo &nbsp; \u00c2nimo. Depois de sofrer com a falta de pe\u00e7as para fabrica\u00e7\u00e3o de carros e perder lideran\u00e7a no mercado nacional, montadora americana trocou de comando; apesar da volatilidade de abastecimento, Santiago Chamorro, novo presidente, v\u00ea chance de dobrar produ\u00e7\u00e3o atual &nbsp; A General Motors volta a operar em dois turnos\u2026 Leia mais \u00bb","og_url":"https:\/\/dana.com.br\/canaldana\/2021\/09\/23\/general-motors-vai-retomar-producao-em-dois-turnos-nas-fabricas-de-sp-e-rs\/","og_site_name":"Canal Dana","article_published_time":"2021-09-23T11:37:08+00:00","author":"Canal Dana","twitter_card":"summary_large_image","twitter_misc":{"Escrito por":"Canal Dana","Est. tempo de leitura":"4 minutos"},"schema":{"@context":"https:\/\/schema.org","@graph":[{"@type":"Article","@id":"https:\/\/dana.com.br\/canaldana\/2021\/09\/23\/general-motors-vai-retomar-producao-em-dois-turnos-nas-fabricas-de-sp-e-rs\/#article","isPartOf":{"@id":"https:\/\/dana.com.br\/canaldana\/2021\/09\/23\/general-motors-vai-retomar-producao-em-dois-turnos-nas-fabricas-de-sp-e-rs\/"},"author":{"name":"Canal Dana","@id":"https:\/\/dana.com.br\/canaldana\/#\/schema\/person\/3c21f22f56fcf3bc46b94bc60ea4fef6"},"headline":"General Motors vai retomar produ\u00e7\u00e3o em dois turnos nas f\u00e1bricas de SP e RS","datePublished":"2021-09-23T11:37:08+00:00","mainEntityOfPage":{"@id":"https:\/\/dana.com.br\/canaldana\/2021\/09\/23\/general-motors-vai-retomar-producao-em-dois-turnos-nas-fabricas-de-sp-e-rs\/"},"wordCount":775,"articleSection":["Destaques"],"inLanguage":"pt-BR"},{"@type":"WebPage","@id":"https:\/\/dana.com.br\/canaldana\/2021\/09\/23\/general-motors-vai-retomar-producao-em-dois-turnos-nas-fabricas-de-sp-e-rs\/","url":"https:\/\/dana.com.br\/canaldana\/2021\/09\/23\/general-motors-vai-retomar-producao-em-dois-turnos-nas-fabricas-de-sp-e-rs\/","name":"General Motors vai retomar produ\u00e7\u00e3o em dois turnos nas f\u00e1bricas de SP e RS - Canal Dana","isPartOf":{"@id":"https:\/\/dana.com.br\/canaldana\/#website"},"datePublished":"2021-09-23T11:37:08+00:00","author":{"@id":"https:\/\/dana.com.br\/canaldana\/#\/schema\/person\/3c21f22f56fcf3bc46b94bc60ea4fef6"},"breadcrumb":{"@id":"https:\/\/dana.com.br\/canaldana\/2021\/09\/23\/general-motors-vai-retomar-producao-em-dois-turnos-nas-fabricas-de-sp-e-rs\/#breadcrumb"},"inLanguage":"pt-BR","potentialAction":[{"@type":"ReadAction","target":["https:\/\/dana.com.br\/canaldana\/2021\/09\/23\/general-motors-vai-retomar-producao-em-dois-turnos-nas-fabricas-de-sp-e-rs\/"]}]},{"@type":"BreadcrumbList","@id":"https:\/\/dana.com.br\/canaldana\/2021\/09\/23\/general-motors-vai-retomar-producao-em-dois-turnos-nas-fabricas-de-sp-e-rs\/#breadcrumb","itemListElement":[{"@type":"ListItem","position":1,"name":"Home","item":"https:\/\/dana.com.br\/canaldana\/"},{"@type":"ListItem","position":2,"name":"Destaques","item":"https:\/\/dana.com.br\/canaldana\/destaques\/"},{"@type":"ListItem","position":3,"name":"General Motors vai retomar produ\u00e7\u00e3o em dois turnos nas f\u00e1bricas de SP e RS"}]},{"@type":"WebSite","@id":"https:\/\/dana.com.br\/canaldana\/#website","url":"https:\/\/dana.com.br\/canaldana\/","name":"Canal Dana","description":"Informativo com as principais not\u00edcias da ind\u00fastria automotiva","potentialAction":[{"@type":"SearchAction","target":{"@type":"EntryPoint","urlTemplate":"https:\/\/dana.com.br\/canaldana\/?s={search_term_string}"},"query-input":{"@type":"PropertyValueSpecification","valueRequired":true,"valueName":"search_term_string"}}],"inLanguage":"pt-BR"},{"@type":"Person","@id":"https:\/\/dana.com.br\/canaldana\/#\/schema\/person\/3c21f22f56fcf3bc46b94bc60ea4fef6","name":"Canal Dana","image":{"@type":"ImageObject","inLanguage":"pt-BR","@id":"https:\/\/secure.gravatar.com\/avatar\/420aaf9278582877d9018637c6817617705899d2858d7572ef0fe59a6b6454b4?s=96&d=mm&r=g","url":"https:\/\/secure.gravatar.com\/avatar\/420aaf9278582877d9018637c6817617705899d2858d7572ef0fe59a6b6454b4?s=96&d=mm&r=g","contentUrl":"https:\/\/secure.gravatar.com\/avatar\/420aaf9278582877d9018637c6817617705899d2858d7572ef0fe59a6b6454b4?s=96&d=mm&r=g","caption":"Canal Dana"},"url":"https:\/\/dana.com.br\/canaldana\/author\/cdeditor\/"}]}},"_links":{"self":[{"href":"https:\/\/dana.com.br\/canaldana\/wp-json\/wp\/v2\/posts\/53138","targetHints":{"allow":["GET"]}}],"collection":[{"href":"https:\/\/dana.com.br\/canaldana\/wp-json\/wp\/v2\/posts"}],"about":[{"href":"https:\/\/dana.com.br\/canaldana\/wp-json\/wp\/v2\/types\/post"}],"author":[{"embeddable":true,"href":"https:\/\/dana.com.br\/canaldana\/wp-json\/wp\/v2\/users\/3"}],"replies":[{"embeddable":true,"href":"https:\/\/dana.com.br\/canaldana\/wp-json\/wp\/v2\/comments?post=53138"}],"version-history":[{"count":0,"href":"https:\/\/dana.com.br\/canaldana\/wp-json\/wp\/v2\/posts\/53138\/revisions"}],"wp:attachment":[{"href":"https:\/\/dana.com.br\/canaldana\/wp-json\/wp\/v2\/media?parent=53138"}],"wp:term":[{"taxonomy":"category","embeddable":true,"href":"https:\/\/dana.com.br\/canaldana\/wp-json\/wp\/v2\/categories?post=53138"},{"taxonomy":"post_tag","embeddable":true,"href":"https:\/\/dana.com.br\/canaldana\/wp-json\/wp\/v2\/tags?post=53138"}],"curies":[{"name":"wp","href":"https:\/\/api.w.org\/{rel}","templated":true}]}}