{"id":53132,"date":"2021-09-23T08:35:45","date_gmt":"2021-09-23T11:35:45","guid":{"rendered":"https:\/\/dana.com.br\/canaldana\/?p=53132"},"modified":"2021-09-23T08:35:45","modified_gmt":"2021-09-23T11:35:45","slug":"banco-central-aumenta-selic-pela-5a-vez-seguida-e-preve-nova-alta-em-outubro","status":"publish","type":"post","link":"https:\/\/dana.com.br\/canaldana\/2021\/09\/23\/banco-central-aumenta-selic-pela-5a-vez-seguida-e-preve-nova-alta-em-outubro\/","title":{"rendered":"Banco Central aumenta Selic pela 5\u00aa vez seguida e prev\u00ea nova alta em outubro"},"content":{"rendered":"<p>O Estado de S. Paulo<\/p>\n<p>&nbsp;<\/p>\n<p>O Comit\u00ea de Pol\u00edtica Monet\u00e1ria (Copom) do Banco Central decidiu, por unanimidade, elevar a taxa b\u00e1sica de juros do Pa\u00eds em 1 ponto porcentual, de 5,25% para 6,25% ao ano, maior n\u00edvel desde agosto de 2019. Foi o quinto aumento consecutivo da Selic. Em comunicado, o Copom informou que deve manter o atual ritmo de ajuste na reuni\u00e3o de outubro. A eleva\u00e7\u00e3o dos juros indica um esfor\u00e7o do BC para levar a infla\u00e7\u00e3o para a meta de 3,5% em 2022.<\/p>\n<p>&nbsp;<\/p>\n<p>Nos \u00faltimos meses, a infla\u00e7\u00e3o vem subindo em raz\u00e3o, principalmente, do aumento dos pre\u00e7os de energia, combust\u00edveis e alimentos. O IPCA acumulado em 12 meses \u00e9 de 9,68%. O mercado estima que a infla\u00e7\u00e3o termine o ano em 8,3%. O teto da meta perseguida pelo BC \u00e9 de 5,25%.<\/p>\n<p>&nbsp;<\/p>\n<p>Com a infla\u00e7\u00e3o rondando os dois d\u00edgitos no acumulado dos \u00faltimos 12 meses, o Comit\u00ea de Pol\u00edtica Monet\u00e1ria (Copom) do Banco Central aprovou ontem novo aumento de 1 ponto porcentual para a Selic, que passou de 5,25% para 6,25% ao ano. Com a decis\u00e3o, a taxa b\u00e1sica de juros est\u00e1 agora no seu maior patamar desde agosto de 2019 (6%).<\/p>\n<p>&nbsp;<\/p>\n<p>Foi o quinto aumento consecutivo dos juros e o segundo em sequ\u00eancia na casa de 1 ponto porcentual, ap\u00f3s tr\u00eas altas iniciais de 0,75 ponto. Em comunicado divulgado depois da reuni\u00e3o, o Copom j\u00e1 adiantou que deve manter o mesmo ritmo de ajuste no seu pr\u00f3ximo encontro, marcado para 26 e 27 de outubro.<\/p>\n<p>&nbsp;<\/p>\n<p>Nos \u00faltimos meses, a infla\u00e7\u00e3o medida pelo IPCA vem subindo em raz\u00e3o, principalmente, do aumento dos pre\u00e7os de energia, dos combust\u00edveis e dos alimentos. Com isso, o IPCA acumulado em 12 meses chegou a 9,68%. O mercado estima que a infla\u00e7\u00e3o termine o ano em 8,3%, segundo o \u00faltimo Boletim Focus, bem acima do teto da meta que deve ser perseguida pelo BC \u2013 de 5,25%. Com base nesse cen\u00e1rio, antes da reuni\u00e3o de ontem diversos economistas chegaram a apostar em uma alta ainda maior da Selic, acima de 1 ponto.<\/p>\n<p>&nbsp;<\/p>\n<p>O aumento das taxas de juros neste momento indica um esfor\u00e7o do governo para levar a infla\u00e7\u00e3o para a meta no ano que vem, que \u00e9 de 3,5% (com intervalo de toler\u00e2ncia de 1,5 ponto porcentual para cima ou para baixo). No comunicado, o Copom refor\u00e7ou declara\u00e7\u00e3o do presidente do BC, Roberto Campos Neto, de que ir\u00e1 levar a Selic at\u00e9 onde for necess\u00e1rio para combater a infla\u00e7\u00e3o. \u201cNeste momento, o cen\u00e1rio b\u00e1sico e o balan\u00e7o de riscos do Copom indicam ser apropriado que o ciclo de aperto monet\u00e1rio avance no territ\u00f3rio contracionista.\u201d<\/p>\n<p>&nbsp;<\/p>\n<p>Para o economista-chefe da Guide Investimentos, Jo\u00e3o Mauricio Rosal, o comunicado do Copom mostrou uma lideran\u00e7a firme de Campos Neto dentro do comit\u00ea para definir a estrat\u00e9gia da pol\u00edtica monet\u00e1ria. Ainda assim, ele destacou que \u201cn\u00e3o est\u00e1 escrito na pedra\u201d que o passo de 1 ponto de alta de juros seguir\u00e1 indefinidamente. \u201cH\u00e1 possibilidade de o Copom rever o ritmo a partir das informa\u00e7\u00f5es que chegarem.\u201d<\/p>\n<p>&nbsp;<\/p>\n<p>J\u00e1 o economista-chefe do banco Original, Marcos Caruso, afirmou que o comunicado do Copom n\u00e3o refor\u00e7a o cen\u00e1rio mais dr\u00e1stico de aumento da taxa de juros para um patamar acima de 9% ao ano. Segundo ele, o BC demonstra que precisa de mais informa\u00e7\u00f5es para definir uma poss\u00edvel extens\u00e3o do ciclo de alta da Selic. \u201cExiste uma recupera\u00e7\u00e3o contratada (da economia) para este ano. Mas as \u00faltimas proje\u00e7\u00f5es passaram a ter crescimento menor (do PIB) para o ano que vem. O BC quer entender o qu\u00e3o consistente no tempo \u00e9 essa recupera\u00e7\u00e3o econ\u00f4mica\u201d, disse. (O Estado de S. Paulo\/Eduardo Rodrigues, C\u00e9lia Froufe, Tha\u00eds Barcellos e Barbar\u00e1 Nascimento)<\/p>\n","protected":false},"excerpt":{"rendered":"<p>O Estado de S. Paulo &nbsp; O Comit\u00ea de Pol\u00edtica Monet\u00e1ria (Copom) do Banco Central decidiu, por unanimidade, elevar a taxa b\u00e1sica de juros do Pa\u00eds em 1 ponto porcentual, de 5,25% para 6,25% ao ano, maior n\u00edvel desde agosto de 2019. Foi o quinto aumento consecutivo da Selic. Em comunicado, o Copom informou que\u2026 <a class=\"readmore\" href=\"https:\/\/dana.com.br\/canaldana\/2021\/09\/23\/banco-central-aumenta-selic-pela-5a-vez-seguida-e-preve-nova-alta-em-outubro\/\">Leia mais \u00bb<\/a><\/p>\n","protected":false},"author":3,"featured_media":0,"comment_status":"closed","ping_status":"closed","sticky":false,"template":"","format":"standard","meta":{"_acf_changed":false,"footnotes":""},"categories":[79],"tags":[],"class_list":["post-53132","post","type-post","status-publish","format-standard","hentry","category-mercado"],"acf":[],"yoast_head":"<!-- This site is optimized with the Yoast SEO plugin v27.3 - https:\/\/yoast.com\/product\/yoast-seo-wordpress\/ -->\n<title>Banco Central aumenta Selic pela 5\u00aa vez seguida e prev\u00ea nova alta em outubro - Canal Dana<\/title>\n<meta name=\"robots\" content=\"index, follow, max-snippet:-1, max-image-preview:large, max-video-preview:-1\" \/>\n<link rel=\"canonical\" href=\"https:\/\/dana.com.br\/canaldana\/2021\/09\/23\/banco-central-aumenta-selic-pela-5a-vez-seguida-e-preve-nova-alta-em-outubro\/\" \/>\n<meta property=\"og:locale\" content=\"pt_BR\" \/>\n<meta property=\"og:type\" content=\"article\" \/>\n<meta property=\"og:title\" content=\"Banco Central aumenta Selic pela 5\u00aa vez seguida e prev\u00ea nova alta em outubro - Canal Dana\" \/>\n<meta property=\"og:description\" content=\"O Estado de S. Paulo &nbsp; O Comit\u00ea de Pol\u00edtica Monet\u00e1ria (Copom) do Banco Central decidiu, por unanimidade, elevar a taxa b\u00e1sica de juros do Pa\u00eds em 1 ponto porcentual, de 5,25% para 6,25% ao ano, maior n\u00edvel desde agosto de 2019. Foi o quinto aumento consecutivo da Selic. Em comunicado, o Copom informou que\u2026 Leia mais \u00bb\" \/>\n<meta property=\"og:url\" content=\"https:\/\/dana.com.br\/canaldana\/2021\/09\/23\/banco-central-aumenta-selic-pela-5a-vez-seguida-e-preve-nova-alta-em-outubro\/\" \/>\n<meta property=\"og:site_name\" content=\"Canal Dana\" \/>\n<meta property=\"article:published_time\" content=\"2021-09-23T11:35:45+00:00\" \/>\n<meta name=\"author\" content=\"Canal Dana\" \/>\n<meta name=\"twitter:card\" content=\"summary_large_image\" \/>\n<meta name=\"twitter:label1\" content=\"Escrito por\" \/>\n\t<meta name=\"twitter:data1\" content=\"Canal Dana\" \/>\n\t<meta name=\"twitter:label2\" content=\"Est. tempo de leitura\" \/>\n\t<meta name=\"twitter:data2\" content=\"3 minutos\" \/>\n<script type=\"application\/ld+json\" class=\"yoast-schema-graph\">{\"@context\":\"https:\\\/\\\/schema.org\",\"@graph\":[{\"@type\":\"Article\",\"@id\":\"https:\\\/\\\/dana.com.br\\\/canaldana\\\/2021\\\/09\\\/23\\\/banco-central-aumenta-selic-pela-5a-vez-seguida-e-preve-nova-alta-em-outubro\\\/#article\",\"isPartOf\":{\"@id\":\"https:\\\/\\\/dana.com.br\\\/canaldana\\\/2021\\\/09\\\/23\\\/banco-central-aumenta-selic-pela-5a-vez-seguida-e-preve-nova-alta-em-outubro\\\/\"},\"author\":{\"name\":\"Canal Dana\",\"@id\":\"https:\\\/\\\/dana.com.br\\\/canaldana\\\/#\\\/schema\\\/person\\\/3c21f22f56fcf3bc46b94bc60ea4fef6\"},\"headline\":\"Banco Central aumenta Selic pela 5\u00aa vez seguida e prev\u00ea nova alta em outubro\",\"datePublished\":\"2021-09-23T11:35:45+00:00\",\"mainEntityOfPage\":{\"@id\":\"https:\\\/\\\/dana.com.br\\\/canaldana\\\/2021\\\/09\\\/23\\\/banco-central-aumenta-selic-pela-5a-vez-seguida-e-preve-nova-alta-em-outubro\\\/\"},\"wordCount\":658,\"articleSection\":[\"Mercado\"],\"inLanguage\":\"pt-BR\"},{\"@type\":\"WebPage\",\"@id\":\"https:\\\/\\\/dana.com.br\\\/canaldana\\\/2021\\\/09\\\/23\\\/banco-central-aumenta-selic-pela-5a-vez-seguida-e-preve-nova-alta-em-outubro\\\/\",\"url\":\"https:\\\/\\\/dana.com.br\\\/canaldana\\\/2021\\\/09\\\/23\\\/banco-central-aumenta-selic-pela-5a-vez-seguida-e-preve-nova-alta-em-outubro\\\/\",\"name\":\"Banco Central aumenta Selic pela 5\u00aa vez seguida e prev\u00ea nova alta em outubro - Canal Dana\",\"isPartOf\":{\"@id\":\"https:\\\/\\\/dana.com.br\\\/canaldana\\\/#website\"},\"datePublished\":\"2021-09-23T11:35:45+00:00\",\"author\":{\"@id\":\"https:\\\/\\\/dana.com.br\\\/canaldana\\\/#\\\/schema\\\/person\\\/3c21f22f56fcf3bc46b94bc60ea4fef6\"},\"breadcrumb\":{\"@id\":\"https:\\\/\\\/dana.com.br\\\/canaldana\\\/2021\\\/09\\\/23\\\/banco-central-aumenta-selic-pela-5a-vez-seguida-e-preve-nova-alta-em-outubro\\\/#breadcrumb\"},\"inLanguage\":\"pt-BR\",\"potentialAction\":[{\"@type\":\"ReadAction\",\"target\":[\"https:\\\/\\\/dana.com.br\\\/canaldana\\\/2021\\\/09\\\/23\\\/banco-central-aumenta-selic-pela-5a-vez-seguida-e-preve-nova-alta-em-outubro\\\/\"]}]},{\"@type\":\"BreadcrumbList\",\"@id\":\"https:\\\/\\\/dana.com.br\\\/canaldana\\\/2021\\\/09\\\/23\\\/banco-central-aumenta-selic-pela-5a-vez-seguida-e-preve-nova-alta-em-outubro\\\/#breadcrumb\",\"itemListElement\":[{\"@type\":\"ListItem\",\"position\":1,\"name\":\"Home\",\"item\":\"https:\\\/\\\/dana.com.br\\\/canaldana\\\/\"},{\"@type\":\"ListItem\",\"position\":2,\"name\":\"Mercado\",\"item\":\"https:\\\/\\\/dana.com.br\\\/canaldana\\\/mercado\\\/\"},{\"@type\":\"ListItem\",\"position\":3,\"name\":\"Banco Central aumenta Selic pela 5\u00aa vez seguida e prev\u00ea nova alta em outubro\"}]},{\"@type\":\"WebSite\",\"@id\":\"https:\\\/\\\/dana.com.br\\\/canaldana\\\/#website\",\"url\":\"https:\\\/\\\/dana.com.br\\\/canaldana\\\/\",\"name\":\"Canal Dana\",\"description\":\"Informativo com as principais not\u00edcias da ind\u00fastria automotiva\",\"potentialAction\":[{\"@type\":\"SearchAction\",\"target\":{\"@type\":\"EntryPoint\",\"urlTemplate\":\"https:\\\/\\\/dana.com.br\\\/canaldana\\\/?s={search_term_string}\"},\"query-input\":{\"@type\":\"PropertyValueSpecification\",\"valueRequired\":true,\"valueName\":\"search_term_string\"}}],\"inLanguage\":\"pt-BR\"},{\"@type\":\"Person\",\"@id\":\"https:\\\/\\\/dana.com.br\\\/canaldana\\\/#\\\/schema\\\/person\\\/3c21f22f56fcf3bc46b94bc60ea4fef6\",\"name\":\"Canal Dana\",\"image\":{\"@type\":\"ImageObject\",\"inLanguage\":\"pt-BR\",\"@id\":\"https:\\\/\\\/secure.gravatar.com\\\/avatar\\\/420aaf9278582877d9018637c6817617705899d2858d7572ef0fe59a6b6454b4?s=96&d=mm&r=g\",\"url\":\"https:\\\/\\\/secure.gravatar.com\\\/avatar\\\/420aaf9278582877d9018637c6817617705899d2858d7572ef0fe59a6b6454b4?s=96&d=mm&r=g\",\"contentUrl\":\"https:\\\/\\\/secure.gravatar.com\\\/avatar\\\/420aaf9278582877d9018637c6817617705899d2858d7572ef0fe59a6b6454b4?s=96&d=mm&r=g\",\"caption\":\"Canal Dana\"},\"url\":\"https:\\\/\\\/dana.com.br\\\/canaldana\\\/author\\\/cdeditor\\\/\"}]}<\/script>\n<!-- \/ Yoast SEO plugin. -->","yoast_head_json":{"title":"Banco Central aumenta Selic pela 5\u00aa vez seguida e prev\u00ea nova alta em outubro - Canal Dana","robots":{"index":"index","follow":"follow","max-snippet":"max-snippet:-1","max-image-preview":"max-image-preview:large","max-video-preview":"max-video-preview:-1"},"canonical":"https:\/\/dana.com.br\/canaldana\/2021\/09\/23\/banco-central-aumenta-selic-pela-5a-vez-seguida-e-preve-nova-alta-em-outubro\/","og_locale":"pt_BR","og_type":"article","og_title":"Banco Central aumenta Selic pela 5\u00aa vez seguida e prev\u00ea nova alta em outubro - Canal Dana","og_description":"O Estado de S. Paulo &nbsp; O Comit\u00ea de Pol\u00edtica Monet\u00e1ria (Copom) do Banco Central decidiu, por unanimidade, elevar a taxa b\u00e1sica de juros do Pa\u00eds em 1 ponto porcentual, de 5,25% para 6,25% ao ano, maior n\u00edvel desde agosto de 2019. Foi o quinto aumento consecutivo da Selic. Em comunicado, o Copom informou que\u2026 Leia mais \u00bb","og_url":"https:\/\/dana.com.br\/canaldana\/2021\/09\/23\/banco-central-aumenta-selic-pela-5a-vez-seguida-e-preve-nova-alta-em-outubro\/","og_site_name":"Canal Dana","article_published_time":"2021-09-23T11:35:45+00:00","author":"Canal Dana","twitter_card":"summary_large_image","twitter_misc":{"Escrito por":"Canal Dana","Est. tempo de leitura":"3 minutos"},"schema":{"@context":"https:\/\/schema.org","@graph":[{"@type":"Article","@id":"https:\/\/dana.com.br\/canaldana\/2021\/09\/23\/banco-central-aumenta-selic-pela-5a-vez-seguida-e-preve-nova-alta-em-outubro\/#article","isPartOf":{"@id":"https:\/\/dana.com.br\/canaldana\/2021\/09\/23\/banco-central-aumenta-selic-pela-5a-vez-seguida-e-preve-nova-alta-em-outubro\/"},"author":{"name":"Canal Dana","@id":"https:\/\/dana.com.br\/canaldana\/#\/schema\/person\/3c21f22f56fcf3bc46b94bc60ea4fef6"},"headline":"Banco Central aumenta Selic pela 5\u00aa vez seguida e prev\u00ea nova alta em outubro","datePublished":"2021-09-23T11:35:45+00:00","mainEntityOfPage":{"@id":"https:\/\/dana.com.br\/canaldana\/2021\/09\/23\/banco-central-aumenta-selic-pela-5a-vez-seguida-e-preve-nova-alta-em-outubro\/"},"wordCount":658,"articleSection":["Mercado"],"inLanguage":"pt-BR"},{"@type":"WebPage","@id":"https:\/\/dana.com.br\/canaldana\/2021\/09\/23\/banco-central-aumenta-selic-pela-5a-vez-seguida-e-preve-nova-alta-em-outubro\/","url":"https:\/\/dana.com.br\/canaldana\/2021\/09\/23\/banco-central-aumenta-selic-pela-5a-vez-seguida-e-preve-nova-alta-em-outubro\/","name":"Banco Central aumenta Selic pela 5\u00aa vez seguida e prev\u00ea nova alta em outubro - Canal Dana","isPartOf":{"@id":"https:\/\/dana.com.br\/canaldana\/#website"},"datePublished":"2021-09-23T11:35:45+00:00","author":{"@id":"https:\/\/dana.com.br\/canaldana\/#\/schema\/person\/3c21f22f56fcf3bc46b94bc60ea4fef6"},"breadcrumb":{"@id":"https:\/\/dana.com.br\/canaldana\/2021\/09\/23\/banco-central-aumenta-selic-pela-5a-vez-seguida-e-preve-nova-alta-em-outubro\/#breadcrumb"},"inLanguage":"pt-BR","potentialAction":[{"@type":"ReadAction","target":["https:\/\/dana.com.br\/canaldana\/2021\/09\/23\/banco-central-aumenta-selic-pela-5a-vez-seguida-e-preve-nova-alta-em-outubro\/"]}]},{"@type":"BreadcrumbList","@id":"https:\/\/dana.com.br\/canaldana\/2021\/09\/23\/banco-central-aumenta-selic-pela-5a-vez-seguida-e-preve-nova-alta-em-outubro\/#breadcrumb","itemListElement":[{"@type":"ListItem","position":1,"name":"Home","item":"https:\/\/dana.com.br\/canaldana\/"},{"@type":"ListItem","position":2,"name":"Mercado","item":"https:\/\/dana.com.br\/canaldana\/mercado\/"},{"@type":"ListItem","position":3,"name":"Banco Central aumenta Selic pela 5\u00aa vez seguida e prev\u00ea nova alta em outubro"}]},{"@type":"WebSite","@id":"https:\/\/dana.com.br\/canaldana\/#website","url":"https:\/\/dana.com.br\/canaldana\/","name":"Canal Dana","description":"Informativo com as principais not\u00edcias da ind\u00fastria automotiva","potentialAction":[{"@type":"SearchAction","target":{"@type":"EntryPoint","urlTemplate":"https:\/\/dana.com.br\/canaldana\/?s={search_term_string}"},"query-input":{"@type":"PropertyValueSpecification","valueRequired":true,"valueName":"search_term_string"}}],"inLanguage":"pt-BR"},{"@type":"Person","@id":"https:\/\/dana.com.br\/canaldana\/#\/schema\/person\/3c21f22f56fcf3bc46b94bc60ea4fef6","name":"Canal Dana","image":{"@type":"ImageObject","inLanguage":"pt-BR","@id":"https:\/\/secure.gravatar.com\/avatar\/420aaf9278582877d9018637c6817617705899d2858d7572ef0fe59a6b6454b4?s=96&d=mm&r=g","url":"https:\/\/secure.gravatar.com\/avatar\/420aaf9278582877d9018637c6817617705899d2858d7572ef0fe59a6b6454b4?s=96&d=mm&r=g","contentUrl":"https:\/\/secure.gravatar.com\/avatar\/420aaf9278582877d9018637c6817617705899d2858d7572ef0fe59a6b6454b4?s=96&d=mm&r=g","caption":"Canal Dana"},"url":"https:\/\/dana.com.br\/canaldana\/author\/cdeditor\/"}]}},"_links":{"self":[{"href":"https:\/\/dana.com.br\/canaldana\/wp-json\/wp\/v2\/posts\/53132","targetHints":{"allow":["GET"]}}],"collection":[{"href":"https:\/\/dana.com.br\/canaldana\/wp-json\/wp\/v2\/posts"}],"about":[{"href":"https:\/\/dana.com.br\/canaldana\/wp-json\/wp\/v2\/types\/post"}],"author":[{"embeddable":true,"href":"https:\/\/dana.com.br\/canaldana\/wp-json\/wp\/v2\/users\/3"}],"replies":[{"embeddable":true,"href":"https:\/\/dana.com.br\/canaldana\/wp-json\/wp\/v2\/comments?post=53132"}],"version-history":[{"count":0,"href":"https:\/\/dana.com.br\/canaldana\/wp-json\/wp\/v2\/posts\/53132\/revisions"}],"wp:attachment":[{"href":"https:\/\/dana.com.br\/canaldana\/wp-json\/wp\/v2\/media?parent=53132"}],"wp:term":[{"taxonomy":"category","embeddable":true,"href":"https:\/\/dana.com.br\/canaldana\/wp-json\/wp\/v2\/categories?post=53132"},{"taxonomy":"post_tag","embeddable":true,"href":"https:\/\/dana.com.br\/canaldana\/wp-json\/wp\/v2\/tags?post=53132"}],"curies":[{"name":"wp","href":"https:\/\/api.w.org\/{rel}","templated":true}]}}