{"id":53110,"date":"2021-09-23T08:29:32","date_gmt":"2021-09-23T11:29:32","guid":{"rendered":"https:\/\/dana.com.br\/canaldana\/?p=53110"},"modified":"2021-09-23T08:29:32","modified_gmt":"2021-09-23T11:29:32","slug":"a-industria-brasileira-perde-espaco","status":"publish","type":"post","link":"https:\/\/dana.com.br\/canaldana\/2021\/09\/23\/a-industria-brasileira-perde-espaco\/","title":{"rendered":"A ind\u00fastria brasileira perde espa\u00e7o"},"content":{"rendered":"<p><em>O Estado de S. Paulo<\/em><\/p>\n<p>&nbsp;<\/p>\n<p>A ind\u00fastria de transforma\u00e7\u00e3o vem perdendo espa\u00e7o na economia brasileira, fen\u00f4meno observado em outros pa\u00edses, mas vem encolhendo tamb\u00e9m na compara\u00e7\u00e3o com a do resto do mundo, o que \u00e9 um mau sinal no presente e um alerta para o futuro. Nos \u00faltimos anos, como mostrou reportagem do Estado (19\/9), a ind\u00fastria brasileira caiu da 9.\u00aa posi\u00e7\u00e3o entre as maiores do mundo para a 14.\u00aa. No per\u00edodo, a participa\u00e7\u00e3o do Brasil na manufatura global caiu de 2,2% para 1,3%, de acordo com o Instituto de Estudos para o Desenvolvimento Industrial (Iedi).<\/p>\n<p>&nbsp;<\/p>\n<p>O futuro parece pouco promissor. Mudan\u00e7as que j\u00e1 ocorriam nas cadeias globais de produ\u00e7\u00e3o, das quais o Brasil vinha se afastando, foram aceleradas na pandemia e pa\u00edses mais preparados conseguiram se reposicionar de maneira ainda mais competitiva no cen\u00e1rio mundial. A ind\u00fastria brasileira parece mal conseguir enfrentar o presente e n\u00e3o demonstra estar preparada para os novos desafios.<\/p>\n<p>&nbsp;<\/p>\n<p>Governos dos principais pa\u00edses deram resposta r\u00e1pida aos novos problemas. Os planos do governo Biden nos Estados Unidos, os programas de recupera\u00e7\u00e3o da Uni\u00e3o Europeia e a revis\u00e3o do plano quinquenal da China s\u00e3o citados pelo economista do Iedi Rafael Cagnin para mostrar a capacidade desses pa\u00edses de reagir a situa\u00e7\u00f5es de emerg\u00eancia.<\/p>\n<p>&nbsp;<\/p>\n<p>No Brasil, ao contr\u00e1rio, o encerramento de atividades de f\u00e1bricas de empresas multinacionais instaladas h\u00e1 muito tempo no Pa\u00eds mostrou que a disponibilidade de um mercado interno volumoso e com grande potencial n\u00e3o \u00e9 mais o bastante para o desenvolvimento industrial. A reorganiza\u00e7\u00e3o das cadeias de produ\u00e7\u00e3o visando \u00e0 efici\u00eancia e \u00e0 redu\u00e7\u00e3o de custos, a velocidade da moderniza\u00e7\u00e3o dos processos produtivos, a integra\u00e7\u00e3o entre diferentes setores ligados \u00e0 produ\u00e7\u00e3o, distribui\u00e7\u00e3o, marketing e comercializa\u00e7\u00e3o, caracter\u00edsticas da nova ind\u00fastria mundial, parecem distantes do Pa\u00eds.<\/p>\n<p>&nbsp;<\/p>\n<p>As pol\u00edticas p\u00fablicas mostram-se incapazes de evitar a amplia\u00e7\u00e3o dessa dist\u00e2ncia. N\u00e3o se trata mais, obviamente, de escolher segmentos a serem beneficiados, como se fez com frequ\u00eancia no passado. \u00c9 preciso, por\u00e9m, que o setor p\u00fablico tenha pol\u00edticas que n\u00e3o prejudiquem o crescimento. De que adianta ter rob\u00f4s, intelig\u00eancia artificial e outros recursos se a internet n\u00e3o \u00e9 confi\u00e1vel e veloz o suficiente e a energia cai? Outros exemplos poderiam ser lembrados. (O Estado de S. Paulo)<\/p>\n","protected":false},"excerpt":{"rendered":"<p>O Estado de S. Paulo &nbsp; A ind\u00fastria de transforma\u00e7\u00e3o vem perdendo espa\u00e7o na economia brasileira, fen\u00f4meno observado em outros pa\u00edses, mas vem encolhendo tamb\u00e9m na compara\u00e7\u00e3o com a do resto do mundo, o que \u00e9 um mau sinal no presente e um alerta para o futuro. Nos \u00faltimos anos, como mostrou reportagem do Estado\u2026 <a class=\"readmore\" href=\"https:\/\/dana.com.br\/canaldana\/2021\/09\/23\/a-industria-brasileira-perde-espaco\/\">Leia mais \u00bb<\/a><\/p>\n","protected":false},"author":3,"featured_media":0,"comment_status":"closed","ping_status":"closed","sticky":false,"template":"","format":"standard","meta":{"_acf_changed":false,"footnotes":""},"categories":[100],"tags":[],"class_list":["post-53110","post","type-post","status-publish","format-standard","hentry","category-artigo"],"acf":[],"yoast_head":"<!-- This site is optimized with the Yoast SEO plugin v27.3 - https:\/\/yoast.com\/product\/yoast-seo-wordpress\/ -->\n<title>A ind\u00fastria brasileira perde espa\u00e7o - Canal Dana<\/title>\n<meta name=\"robots\" content=\"index, follow, max-snippet:-1, max-image-preview:large, max-video-preview:-1\" \/>\n<link rel=\"canonical\" href=\"https:\/\/dana.com.br\/canaldana\/2021\/09\/23\/a-industria-brasileira-perde-espaco\/\" \/>\n<meta property=\"og:locale\" content=\"pt_BR\" \/>\n<meta property=\"og:type\" content=\"article\" \/>\n<meta property=\"og:title\" content=\"A ind\u00fastria brasileira perde espa\u00e7o - Canal Dana\" \/>\n<meta property=\"og:description\" content=\"O Estado de S. Paulo &nbsp; A ind\u00fastria de transforma\u00e7\u00e3o vem perdendo espa\u00e7o na economia brasileira, fen\u00f4meno observado em outros pa\u00edses, mas vem encolhendo tamb\u00e9m na compara\u00e7\u00e3o com a do resto do mundo, o que \u00e9 um mau sinal no presente e um alerta para o futuro. Nos \u00faltimos anos, como mostrou reportagem do Estado\u2026 Leia mais \u00bb\" \/>\n<meta property=\"og:url\" content=\"https:\/\/dana.com.br\/canaldana\/2021\/09\/23\/a-industria-brasileira-perde-espaco\/\" \/>\n<meta property=\"og:site_name\" content=\"Canal Dana\" \/>\n<meta property=\"article:published_time\" content=\"2021-09-23T11:29:32+00:00\" \/>\n<meta name=\"author\" content=\"Canal Dana\" \/>\n<meta name=\"twitter:card\" content=\"summary_large_image\" \/>\n<meta name=\"twitter:label1\" content=\"Escrito por\" \/>\n\t<meta name=\"twitter:data1\" content=\"Canal Dana\" \/>\n\t<meta name=\"twitter:label2\" content=\"Est. tempo de leitura\" \/>\n\t<meta name=\"twitter:data2\" content=\"2 minutos\" \/>\n<script type=\"application\/ld+json\" class=\"yoast-schema-graph\">{\"@context\":\"https:\\\/\\\/schema.org\",\"@graph\":[{\"@type\":\"Article\",\"@id\":\"https:\\\/\\\/dana.com.br\\\/canaldana\\\/2021\\\/09\\\/23\\\/a-industria-brasileira-perde-espaco\\\/#article\",\"isPartOf\":{\"@id\":\"https:\\\/\\\/dana.com.br\\\/canaldana\\\/2021\\\/09\\\/23\\\/a-industria-brasileira-perde-espaco\\\/\"},\"author\":{\"name\":\"Canal Dana\",\"@id\":\"https:\\\/\\\/dana.com.br\\\/canaldana\\\/#\\\/schema\\\/person\\\/3c21f22f56fcf3bc46b94bc60ea4fef6\"},\"headline\":\"A ind\u00fastria brasileira perde espa\u00e7o\",\"datePublished\":\"2021-09-23T11:29:32+00:00\",\"mainEntityOfPage\":{\"@id\":\"https:\\\/\\\/dana.com.br\\\/canaldana\\\/2021\\\/09\\\/23\\\/a-industria-brasileira-perde-espaco\\\/\"},\"wordCount\":423,\"articleSection\":[\"Artigo\"],\"inLanguage\":\"pt-BR\"},{\"@type\":\"WebPage\",\"@id\":\"https:\\\/\\\/dana.com.br\\\/canaldana\\\/2021\\\/09\\\/23\\\/a-industria-brasileira-perde-espaco\\\/\",\"url\":\"https:\\\/\\\/dana.com.br\\\/canaldana\\\/2021\\\/09\\\/23\\\/a-industria-brasileira-perde-espaco\\\/\",\"name\":\"A ind\u00fastria brasileira perde espa\u00e7o - Canal Dana\",\"isPartOf\":{\"@id\":\"https:\\\/\\\/dana.com.br\\\/canaldana\\\/#website\"},\"datePublished\":\"2021-09-23T11:29:32+00:00\",\"author\":{\"@id\":\"https:\\\/\\\/dana.com.br\\\/canaldana\\\/#\\\/schema\\\/person\\\/3c21f22f56fcf3bc46b94bc60ea4fef6\"},\"breadcrumb\":{\"@id\":\"https:\\\/\\\/dana.com.br\\\/canaldana\\\/2021\\\/09\\\/23\\\/a-industria-brasileira-perde-espaco\\\/#breadcrumb\"},\"inLanguage\":\"pt-BR\",\"potentialAction\":[{\"@type\":\"ReadAction\",\"target\":[\"https:\\\/\\\/dana.com.br\\\/canaldana\\\/2021\\\/09\\\/23\\\/a-industria-brasileira-perde-espaco\\\/\"]}]},{\"@type\":\"BreadcrumbList\",\"@id\":\"https:\\\/\\\/dana.com.br\\\/canaldana\\\/2021\\\/09\\\/23\\\/a-industria-brasileira-perde-espaco\\\/#breadcrumb\",\"itemListElement\":[{\"@type\":\"ListItem\",\"position\":1,\"name\":\"Home\",\"item\":\"https:\\\/\\\/dana.com.br\\\/canaldana\\\/\"},{\"@type\":\"ListItem\",\"position\":2,\"name\":\"Artigo\",\"item\":\"https:\\\/\\\/dana.com.br\\\/canaldana\\\/artigo\\\/\"},{\"@type\":\"ListItem\",\"position\":3,\"name\":\"A ind\u00fastria brasileira perde espa\u00e7o\"}]},{\"@type\":\"WebSite\",\"@id\":\"https:\\\/\\\/dana.com.br\\\/canaldana\\\/#website\",\"url\":\"https:\\\/\\\/dana.com.br\\\/canaldana\\\/\",\"name\":\"Canal Dana\",\"description\":\"Informativo com as principais not\u00edcias da ind\u00fastria automotiva\",\"potentialAction\":[{\"@type\":\"SearchAction\",\"target\":{\"@type\":\"EntryPoint\",\"urlTemplate\":\"https:\\\/\\\/dana.com.br\\\/canaldana\\\/?s={search_term_string}\"},\"query-input\":{\"@type\":\"PropertyValueSpecification\",\"valueRequired\":true,\"valueName\":\"search_term_string\"}}],\"inLanguage\":\"pt-BR\"},{\"@type\":\"Person\",\"@id\":\"https:\\\/\\\/dana.com.br\\\/canaldana\\\/#\\\/schema\\\/person\\\/3c21f22f56fcf3bc46b94bc60ea4fef6\",\"name\":\"Canal Dana\",\"image\":{\"@type\":\"ImageObject\",\"inLanguage\":\"pt-BR\",\"@id\":\"https:\\\/\\\/secure.gravatar.com\\\/avatar\\\/420aaf9278582877d9018637c6817617705899d2858d7572ef0fe59a6b6454b4?s=96&d=mm&r=g\",\"url\":\"https:\\\/\\\/secure.gravatar.com\\\/avatar\\\/420aaf9278582877d9018637c6817617705899d2858d7572ef0fe59a6b6454b4?s=96&d=mm&r=g\",\"contentUrl\":\"https:\\\/\\\/secure.gravatar.com\\\/avatar\\\/420aaf9278582877d9018637c6817617705899d2858d7572ef0fe59a6b6454b4?s=96&d=mm&r=g\",\"caption\":\"Canal Dana\"},\"url\":\"https:\\\/\\\/dana.com.br\\\/canaldana\\\/author\\\/cdeditor\\\/\"}]}<\/script>\n<!-- \/ Yoast SEO plugin. -->","yoast_head_json":{"title":"A ind\u00fastria brasileira perde espa\u00e7o - Canal Dana","robots":{"index":"index","follow":"follow","max-snippet":"max-snippet:-1","max-image-preview":"max-image-preview:large","max-video-preview":"max-video-preview:-1"},"canonical":"https:\/\/dana.com.br\/canaldana\/2021\/09\/23\/a-industria-brasileira-perde-espaco\/","og_locale":"pt_BR","og_type":"article","og_title":"A ind\u00fastria brasileira perde espa\u00e7o - Canal Dana","og_description":"O Estado de S. Paulo &nbsp; A ind\u00fastria de transforma\u00e7\u00e3o vem perdendo espa\u00e7o na economia brasileira, fen\u00f4meno observado em outros pa\u00edses, mas vem encolhendo tamb\u00e9m na compara\u00e7\u00e3o com a do resto do mundo, o que \u00e9 um mau sinal no presente e um alerta para o futuro. Nos \u00faltimos anos, como mostrou reportagem do Estado\u2026 Leia mais \u00bb","og_url":"https:\/\/dana.com.br\/canaldana\/2021\/09\/23\/a-industria-brasileira-perde-espaco\/","og_site_name":"Canal Dana","article_published_time":"2021-09-23T11:29:32+00:00","author":"Canal Dana","twitter_card":"summary_large_image","twitter_misc":{"Escrito por":"Canal Dana","Est. tempo de leitura":"2 minutos"},"schema":{"@context":"https:\/\/schema.org","@graph":[{"@type":"Article","@id":"https:\/\/dana.com.br\/canaldana\/2021\/09\/23\/a-industria-brasileira-perde-espaco\/#article","isPartOf":{"@id":"https:\/\/dana.com.br\/canaldana\/2021\/09\/23\/a-industria-brasileira-perde-espaco\/"},"author":{"name":"Canal Dana","@id":"https:\/\/dana.com.br\/canaldana\/#\/schema\/person\/3c21f22f56fcf3bc46b94bc60ea4fef6"},"headline":"A ind\u00fastria brasileira perde espa\u00e7o","datePublished":"2021-09-23T11:29:32+00:00","mainEntityOfPage":{"@id":"https:\/\/dana.com.br\/canaldana\/2021\/09\/23\/a-industria-brasileira-perde-espaco\/"},"wordCount":423,"articleSection":["Artigo"],"inLanguage":"pt-BR"},{"@type":"WebPage","@id":"https:\/\/dana.com.br\/canaldana\/2021\/09\/23\/a-industria-brasileira-perde-espaco\/","url":"https:\/\/dana.com.br\/canaldana\/2021\/09\/23\/a-industria-brasileira-perde-espaco\/","name":"A ind\u00fastria brasileira perde espa\u00e7o - Canal Dana","isPartOf":{"@id":"https:\/\/dana.com.br\/canaldana\/#website"},"datePublished":"2021-09-23T11:29:32+00:00","author":{"@id":"https:\/\/dana.com.br\/canaldana\/#\/schema\/person\/3c21f22f56fcf3bc46b94bc60ea4fef6"},"breadcrumb":{"@id":"https:\/\/dana.com.br\/canaldana\/2021\/09\/23\/a-industria-brasileira-perde-espaco\/#breadcrumb"},"inLanguage":"pt-BR","potentialAction":[{"@type":"ReadAction","target":["https:\/\/dana.com.br\/canaldana\/2021\/09\/23\/a-industria-brasileira-perde-espaco\/"]}]},{"@type":"BreadcrumbList","@id":"https:\/\/dana.com.br\/canaldana\/2021\/09\/23\/a-industria-brasileira-perde-espaco\/#breadcrumb","itemListElement":[{"@type":"ListItem","position":1,"name":"Home","item":"https:\/\/dana.com.br\/canaldana\/"},{"@type":"ListItem","position":2,"name":"Artigo","item":"https:\/\/dana.com.br\/canaldana\/artigo\/"},{"@type":"ListItem","position":3,"name":"A ind\u00fastria brasileira perde espa\u00e7o"}]},{"@type":"WebSite","@id":"https:\/\/dana.com.br\/canaldana\/#website","url":"https:\/\/dana.com.br\/canaldana\/","name":"Canal Dana","description":"Informativo com as principais not\u00edcias da ind\u00fastria automotiva","potentialAction":[{"@type":"SearchAction","target":{"@type":"EntryPoint","urlTemplate":"https:\/\/dana.com.br\/canaldana\/?s={search_term_string}"},"query-input":{"@type":"PropertyValueSpecification","valueRequired":true,"valueName":"search_term_string"}}],"inLanguage":"pt-BR"},{"@type":"Person","@id":"https:\/\/dana.com.br\/canaldana\/#\/schema\/person\/3c21f22f56fcf3bc46b94bc60ea4fef6","name":"Canal Dana","image":{"@type":"ImageObject","inLanguage":"pt-BR","@id":"https:\/\/secure.gravatar.com\/avatar\/420aaf9278582877d9018637c6817617705899d2858d7572ef0fe59a6b6454b4?s=96&d=mm&r=g","url":"https:\/\/secure.gravatar.com\/avatar\/420aaf9278582877d9018637c6817617705899d2858d7572ef0fe59a6b6454b4?s=96&d=mm&r=g","contentUrl":"https:\/\/secure.gravatar.com\/avatar\/420aaf9278582877d9018637c6817617705899d2858d7572ef0fe59a6b6454b4?s=96&d=mm&r=g","caption":"Canal Dana"},"url":"https:\/\/dana.com.br\/canaldana\/author\/cdeditor\/"}]}},"_links":{"self":[{"href":"https:\/\/dana.com.br\/canaldana\/wp-json\/wp\/v2\/posts\/53110","targetHints":{"allow":["GET"]}}],"collection":[{"href":"https:\/\/dana.com.br\/canaldana\/wp-json\/wp\/v2\/posts"}],"about":[{"href":"https:\/\/dana.com.br\/canaldana\/wp-json\/wp\/v2\/types\/post"}],"author":[{"embeddable":true,"href":"https:\/\/dana.com.br\/canaldana\/wp-json\/wp\/v2\/users\/3"}],"replies":[{"embeddable":true,"href":"https:\/\/dana.com.br\/canaldana\/wp-json\/wp\/v2\/comments?post=53110"}],"version-history":[{"count":0,"href":"https:\/\/dana.com.br\/canaldana\/wp-json\/wp\/v2\/posts\/53110\/revisions"}],"wp:attachment":[{"href":"https:\/\/dana.com.br\/canaldana\/wp-json\/wp\/v2\/media?parent=53110"}],"wp:term":[{"taxonomy":"category","embeddable":true,"href":"https:\/\/dana.com.br\/canaldana\/wp-json\/wp\/v2\/categories?post=53110"},{"taxonomy":"post_tag","embeddable":true,"href":"https:\/\/dana.com.br\/canaldana\/wp-json\/wp\/v2\/tags?post=53110"}],"curies":[{"name":"wp","href":"https:\/\/api.w.org\/{rel}","templated":true}]}}