{"id":53105,"date":"2021-09-22T09:14:40","date_gmt":"2021-09-22T12:14:40","guid":{"rendered":"https:\/\/dana.com.br\/canaldana\/?p=53105"},"modified":"2021-09-22T09:14:40","modified_gmt":"2021-09-22T12:14:40","slug":"mercedes-benz-faz-avaliacao-de-mercado-para-lancar-sprinter-eletrica-no-brasil","status":"publish","type":"post","link":"https:\/\/dana.com.br\/canaldana\/2021\/09\/22\/mercedes-benz-faz-avaliacao-de-mercado-para-lancar-sprinter-eletrica-no-brasil\/","title":{"rendered":"Mercedes-Benz faz avalia\u00e7\u00e3o de mercado para lan\u00e7ar Sprinter el\u00e9trica no Brasil"},"content":{"rendered":"<p><em>Di\u00e1rio do Transporte<\/em><\/p>\n<p>&nbsp;<\/p>\n<p>\u00c9 o que afirmou o diretor geral de vans da Mercedes-Benz, Jefferson Ferrarez, em entrevista coletiva nesta segunda-feira, 20 de setembro de 2021.<\/p>\n<p>&nbsp;<\/p>\n<p>\u201cA Sprinter el\u00e9trica j\u00e1 \u00e9 uma realidade. \u00c9 um produto que j\u00e1 est\u00e1 lan\u00e7ado em alguns mercados na Europa e certamente temos discuss\u00f5es bem avan\u00e7adas para o avan\u00e7o desse portf\u00f3lio em outros pa\u00edses, como Estados Unidos, China, Coreia e, sem d\u00favidas, o Brasil, como um mercado muito relevante, est\u00e1 na pauta de discuss\u00e3o e n\u00f3s estamos acompanhando como est\u00e1 o desenvolvimento muito mais estrutural do mercado para poder receber os ve\u00edculos el\u00e9tricos do que propriamente h\u00e1 uma necessidade de desenvolvimento do produto. Ainda estamos, obviamente, nestas discuss\u00f5es, entendendo quando seria o melhor momento para trazer uma solu\u00e7\u00e3o el\u00e9trica para o Brasil\u201d, afirmou.<\/p>\n<p>&nbsp;<\/p>\n<p>De acordo com o executivo, atualmente no pa\u00eds os segmentos que mostram maior crescimento para a Sprinter s\u00e3o os de carga, principalmente focando no apoio log\u00edstico para o e-commerce, que \u00e9 algo que veio para ficar, segundo Ferrarez.<\/p>\n<p>&nbsp;<\/p>\n<p>Al\u00e9m disso, o diretor afirmou tamb\u00e9m que o segmento de furg\u00e3o tamb\u00e9m est\u00e1 com elevada demanda. \u201cO segmento de passageiros ainda est\u00e1 recuado em rela\u00e7\u00e3o ao que h\u00e1 de potencial de mercado. Houve uma pequena melhora nos primeiros meses deste ano, sobretudo no segmento de fretamento. Agora, com o retorno das aulas, o segmento de transporte escolar come\u00e7a a se movimentar um pouco mais e o mercado vai voltando neste nicho espec\u00edfico. O turismo logo deve come\u00e7ar a chegar com novos n\u00fameros tamb\u00e9m\u201d, avaliou.<\/p>\n<p>&nbsp;<\/p>\n<p>\u201cA expectativa para 2022 \u00e9 que haja um crescimento de mercado em todos os segmentos. O retorno do transporte de pessoas \u00e9 inevit\u00e1vel e com isso vai trazer muitas oportunidades de neg\u00f3cios para todos n\u00f3s. Nas nossas estimativas, estamos tratando algo em torno de 15% a 20% de mercado acima do que temos neste ano\u201d, projetou.<\/p>\n<p>&nbsp;<\/p>\n<p><strong>Modelos<\/strong><\/p>\n<p>&nbsp;<\/p>\n<p>A linha Sprinter possui atua\u00e7\u00e3o em diversos setores como fretamento, turismo, transporte VIP, traslados e escolar. A partir dos modelos 416 e 516 CDI, a marca oferece mais de 40 configura\u00e7\u00f5es poss\u00edveis de f\u00e1brica com op\u00e7\u00f5es de assentos para 9, 15, 17, 19 e 20 passageiros, mais o motorista, atendendo as mais diversas necessidades dos clientes.<\/p>\n<p>&nbsp;<\/p>\n<p>Al\u00e9m disso, a Mercedes-Benz disponibiliza o Furg\u00e3o Vidrado, que tem o mesmo acabamento das vans de passageiros, por\u00e9m sem bancos. S\u00e3o tr\u00eas vers\u00f5es de capacidades volum\u00e9tricas (10,5, 14 e 15,5 m\u00b3), dando mais flexibilidade ao layout interno para transforma\u00e7\u00e3o em variadas solu\u00e7\u00f5es para transporte de pessoas e para ve\u00edculos dedicados inclusive \u00e0 acessibilidade. (Di\u00e1rio do Transporte\/Jessica Marques)<\/p>\n","protected":false},"excerpt":{"rendered":"<p>Di\u00e1rio do Transporte &nbsp; \u00c9 o que afirmou o diretor geral de vans da Mercedes-Benz, Jefferson Ferrarez, em entrevista coletiva nesta segunda-feira, 20 de setembro de 2021. &nbsp; \u201cA Sprinter el\u00e9trica j\u00e1 \u00e9 uma realidade. \u00c9 um produto que j\u00e1 est\u00e1 lan\u00e7ado em alguns mercados na Europa e certamente temos discuss\u00f5es bem avan\u00e7adas para o\u2026 <a class=\"readmore\" href=\"https:\/\/dana.com.br\/canaldana\/2021\/09\/22\/mercedes-benz-faz-avaliacao-de-mercado-para-lancar-sprinter-eletrica-no-brasil\/\">Leia mais \u00bb<\/a><\/p>\n","protected":false},"author":3,"featured_media":0,"comment_status":"closed","ping_status":"closed","sticky":false,"template":"","format":"standard","meta":{"_acf_changed":false,"footnotes":""},"categories":[61],"tags":[],"class_list":["post-53105","post","type-post","status-publish","format-standard","hentry","category-destaques"],"acf":[],"yoast_head":"<!-- This site is optimized with the Yoast SEO plugin v27.3 - https:\/\/yoast.com\/product\/yoast-seo-wordpress\/ -->\n<title>Mercedes-Benz faz avalia\u00e7\u00e3o de mercado para lan\u00e7ar Sprinter el\u00e9trica no Brasil - Canal Dana<\/title>\n<meta name=\"robots\" content=\"index, follow, max-snippet:-1, max-image-preview:large, max-video-preview:-1\" \/>\n<link rel=\"canonical\" href=\"https:\/\/dana.com.br\/canaldana\/2021\/09\/22\/mercedes-benz-faz-avaliacao-de-mercado-para-lancar-sprinter-eletrica-no-brasil\/\" \/>\n<meta property=\"og:locale\" content=\"pt_BR\" \/>\n<meta property=\"og:type\" content=\"article\" \/>\n<meta property=\"og:title\" content=\"Mercedes-Benz faz avalia\u00e7\u00e3o de mercado para lan\u00e7ar Sprinter el\u00e9trica no Brasil - Canal Dana\" \/>\n<meta property=\"og:description\" content=\"Di\u00e1rio do Transporte &nbsp; \u00c9 o que afirmou o diretor geral de vans da Mercedes-Benz, Jefferson Ferrarez, em entrevista coletiva nesta segunda-feira, 20 de setembro de 2021. &nbsp; \u201cA Sprinter el\u00e9trica j\u00e1 \u00e9 uma realidade. \u00c9 um produto que j\u00e1 est\u00e1 lan\u00e7ado em alguns mercados na Europa e certamente temos discuss\u00f5es bem avan\u00e7adas para o\u2026 Leia mais \u00bb\" \/>\n<meta property=\"og:url\" content=\"https:\/\/dana.com.br\/canaldana\/2021\/09\/22\/mercedes-benz-faz-avaliacao-de-mercado-para-lancar-sprinter-eletrica-no-brasil\/\" \/>\n<meta property=\"og:site_name\" content=\"Canal Dana\" \/>\n<meta property=\"article:published_time\" content=\"2021-09-22T12:14:40+00:00\" \/>\n<meta name=\"author\" content=\"Canal Dana\" \/>\n<meta name=\"twitter:card\" content=\"summary_large_image\" \/>\n<meta name=\"twitter:label1\" content=\"Escrito por\" \/>\n\t<meta name=\"twitter:data1\" content=\"Canal Dana\" \/>\n\t<meta name=\"twitter:label2\" content=\"Est. tempo de leitura\" \/>\n\t<meta name=\"twitter:data2\" content=\"2 minutos\" \/>\n<script type=\"application\/ld+json\" class=\"yoast-schema-graph\">{\"@context\":\"https:\\\/\\\/schema.org\",\"@graph\":[{\"@type\":\"Article\",\"@id\":\"https:\\\/\\\/dana.com.br\\\/canaldana\\\/2021\\\/09\\\/22\\\/mercedes-benz-faz-avaliacao-de-mercado-para-lancar-sprinter-eletrica-no-brasil\\\/#article\",\"isPartOf\":{\"@id\":\"https:\\\/\\\/dana.com.br\\\/canaldana\\\/2021\\\/09\\\/22\\\/mercedes-benz-faz-avaliacao-de-mercado-para-lancar-sprinter-eletrica-no-brasil\\\/\"},\"author\":{\"name\":\"Canal Dana\",\"@id\":\"https:\\\/\\\/dana.com.br\\\/canaldana\\\/#\\\/schema\\\/person\\\/3c21f22f56fcf3bc46b94bc60ea4fef6\"},\"headline\":\"Mercedes-Benz faz avalia\u00e7\u00e3o de mercado para lan\u00e7ar Sprinter el\u00e9trica no Brasil\",\"datePublished\":\"2021-09-22T12:14:40+00:00\",\"mainEntityOfPage\":{\"@id\":\"https:\\\/\\\/dana.com.br\\\/canaldana\\\/2021\\\/09\\\/22\\\/mercedes-benz-faz-avaliacao-de-mercado-para-lancar-sprinter-eletrica-no-brasil\\\/\"},\"wordCount\":468,\"articleSection\":[\"Destaques\"],\"inLanguage\":\"pt-BR\"},{\"@type\":\"WebPage\",\"@id\":\"https:\\\/\\\/dana.com.br\\\/canaldana\\\/2021\\\/09\\\/22\\\/mercedes-benz-faz-avaliacao-de-mercado-para-lancar-sprinter-eletrica-no-brasil\\\/\",\"url\":\"https:\\\/\\\/dana.com.br\\\/canaldana\\\/2021\\\/09\\\/22\\\/mercedes-benz-faz-avaliacao-de-mercado-para-lancar-sprinter-eletrica-no-brasil\\\/\",\"name\":\"Mercedes-Benz faz avalia\u00e7\u00e3o de mercado para lan\u00e7ar Sprinter el\u00e9trica no Brasil - Canal Dana\",\"isPartOf\":{\"@id\":\"https:\\\/\\\/dana.com.br\\\/canaldana\\\/#website\"},\"datePublished\":\"2021-09-22T12:14:40+00:00\",\"author\":{\"@id\":\"https:\\\/\\\/dana.com.br\\\/canaldana\\\/#\\\/schema\\\/person\\\/3c21f22f56fcf3bc46b94bc60ea4fef6\"},\"breadcrumb\":{\"@id\":\"https:\\\/\\\/dana.com.br\\\/canaldana\\\/2021\\\/09\\\/22\\\/mercedes-benz-faz-avaliacao-de-mercado-para-lancar-sprinter-eletrica-no-brasil\\\/#breadcrumb\"},\"inLanguage\":\"pt-BR\",\"potentialAction\":[{\"@type\":\"ReadAction\",\"target\":[\"https:\\\/\\\/dana.com.br\\\/canaldana\\\/2021\\\/09\\\/22\\\/mercedes-benz-faz-avaliacao-de-mercado-para-lancar-sprinter-eletrica-no-brasil\\\/\"]}]},{\"@type\":\"BreadcrumbList\",\"@id\":\"https:\\\/\\\/dana.com.br\\\/canaldana\\\/2021\\\/09\\\/22\\\/mercedes-benz-faz-avaliacao-de-mercado-para-lancar-sprinter-eletrica-no-brasil\\\/#breadcrumb\",\"itemListElement\":[{\"@type\":\"ListItem\",\"position\":1,\"name\":\"Home\",\"item\":\"https:\\\/\\\/dana.com.br\\\/canaldana\\\/\"},{\"@type\":\"ListItem\",\"position\":2,\"name\":\"Destaques\",\"item\":\"https:\\\/\\\/dana.com.br\\\/canaldana\\\/destaques\\\/\"},{\"@type\":\"ListItem\",\"position\":3,\"name\":\"Mercedes-Benz faz avalia\u00e7\u00e3o de mercado para lan\u00e7ar Sprinter el\u00e9trica no Brasil\"}]},{\"@type\":\"WebSite\",\"@id\":\"https:\\\/\\\/dana.com.br\\\/canaldana\\\/#website\",\"url\":\"https:\\\/\\\/dana.com.br\\\/canaldana\\\/\",\"name\":\"Canal Dana\",\"description\":\"Informativo com as principais not\u00edcias da ind\u00fastria automotiva\",\"potentialAction\":[{\"@type\":\"SearchAction\",\"target\":{\"@type\":\"EntryPoint\",\"urlTemplate\":\"https:\\\/\\\/dana.com.br\\\/canaldana\\\/?s={search_term_string}\"},\"query-input\":{\"@type\":\"PropertyValueSpecification\",\"valueRequired\":true,\"valueName\":\"search_term_string\"}}],\"inLanguage\":\"pt-BR\"},{\"@type\":\"Person\",\"@id\":\"https:\\\/\\\/dana.com.br\\\/canaldana\\\/#\\\/schema\\\/person\\\/3c21f22f56fcf3bc46b94bc60ea4fef6\",\"name\":\"Canal Dana\",\"image\":{\"@type\":\"ImageObject\",\"inLanguage\":\"pt-BR\",\"@id\":\"https:\\\/\\\/secure.gravatar.com\\\/avatar\\\/420aaf9278582877d9018637c6817617705899d2858d7572ef0fe59a6b6454b4?s=96&d=mm&r=g\",\"url\":\"https:\\\/\\\/secure.gravatar.com\\\/avatar\\\/420aaf9278582877d9018637c6817617705899d2858d7572ef0fe59a6b6454b4?s=96&d=mm&r=g\",\"contentUrl\":\"https:\\\/\\\/secure.gravatar.com\\\/avatar\\\/420aaf9278582877d9018637c6817617705899d2858d7572ef0fe59a6b6454b4?s=96&d=mm&r=g\",\"caption\":\"Canal Dana\"},\"url\":\"https:\\\/\\\/dana.com.br\\\/canaldana\\\/author\\\/cdeditor\\\/\"}]}<\/script>\n<!-- \/ Yoast SEO plugin. -->","yoast_head_json":{"title":"Mercedes-Benz faz avalia\u00e7\u00e3o de mercado para lan\u00e7ar Sprinter el\u00e9trica no Brasil - Canal Dana","robots":{"index":"index","follow":"follow","max-snippet":"max-snippet:-1","max-image-preview":"max-image-preview:large","max-video-preview":"max-video-preview:-1"},"canonical":"https:\/\/dana.com.br\/canaldana\/2021\/09\/22\/mercedes-benz-faz-avaliacao-de-mercado-para-lancar-sprinter-eletrica-no-brasil\/","og_locale":"pt_BR","og_type":"article","og_title":"Mercedes-Benz faz avalia\u00e7\u00e3o de mercado para lan\u00e7ar Sprinter el\u00e9trica no Brasil - Canal Dana","og_description":"Di\u00e1rio do Transporte &nbsp; \u00c9 o que afirmou o diretor geral de vans da Mercedes-Benz, Jefferson Ferrarez, em entrevista coletiva nesta segunda-feira, 20 de setembro de 2021. &nbsp; \u201cA Sprinter el\u00e9trica j\u00e1 \u00e9 uma realidade. \u00c9 um produto que j\u00e1 est\u00e1 lan\u00e7ado em alguns mercados na Europa e certamente temos discuss\u00f5es bem avan\u00e7adas para o\u2026 Leia mais \u00bb","og_url":"https:\/\/dana.com.br\/canaldana\/2021\/09\/22\/mercedes-benz-faz-avaliacao-de-mercado-para-lancar-sprinter-eletrica-no-brasil\/","og_site_name":"Canal Dana","article_published_time":"2021-09-22T12:14:40+00:00","author":"Canal Dana","twitter_card":"summary_large_image","twitter_misc":{"Escrito por":"Canal Dana","Est. tempo de leitura":"2 minutos"},"schema":{"@context":"https:\/\/schema.org","@graph":[{"@type":"Article","@id":"https:\/\/dana.com.br\/canaldana\/2021\/09\/22\/mercedes-benz-faz-avaliacao-de-mercado-para-lancar-sprinter-eletrica-no-brasil\/#article","isPartOf":{"@id":"https:\/\/dana.com.br\/canaldana\/2021\/09\/22\/mercedes-benz-faz-avaliacao-de-mercado-para-lancar-sprinter-eletrica-no-brasil\/"},"author":{"name":"Canal Dana","@id":"https:\/\/dana.com.br\/canaldana\/#\/schema\/person\/3c21f22f56fcf3bc46b94bc60ea4fef6"},"headline":"Mercedes-Benz faz avalia\u00e7\u00e3o de mercado para lan\u00e7ar Sprinter el\u00e9trica no Brasil","datePublished":"2021-09-22T12:14:40+00:00","mainEntityOfPage":{"@id":"https:\/\/dana.com.br\/canaldana\/2021\/09\/22\/mercedes-benz-faz-avaliacao-de-mercado-para-lancar-sprinter-eletrica-no-brasil\/"},"wordCount":468,"articleSection":["Destaques"],"inLanguage":"pt-BR"},{"@type":"WebPage","@id":"https:\/\/dana.com.br\/canaldana\/2021\/09\/22\/mercedes-benz-faz-avaliacao-de-mercado-para-lancar-sprinter-eletrica-no-brasil\/","url":"https:\/\/dana.com.br\/canaldana\/2021\/09\/22\/mercedes-benz-faz-avaliacao-de-mercado-para-lancar-sprinter-eletrica-no-brasil\/","name":"Mercedes-Benz faz avalia\u00e7\u00e3o de mercado para lan\u00e7ar Sprinter el\u00e9trica no Brasil - Canal Dana","isPartOf":{"@id":"https:\/\/dana.com.br\/canaldana\/#website"},"datePublished":"2021-09-22T12:14:40+00:00","author":{"@id":"https:\/\/dana.com.br\/canaldana\/#\/schema\/person\/3c21f22f56fcf3bc46b94bc60ea4fef6"},"breadcrumb":{"@id":"https:\/\/dana.com.br\/canaldana\/2021\/09\/22\/mercedes-benz-faz-avaliacao-de-mercado-para-lancar-sprinter-eletrica-no-brasil\/#breadcrumb"},"inLanguage":"pt-BR","potentialAction":[{"@type":"ReadAction","target":["https:\/\/dana.com.br\/canaldana\/2021\/09\/22\/mercedes-benz-faz-avaliacao-de-mercado-para-lancar-sprinter-eletrica-no-brasil\/"]}]},{"@type":"BreadcrumbList","@id":"https:\/\/dana.com.br\/canaldana\/2021\/09\/22\/mercedes-benz-faz-avaliacao-de-mercado-para-lancar-sprinter-eletrica-no-brasil\/#breadcrumb","itemListElement":[{"@type":"ListItem","position":1,"name":"Home","item":"https:\/\/dana.com.br\/canaldana\/"},{"@type":"ListItem","position":2,"name":"Destaques","item":"https:\/\/dana.com.br\/canaldana\/destaques\/"},{"@type":"ListItem","position":3,"name":"Mercedes-Benz faz avalia\u00e7\u00e3o de mercado para lan\u00e7ar Sprinter el\u00e9trica no Brasil"}]},{"@type":"WebSite","@id":"https:\/\/dana.com.br\/canaldana\/#website","url":"https:\/\/dana.com.br\/canaldana\/","name":"Canal Dana","description":"Informativo com as principais not\u00edcias da ind\u00fastria automotiva","potentialAction":[{"@type":"SearchAction","target":{"@type":"EntryPoint","urlTemplate":"https:\/\/dana.com.br\/canaldana\/?s={search_term_string}"},"query-input":{"@type":"PropertyValueSpecification","valueRequired":true,"valueName":"search_term_string"}}],"inLanguage":"pt-BR"},{"@type":"Person","@id":"https:\/\/dana.com.br\/canaldana\/#\/schema\/person\/3c21f22f56fcf3bc46b94bc60ea4fef6","name":"Canal Dana","image":{"@type":"ImageObject","inLanguage":"pt-BR","@id":"https:\/\/secure.gravatar.com\/avatar\/420aaf9278582877d9018637c6817617705899d2858d7572ef0fe59a6b6454b4?s=96&d=mm&r=g","url":"https:\/\/secure.gravatar.com\/avatar\/420aaf9278582877d9018637c6817617705899d2858d7572ef0fe59a6b6454b4?s=96&d=mm&r=g","contentUrl":"https:\/\/secure.gravatar.com\/avatar\/420aaf9278582877d9018637c6817617705899d2858d7572ef0fe59a6b6454b4?s=96&d=mm&r=g","caption":"Canal Dana"},"url":"https:\/\/dana.com.br\/canaldana\/author\/cdeditor\/"}]}},"_links":{"self":[{"href":"https:\/\/dana.com.br\/canaldana\/wp-json\/wp\/v2\/posts\/53105","targetHints":{"allow":["GET"]}}],"collection":[{"href":"https:\/\/dana.com.br\/canaldana\/wp-json\/wp\/v2\/posts"}],"about":[{"href":"https:\/\/dana.com.br\/canaldana\/wp-json\/wp\/v2\/types\/post"}],"author":[{"embeddable":true,"href":"https:\/\/dana.com.br\/canaldana\/wp-json\/wp\/v2\/users\/3"}],"replies":[{"embeddable":true,"href":"https:\/\/dana.com.br\/canaldana\/wp-json\/wp\/v2\/comments?post=53105"}],"version-history":[{"count":0,"href":"https:\/\/dana.com.br\/canaldana\/wp-json\/wp\/v2\/posts\/53105\/revisions"}],"wp:attachment":[{"href":"https:\/\/dana.com.br\/canaldana\/wp-json\/wp\/v2\/media?parent=53105"}],"wp:term":[{"taxonomy":"category","embeddable":true,"href":"https:\/\/dana.com.br\/canaldana\/wp-json\/wp\/v2\/categories?post=53105"},{"taxonomy":"post_tag","embeddable":true,"href":"https:\/\/dana.com.br\/canaldana\/wp-json\/wp\/v2\/tags?post=53105"}],"curies":[{"name":"wp","href":"https:\/\/api.w.org\/{rel}","templated":true}]}}