{"id":53076,"date":"2021-09-22T09:05:47","date_gmt":"2021-09-22T12:05:47","guid":{"rendered":"https:\/\/dana.com.br\/canaldana\/?p=53076"},"modified":"2021-09-22T09:05:47","modified_gmt":"2021-09-22T12:05:47","slug":"mercedes-benz-sprinter-oferece-solucoes-de-mobilidade-e-tecnologia-na-lat-bus-2021","status":"publish","type":"post","link":"https:\/\/dana.com.br\/canaldana\/2021\/09\/22\/mercedes-benz-sprinter-oferece-solucoes-de-mobilidade-e-tecnologia-na-lat-bus-2021\/","title":{"rendered":"Mercedes-Benz Sprinter oferece solu\u00e7\u00f5es de mobilidade e tecnologia na Lat.Bus 2021"},"content":{"rendered":"<p><em>Mec\u00e2nica Online<\/em><\/p>\n<p>&nbsp;<\/p>\n<p>A Mercedes-Benz Vans evidencia os diferenciais da marca em termos de produtos e servi\u00e7os na coletiva de imprensa virtual da Lat.Bus Transp\u00fablico 2021, maior feira de mobilidade urbana da Am\u00e9rica Latina, realizada hoje (20).<\/p>\n<p>&nbsp;<\/p>\n<p>Organizado pela NTU (Associa\u00e7\u00e3o Nacional das Empresas de Transportes Urbanos) e pela OTM Editora, o evento ser\u00e1 realizado nos dias 21, 22 e 23 de setembro para o p\u00fablico de forma totalmente digital.<\/p>\n<p>&nbsp;<\/p>\n<p>\u201c\u00c9 com grande satisfa\u00e7\u00e3o que destacamos nossos grandes diferenciais da linha Sprinter neste evento t\u00e3o relevante para os setores de mobilidade do Pa\u00eds e da Am\u00e9rica Latina. Continuaremos buscando solu\u00e7\u00f5es inovadoras para atender a todas as necessidades dos clientes\u201d ressalta o presidente e CEO Mercedes-Benz Cars &amp; Vans Brasil, Jefferson Ferrarez.<\/p>\n<p>&nbsp;<\/p>\n<p>No stand virtual da Mercedes-Benz ser\u00e3o disponibilizados v\u00eddeos da linha de Vans de Passageiros, com destaque para a Sprinter 19+1, que tem como diferencial a entrada dos ocupantes pela porta dianteira, facilitando a acomoda\u00e7\u00e3o e permitindo que o embarque e desembarque seja realizado pelo pr\u00f3prio motorista.<\/p>\n<p>&nbsp;<\/p>\n<p>A linha Sprinter \u00e9 refer\u00eancia no segmento de Vans de Passageiros com atua\u00e7\u00e3o em diversos setores como fretamento, turismo, transporte VIP, traslados e escolar.<\/p>\n<p>&nbsp;<\/p>\n<p>A partir dos modelos 416 e 516 CDI, a marca oferece mais de 40 configura\u00e7\u00f5es poss\u00edveis de f\u00e1brica com op\u00e7\u00f5es de assentos para 9, 15, 17, 19 e 20 passageiros, mais o motorista, atendendo as mais diversas necessidades dos clientes.<\/p>\n<p>&nbsp;<\/p>\n<p>Al\u00e9m disso, a Mercedes-Benz disponibiliza o Furg\u00e3o Vidrado, que tem o mesmo acabamento das Vans de Passageiros, por\u00e9m sem bancos.<\/p>\n<p>&nbsp;<\/p>\n<p>S\u00e3o tr\u00eas vers\u00f5es de capacidades volum\u00e9tricas (10,5, 14 e 15,5 m\u00b3), dando mais flexibilidade ao layout interno para transforma\u00e7\u00e3o em variadas solu\u00e7\u00f5es para transporte de pessoas e para ve\u00edculos dedicados inclusive \u00e0 acessibilidade.<\/p>\n<p>&nbsp;<\/p>\n<p>O modelo Sprinter \u00e9 destaque no quesito conforto com dire\u00e7\u00e3o el\u00e9trica de s\u00e9rie, entrada para carregador de smartphone em todas as fileiras de assentos e keyless start, partida do ve\u00edculo acionada por uma tecla.<\/p>\n<p>&nbsp;<\/p>\n<p>O MBUX, sistema multim\u00eddia exclusivo da Mercedes-Benz, \u00e9 outro diferencial da marca que possibilita o espelhamento de aplicativos de navega\u00e7\u00e3o do celular no monitor de 7 polegadas.<\/p>\n<p>&nbsp;<\/p>\n<p>O equipamento est\u00e1 dispon\u00edvel nos pacotes Hi-Tech, que inclui tamb\u00e9m piloto autom\u00e1tico e volante multifuncional que permite o controle de funcionalidades de som, atendimento de liga\u00e7\u00f5es e controle de configura\u00e7\u00f5es de seguran\u00e7a do ve\u00edculo.<\/p>\n<p>&nbsp;<\/p>\n<p>Em rela\u00e7\u00e3o \u00e0 seguran\u00e7a, desde que chegou ao mercado, a linha Sprinter sempre se destacou pelo pioneirismo e inova\u00e7\u00e3o tecnol\u00f3gica, tendo todos os itens de seguran\u00e7a de s\u00e9rie.<\/p>\n<p>&nbsp;<\/p>\n<p>O ve\u00edculo possui tecnologias exclusivas da marca como o ESP Adaptativo 9I\u00ae, o mais completo da categoria, que oferece maior estabilidade para diminuir as chances de poss\u00edveis tombamentos do ve\u00edculo.<\/p>\n<p>&nbsp;<\/p>\n<p>Al\u00e9m do Assistente Ativo de Frenagem (ABA), que detecta obst\u00e1culos a frente, alerta o motorista e at\u00e9 inicia a frenagem de forma aut\u00f4noma, caso o motorista n\u00e3o atue.<\/p>\n<p>&nbsp;<\/p>\n<p>H\u00e1 ainda o Assistente de Vento Lateral, o Assistente de Fadiga e o Assistente de Partida em Rampa, entre outros itens relacionados \u00e0 seguran\u00e7a ativa.<\/p>\n<p>&nbsp;<\/p>\n<p>Toda essa tecnologia funciona com o prop\u00f3sito de conter significativamente situa\u00e7\u00f5es de risco e acidentes.<\/p>\n<p>&nbsp;<\/p>\n<p>Entretanto, em caso de ocorr\u00eancias, a linha Sprinter tamb\u00e9m oferece itens de seguran\u00e7a passiva como airbag duplo, al\u00e9m da estrutura do ve\u00edculo ser projetada para sofrer poss\u00edveis deforma\u00e7\u00f5es, gerando menos impacto em seus ocupantes para preservar a vida de todos.<\/p>\n<p>&nbsp;<\/p>\n<p>O design da Sprinter \u00e9 outro diferencial, pois segue a moderna linha de produtos globais da Mercedes-Benz e conta com seis op\u00e7\u00f5es de cores, sendo duas s\u00f3lidas e quatro met\u00e1licas, al\u00e9m de rodas de liga leve que ampliam a atratividade do ve\u00edculo.<\/p>\n<p>&nbsp;<\/p>\n<p>Al\u00e9m dos destaques de produto, a marca oferece uma ampla rede de concession\u00e1rios com mais de 170 pontos de atendimento em todo o Brasil, diversos servi\u00e7os, utilizando-se de pe\u00e7as genu\u00ednas e m\u00e3o de obra especializada.<\/p>\n<p>&nbsp;<\/p>\n<p>No programa Mercedes-Benz ServiceCare s\u00e3o ofertados: o Plano Manuten\u00e7\u00e3o que cobre todos os servi\u00e7os preventivos recomendados no manual do ve\u00edculo e o Plano Completo, que contempla as revis\u00f5es preventivas e tamb\u00e9m as manuten\u00e7\u00f5es corretivas.<\/p>\n<p>&nbsp;<\/p>\n<p>Sem contar com a Garantia Adicional, que oferece at\u00e9 dois anos de cobertura, fora os 12 meses da garantia j\u00e1 disponibilizada pela f\u00e1brica.<\/p>\n<p>&nbsp;<\/p>\n<p>Outro servi\u00e7o exclusivo da marca \u00e9 o Vans Connect, plataforma de conectividade para gest\u00e3o avan\u00e7ada de frota e monitoramento log\u00edstico.<\/p>\n<p>&nbsp;<\/p>\n<p>Todas os detalhes das solu\u00e7\u00f5es da Mercedes-Benz Vans para a mobilidade urbana podem ser conferidos no evento Lat.Bus Transp\u00fablico 2021 por meio do cadastro no site: <a href=\"https:\/\/amppexperience.com.br\/lat-bus-2021\/\" target=\"_blank\" rel=\"noopener noreferrer\">https:\/\/amppexperience.com.br\/lat-bus-2021\/<\/a><\/p>\n<p>&nbsp;<\/p>\n<p>A coletiva de imprensa gravada est\u00e1 dispon\u00edvel no link: <a href=\"https:\/\/we.tl\/t-0DqUVRk4IU\" target=\"_blank\" rel=\"noopener noreferrer\">https:\/\/we.tl\/t-0DqUVRk4IU<\/a><\/p>\n<p>&nbsp;<\/p>\n<p>Lideran\u00e7a de vendas no segmento de Large Vans e Vans de Passageiros \u2013 A Mercedes-Benz Vans mant\u00e9m a lideran\u00e7a no segmento de Large Vans (3,5 a 5 toneladas) no Brasil desde 2017 com 6.301 emplacamentos no acumulado do ano de 2021, incluindo Vans, Furg\u00f5es e Sprinter Truck. Esse resultado representa 33,1% de participa\u00e7\u00e3o de mercado nos oito primeiros meses deste ano.<\/p>\n<p>&nbsp;<\/p>\n<p>A marca tamb\u00e9m continua l\u00edder no segmento de Vans, com 2.366 ve\u00edculos vendidos e 61,3% de market share at\u00e9 o fechamento de agosto de 2021.<\/p>\n<p>&nbsp;<\/p>\n<p>A linha Sprinter oferece o maior portf\u00f3lio da categoria com mais de 100 configura\u00e7\u00f5es poss\u00edveis para contemplar as diferentes demandas dos clientes.<\/p>\n<p>&nbsp;<\/p>\n<p>O produto combina conforto e seguran\u00e7a com tecnologia, robustez e versatilidade, incluindo Vans de Passageiros, Furg\u00f5es e o Sprinter Truck, que se adapta facilmente a diversas op\u00e7\u00f5es de implementos como carga seca, ba\u00fa, refrigerado, motorhome e foodtruck. (Mec\u00e2nica Online)<\/p>\n","protected":false},"excerpt":{"rendered":"<p>Mec\u00e2nica Online &nbsp; A Mercedes-Benz Vans evidencia os diferenciais da marca em termos de produtos e servi\u00e7os na coletiva de imprensa virtual da Lat.Bus Transp\u00fablico 2021, maior feira de mobilidade urbana da Am\u00e9rica Latina, realizada hoje (20). &nbsp; Organizado pela NTU (Associa\u00e7\u00e3o Nacional das Empresas de Transportes Urbanos) e pela OTM Editora, o evento ser\u00e1\u2026 <a class=\"readmore\" href=\"https:\/\/dana.com.br\/canaldana\/2021\/09\/22\/mercedes-benz-sprinter-oferece-solucoes-de-mobilidade-e-tecnologia-na-lat-bus-2021\/\">Leia mais \u00bb<\/a><\/p>\n","protected":false},"author":3,"featured_media":0,"comment_status":"closed","ping_status":"closed","sticky":false,"template":"","format":"standard","meta":{"_acf_changed":false,"footnotes":""},"categories":[82],"tags":[],"class_list":["post-53076","post","type-post","status-publish","format-standard","hentry","category-eventos"],"acf":[],"yoast_head":"<!-- This site is optimized with the Yoast SEO plugin v27.3 - https:\/\/yoast.com\/product\/yoast-seo-wordpress\/ -->\n<title>Mercedes-Benz Sprinter oferece solu\u00e7\u00f5es de mobilidade e tecnologia na Lat.Bus 2021 - Canal Dana<\/title>\n<meta name=\"robots\" content=\"index, follow, max-snippet:-1, max-image-preview:large, max-video-preview:-1\" \/>\n<link rel=\"canonical\" href=\"https:\/\/dana.com.br\/canaldana\/2021\/09\/22\/mercedes-benz-sprinter-oferece-solucoes-de-mobilidade-e-tecnologia-na-lat-bus-2021\/\" \/>\n<meta property=\"og:locale\" content=\"pt_BR\" \/>\n<meta property=\"og:type\" content=\"article\" \/>\n<meta property=\"og:title\" content=\"Mercedes-Benz Sprinter oferece solu\u00e7\u00f5es de mobilidade e tecnologia na Lat.Bus 2021 - Canal Dana\" \/>\n<meta property=\"og:description\" content=\"Mec\u00e2nica Online &nbsp; A Mercedes-Benz Vans evidencia os diferenciais da marca em termos de produtos e servi\u00e7os na coletiva de imprensa virtual da Lat.Bus Transp\u00fablico 2021, maior feira de mobilidade urbana da Am\u00e9rica Latina, realizada hoje (20). &nbsp; Organizado pela NTU (Associa\u00e7\u00e3o Nacional das Empresas de Transportes Urbanos) e pela OTM Editora, o evento ser\u00e1\u2026 Leia mais \u00bb\" \/>\n<meta property=\"og:url\" content=\"https:\/\/dana.com.br\/canaldana\/2021\/09\/22\/mercedes-benz-sprinter-oferece-solucoes-de-mobilidade-e-tecnologia-na-lat-bus-2021\/\" \/>\n<meta property=\"og:site_name\" content=\"Canal Dana\" \/>\n<meta property=\"article:published_time\" content=\"2021-09-22T12:05:47+00:00\" \/>\n<meta name=\"author\" content=\"Canal Dana\" \/>\n<meta name=\"twitter:card\" content=\"summary_large_image\" \/>\n<meta name=\"twitter:label1\" content=\"Escrito por\" \/>\n\t<meta name=\"twitter:data1\" content=\"Canal Dana\" \/>\n\t<meta name=\"twitter:label2\" content=\"Est. tempo de leitura\" \/>\n\t<meta name=\"twitter:data2\" content=\"5 minutos\" \/>\n<script type=\"application\/ld+json\" class=\"yoast-schema-graph\">{\"@context\":\"https:\\\/\\\/schema.org\",\"@graph\":[{\"@type\":\"Article\",\"@id\":\"https:\\\/\\\/dana.com.br\\\/canaldana\\\/2021\\\/09\\\/22\\\/mercedes-benz-sprinter-oferece-solucoes-de-mobilidade-e-tecnologia-na-lat-bus-2021\\\/#article\",\"isPartOf\":{\"@id\":\"https:\\\/\\\/dana.com.br\\\/canaldana\\\/2021\\\/09\\\/22\\\/mercedes-benz-sprinter-oferece-solucoes-de-mobilidade-e-tecnologia-na-lat-bus-2021\\\/\"},\"author\":{\"name\":\"Canal Dana\",\"@id\":\"https:\\\/\\\/dana.com.br\\\/canaldana\\\/#\\\/schema\\\/person\\\/3c21f22f56fcf3bc46b94bc60ea4fef6\"},\"headline\":\"Mercedes-Benz Sprinter oferece solu\u00e7\u00f5es de mobilidade e tecnologia na Lat.Bus 2021\",\"datePublished\":\"2021-09-22T12:05:47+00:00\",\"mainEntityOfPage\":{\"@id\":\"https:\\\/\\\/dana.com.br\\\/canaldana\\\/2021\\\/09\\\/22\\\/mercedes-benz-sprinter-oferece-solucoes-de-mobilidade-e-tecnologia-na-lat-bus-2021\\\/\"},\"wordCount\":1000,\"articleSection\":[\"Eventos\"],\"inLanguage\":\"pt-BR\"},{\"@type\":\"WebPage\",\"@id\":\"https:\\\/\\\/dana.com.br\\\/canaldana\\\/2021\\\/09\\\/22\\\/mercedes-benz-sprinter-oferece-solucoes-de-mobilidade-e-tecnologia-na-lat-bus-2021\\\/\",\"url\":\"https:\\\/\\\/dana.com.br\\\/canaldana\\\/2021\\\/09\\\/22\\\/mercedes-benz-sprinter-oferece-solucoes-de-mobilidade-e-tecnologia-na-lat-bus-2021\\\/\",\"name\":\"Mercedes-Benz Sprinter oferece solu\u00e7\u00f5es de mobilidade e tecnologia na Lat.Bus 2021 - Canal Dana\",\"isPartOf\":{\"@id\":\"https:\\\/\\\/dana.com.br\\\/canaldana\\\/#website\"},\"datePublished\":\"2021-09-22T12:05:47+00:00\",\"author\":{\"@id\":\"https:\\\/\\\/dana.com.br\\\/canaldana\\\/#\\\/schema\\\/person\\\/3c21f22f56fcf3bc46b94bc60ea4fef6\"},\"breadcrumb\":{\"@id\":\"https:\\\/\\\/dana.com.br\\\/canaldana\\\/2021\\\/09\\\/22\\\/mercedes-benz-sprinter-oferece-solucoes-de-mobilidade-e-tecnologia-na-lat-bus-2021\\\/#breadcrumb\"},\"inLanguage\":\"pt-BR\",\"potentialAction\":[{\"@type\":\"ReadAction\",\"target\":[\"https:\\\/\\\/dana.com.br\\\/canaldana\\\/2021\\\/09\\\/22\\\/mercedes-benz-sprinter-oferece-solucoes-de-mobilidade-e-tecnologia-na-lat-bus-2021\\\/\"]}]},{\"@type\":\"BreadcrumbList\",\"@id\":\"https:\\\/\\\/dana.com.br\\\/canaldana\\\/2021\\\/09\\\/22\\\/mercedes-benz-sprinter-oferece-solucoes-de-mobilidade-e-tecnologia-na-lat-bus-2021\\\/#breadcrumb\",\"itemListElement\":[{\"@type\":\"ListItem\",\"position\":1,\"name\":\"Home\",\"item\":\"https:\\\/\\\/dana.com.br\\\/canaldana\\\/\"},{\"@type\":\"ListItem\",\"position\":2,\"name\":\"Eventos\",\"item\":\"https:\\\/\\\/dana.com.br\\\/canaldana\\\/eventos\\\/\"},{\"@type\":\"ListItem\",\"position\":3,\"name\":\"Mercedes-Benz Sprinter oferece solu\u00e7\u00f5es de mobilidade e tecnologia na Lat.Bus 2021\"}]},{\"@type\":\"WebSite\",\"@id\":\"https:\\\/\\\/dana.com.br\\\/canaldana\\\/#website\",\"url\":\"https:\\\/\\\/dana.com.br\\\/canaldana\\\/\",\"name\":\"Canal Dana\",\"description\":\"Informativo com as principais not\u00edcias da ind\u00fastria automotiva\",\"potentialAction\":[{\"@type\":\"SearchAction\",\"target\":{\"@type\":\"EntryPoint\",\"urlTemplate\":\"https:\\\/\\\/dana.com.br\\\/canaldana\\\/?s={search_term_string}\"},\"query-input\":{\"@type\":\"PropertyValueSpecification\",\"valueRequired\":true,\"valueName\":\"search_term_string\"}}],\"inLanguage\":\"pt-BR\"},{\"@type\":\"Person\",\"@id\":\"https:\\\/\\\/dana.com.br\\\/canaldana\\\/#\\\/schema\\\/person\\\/3c21f22f56fcf3bc46b94bc60ea4fef6\",\"name\":\"Canal Dana\",\"image\":{\"@type\":\"ImageObject\",\"inLanguage\":\"pt-BR\",\"@id\":\"https:\\\/\\\/secure.gravatar.com\\\/avatar\\\/420aaf9278582877d9018637c6817617705899d2858d7572ef0fe59a6b6454b4?s=96&d=mm&r=g\",\"url\":\"https:\\\/\\\/secure.gravatar.com\\\/avatar\\\/420aaf9278582877d9018637c6817617705899d2858d7572ef0fe59a6b6454b4?s=96&d=mm&r=g\",\"contentUrl\":\"https:\\\/\\\/secure.gravatar.com\\\/avatar\\\/420aaf9278582877d9018637c6817617705899d2858d7572ef0fe59a6b6454b4?s=96&d=mm&r=g\",\"caption\":\"Canal Dana\"},\"url\":\"https:\\\/\\\/dana.com.br\\\/canaldana\\\/author\\\/cdeditor\\\/\"}]}<\/script>\n<!-- \/ Yoast SEO plugin. -->","yoast_head_json":{"title":"Mercedes-Benz Sprinter oferece solu\u00e7\u00f5es de mobilidade e tecnologia na Lat.Bus 2021 - Canal Dana","robots":{"index":"index","follow":"follow","max-snippet":"max-snippet:-1","max-image-preview":"max-image-preview:large","max-video-preview":"max-video-preview:-1"},"canonical":"https:\/\/dana.com.br\/canaldana\/2021\/09\/22\/mercedes-benz-sprinter-oferece-solucoes-de-mobilidade-e-tecnologia-na-lat-bus-2021\/","og_locale":"pt_BR","og_type":"article","og_title":"Mercedes-Benz Sprinter oferece solu\u00e7\u00f5es de mobilidade e tecnologia na Lat.Bus 2021 - Canal Dana","og_description":"Mec\u00e2nica Online &nbsp; A Mercedes-Benz Vans evidencia os diferenciais da marca em termos de produtos e servi\u00e7os na coletiva de imprensa virtual da Lat.Bus Transp\u00fablico 2021, maior feira de mobilidade urbana da Am\u00e9rica Latina, realizada hoje (20). &nbsp; Organizado pela NTU (Associa\u00e7\u00e3o Nacional das Empresas de Transportes Urbanos) e pela OTM Editora, o evento ser\u00e1\u2026 Leia mais \u00bb","og_url":"https:\/\/dana.com.br\/canaldana\/2021\/09\/22\/mercedes-benz-sprinter-oferece-solucoes-de-mobilidade-e-tecnologia-na-lat-bus-2021\/","og_site_name":"Canal Dana","article_published_time":"2021-09-22T12:05:47+00:00","author":"Canal Dana","twitter_card":"summary_large_image","twitter_misc":{"Escrito por":"Canal Dana","Est. tempo de leitura":"5 minutos"},"schema":{"@context":"https:\/\/schema.org","@graph":[{"@type":"Article","@id":"https:\/\/dana.com.br\/canaldana\/2021\/09\/22\/mercedes-benz-sprinter-oferece-solucoes-de-mobilidade-e-tecnologia-na-lat-bus-2021\/#article","isPartOf":{"@id":"https:\/\/dana.com.br\/canaldana\/2021\/09\/22\/mercedes-benz-sprinter-oferece-solucoes-de-mobilidade-e-tecnologia-na-lat-bus-2021\/"},"author":{"name":"Canal Dana","@id":"https:\/\/dana.com.br\/canaldana\/#\/schema\/person\/3c21f22f56fcf3bc46b94bc60ea4fef6"},"headline":"Mercedes-Benz Sprinter oferece solu\u00e7\u00f5es de mobilidade e tecnologia na Lat.Bus 2021","datePublished":"2021-09-22T12:05:47+00:00","mainEntityOfPage":{"@id":"https:\/\/dana.com.br\/canaldana\/2021\/09\/22\/mercedes-benz-sprinter-oferece-solucoes-de-mobilidade-e-tecnologia-na-lat-bus-2021\/"},"wordCount":1000,"articleSection":["Eventos"],"inLanguage":"pt-BR"},{"@type":"WebPage","@id":"https:\/\/dana.com.br\/canaldana\/2021\/09\/22\/mercedes-benz-sprinter-oferece-solucoes-de-mobilidade-e-tecnologia-na-lat-bus-2021\/","url":"https:\/\/dana.com.br\/canaldana\/2021\/09\/22\/mercedes-benz-sprinter-oferece-solucoes-de-mobilidade-e-tecnologia-na-lat-bus-2021\/","name":"Mercedes-Benz Sprinter oferece solu\u00e7\u00f5es de mobilidade e tecnologia na Lat.Bus 2021 - Canal Dana","isPartOf":{"@id":"https:\/\/dana.com.br\/canaldana\/#website"},"datePublished":"2021-09-22T12:05:47+00:00","author":{"@id":"https:\/\/dana.com.br\/canaldana\/#\/schema\/person\/3c21f22f56fcf3bc46b94bc60ea4fef6"},"breadcrumb":{"@id":"https:\/\/dana.com.br\/canaldana\/2021\/09\/22\/mercedes-benz-sprinter-oferece-solucoes-de-mobilidade-e-tecnologia-na-lat-bus-2021\/#breadcrumb"},"inLanguage":"pt-BR","potentialAction":[{"@type":"ReadAction","target":["https:\/\/dana.com.br\/canaldana\/2021\/09\/22\/mercedes-benz-sprinter-oferece-solucoes-de-mobilidade-e-tecnologia-na-lat-bus-2021\/"]}]},{"@type":"BreadcrumbList","@id":"https:\/\/dana.com.br\/canaldana\/2021\/09\/22\/mercedes-benz-sprinter-oferece-solucoes-de-mobilidade-e-tecnologia-na-lat-bus-2021\/#breadcrumb","itemListElement":[{"@type":"ListItem","position":1,"name":"Home","item":"https:\/\/dana.com.br\/canaldana\/"},{"@type":"ListItem","position":2,"name":"Eventos","item":"https:\/\/dana.com.br\/canaldana\/eventos\/"},{"@type":"ListItem","position":3,"name":"Mercedes-Benz Sprinter oferece solu\u00e7\u00f5es de mobilidade e tecnologia na Lat.Bus 2021"}]},{"@type":"WebSite","@id":"https:\/\/dana.com.br\/canaldana\/#website","url":"https:\/\/dana.com.br\/canaldana\/","name":"Canal Dana","description":"Informativo com as principais not\u00edcias da ind\u00fastria automotiva","potentialAction":[{"@type":"SearchAction","target":{"@type":"EntryPoint","urlTemplate":"https:\/\/dana.com.br\/canaldana\/?s={search_term_string}"},"query-input":{"@type":"PropertyValueSpecification","valueRequired":true,"valueName":"search_term_string"}}],"inLanguage":"pt-BR"},{"@type":"Person","@id":"https:\/\/dana.com.br\/canaldana\/#\/schema\/person\/3c21f22f56fcf3bc46b94bc60ea4fef6","name":"Canal Dana","image":{"@type":"ImageObject","inLanguage":"pt-BR","@id":"https:\/\/secure.gravatar.com\/avatar\/420aaf9278582877d9018637c6817617705899d2858d7572ef0fe59a6b6454b4?s=96&d=mm&r=g","url":"https:\/\/secure.gravatar.com\/avatar\/420aaf9278582877d9018637c6817617705899d2858d7572ef0fe59a6b6454b4?s=96&d=mm&r=g","contentUrl":"https:\/\/secure.gravatar.com\/avatar\/420aaf9278582877d9018637c6817617705899d2858d7572ef0fe59a6b6454b4?s=96&d=mm&r=g","caption":"Canal Dana"},"url":"https:\/\/dana.com.br\/canaldana\/author\/cdeditor\/"}]}},"_links":{"self":[{"href":"https:\/\/dana.com.br\/canaldana\/wp-json\/wp\/v2\/posts\/53076","targetHints":{"allow":["GET"]}}],"collection":[{"href":"https:\/\/dana.com.br\/canaldana\/wp-json\/wp\/v2\/posts"}],"about":[{"href":"https:\/\/dana.com.br\/canaldana\/wp-json\/wp\/v2\/types\/post"}],"author":[{"embeddable":true,"href":"https:\/\/dana.com.br\/canaldana\/wp-json\/wp\/v2\/users\/3"}],"replies":[{"embeddable":true,"href":"https:\/\/dana.com.br\/canaldana\/wp-json\/wp\/v2\/comments?post=53076"}],"version-history":[{"count":0,"href":"https:\/\/dana.com.br\/canaldana\/wp-json\/wp\/v2\/posts\/53076\/revisions"}],"wp:attachment":[{"href":"https:\/\/dana.com.br\/canaldana\/wp-json\/wp\/v2\/media?parent=53076"}],"wp:term":[{"taxonomy":"category","embeddable":true,"href":"https:\/\/dana.com.br\/canaldana\/wp-json\/wp\/v2\/categories?post=53076"},{"taxonomy":"post_tag","embeddable":true,"href":"https:\/\/dana.com.br\/canaldana\/wp-json\/wp\/v2\/tags?post=53076"}],"curies":[{"name":"wp","href":"https:\/\/api.w.org\/{rel}","templated":true}]}}