{"id":53040,"date":"2021-09-20T08:37:07","date_gmt":"2021-09-20T11:37:07","guid":{"rendered":"https:\/\/dana.com.br\/canaldana\/?p=53040"},"modified":"2021-09-20T08:37:07","modified_gmt":"2021-09-20T11:37:07","slug":"fala-de-pecas-atinge-um-terco-das-montadoras","status":"publish","type":"post","link":"https:\/\/dana.com.br\/canaldana\/2021\/09\/20\/fala-de-pecas-atinge-um-terco-das-montadoras\/","title":{"rendered":"Fala de pe\u00e7as atinge um ter\u00e7o das montadoras"},"content":{"rendered":"<p><em>O Estado de S. Paulo <\/em><\/p>\n<p>&nbsp;<\/p>\n<p>A crise de abastecimento, sobretudo de componentes eletr\u00f4nicos, segue sem dar tr\u00e9gua no setor automotivo, for\u00e7ando paradas que dificultam a recomposi\u00e7\u00e3o dos mais baixos estoques j\u00e1 registrados pela ind\u00fastria de ve\u00edculos. Das 21 f\u00e1bricas de autom\u00f3veis em opera\u00e7\u00e3o no Pa\u00eds,7 operam neste momento com linhas reduzidas ou t\u00eam paralisa\u00e7\u00f5es, geralmente de dez dias, previstas para acontecer at\u00e9 o m\u00eas que vem.<\/p>\n<p>&nbsp;<\/p>\n<p>Quase todas param por falta de componentes eletr\u00f4nicos, dada a escassez global de semicondutores respons\u00e1vel por tamb\u00e9m paralisar montadoras fora do Brasil. A exce\u00e7\u00e3o \u00e9 a Toyota, que vai parar a produ\u00e7\u00e3o do Corolla por dez dias em outubro \u2013 entre 13 e 22 do m\u00eas que vem \u2013 por conta do lockdown na Mal\u00e1sia. Pe\u00e7as do sistema de freio do sed\u00e3 v\u00eam do pa\u00eds, onde o avan\u00e7o da variante delta da covid-19 levou o governo a decretar quarentena nacional.<\/p>\n<p>&nbsp;<\/p>\n<p>Na Volkswagen, os modelos Gol e Voyage completam hoje a segunda semana seguida sem produ\u00e7\u00e3o na f\u00e1brica de Taubat\u00e9 (SP), unidade que vem tendo interrup\u00e7\u00f5es frequentes desde junho.<\/p>\n<p>&nbsp;<\/p>\n<p><strong>Suspens\u00e3o<\/strong><\/p>\n<p>&nbsp;<\/p>\n<p>Em outra f\u00e1brica, no ABC paulista, a Volkswagen j\u00e1 avisou ao sindicato dos metal\u00fargicos que pode suspender por dez dias a produ\u00e7\u00e3o dos modelos Polo, Virtus, Nivus e Saveiro. Se n\u00e3o houver estoque m\u00ednimo de pe\u00e7as at\u00e9 l\u00e1, a f\u00e1brica deve voltar a parar a partir de 27 de setembro.<\/p>\n<p>&nbsp;<\/p>\n<p>L\u00edder em vendas neste ano, a Fiat vem desde mar\u00e7o alternando f\u00e9rias a grupos de funcion\u00e1rios em Betim (MG). O \u00faltimo deles, reunindo 300 trabalhadores, entrou na quarta-feira em per\u00edodo de dez dias de f\u00e9rias. Tudo porque existe a necessidade de a montadora realizar o que considera ser um \u201cajuste fino\u201d da cadeia de produ\u00e7\u00e3o.<\/p>\n<p>&nbsp;<\/p>\n<p>Tamb\u00e9m na quarta-feira, a Hyundai voltou a suspender por dez dias o segundo turno da f\u00e1brica de Piracicaba (SP), de onde saem os modelos HB20 e Creta.<\/p>\n<p>&nbsp;<\/p>\n<p>Ontem, pararam a Honda em Itirapina, no interior de S\u00e3o Paulo, e a produ\u00e7\u00e3o de carros de passeio da Renault no Paran\u00e1. A f\u00e1brica da Honda, que produz os modelos Fit, HR-V e WR-V, volta na quarta-feira, e a Renault, na ter\u00e7a-feira. Isso, claro, se houver pe\u00e7as.<\/p>\n<p>&nbsp;<\/p>\n<p><strong>Retorno<\/strong><\/p>\n<p>&nbsp;<\/p>\n<p>Na Renault, a produ\u00e7\u00e3o de carros de modelos como Kwid, Logan e Sandero tinha voltado na semana passada, ap\u00f3s paralisa\u00e7\u00e3o que durou mais de um m\u00eas. No mesmo complexo industrial da marca francesa, a linha da picape Oroch est\u00e1 inativa h\u00e1 tr\u00eas semanas, com retorno apenas na quinta-feira da semana que vem.<\/p>\n<p>&nbsp;<\/p>\n<p>Por outro lado, a f\u00e1brica da General Motors (GM) que produz o Onix em Gravata\u00ed (RS) est\u00e1 gradualmente retomando as atividades ap\u00f3s cinco meses parada. Segundo informa\u00e7\u00e3o do sindicato local, n\u00e3o comentada pela montadora, o carro mais popular do Pa\u00eds deve voltar a ser fabricado em dois turnos a partir de 4 de outubro. O turno da manh\u00e3 voltou a funcionar h\u00e1 um m\u00eas no local.<\/p>\n<p>&nbsp;<\/p>\n<p>A crise dos semicondutores est\u00e1 impactando diretamente os resultados do setor no Pa\u00eds em 2021. Embora haja demanda para os carros, a produ\u00e7\u00e3o de ve\u00edculos teve uma queda de 21,9% em agosto, na compara\u00e7\u00e3o com o mesmo per\u00edodo de 2020. O total de 164 mil unidades foi o pior resultado para o m\u00eas dos \u00faltimos 18 anos. No ano, o setor acumula uma alta na produ\u00e7\u00e3o de 33% em rela\u00e7\u00e3o a 2020, o per\u00edodo mais agudo do fechamento da economia. (O Estado de S. Paulo\/Eduardo Laguna)<\/p>\n","protected":false},"excerpt":{"rendered":"<p>O Estado de S. Paulo &nbsp; A crise de abastecimento, sobretudo de componentes eletr\u00f4nicos, segue sem dar tr\u00e9gua no setor automotivo, for\u00e7ando paradas que dificultam a recomposi\u00e7\u00e3o dos mais baixos estoques j\u00e1 registrados pela ind\u00fastria de ve\u00edculos. Das 21 f\u00e1bricas de autom\u00f3veis em opera\u00e7\u00e3o no Pa\u00eds,7 operam neste momento com linhas reduzidas ou t\u00eam paralisa\u00e7\u00f5es,\u2026 <a class=\"readmore\" href=\"https:\/\/dana.com.br\/canaldana\/2021\/09\/20\/fala-de-pecas-atinge-um-terco-das-montadoras\/\">Leia mais \u00bb<\/a><\/p>\n","protected":false},"author":3,"featured_media":0,"comment_status":"closed","ping_status":"closed","sticky":false,"template":"","format":"standard","meta":{"_acf_changed":false,"footnotes":""},"categories":[61],"tags":[],"class_list":["post-53040","post","type-post","status-publish","format-standard","hentry","category-destaques"],"acf":[],"yoast_head":"<!-- This site is optimized with the Yoast SEO plugin v27.3 - https:\/\/yoast.com\/product\/yoast-seo-wordpress\/ -->\n<title>Fala de pe\u00e7as atinge um ter\u00e7o das montadoras - Canal Dana<\/title>\n<meta name=\"robots\" content=\"index, follow, max-snippet:-1, max-image-preview:large, max-video-preview:-1\" \/>\n<link rel=\"canonical\" href=\"https:\/\/dana.com.br\/canaldana\/2021\/09\/20\/fala-de-pecas-atinge-um-terco-das-montadoras\/\" \/>\n<meta property=\"og:locale\" content=\"pt_BR\" \/>\n<meta property=\"og:type\" content=\"article\" \/>\n<meta property=\"og:title\" content=\"Fala de pe\u00e7as atinge um ter\u00e7o das montadoras - Canal Dana\" \/>\n<meta property=\"og:description\" content=\"O Estado de S. Paulo &nbsp; A crise de abastecimento, sobretudo de componentes eletr\u00f4nicos, segue sem dar tr\u00e9gua no setor automotivo, for\u00e7ando paradas que dificultam a recomposi\u00e7\u00e3o dos mais baixos estoques j\u00e1 registrados pela ind\u00fastria de ve\u00edculos. Das 21 f\u00e1bricas de autom\u00f3veis em opera\u00e7\u00e3o no Pa\u00eds,7 operam neste momento com linhas reduzidas ou t\u00eam paralisa\u00e7\u00f5es,\u2026 Leia mais \u00bb\" \/>\n<meta property=\"og:url\" content=\"https:\/\/dana.com.br\/canaldana\/2021\/09\/20\/fala-de-pecas-atinge-um-terco-das-montadoras\/\" \/>\n<meta property=\"og:site_name\" content=\"Canal Dana\" \/>\n<meta property=\"article:published_time\" content=\"2021-09-20T11:37:07+00:00\" \/>\n<meta name=\"author\" content=\"Canal Dana\" \/>\n<meta name=\"twitter:card\" content=\"summary_large_image\" \/>\n<meta name=\"twitter:label1\" content=\"Escrito por\" \/>\n\t<meta name=\"twitter:data1\" content=\"Canal Dana\" \/>\n\t<meta name=\"twitter:label2\" content=\"Est. tempo de leitura\" \/>\n\t<meta name=\"twitter:data2\" content=\"3 minutos\" \/>\n<script type=\"application\/ld+json\" class=\"yoast-schema-graph\">{\"@context\":\"https:\\\/\\\/schema.org\",\"@graph\":[{\"@type\":\"Article\",\"@id\":\"https:\\\/\\\/dana.com.br\\\/canaldana\\\/2021\\\/09\\\/20\\\/fala-de-pecas-atinge-um-terco-das-montadoras\\\/#article\",\"isPartOf\":{\"@id\":\"https:\\\/\\\/dana.com.br\\\/canaldana\\\/2021\\\/09\\\/20\\\/fala-de-pecas-atinge-um-terco-das-montadoras\\\/\"},\"author\":{\"name\":\"Canal Dana\",\"@id\":\"https:\\\/\\\/dana.com.br\\\/canaldana\\\/#\\\/schema\\\/person\\\/3c21f22f56fcf3bc46b94bc60ea4fef6\"},\"headline\":\"Fala de pe\u00e7as atinge um ter\u00e7o das montadoras\",\"datePublished\":\"2021-09-20T11:37:07+00:00\",\"mainEntityOfPage\":{\"@id\":\"https:\\\/\\\/dana.com.br\\\/canaldana\\\/2021\\\/09\\\/20\\\/fala-de-pecas-atinge-um-terco-das-montadoras\\\/\"},\"wordCount\":635,\"articleSection\":[\"Destaques\"],\"inLanguage\":\"pt-BR\"},{\"@type\":\"WebPage\",\"@id\":\"https:\\\/\\\/dana.com.br\\\/canaldana\\\/2021\\\/09\\\/20\\\/fala-de-pecas-atinge-um-terco-das-montadoras\\\/\",\"url\":\"https:\\\/\\\/dana.com.br\\\/canaldana\\\/2021\\\/09\\\/20\\\/fala-de-pecas-atinge-um-terco-das-montadoras\\\/\",\"name\":\"Fala de pe\u00e7as atinge um ter\u00e7o das montadoras - Canal Dana\",\"isPartOf\":{\"@id\":\"https:\\\/\\\/dana.com.br\\\/canaldana\\\/#website\"},\"datePublished\":\"2021-09-20T11:37:07+00:00\",\"author\":{\"@id\":\"https:\\\/\\\/dana.com.br\\\/canaldana\\\/#\\\/schema\\\/person\\\/3c21f22f56fcf3bc46b94bc60ea4fef6\"},\"breadcrumb\":{\"@id\":\"https:\\\/\\\/dana.com.br\\\/canaldana\\\/2021\\\/09\\\/20\\\/fala-de-pecas-atinge-um-terco-das-montadoras\\\/#breadcrumb\"},\"inLanguage\":\"pt-BR\",\"potentialAction\":[{\"@type\":\"ReadAction\",\"target\":[\"https:\\\/\\\/dana.com.br\\\/canaldana\\\/2021\\\/09\\\/20\\\/fala-de-pecas-atinge-um-terco-das-montadoras\\\/\"]}]},{\"@type\":\"BreadcrumbList\",\"@id\":\"https:\\\/\\\/dana.com.br\\\/canaldana\\\/2021\\\/09\\\/20\\\/fala-de-pecas-atinge-um-terco-das-montadoras\\\/#breadcrumb\",\"itemListElement\":[{\"@type\":\"ListItem\",\"position\":1,\"name\":\"Home\",\"item\":\"https:\\\/\\\/dana.com.br\\\/canaldana\\\/\"},{\"@type\":\"ListItem\",\"position\":2,\"name\":\"Destaques\",\"item\":\"https:\\\/\\\/dana.com.br\\\/canaldana\\\/destaques\\\/\"},{\"@type\":\"ListItem\",\"position\":3,\"name\":\"Fala de pe\u00e7as atinge um ter\u00e7o das montadoras\"}]},{\"@type\":\"WebSite\",\"@id\":\"https:\\\/\\\/dana.com.br\\\/canaldana\\\/#website\",\"url\":\"https:\\\/\\\/dana.com.br\\\/canaldana\\\/\",\"name\":\"Canal Dana\",\"description\":\"Informativo com as principais not\u00edcias da ind\u00fastria automotiva\",\"potentialAction\":[{\"@type\":\"SearchAction\",\"target\":{\"@type\":\"EntryPoint\",\"urlTemplate\":\"https:\\\/\\\/dana.com.br\\\/canaldana\\\/?s={search_term_string}\"},\"query-input\":{\"@type\":\"PropertyValueSpecification\",\"valueRequired\":true,\"valueName\":\"search_term_string\"}}],\"inLanguage\":\"pt-BR\"},{\"@type\":\"Person\",\"@id\":\"https:\\\/\\\/dana.com.br\\\/canaldana\\\/#\\\/schema\\\/person\\\/3c21f22f56fcf3bc46b94bc60ea4fef6\",\"name\":\"Canal Dana\",\"image\":{\"@type\":\"ImageObject\",\"inLanguage\":\"pt-BR\",\"@id\":\"https:\\\/\\\/secure.gravatar.com\\\/avatar\\\/420aaf9278582877d9018637c6817617705899d2858d7572ef0fe59a6b6454b4?s=96&d=mm&r=g\",\"url\":\"https:\\\/\\\/secure.gravatar.com\\\/avatar\\\/420aaf9278582877d9018637c6817617705899d2858d7572ef0fe59a6b6454b4?s=96&d=mm&r=g\",\"contentUrl\":\"https:\\\/\\\/secure.gravatar.com\\\/avatar\\\/420aaf9278582877d9018637c6817617705899d2858d7572ef0fe59a6b6454b4?s=96&d=mm&r=g\",\"caption\":\"Canal Dana\"},\"url\":\"https:\\\/\\\/dana.com.br\\\/canaldana\\\/author\\\/cdeditor\\\/\"}]}<\/script>\n<!-- \/ Yoast SEO plugin. -->","yoast_head_json":{"title":"Fala de pe\u00e7as atinge um ter\u00e7o das montadoras - Canal Dana","robots":{"index":"index","follow":"follow","max-snippet":"max-snippet:-1","max-image-preview":"max-image-preview:large","max-video-preview":"max-video-preview:-1"},"canonical":"https:\/\/dana.com.br\/canaldana\/2021\/09\/20\/fala-de-pecas-atinge-um-terco-das-montadoras\/","og_locale":"pt_BR","og_type":"article","og_title":"Fala de pe\u00e7as atinge um ter\u00e7o das montadoras - Canal Dana","og_description":"O Estado de S. Paulo &nbsp; A crise de abastecimento, sobretudo de componentes eletr\u00f4nicos, segue sem dar tr\u00e9gua no setor automotivo, for\u00e7ando paradas que dificultam a recomposi\u00e7\u00e3o dos mais baixos estoques j\u00e1 registrados pela ind\u00fastria de ve\u00edculos. Das 21 f\u00e1bricas de autom\u00f3veis em opera\u00e7\u00e3o no Pa\u00eds,7 operam neste momento com linhas reduzidas ou t\u00eam paralisa\u00e7\u00f5es,\u2026 Leia mais \u00bb","og_url":"https:\/\/dana.com.br\/canaldana\/2021\/09\/20\/fala-de-pecas-atinge-um-terco-das-montadoras\/","og_site_name":"Canal Dana","article_published_time":"2021-09-20T11:37:07+00:00","author":"Canal Dana","twitter_card":"summary_large_image","twitter_misc":{"Escrito por":"Canal Dana","Est. tempo de leitura":"3 minutos"},"schema":{"@context":"https:\/\/schema.org","@graph":[{"@type":"Article","@id":"https:\/\/dana.com.br\/canaldana\/2021\/09\/20\/fala-de-pecas-atinge-um-terco-das-montadoras\/#article","isPartOf":{"@id":"https:\/\/dana.com.br\/canaldana\/2021\/09\/20\/fala-de-pecas-atinge-um-terco-das-montadoras\/"},"author":{"name":"Canal Dana","@id":"https:\/\/dana.com.br\/canaldana\/#\/schema\/person\/3c21f22f56fcf3bc46b94bc60ea4fef6"},"headline":"Fala de pe\u00e7as atinge um ter\u00e7o das montadoras","datePublished":"2021-09-20T11:37:07+00:00","mainEntityOfPage":{"@id":"https:\/\/dana.com.br\/canaldana\/2021\/09\/20\/fala-de-pecas-atinge-um-terco-das-montadoras\/"},"wordCount":635,"articleSection":["Destaques"],"inLanguage":"pt-BR"},{"@type":"WebPage","@id":"https:\/\/dana.com.br\/canaldana\/2021\/09\/20\/fala-de-pecas-atinge-um-terco-das-montadoras\/","url":"https:\/\/dana.com.br\/canaldana\/2021\/09\/20\/fala-de-pecas-atinge-um-terco-das-montadoras\/","name":"Fala de pe\u00e7as atinge um ter\u00e7o das montadoras - Canal Dana","isPartOf":{"@id":"https:\/\/dana.com.br\/canaldana\/#website"},"datePublished":"2021-09-20T11:37:07+00:00","author":{"@id":"https:\/\/dana.com.br\/canaldana\/#\/schema\/person\/3c21f22f56fcf3bc46b94bc60ea4fef6"},"breadcrumb":{"@id":"https:\/\/dana.com.br\/canaldana\/2021\/09\/20\/fala-de-pecas-atinge-um-terco-das-montadoras\/#breadcrumb"},"inLanguage":"pt-BR","potentialAction":[{"@type":"ReadAction","target":["https:\/\/dana.com.br\/canaldana\/2021\/09\/20\/fala-de-pecas-atinge-um-terco-das-montadoras\/"]}]},{"@type":"BreadcrumbList","@id":"https:\/\/dana.com.br\/canaldana\/2021\/09\/20\/fala-de-pecas-atinge-um-terco-das-montadoras\/#breadcrumb","itemListElement":[{"@type":"ListItem","position":1,"name":"Home","item":"https:\/\/dana.com.br\/canaldana\/"},{"@type":"ListItem","position":2,"name":"Destaques","item":"https:\/\/dana.com.br\/canaldana\/destaques\/"},{"@type":"ListItem","position":3,"name":"Fala de pe\u00e7as atinge um ter\u00e7o das montadoras"}]},{"@type":"WebSite","@id":"https:\/\/dana.com.br\/canaldana\/#website","url":"https:\/\/dana.com.br\/canaldana\/","name":"Canal Dana","description":"Informativo com as principais not\u00edcias da ind\u00fastria automotiva","potentialAction":[{"@type":"SearchAction","target":{"@type":"EntryPoint","urlTemplate":"https:\/\/dana.com.br\/canaldana\/?s={search_term_string}"},"query-input":{"@type":"PropertyValueSpecification","valueRequired":true,"valueName":"search_term_string"}}],"inLanguage":"pt-BR"},{"@type":"Person","@id":"https:\/\/dana.com.br\/canaldana\/#\/schema\/person\/3c21f22f56fcf3bc46b94bc60ea4fef6","name":"Canal Dana","image":{"@type":"ImageObject","inLanguage":"pt-BR","@id":"https:\/\/secure.gravatar.com\/avatar\/420aaf9278582877d9018637c6817617705899d2858d7572ef0fe59a6b6454b4?s=96&d=mm&r=g","url":"https:\/\/secure.gravatar.com\/avatar\/420aaf9278582877d9018637c6817617705899d2858d7572ef0fe59a6b6454b4?s=96&d=mm&r=g","contentUrl":"https:\/\/secure.gravatar.com\/avatar\/420aaf9278582877d9018637c6817617705899d2858d7572ef0fe59a6b6454b4?s=96&d=mm&r=g","caption":"Canal Dana"},"url":"https:\/\/dana.com.br\/canaldana\/author\/cdeditor\/"}]}},"_links":{"self":[{"href":"https:\/\/dana.com.br\/canaldana\/wp-json\/wp\/v2\/posts\/53040","targetHints":{"allow":["GET"]}}],"collection":[{"href":"https:\/\/dana.com.br\/canaldana\/wp-json\/wp\/v2\/posts"}],"about":[{"href":"https:\/\/dana.com.br\/canaldana\/wp-json\/wp\/v2\/types\/post"}],"author":[{"embeddable":true,"href":"https:\/\/dana.com.br\/canaldana\/wp-json\/wp\/v2\/users\/3"}],"replies":[{"embeddable":true,"href":"https:\/\/dana.com.br\/canaldana\/wp-json\/wp\/v2\/comments?post=53040"}],"version-history":[{"count":0,"href":"https:\/\/dana.com.br\/canaldana\/wp-json\/wp\/v2\/posts\/53040\/revisions"}],"wp:attachment":[{"href":"https:\/\/dana.com.br\/canaldana\/wp-json\/wp\/v2\/media?parent=53040"}],"wp:term":[{"taxonomy":"category","embeddable":true,"href":"https:\/\/dana.com.br\/canaldana\/wp-json\/wp\/v2\/categories?post=53040"},{"taxonomy":"post_tag","embeddable":true,"href":"https:\/\/dana.com.br\/canaldana\/wp-json\/wp\/v2\/tags?post=53040"}],"curies":[{"name":"wp","href":"https:\/\/api.w.org\/{rel}","templated":true}]}}