{"id":52996,"date":"2021-09-17T08:44:25","date_gmt":"2021-09-17T11:44:25","guid":{"rendered":"https:\/\/dana.com.br\/canaldana\/?p=52996"},"modified":"2021-09-17T08:44:25","modified_gmt":"2021-09-17T11:44:25","slug":"bmw-group-desenvolve-novo-processo-de-pintura-para-modelos-serie-1-e-2-em-sua-fabrica-de-leipzig-na-alemanha","status":"publish","type":"post","link":"https:\/\/dana.com.br\/canaldana\/2021\/09\/17\/bmw-group-desenvolve-novo-processo-de-pintura-para-modelos-serie-1-e-2-em-sua-fabrica-de-leipzig-na-alemanha\/","title":{"rendered":"BMW Group desenvolve novo processo de pintura para modelos S\u00e9rie 1 e 2 em sua f\u00e1brica de Leipzig, na Alemanha"},"content":{"rendered":"<p><em>CarPointNews<\/em><\/p>\n<p>&nbsp;<\/p>\n<p>\u201cCarros t\u00e3o coloridos quanto n\u00f3s\u201d \u00e9 o lema de uma iniciativa ligada a aumentar a consci\u00eancia da diversidade entre a equipe do BMW Group em Leipzig, Alemanha. Agora, o lema ganha um significado a mais, \u00e0 medida que o mundo automotivo em Leipzig d\u00e1 as boas-vindas a uma nova variedade de cores para a pintura a partir de um processo \u201cindividual\u201d. Os primeiros BMW S\u00e9rie 1 e BMW S\u00e9rie 2 Gran Coupe, para aqueles que preferem cores menos comuns, est\u00e3o saindo em tom brilhante nas cores Speed Yellow, San Marino Blue, Ermes Green e Nardo Grey. A linha de cores BMW Individual permite que o cliente personalize seu modelo com qualidade, precis\u00e3o, tecnologia e garantia de f\u00e1brica do BMW Group.<\/p>\n<p>&nbsp;<\/p>\n<p>O preto e o branco ainda est\u00e3o entre as cores mais populares para carros, mas os clientes est\u00e3o cada vez mais procurando uma pintura mais expressiva e \u201cindividual\u201d. Os concession\u00e1rios agora oferecem 160 op\u00e7\u00f5es de cores \u201cIndividuals\u201d para BMW S\u00e9rie 1 e BMW S\u00e9rie 2 Gran Coupe, e seguem agradando os clientes \u2013 acabamentos foscos e individuais s\u00e3o cobrados adicionalmente. Em Leipzig, os pedidos de ve\u00edculos com acabamentos \u201cindividual\u201d foram consider\u00e1veis, e a pr\u00f3xima grande encomenda \u00e9 de 180 ve\u00edculos BMW 118D nas cores Hockenheim Silver, Ruby Red e Sepia Violet para a BMW do Jap\u00e3o.<\/p>\n<p>&nbsp;<\/p>\n<p>O prazo de entrega para acabamentos especiais em uma cor \u201cindividual\u201d preferida \u00e9 de cerca de dez semanas na Europa. Para alguns mercados, os clientes podem at\u00e9 criar suas pr\u00f3prias cores, que ser\u00e3o especialmente misturadas e usadas exclusivamente em seus carros.<\/p>\n<p>&nbsp;<\/p>\n<p>Para que os acabamentos \u201cIndividual\u201d tamb\u00e9m possam ser aplicados a modelos de s\u00e9ries menores, o sistema existente foi atualizado para lidar com as tintas especiais. Al\u00e9m disso, foram integrados novos sistemas de abastecimento de tinta e uma nova \u00e1rea de mistura. O Setor de Pintura agora pode pintar cinco ve\u00edculos por dia em cores da gama \u201cindividual\u201d.<\/p>\n<p>&nbsp;<\/p>\n<p>A integra\u00e7\u00e3o das novas cores especiais significa servi\u00e7os adicionais e mais trabalho de supervis\u00e3o para a equipe do Setor de Pintura, em compara\u00e7\u00e3o com o que \u00e9 necess\u00e1rio para acabamentos padr\u00e3o. Alguns processos, como a aprova\u00e7\u00e3o final, n\u00e3o podem mais ser realizados por meios automatizados, e precisam ser feitos manualmente, gerando um aumento de equipe do setor para atender a demanda em quest\u00e3o. Para acabamentos foscos, o processo \u00e9 mais complexo, j\u00e1 que quaisquer defeitos n\u00e3o podem ser tratados da maneira convencional, com acabamentos de brilho. Em vez disso, cada carro com acabamento fosco leva 30 minutos para ser preparado. Existem atualmente duas op\u00e7\u00f5es de cor fosca: Frozen Black e Frozen Orange.<\/p>\n<p>&nbsp;<\/p>\n<p>Acabamentos \u201cindividual\u201d de pintura podem estar apenas come\u00e7ando na planta de Leipzig, mas os pedidos j\u00e1 est\u00e3o revelando alguns favoritos especiais: amarelos, azuis, vermelhos e tons violeta s\u00e3o especialmente populares no momento, trazendo um colorido n\u00e3o s\u00f3 para as ruas, mas tamb\u00e9m para o setor de pintura e a linha de produ\u00e7\u00e3o da planta de Leipzig. (CarPointNews)<\/p>\n","protected":false},"excerpt":{"rendered":"<p>CarPointNews &nbsp; \u201cCarros t\u00e3o coloridos quanto n\u00f3s\u201d \u00e9 o lema de uma iniciativa ligada a aumentar a consci\u00eancia da diversidade entre a equipe do BMW Group em Leipzig, Alemanha. Agora, o lema ganha um significado a mais, \u00e0 medida que o mundo automotivo em Leipzig d\u00e1 as boas-vindas a uma nova variedade de cores para\u2026 <a class=\"readmore\" href=\"https:\/\/dana.com.br\/canaldana\/2021\/09\/17\/bmw-group-desenvolve-novo-processo-de-pintura-para-modelos-serie-1-e-2-em-sua-fabrica-de-leipzig-na-alemanha\/\">Leia mais \u00bb<\/a><\/p>\n","protected":false},"author":3,"featured_media":0,"comment_status":"closed","ping_status":"closed","sticky":false,"template":"","format":"standard","meta":{"_acf_changed":false,"footnotes":""},"categories":[79],"tags":[],"class_list":["post-52996","post","type-post","status-publish","format-standard","hentry","category-mercado"],"acf":[],"yoast_head":"<!-- This site is optimized with the Yoast SEO plugin v27.3 - https:\/\/yoast.com\/product\/yoast-seo-wordpress\/ -->\n<title>BMW Group desenvolve novo processo de pintura para modelos S\u00e9rie 1 e 2 em sua f\u00e1brica de Leipzig, na Alemanha - Canal Dana<\/title>\n<meta name=\"robots\" content=\"index, follow, max-snippet:-1, max-image-preview:large, max-video-preview:-1\" \/>\n<link rel=\"canonical\" href=\"https:\/\/dana.com.br\/canaldana\/2021\/09\/17\/bmw-group-desenvolve-novo-processo-de-pintura-para-modelos-serie-1-e-2-em-sua-fabrica-de-leipzig-na-alemanha\/\" \/>\n<meta property=\"og:locale\" content=\"pt_BR\" \/>\n<meta property=\"og:type\" content=\"article\" \/>\n<meta property=\"og:title\" content=\"BMW Group desenvolve novo processo de pintura para modelos S\u00e9rie 1 e 2 em sua f\u00e1brica de Leipzig, na Alemanha - Canal Dana\" \/>\n<meta property=\"og:description\" content=\"CarPointNews &nbsp; \u201cCarros t\u00e3o coloridos quanto n\u00f3s\u201d \u00e9 o lema de uma iniciativa ligada a aumentar a consci\u00eancia da diversidade entre a equipe do BMW Group em Leipzig, Alemanha. Agora, o lema ganha um significado a mais, \u00e0 medida que o mundo automotivo em Leipzig d\u00e1 as boas-vindas a uma nova variedade de cores para\u2026 Leia mais \u00bb\" \/>\n<meta property=\"og:url\" content=\"https:\/\/dana.com.br\/canaldana\/2021\/09\/17\/bmw-group-desenvolve-novo-processo-de-pintura-para-modelos-serie-1-e-2-em-sua-fabrica-de-leipzig-na-alemanha\/\" \/>\n<meta property=\"og:site_name\" content=\"Canal Dana\" \/>\n<meta property=\"article:published_time\" content=\"2021-09-17T11:44:25+00:00\" \/>\n<meta name=\"author\" content=\"Canal Dana\" \/>\n<meta name=\"twitter:card\" content=\"summary_large_image\" \/>\n<meta name=\"twitter:label1\" content=\"Escrito por\" \/>\n\t<meta name=\"twitter:data1\" content=\"Canal Dana\" \/>\n\t<meta name=\"twitter:label2\" content=\"Est. tempo de leitura\" \/>\n\t<meta name=\"twitter:data2\" content=\"3 minutos\" \/>\n<script type=\"application\/ld+json\" class=\"yoast-schema-graph\">{\"@context\":\"https:\\\/\\\/schema.org\",\"@graph\":[{\"@type\":\"Article\",\"@id\":\"https:\\\/\\\/dana.com.br\\\/canaldana\\\/2021\\\/09\\\/17\\\/bmw-group-desenvolve-novo-processo-de-pintura-para-modelos-serie-1-e-2-em-sua-fabrica-de-leipzig-na-alemanha\\\/#article\",\"isPartOf\":{\"@id\":\"https:\\\/\\\/dana.com.br\\\/canaldana\\\/2021\\\/09\\\/17\\\/bmw-group-desenvolve-novo-processo-de-pintura-para-modelos-serie-1-e-2-em-sua-fabrica-de-leipzig-na-alemanha\\\/\"},\"author\":{\"name\":\"Canal Dana\",\"@id\":\"https:\\\/\\\/dana.com.br\\\/canaldana\\\/#\\\/schema\\\/person\\\/3c21f22f56fcf3bc46b94bc60ea4fef6\"},\"headline\":\"BMW Group desenvolve novo processo de pintura para modelos S\u00e9rie 1 e 2 em sua f\u00e1brica de Leipzig, na Alemanha\",\"datePublished\":\"2021-09-17T11:44:25+00:00\",\"mainEntityOfPage\":{\"@id\":\"https:\\\/\\\/dana.com.br\\\/canaldana\\\/2021\\\/09\\\/17\\\/bmw-group-desenvolve-novo-processo-de-pintura-para-modelos-serie-1-e-2-em-sua-fabrica-de-leipzig-na-alemanha\\\/\"},\"wordCount\":539,\"articleSection\":[\"Mercado\"],\"inLanguage\":\"pt-BR\"},{\"@type\":\"WebPage\",\"@id\":\"https:\\\/\\\/dana.com.br\\\/canaldana\\\/2021\\\/09\\\/17\\\/bmw-group-desenvolve-novo-processo-de-pintura-para-modelos-serie-1-e-2-em-sua-fabrica-de-leipzig-na-alemanha\\\/\",\"url\":\"https:\\\/\\\/dana.com.br\\\/canaldana\\\/2021\\\/09\\\/17\\\/bmw-group-desenvolve-novo-processo-de-pintura-para-modelos-serie-1-e-2-em-sua-fabrica-de-leipzig-na-alemanha\\\/\",\"name\":\"BMW Group desenvolve novo processo de pintura para modelos S\u00e9rie 1 e 2 em sua f\u00e1brica de Leipzig, na Alemanha - Canal Dana\",\"isPartOf\":{\"@id\":\"https:\\\/\\\/dana.com.br\\\/canaldana\\\/#website\"},\"datePublished\":\"2021-09-17T11:44:25+00:00\",\"author\":{\"@id\":\"https:\\\/\\\/dana.com.br\\\/canaldana\\\/#\\\/schema\\\/person\\\/3c21f22f56fcf3bc46b94bc60ea4fef6\"},\"breadcrumb\":{\"@id\":\"https:\\\/\\\/dana.com.br\\\/canaldana\\\/2021\\\/09\\\/17\\\/bmw-group-desenvolve-novo-processo-de-pintura-para-modelos-serie-1-e-2-em-sua-fabrica-de-leipzig-na-alemanha\\\/#breadcrumb\"},\"inLanguage\":\"pt-BR\",\"potentialAction\":[{\"@type\":\"ReadAction\",\"target\":[\"https:\\\/\\\/dana.com.br\\\/canaldana\\\/2021\\\/09\\\/17\\\/bmw-group-desenvolve-novo-processo-de-pintura-para-modelos-serie-1-e-2-em-sua-fabrica-de-leipzig-na-alemanha\\\/\"]}]},{\"@type\":\"BreadcrumbList\",\"@id\":\"https:\\\/\\\/dana.com.br\\\/canaldana\\\/2021\\\/09\\\/17\\\/bmw-group-desenvolve-novo-processo-de-pintura-para-modelos-serie-1-e-2-em-sua-fabrica-de-leipzig-na-alemanha\\\/#breadcrumb\",\"itemListElement\":[{\"@type\":\"ListItem\",\"position\":1,\"name\":\"Home\",\"item\":\"https:\\\/\\\/dana.com.br\\\/canaldana\\\/\"},{\"@type\":\"ListItem\",\"position\":2,\"name\":\"Mercado\",\"item\":\"https:\\\/\\\/dana.com.br\\\/canaldana\\\/mercado\\\/\"},{\"@type\":\"ListItem\",\"position\":3,\"name\":\"BMW Group desenvolve novo processo de pintura para modelos S\u00e9rie 1 e 2 em sua f\u00e1brica de Leipzig, na Alemanha\"}]},{\"@type\":\"WebSite\",\"@id\":\"https:\\\/\\\/dana.com.br\\\/canaldana\\\/#website\",\"url\":\"https:\\\/\\\/dana.com.br\\\/canaldana\\\/\",\"name\":\"Canal Dana\",\"description\":\"Informativo com as principais not\u00edcias da ind\u00fastria automotiva\",\"potentialAction\":[{\"@type\":\"SearchAction\",\"target\":{\"@type\":\"EntryPoint\",\"urlTemplate\":\"https:\\\/\\\/dana.com.br\\\/canaldana\\\/?s={search_term_string}\"},\"query-input\":{\"@type\":\"PropertyValueSpecification\",\"valueRequired\":true,\"valueName\":\"search_term_string\"}}],\"inLanguage\":\"pt-BR\"},{\"@type\":\"Person\",\"@id\":\"https:\\\/\\\/dana.com.br\\\/canaldana\\\/#\\\/schema\\\/person\\\/3c21f22f56fcf3bc46b94bc60ea4fef6\",\"name\":\"Canal Dana\",\"image\":{\"@type\":\"ImageObject\",\"inLanguage\":\"pt-BR\",\"@id\":\"https:\\\/\\\/secure.gravatar.com\\\/avatar\\\/420aaf9278582877d9018637c6817617705899d2858d7572ef0fe59a6b6454b4?s=96&d=mm&r=g\",\"url\":\"https:\\\/\\\/secure.gravatar.com\\\/avatar\\\/420aaf9278582877d9018637c6817617705899d2858d7572ef0fe59a6b6454b4?s=96&d=mm&r=g\",\"contentUrl\":\"https:\\\/\\\/secure.gravatar.com\\\/avatar\\\/420aaf9278582877d9018637c6817617705899d2858d7572ef0fe59a6b6454b4?s=96&d=mm&r=g\",\"caption\":\"Canal Dana\"},\"url\":\"https:\\\/\\\/dana.com.br\\\/canaldana\\\/author\\\/cdeditor\\\/\"}]}<\/script>\n<!-- \/ Yoast SEO plugin. -->","yoast_head_json":{"title":"BMW Group desenvolve novo processo de pintura para modelos S\u00e9rie 1 e 2 em sua f\u00e1brica de Leipzig, na Alemanha - Canal Dana","robots":{"index":"index","follow":"follow","max-snippet":"max-snippet:-1","max-image-preview":"max-image-preview:large","max-video-preview":"max-video-preview:-1"},"canonical":"https:\/\/dana.com.br\/canaldana\/2021\/09\/17\/bmw-group-desenvolve-novo-processo-de-pintura-para-modelos-serie-1-e-2-em-sua-fabrica-de-leipzig-na-alemanha\/","og_locale":"pt_BR","og_type":"article","og_title":"BMW Group desenvolve novo processo de pintura para modelos S\u00e9rie 1 e 2 em sua f\u00e1brica de Leipzig, na Alemanha - Canal Dana","og_description":"CarPointNews &nbsp; \u201cCarros t\u00e3o coloridos quanto n\u00f3s\u201d \u00e9 o lema de uma iniciativa ligada a aumentar a consci\u00eancia da diversidade entre a equipe do BMW Group em Leipzig, Alemanha. Agora, o lema ganha um significado a mais, \u00e0 medida que o mundo automotivo em Leipzig d\u00e1 as boas-vindas a uma nova variedade de cores para\u2026 Leia mais \u00bb","og_url":"https:\/\/dana.com.br\/canaldana\/2021\/09\/17\/bmw-group-desenvolve-novo-processo-de-pintura-para-modelos-serie-1-e-2-em-sua-fabrica-de-leipzig-na-alemanha\/","og_site_name":"Canal Dana","article_published_time":"2021-09-17T11:44:25+00:00","author":"Canal Dana","twitter_card":"summary_large_image","twitter_misc":{"Escrito por":"Canal Dana","Est. tempo de leitura":"3 minutos"},"schema":{"@context":"https:\/\/schema.org","@graph":[{"@type":"Article","@id":"https:\/\/dana.com.br\/canaldana\/2021\/09\/17\/bmw-group-desenvolve-novo-processo-de-pintura-para-modelos-serie-1-e-2-em-sua-fabrica-de-leipzig-na-alemanha\/#article","isPartOf":{"@id":"https:\/\/dana.com.br\/canaldana\/2021\/09\/17\/bmw-group-desenvolve-novo-processo-de-pintura-para-modelos-serie-1-e-2-em-sua-fabrica-de-leipzig-na-alemanha\/"},"author":{"name":"Canal Dana","@id":"https:\/\/dana.com.br\/canaldana\/#\/schema\/person\/3c21f22f56fcf3bc46b94bc60ea4fef6"},"headline":"BMW Group desenvolve novo processo de pintura para modelos S\u00e9rie 1 e 2 em sua f\u00e1brica de Leipzig, na Alemanha","datePublished":"2021-09-17T11:44:25+00:00","mainEntityOfPage":{"@id":"https:\/\/dana.com.br\/canaldana\/2021\/09\/17\/bmw-group-desenvolve-novo-processo-de-pintura-para-modelos-serie-1-e-2-em-sua-fabrica-de-leipzig-na-alemanha\/"},"wordCount":539,"articleSection":["Mercado"],"inLanguage":"pt-BR"},{"@type":"WebPage","@id":"https:\/\/dana.com.br\/canaldana\/2021\/09\/17\/bmw-group-desenvolve-novo-processo-de-pintura-para-modelos-serie-1-e-2-em-sua-fabrica-de-leipzig-na-alemanha\/","url":"https:\/\/dana.com.br\/canaldana\/2021\/09\/17\/bmw-group-desenvolve-novo-processo-de-pintura-para-modelos-serie-1-e-2-em-sua-fabrica-de-leipzig-na-alemanha\/","name":"BMW Group desenvolve novo processo de pintura para modelos S\u00e9rie 1 e 2 em sua f\u00e1brica de Leipzig, na Alemanha - Canal Dana","isPartOf":{"@id":"https:\/\/dana.com.br\/canaldana\/#website"},"datePublished":"2021-09-17T11:44:25+00:00","author":{"@id":"https:\/\/dana.com.br\/canaldana\/#\/schema\/person\/3c21f22f56fcf3bc46b94bc60ea4fef6"},"breadcrumb":{"@id":"https:\/\/dana.com.br\/canaldana\/2021\/09\/17\/bmw-group-desenvolve-novo-processo-de-pintura-para-modelos-serie-1-e-2-em-sua-fabrica-de-leipzig-na-alemanha\/#breadcrumb"},"inLanguage":"pt-BR","potentialAction":[{"@type":"ReadAction","target":["https:\/\/dana.com.br\/canaldana\/2021\/09\/17\/bmw-group-desenvolve-novo-processo-de-pintura-para-modelos-serie-1-e-2-em-sua-fabrica-de-leipzig-na-alemanha\/"]}]},{"@type":"BreadcrumbList","@id":"https:\/\/dana.com.br\/canaldana\/2021\/09\/17\/bmw-group-desenvolve-novo-processo-de-pintura-para-modelos-serie-1-e-2-em-sua-fabrica-de-leipzig-na-alemanha\/#breadcrumb","itemListElement":[{"@type":"ListItem","position":1,"name":"Home","item":"https:\/\/dana.com.br\/canaldana\/"},{"@type":"ListItem","position":2,"name":"Mercado","item":"https:\/\/dana.com.br\/canaldana\/mercado\/"},{"@type":"ListItem","position":3,"name":"BMW Group desenvolve novo processo de pintura para modelos S\u00e9rie 1 e 2 em sua f\u00e1brica de Leipzig, na Alemanha"}]},{"@type":"WebSite","@id":"https:\/\/dana.com.br\/canaldana\/#website","url":"https:\/\/dana.com.br\/canaldana\/","name":"Canal Dana","description":"Informativo com as principais not\u00edcias da ind\u00fastria automotiva","potentialAction":[{"@type":"SearchAction","target":{"@type":"EntryPoint","urlTemplate":"https:\/\/dana.com.br\/canaldana\/?s={search_term_string}"},"query-input":{"@type":"PropertyValueSpecification","valueRequired":true,"valueName":"search_term_string"}}],"inLanguage":"pt-BR"},{"@type":"Person","@id":"https:\/\/dana.com.br\/canaldana\/#\/schema\/person\/3c21f22f56fcf3bc46b94bc60ea4fef6","name":"Canal Dana","image":{"@type":"ImageObject","inLanguage":"pt-BR","@id":"https:\/\/secure.gravatar.com\/avatar\/420aaf9278582877d9018637c6817617705899d2858d7572ef0fe59a6b6454b4?s=96&d=mm&r=g","url":"https:\/\/secure.gravatar.com\/avatar\/420aaf9278582877d9018637c6817617705899d2858d7572ef0fe59a6b6454b4?s=96&d=mm&r=g","contentUrl":"https:\/\/secure.gravatar.com\/avatar\/420aaf9278582877d9018637c6817617705899d2858d7572ef0fe59a6b6454b4?s=96&d=mm&r=g","caption":"Canal Dana"},"url":"https:\/\/dana.com.br\/canaldana\/author\/cdeditor\/"}]}},"_links":{"self":[{"href":"https:\/\/dana.com.br\/canaldana\/wp-json\/wp\/v2\/posts\/52996","targetHints":{"allow":["GET"]}}],"collection":[{"href":"https:\/\/dana.com.br\/canaldana\/wp-json\/wp\/v2\/posts"}],"about":[{"href":"https:\/\/dana.com.br\/canaldana\/wp-json\/wp\/v2\/types\/post"}],"author":[{"embeddable":true,"href":"https:\/\/dana.com.br\/canaldana\/wp-json\/wp\/v2\/users\/3"}],"replies":[{"embeddable":true,"href":"https:\/\/dana.com.br\/canaldana\/wp-json\/wp\/v2\/comments?post=52996"}],"version-history":[{"count":0,"href":"https:\/\/dana.com.br\/canaldana\/wp-json\/wp\/v2\/posts\/52996\/revisions"}],"wp:attachment":[{"href":"https:\/\/dana.com.br\/canaldana\/wp-json\/wp\/v2\/media?parent=52996"}],"wp:term":[{"taxonomy":"category","embeddable":true,"href":"https:\/\/dana.com.br\/canaldana\/wp-json\/wp\/v2\/categories?post=52996"},{"taxonomy":"post_tag","embeddable":true,"href":"https:\/\/dana.com.br\/canaldana\/wp-json\/wp\/v2\/tags?post=52996"}],"curies":[{"name":"wp","href":"https:\/\/api.w.org\/{rel}","templated":true}]}}