{"id":52981,"date":"2021-09-16T08:32:40","date_gmt":"2021-09-16T11:32:40","guid":{"rendered":"https:\/\/dana.com.br\/canaldana\/?p=52981"},"modified":"2021-09-16T08:32:40","modified_gmt":"2021-09-16T11:32:40","slug":"veiculos-eletrificados-serao-desmembrados-na-carta-da-anfavea","status":"publish","type":"post","link":"https:\/\/dana.com.br\/canaldana\/2021\/09\/16\/veiculos-eletrificados-serao-desmembrados-na-carta-da-anfavea\/","title":{"rendered":"Ve\u00edculos eletrificados ser\u00e3o desmembrados na carta da Anfavea"},"content":{"rendered":"<p><em>AutoInd\u00fastria <\/em><\/p>\n<p>&nbsp;<\/p>\n<p>O caminho ainda \u00e9 longo e o segmento ainda engatinha no mercado brasileiro. Mas aos poucos os ve\u00edculos eletrificados v\u00e3o ganhando espa\u00e7o no mercado brasileiro, com maior participa\u00e7\u00e3o dos h\u00edbridos em fun\u00e7\u00e3o principalmente da produ\u00e7\u00e3o dos Toyota Corolla e do Corolla Cross, com motores flex e el\u00e9trico, no Brasil.<\/p>\n<p>&nbsp;<\/p>\n<p>Ainda h\u00e1 muita d\u00favida sobre o futuro do segmento no Pa\u00eds, mas a Anfavea anunciou este m\u00eas que ele ganhar\u00e1 mais espa\u00e7o na sua Carta mensal com o balan\u00e7o do setor. \u201cAinda n\u00e3o h\u00e1 prazo, mas vamos desmembrar os n\u00fameros, diferenciando os el\u00e9tricos dos h\u00edbridos\u201d, informou o presidente da entidade, Luiz Carlos Moraes, ao divulgar volume e participa\u00e7\u00e3o recordes dos eletrificados em agosto.<\/p>\n<p>&nbsp;<\/p>\n<p>Foram emplacadas no m\u00eas total de 3.873 unidades, 2,4% de todo o mercado de autom\u00f3veis e comerciais leves. No ano passado, o market share limitou-se a 1%. O volume de venda vem crescendo paulatinamente. Ante m\u00e9dia mensal de 1.645 eletrificados registrada em 2020, as vendas chegaram a quase 1,9 mil unidades em mar\u00e7o, saltando para, respectivamente, 2,7 mil, 3,1 mil, 3,5 mil e 3,6 mil nos meses subsequentes, at\u00e9 se aproximar das 4 mil em agosto.<\/p>\n<p>&nbsp;<\/p>\n<p>Muito se discute no setor sobre a produ\u00e7\u00e3o local de ve\u00edculos eletrificados, com tend\u00eancia declarada por v\u00e1rios executivos quanto \u00e0 possibilidade de o atalho no Pa\u00eds ser via ve\u00edculos h\u00edbridos com motor flex, a exemplo de iniciativa pioneira da Toyota por aqui.<\/p>\n<p>&nbsp;<\/p>\n<p>Tanto a Anfavea como as entidades do setor da \u00e1rea de engenharia, como AEA e SAE, sempre destacam a import\u00e2ncia do etanol como combust\u00edvel mais limpo, um produto que, por isso, deveria ser mais explorado como op\u00e7\u00e3o ao combate das emiss\u00f5es de CO2 no meio ambiente. A Volkswagen, inclusive, escolheu o Brasil para sediar o seu centro mundial de biocombust\u00edveis.<\/p>\n<p>&nbsp;<\/p>\n<p>Com rela\u00e7\u00e3o aos ve\u00edculos 100% el\u00e9tricos, nenhuma montadora at\u00e9 agora sinalizou perspectiva deles virem a ser produzidos localmente. Mas pesquisa divulgada esta semana \u2013 SAE Mobilidade-Edi\u00e7\u00e3o 2021 \u2013 elaborada pela KPMG, indica a viabilidade isso vir a ocorrer.<\/p>\n<p>&nbsp;<\/p>\n<p>Dividida entre executivos do setor e consumidores finais, o estudo indicou que no primeiro caso chega a 29,5% o n\u00famero de entrevistados que acham plenamente vi\u00e1vel a produ\u00e7\u00e3o de el\u00e9tricos no pa\u00eds e a 43% os que considera parcialmente vi\u00e1vel. Do restante, 7,2% se mostraram indecisos, 17% disseram ser parcialmente invi\u00e1vel e 3,3%, plenamente invi\u00e1vel.<\/p>\n<p>&nbsp;<\/p>\n<p>No que diz respeito aos consumidores, 89,7% responderam que gostariam de ter esses ve\u00edculos \u00e0 disposi\u00e7\u00e3o para compra no Brasil. Os pre\u00e7os, atualmente, s\u00e3o o grande empecilho para a venda dos modelos 100% el\u00e9tricos, dispon\u00edvel apenas em vers\u00f5es importadas. A tend\u00eancia, contudo, \u00e9 que a partir da sua dissemina\u00e7\u00e3o em mercados de outros pa\u00edses, em especial os da Europa, Am\u00e9rica do Norte e \u00c1sia, os custos e pre\u00e7os caiam gradativamente nos pr\u00f3ximos anos. (AutoInd\u00fastria\/Alzira Rodrigues)<\/p>\n","protected":false},"excerpt":{"rendered":"<p>AutoInd\u00fastria &nbsp; O caminho ainda \u00e9 longo e o segmento ainda engatinha no mercado brasileiro. Mas aos poucos os ve\u00edculos eletrificados v\u00e3o ganhando espa\u00e7o no mercado brasileiro, com maior participa\u00e7\u00e3o dos h\u00edbridos em fun\u00e7\u00e3o principalmente da produ\u00e7\u00e3o dos Toyota Corolla e do Corolla Cross, com motores flex e el\u00e9trico, no Brasil. &nbsp; Ainda h\u00e1 muita\u2026 <a class=\"readmore\" href=\"https:\/\/dana.com.br\/canaldana\/2021\/09\/16\/veiculos-eletrificados-serao-desmembrados-na-carta-da-anfavea\/\">Leia mais \u00bb<\/a><\/p>\n","protected":false},"author":3,"featured_media":0,"comment_status":"closed","ping_status":"closed","sticky":false,"template":"","format":"standard","meta":{"_acf_changed":false,"footnotes":""},"categories":[61],"tags":[],"class_list":["post-52981","post","type-post","status-publish","format-standard","hentry","category-destaques"],"acf":[],"yoast_head":"<!-- This site is optimized with the Yoast SEO plugin v27.3 - https:\/\/yoast.com\/product\/yoast-seo-wordpress\/ -->\n<title>Ve\u00edculos eletrificados ser\u00e3o desmembrados na carta da Anfavea - Canal Dana<\/title>\n<meta name=\"robots\" content=\"index, follow, max-snippet:-1, max-image-preview:large, max-video-preview:-1\" \/>\n<link rel=\"canonical\" href=\"https:\/\/dana.com.br\/canaldana\/2021\/09\/16\/veiculos-eletrificados-serao-desmembrados-na-carta-da-anfavea\/\" \/>\n<meta property=\"og:locale\" content=\"pt_BR\" \/>\n<meta property=\"og:type\" content=\"article\" \/>\n<meta property=\"og:title\" content=\"Ve\u00edculos eletrificados ser\u00e3o desmembrados na carta da Anfavea - Canal Dana\" \/>\n<meta property=\"og:description\" content=\"AutoInd\u00fastria &nbsp; O caminho ainda \u00e9 longo e o segmento ainda engatinha no mercado brasileiro. Mas aos poucos os ve\u00edculos eletrificados v\u00e3o ganhando espa\u00e7o no mercado brasileiro, com maior participa\u00e7\u00e3o dos h\u00edbridos em fun\u00e7\u00e3o principalmente da produ\u00e7\u00e3o dos Toyota Corolla e do Corolla Cross, com motores flex e el\u00e9trico, no Brasil. &nbsp; Ainda h\u00e1 muita\u2026 Leia mais \u00bb\" \/>\n<meta property=\"og:url\" content=\"https:\/\/dana.com.br\/canaldana\/2021\/09\/16\/veiculos-eletrificados-serao-desmembrados-na-carta-da-anfavea\/\" \/>\n<meta property=\"og:site_name\" content=\"Canal Dana\" \/>\n<meta property=\"article:published_time\" content=\"2021-09-16T11:32:40+00:00\" \/>\n<meta name=\"author\" content=\"Canal Dana\" \/>\n<meta name=\"twitter:card\" content=\"summary_large_image\" \/>\n<meta name=\"twitter:label1\" content=\"Escrito por\" \/>\n\t<meta name=\"twitter:data1\" content=\"Canal Dana\" \/>\n\t<meta name=\"twitter:label2\" content=\"Est. tempo de leitura\" \/>\n\t<meta name=\"twitter:data2\" content=\"3 minutos\" \/>\n<script type=\"application\/ld+json\" class=\"yoast-schema-graph\">{\"@context\":\"https:\\\/\\\/schema.org\",\"@graph\":[{\"@type\":\"Article\",\"@id\":\"https:\\\/\\\/dana.com.br\\\/canaldana\\\/2021\\\/09\\\/16\\\/veiculos-eletrificados-serao-desmembrados-na-carta-da-anfavea\\\/#article\",\"isPartOf\":{\"@id\":\"https:\\\/\\\/dana.com.br\\\/canaldana\\\/2021\\\/09\\\/16\\\/veiculos-eletrificados-serao-desmembrados-na-carta-da-anfavea\\\/\"},\"author\":{\"name\":\"Canal Dana\",\"@id\":\"https:\\\/\\\/dana.com.br\\\/canaldana\\\/#\\\/schema\\\/person\\\/3c21f22f56fcf3bc46b94bc60ea4fef6\"},\"headline\":\"Ve\u00edculos eletrificados ser\u00e3o desmembrados na carta da Anfavea\",\"datePublished\":\"2021-09-16T11:32:40+00:00\",\"mainEntityOfPage\":{\"@id\":\"https:\\\/\\\/dana.com.br\\\/canaldana\\\/2021\\\/09\\\/16\\\/veiculos-eletrificados-serao-desmembrados-na-carta-da-anfavea\\\/\"},\"wordCount\":513,\"articleSection\":[\"Destaques\"],\"inLanguage\":\"pt-BR\"},{\"@type\":\"WebPage\",\"@id\":\"https:\\\/\\\/dana.com.br\\\/canaldana\\\/2021\\\/09\\\/16\\\/veiculos-eletrificados-serao-desmembrados-na-carta-da-anfavea\\\/\",\"url\":\"https:\\\/\\\/dana.com.br\\\/canaldana\\\/2021\\\/09\\\/16\\\/veiculos-eletrificados-serao-desmembrados-na-carta-da-anfavea\\\/\",\"name\":\"Ve\u00edculos eletrificados ser\u00e3o desmembrados na carta da Anfavea - Canal Dana\",\"isPartOf\":{\"@id\":\"https:\\\/\\\/dana.com.br\\\/canaldana\\\/#website\"},\"datePublished\":\"2021-09-16T11:32:40+00:00\",\"author\":{\"@id\":\"https:\\\/\\\/dana.com.br\\\/canaldana\\\/#\\\/schema\\\/person\\\/3c21f22f56fcf3bc46b94bc60ea4fef6\"},\"breadcrumb\":{\"@id\":\"https:\\\/\\\/dana.com.br\\\/canaldana\\\/2021\\\/09\\\/16\\\/veiculos-eletrificados-serao-desmembrados-na-carta-da-anfavea\\\/#breadcrumb\"},\"inLanguage\":\"pt-BR\",\"potentialAction\":[{\"@type\":\"ReadAction\",\"target\":[\"https:\\\/\\\/dana.com.br\\\/canaldana\\\/2021\\\/09\\\/16\\\/veiculos-eletrificados-serao-desmembrados-na-carta-da-anfavea\\\/\"]}]},{\"@type\":\"BreadcrumbList\",\"@id\":\"https:\\\/\\\/dana.com.br\\\/canaldana\\\/2021\\\/09\\\/16\\\/veiculos-eletrificados-serao-desmembrados-na-carta-da-anfavea\\\/#breadcrumb\",\"itemListElement\":[{\"@type\":\"ListItem\",\"position\":1,\"name\":\"Home\",\"item\":\"https:\\\/\\\/dana.com.br\\\/canaldana\\\/\"},{\"@type\":\"ListItem\",\"position\":2,\"name\":\"Destaques\",\"item\":\"https:\\\/\\\/dana.com.br\\\/canaldana\\\/destaques\\\/\"},{\"@type\":\"ListItem\",\"position\":3,\"name\":\"Ve\u00edculos eletrificados ser\u00e3o desmembrados na carta da Anfavea\"}]},{\"@type\":\"WebSite\",\"@id\":\"https:\\\/\\\/dana.com.br\\\/canaldana\\\/#website\",\"url\":\"https:\\\/\\\/dana.com.br\\\/canaldana\\\/\",\"name\":\"Canal Dana\",\"description\":\"Informativo com as principais not\u00edcias da ind\u00fastria automotiva\",\"potentialAction\":[{\"@type\":\"SearchAction\",\"target\":{\"@type\":\"EntryPoint\",\"urlTemplate\":\"https:\\\/\\\/dana.com.br\\\/canaldana\\\/?s={search_term_string}\"},\"query-input\":{\"@type\":\"PropertyValueSpecification\",\"valueRequired\":true,\"valueName\":\"search_term_string\"}}],\"inLanguage\":\"pt-BR\"},{\"@type\":\"Person\",\"@id\":\"https:\\\/\\\/dana.com.br\\\/canaldana\\\/#\\\/schema\\\/person\\\/3c21f22f56fcf3bc46b94bc60ea4fef6\",\"name\":\"Canal Dana\",\"image\":{\"@type\":\"ImageObject\",\"inLanguage\":\"pt-BR\",\"@id\":\"https:\\\/\\\/secure.gravatar.com\\\/avatar\\\/420aaf9278582877d9018637c6817617705899d2858d7572ef0fe59a6b6454b4?s=96&d=mm&r=g\",\"url\":\"https:\\\/\\\/secure.gravatar.com\\\/avatar\\\/420aaf9278582877d9018637c6817617705899d2858d7572ef0fe59a6b6454b4?s=96&d=mm&r=g\",\"contentUrl\":\"https:\\\/\\\/secure.gravatar.com\\\/avatar\\\/420aaf9278582877d9018637c6817617705899d2858d7572ef0fe59a6b6454b4?s=96&d=mm&r=g\",\"caption\":\"Canal Dana\"},\"url\":\"https:\\\/\\\/dana.com.br\\\/canaldana\\\/author\\\/cdeditor\\\/\"}]}<\/script>\n<!-- \/ Yoast SEO plugin. -->","yoast_head_json":{"title":"Ve\u00edculos eletrificados ser\u00e3o desmembrados na carta da Anfavea - Canal Dana","robots":{"index":"index","follow":"follow","max-snippet":"max-snippet:-1","max-image-preview":"max-image-preview:large","max-video-preview":"max-video-preview:-1"},"canonical":"https:\/\/dana.com.br\/canaldana\/2021\/09\/16\/veiculos-eletrificados-serao-desmembrados-na-carta-da-anfavea\/","og_locale":"pt_BR","og_type":"article","og_title":"Ve\u00edculos eletrificados ser\u00e3o desmembrados na carta da Anfavea - Canal Dana","og_description":"AutoInd\u00fastria &nbsp; O caminho ainda \u00e9 longo e o segmento ainda engatinha no mercado brasileiro. Mas aos poucos os ve\u00edculos eletrificados v\u00e3o ganhando espa\u00e7o no mercado brasileiro, com maior participa\u00e7\u00e3o dos h\u00edbridos em fun\u00e7\u00e3o principalmente da produ\u00e7\u00e3o dos Toyota Corolla e do Corolla Cross, com motores flex e el\u00e9trico, no Brasil. &nbsp; Ainda h\u00e1 muita\u2026 Leia mais \u00bb","og_url":"https:\/\/dana.com.br\/canaldana\/2021\/09\/16\/veiculos-eletrificados-serao-desmembrados-na-carta-da-anfavea\/","og_site_name":"Canal Dana","article_published_time":"2021-09-16T11:32:40+00:00","author":"Canal Dana","twitter_card":"summary_large_image","twitter_misc":{"Escrito por":"Canal Dana","Est. tempo de leitura":"3 minutos"},"schema":{"@context":"https:\/\/schema.org","@graph":[{"@type":"Article","@id":"https:\/\/dana.com.br\/canaldana\/2021\/09\/16\/veiculos-eletrificados-serao-desmembrados-na-carta-da-anfavea\/#article","isPartOf":{"@id":"https:\/\/dana.com.br\/canaldana\/2021\/09\/16\/veiculos-eletrificados-serao-desmembrados-na-carta-da-anfavea\/"},"author":{"name":"Canal Dana","@id":"https:\/\/dana.com.br\/canaldana\/#\/schema\/person\/3c21f22f56fcf3bc46b94bc60ea4fef6"},"headline":"Ve\u00edculos eletrificados ser\u00e3o desmembrados na carta da Anfavea","datePublished":"2021-09-16T11:32:40+00:00","mainEntityOfPage":{"@id":"https:\/\/dana.com.br\/canaldana\/2021\/09\/16\/veiculos-eletrificados-serao-desmembrados-na-carta-da-anfavea\/"},"wordCount":513,"articleSection":["Destaques"],"inLanguage":"pt-BR"},{"@type":"WebPage","@id":"https:\/\/dana.com.br\/canaldana\/2021\/09\/16\/veiculos-eletrificados-serao-desmembrados-na-carta-da-anfavea\/","url":"https:\/\/dana.com.br\/canaldana\/2021\/09\/16\/veiculos-eletrificados-serao-desmembrados-na-carta-da-anfavea\/","name":"Ve\u00edculos eletrificados ser\u00e3o desmembrados na carta da Anfavea - Canal Dana","isPartOf":{"@id":"https:\/\/dana.com.br\/canaldana\/#website"},"datePublished":"2021-09-16T11:32:40+00:00","author":{"@id":"https:\/\/dana.com.br\/canaldana\/#\/schema\/person\/3c21f22f56fcf3bc46b94bc60ea4fef6"},"breadcrumb":{"@id":"https:\/\/dana.com.br\/canaldana\/2021\/09\/16\/veiculos-eletrificados-serao-desmembrados-na-carta-da-anfavea\/#breadcrumb"},"inLanguage":"pt-BR","potentialAction":[{"@type":"ReadAction","target":["https:\/\/dana.com.br\/canaldana\/2021\/09\/16\/veiculos-eletrificados-serao-desmembrados-na-carta-da-anfavea\/"]}]},{"@type":"BreadcrumbList","@id":"https:\/\/dana.com.br\/canaldana\/2021\/09\/16\/veiculos-eletrificados-serao-desmembrados-na-carta-da-anfavea\/#breadcrumb","itemListElement":[{"@type":"ListItem","position":1,"name":"Home","item":"https:\/\/dana.com.br\/canaldana\/"},{"@type":"ListItem","position":2,"name":"Destaques","item":"https:\/\/dana.com.br\/canaldana\/destaques\/"},{"@type":"ListItem","position":3,"name":"Ve\u00edculos eletrificados ser\u00e3o desmembrados na carta da Anfavea"}]},{"@type":"WebSite","@id":"https:\/\/dana.com.br\/canaldana\/#website","url":"https:\/\/dana.com.br\/canaldana\/","name":"Canal Dana","description":"Informativo com as principais not\u00edcias da ind\u00fastria automotiva","potentialAction":[{"@type":"SearchAction","target":{"@type":"EntryPoint","urlTemplate":"https:\/\/dana.com.br\/canaldana\/?s={search_term_string}"},"query-input":{"@type":"PropertyValueSpecification","valueRequired":true,"valueName":"search_term_string"}}],"inLanguage":"pt-BR"},{"@type":"Person","@id":"https:\/\/dana.com.br\/canaldana\/#\/schema\/person\/3c21f22f56fcf3bc46b94bc60ea4fef6","name":"Canal Dana","image":{"@type":"ImageObject","inLanguage":"pt-BR","@id":"https:\/\/secure.gravatar.com\/avatar\/420aaf9278582877d9018637c6817617705899d2858d7572ef0fe59a6b6454b4?s=96&d=mm&r=g","url":"https:\/\/secure.gravatar.com\/avatar\/420aaf9278582877d9018637c6817617705899d2858d7572ef0fe59a6b6454b4?s=96&d=mm&r=g","contentUrl":"https:\/\/secure.gravatar.com\/avatar\/420aaf9278582877d9018637c6817617705899d2858d7572ef0fe59a6b6454b4?s=96&d=mm&r=g","caption":"Canal Dana"},"url":"https:\/\/dana.com.br\/canaldana\/author\/cdeditor\/"}]}},"_links":{"self":[{"href":"https:\/\/dana.com.br\/canaldana\/wp-json\/wp\/v2\/posts\/52981","targetHints":{"allow":["GET"]}}],"collection":[{"href":"https:\/\/dana.com.br\/canaldana\/wp-json\/wp\/v2\/posts"}],"about":[{"href":"https:\/\/dana.com.br\/canaldana\/wp-json\/wp\/v2\/types\/post"}],"author":[{"embeddable":true,"href":"https:\/\/dana.com.br\/canaldana\/wp-json\/wp\/v2\/users\/3"}],"replies":[{"embeddable":true,"href":"https:\/\/dana.com.br\/canaldana\/wp-json\/wp\/v2\/comments?post=52981"}],"version-history":[{"count":0,"href":"https:\/\/dana.com.br\/canaldana\/wp-json\/wp\/v2\/posts\/52981\/revisions"}],"wp:attachment":[{"href":"https:\/\/dana.com.br\/canaldana\/wp-json\/wp\/v2\/media?parent=52981"}],"wp:term":[{"taxonomy":"category","embeddable":true,"href":"https:\/\/dana.com.br\/canaldana\/wp-json\/wp\/v2\/categories?post=52981"},{"taxonomy":"post_tag","embeddable":true,"href":"https:\/\/dana.com.br\/canaldana\/wp-json\/wp\/v2\/tags?post=52981"}],"curies":[{"name":"wp","href":"https:\/\/api.w.org\/{rel}","templated":true}]}}