{"id":52979,"date":"2021-09-16T08:30:02","date_gmt":"2021-09-16T11:30:02","guid":{"rendered":"https:\/\/dana.com.br\/canaldana\/?p=52979"},"modified":"2021-09-16T08:30:02","modified_gmt":"2021-09-16T11:30:02","slug":"john-deere-inaugura-nacionalizacao-de-motoniveladoras","status":"publish","type":"post","link":"https:\/\/dana.com.br\/canaldana\/2021\/09\/16\/john-deere-inaugura-nacionalizacao-de-motoniveladoras\/","title":{"rendered":"John Deere inaugura nacionaliza\u00e7\u00e3o de motoniveladoras"},"content":{"rendered":"<p><em>EaeM\u00e1quinas<\/em><\/p>\n<p>&nbsp;<\/p>\n<p>A partir de novembro, a John Deere passa a produzir e comercializar tr\u00eas novos modelos de motoniveladoras no Brasil. A nacionaliza\u00e7\u00e3o dos modelos 620G, 670G e 770G \u00e9 planejada desde 2018 e passa a ser concretizada agora com a produ\u00e7\u00e3o e comercializa\u00e7\u00e3o dos equipamentos. A iniciativa contou com investimento de US$ 40 milh\u00f5es, o que provocou a expans\u00e3o de 12 mil metros quadrados da planta de Indaiatuba, interior de S\u00e3o Paulo, para a nova linha de montagem.<\/p>\n<p>&nbsp;<\/p>\n<p>De acordo com Adilson Butzke, diretor de vendas da divis\u00e3o Constru\u00e7\u00e3o no Brasil e Am\u00e9rica Latina, a produ\u00e7\u00e3o dos tr\u00eas modelos far\u00e1 com que 96% do portf\u00f3lio da empresa comercializado no pa\u00eds seja produzido nacionalmente. A estrat\u00e9gia da John Deere prev\u00ea a exporta\u00e7\u00e3o das motoniveladoras para mais de 80 pa\u00edses. Em 2020, a demanda por esse tipo espec\u00edfico de m\u00e1quina foi de 1.100 unidades no Brasil. A expectativa \u00e9 de um aumento de at\u00e9 15% no ano que vem.<\/p>\n<p>&nbsp;<\/p>\n<p>Conforme Butzke, pautado por dados da ABIMAQ e ANFAVEA, a demanda por equipamentos da linha amarela no Brasil foi de 20 mil unidades no primeiro semestre de 2020, o que representa mais de 30% em rela\u00e7\u00e3o ao mesmo per\u00edodo do ano passado. \u201cO que impulsiona o setor \u00e9 o agrobusiness, minera\u00e7\u00e3o, aluguel de m\u00e1quinas e investimento privado, assim como a maior disponibilidade de dinheiro para financiar infraestrutura.\u201d<\/p>\n<p>&nbsp;<\/p>\n<p>Al\u00e9m de auxiliar clientes na abertura de estradas, o aquecimento do mercado local, mesmo durante a pandemia, favorece a inaugura\u00e7\u00e3o dos produtos devido ao Marco do Saneamento, aprovado no Congresso, acompanhado da expectativa de constru\u00e7\u00e3o de 18 mil km de estrada, 3 mil km de ferrovias e obras de infraestrutura estimuladas pelo governo nos pr\u00f3ximos dois anos.<\/p>\n<p>&nbsp;<\/p>\n<p><strong>S\u00e9rie G<\/strong><\/p>\n<p>&nbsp;<\/p>\n<p>A s\u00e9rie G aposta na alta produtividade e no baixo custo de produ\u00e7\u00e3o di\u00e1rio como diferenciais de economia para atrair compradores. Para tanto, a multinacional criou um modo ECO que quando ativado chega a reduzir em 10% o consumo de combust\u00edvel. Os modelos tamb\u00e9m oferecem navegador de bordo, prote\u00e7\u00e3o contra capotagem, suaviza\u00e7\u00e3o na troca de marchas sem perda de pot\u00eancia e invers\u00e3o de movimento sem a necessidade de parar o equipamento.<\/p>\n<p>&nbsp;<\/p>\n<p>Os modelos saem de f\u00e1brica com um pacote de hardware e softwares interligados que proporciona um monitoramento de sistema e de performance com realiza\u00e7\u00e3o de diagn\u00f3sticos remotos feito por sat\u00e9lite ou telefonia celular pela pr\u00f3pria empresa. \u201cEstas ferramentas tecnol\u00f3gicas proporcionam um tr\u00e1fego de dados que geram alertas, pois t\u00eam a capacidade de interpretar hist\u00f3ricos de falhas e at\u00e9 mesmo prev\u00ea-las\u201d, explicou Marcos Rathke, gerente de Marketing da Divis\u00e3o de Constru\u00e7\u00e3o para o Brasil e Am\u00e9rica Latina.<\/p>\n<p>&nbsp;<\/p>\n<p><strong>Escavadeiras<\/strong><\/p>\n<p>&nbsp;<\/p>\n<p>Segundo Thom\u00e1s Spana, gerentes de vendas da divis\u00e3o para o Brasil, a John Deere vem trabalhando h\u00e1 v\u00e1rios meses em um projeto para aprimorar as escavadeiras. Em janeiro de 2021, a tecnologia das motoniveladoras ser\u00e1 acrescentada \u00e0s escavadeiras, que ter\u00e3o novas ca\u00e7ambas e melhorias robustas nas articula\u00e7\u00f5es com identidade visual renovada, ilumina\u00e7\u00e3o de LED e otimiza\u00e7\u00e3o de consumo de combust\u00edvel. (EaeM\u00e1quinas)<\/p>\n","protected":false},"excerpt":{"rendered":"<p>EaeM\u00e1quinas &nbsp; A partir de novembro, a John Deere passa a produzir e comercializar tr\u00eas novos modelos de motoniveladoras no Brasil. A nacionaliza\u00e7\u00e3o dos modelos 620G, 670G e 770G \u00e9 planejada desde 2018 e passa a ser concretizada agora com a produ\u00e7\u00e3o e comercializa\u00e7\u00e3o dos equipamentos. A iniciativa contou com investimento de US$ 40 milh\u00f5es,\u2026 <a class=\"readmore\" href=\"https:\/\/dana.com.br\/canaldana\/2021\/09\/16\/john-deere-inaugura-nacionalizacao-de-motoniveladoras\/\">Leia mais \u00bb<\/a><\/p>\n","protected":false},"author":3,"featured_media":0,"comment_status":"closed","ping_status":"closed","sticky":false,"template":"","format":"standard","meta":{"_acf_changed":false,"footnotes":""},"categories":[61],"tags":[],"class_list":["post-52979","post","type-post","status-publish","format-standard","hentry","category-destaques"],"acf":[],"yoast_head":"<!-- This site is optimized with the Yoast SEO plugin v27.3 - https:\/\/yoast.com\/product\/yoast-seo-wordpress\/ -->\n<title>John Deere inaugura nacionaliza\u00e7\u00e3o de motoniveladoras - Canal Dana<\/title>\n<meta name=\"robots\" content=\"index, follow, max-snippet:-1, max-image-preview:large, max-video-preview:-1\" \/>\n<link rel=\"canonical\" href=\"https:\/\/dana.com.br\/canaldana\/2021\/09\/16\/john-deere-inaugura-nacionalizacao-de-motoniveladoras\/\" \/>\n<meta property=\"og:locale\" content=\"pt_BR\" \/>\n<meta property=\"og:type\" content=\"article\" \/>\n<meta property=\"og:title\" content=\"John Deere inaugura nacionaliza\u00e7\u00e3o de motoniveladoras - Canal Dana\" \/>\n<meta property=\"og:description\" content=\"EaeM\u00e1quinas &nbsp; A partir de novembro, a John Deere passa a produzir e comercializar tr\u00eas novos modelos de motoniveladoras no Brasil. A nacionaliza\u00e7\u00e3o dos modelos 620G, 670G e 770G \u00e9 planejada desde 2018 e passa a ser concretizada agora com a produ\u00e7\u00e3o e comercializa\u00e7\u00e3o dos equipamentos. A iniciativa contou com investimento de US$ 40 milh\u00f5es,\u2026 Leia mais \u00bb\" \/>\n<meta property=\"og:url\" content=\"https:\/\/dana.com.br\/canaldana\/2021\/09\/16\/john-deere-inaugura-nacionalizacao-de-motoniveladoras\/\" \/>\n<meta property=\"og:site_name\" content=\"Canal Dana\" \/>\n<meta property=\"article:published_time\" content=\"2021-09-16T11:30:02+00:00\" \/>\n<meta name=\"author\" content=\"Canal Dana\" \/>\n<meta name=\"twitter:card\" content=\"summary_large_image\" \/>\n<meta name=\"twitter:label1\" content=\"Escrito por\" \/>\n\t<meta name=\"twitter:data1\" content=\"Canal Dana\" \/>\n\t<meta name=\"twitter:label2\" content=\"Est. tempo de leitura\" \/>\n\t<meta name=\"twitter:data2\" content=\"3 minutos\" \/>\n<script type=\"application\/ld+json\" class=\"yoast-schema-graph\">{\"@context\":\"https:\\\/\\\/schema.org\",\"@graph\":[{\"@type\":\"Article\",\"@id\":\"https:\\\/\\\/dana.com.br\\\/canaldana\\\/2021\\\/09\\\/16\\\/john-deere-inaugura-nacionalizacao-de-motoniveladoras\\\/#article\",\"isPartOf\":{\"@id\":\"https:\\\/\\\/dana.com.br\\\/canaldana\\\/2021\\\/09\\\/16\\\/john-deere-inaugura-nacionalizacao-de-motoniveladoras\\\/\"},\"author\":{\"name\":\"Canal Dana\",\"@id\":\"https:\\\/\\\/dana.com.br\\\/canaldana\\\/#\\\/schema\\\/person\\\/3c21f22f56fcf3bc46b94bc60ea4fef6\"},\"headline\":\"John Deere inaugura nacionaliza\u00e7\u00e3o de motoniveladoras\",\"datePublished\":\"2021-09-16T11:30:02+00:00\",\"mainEntityOfPage\":{\"@id\":\"https:\\\/\\\/dana.com.br\\\/canaldana\\\/2021\\\/09\\\/16\\\/john-deere-inaugura-nacionalizacao-de-motoniveladoras\\\/\"},\"wordCount\":551,\"articleSection\":[\"Destaques\"],\"inLanguage\":\"pt-BR\"},{\"@type\":\"WebPage\",\"@id\":\"https:\\\/\\\/dana.com.br\\\/canaldana\\\/2021\\\/09\\\/16\\\/john-deere-inaugura-nacionalizacao-de-motoniveladoras\\\/\",\"url\":\"https:\\\/\\\/dana.com.br\\\/canaldana\\\/2021\\\/09\\\/16\\\/john-deere-inaugura-nacionalizacao-de-motoniveladoras\\\/\",\"name\":\"John Deere inaugura nacionaliza\u00e7\u00e3o de motoniveladoras - Canal Dana\",\"isPartOf\":{\"@id\":\"https:\\\/\\\/dana.com.br\\\/canaldana\\\/#website\"},\"datePublished\":\"2021-09-16T11:30:02+00:00\",\"author\":{\"@id\":\"https:\\\/\\\/dana.com.br\\\/canaldana\\\/#\\\/schema\\\/person\\\/3c21f22f56fcf3bc46b94bc60ea4fef6\"},\"breadcrumb\":{\"@id\":\"https:\\\/\\\/dana.com.br\\\/canaldana\\\/2021\\\/09\\\/16\\\/john-deere-inaugura-nacionalizacao-de-motoniveladoras\\\/#breadcrumb\"},\"inLanguage\":\"pt-BR\",\"potentialAction\":[{\"@type\":\"ReadAction\",\"target\":[\"https:\\\/\\\/dana.com.br\\\/canaldana\\\/2021\\\/09\\\/16\\\/john-deere-inaugura-nacionalizacao-de-motoniveladoras\\\/\"]}]},{\"@type\":\"BreadcrumbList\",\"@id\":\"https:\\\/\\\/dana.com.br\\\/canaldana\\\/2021\\\/09\\\/16\\\/john-deere-inaugura-nacionalizacao-de-motoniveladoras\\\/#breadcrumb\",\"itemListElement\":[{\"@type\":\"ListItem\",\"position\":1,\"name\":\"Home\",\"item\":\"https:\\\/\\\/dana.com.br\\\/canaldana\\\/\"},{\"@type\":\"ListItem\",\"position\":2,\"name\":\"Destaques\",\"item\":\"https:\\\/\\\/dana.com.br\\\/canaldana\\\/destaques\\\/\"},{\"@type\":\"ListItem\",\"position\":3,\"name\":\"John Deere inaugura nacionaliza\u00e7\u00e3o de motoniveladoras\"}]},{\"@type\":\"WebSite\",\"@id\":\"https:\\\/\\\/dana.com.br\\\/canaldana\\\/#website\",\"url\":\"https:\\\/\\\/dana.com.br\\\/canaldana\\\/\",\"name\":\"Canal Dana\",\"description\":\"Informativo com as principais not\u00edcias da ind\u00fastria automotiva\",\"potentialAction\":[{\"@type\":\"SearchAction\",\"target\":{\"@type\":\"EntryPoint\",\"urlTemplate\":\"https:\\\/\\\/dana.com.br\\\/canaldana\\\/?s={search_term_string}\"},\"query-input\":{\"@type\":\"PropertyValueSpecification\",\"valueRequired\":true,\"valueName\":\"search_term_string\"}}],\"inLanguage\":\"pt-BR\"},{\"@type\":\"Person\",\"@id\":\"https:\\\/\\\/dana.com.br\\\/canaldana\\\/#\\\/schema\\\/person\\\/3c21f22f56fcf3bc46b94bc60ea4fef6\",\"name\":\"Canal Dana\",\"image\":{\"@type\":\"ImageObject\",\"inLanguage\":\"pt-BR\",\"@id\":\"https:\\\/\\\/secure.gravatar.com\\\/avatar\\\/420aaf9278582877d9018637c6817617705899d2858d7572ef0fe59a6b6454b4?s=96&d=mm&r=g\",\"url\":\"https:\\\/\\\/secure.gravatar.com\\\/avatar\\\/420aaf9278582877d9018637c6817617705899d2858d7572ef0fe59a6b6454b4?s=96&d=mm&r=g\",\"contentUrl\":\"https:\\\/\\\/secure.gravatar.com\\\/avatar\\\/420aaf9278582877d9018637c6817617705899d2858d7572ef0fe59a6b6454b4?s=96&d=mm&r=g\",\"caption\":\"Canal Dana\"},\"url\":\"https:\\\/\\\/dana.com.br\\\/canaldana\\\/author\\\/cdeditor\\\/\"}]}<\/script>\n<!-- \/ Yoast SEO plugin. -->","yoast_head_json":{"title":"John Deere inaugura nacionaliza\u00e7\u00e3o de motoniveladoras - Canal Dana","robots":{"index":"index","follow":"follow","max-snippet":"max-snippet:-1","max-image-preview":"max-image-preview:large","max-video-preview":"max-video-preview:-1"},"canonical":"https:\/\/dana.com.br\/canaldana\/2021\/09\/16\/john-deere-inaugura-nacionalizacao-de-motoniveladoras\/","og_locale":"pt_BR","og_type":"article","og_title":"John Deere inaugura nacionaliza\u00e7\u00e3o de motoniveladoras - Canal Dana","og_description":"EaeM\u00e1quinas &nbsp; A partir de novembro, a John Deere passa a produzir e comercializar tr\u00eas novos modelos de motoniveladoras no Brasil. A nacionaliza\u00e7\u00e3o dos modelos 620G, 670G e 770G \u00e9 planejada desde 2018 e passa a ser concretizada agora com a produ\u00e7\u00e3o e comercializa\u00e7\u00e3o dos equipamentos. A iniciativa contou com investimento de US$ 40 milh\u00f5es,\u2026 Leia mais \u00bb","og_url":"https:\/\/dana.com.br\/canaldana\/2021\/09\/16\/john-deere-inaugura-nacionalizacao-de-motoniveladoras\/","og_site_name":"Canal Dana","article_published_time":"2021-09-16T11:30:02+00:00","author":"Canal Dana","twitter_card":"summary_large_image","twitter_misc":{"Escrito por":"Canal Dana","Est. tempo de leitura":"3 minutos"},"schema":{"@context":"https:\/\/schema.org","@graph":[{"@type":"Article","@id":"https:\/\/dana.com.br\/canaldana\/2021\/09\/16\/john-deere-inaugura-nacionalizacao-de-motoniveladoras\/#article","isPartOf":{"@id":"https:\/\/dana.com.br\/canaldana\/2021\/09\/16\/john-deere-inaugura-nacionalizacao-de-motoniveladoras\/"},"author":{"name":"Canal Dana","@id":"https:\/\/dana.com.br\/canaldana\/#\/schema\/person\/3c21f22f56fcf3bc46b94bc60ea4fef6"},"headline":"John Deere inaugura nacionaliza\u00e7\u00e3o de motoniveladoras","datePublished":"2021-09-16T11:30:02+00:00","mainEntityOfPage":{"@id":"https:\/\/dana.com.br\/canaldana\/2021\/09\/16\/john-deere-inaugura-nacionalizacao-de-motoniveladoras\/"},"wordCount":551,"articleSection":["Destaques"],"inLanguage":"pt-BR"},{"@type":"WebPage","@id":"https:\/\/dana.com.br\/canaldana\/2021\/09\/16\/john-deere-inaugura-nacionalizacao-de-motoniveladoras\/","url":"https:\/\/dana.com.br\/canaldana\/2021\/09\/16\/john-deere-inaugura-nacionalizacao-de-motoniveladoras\/","name":"John Deere inaugura nacionaliza\u00e7\u00e3o de motoniveladoras - Canal Dana","isPartOf":{"@id":"https:\/\/dana.com.br\/canaldana\/#website"},"datePublished":"2021-09-16T11:30:02+00:00","author":{"@id":"https:\/\/dana.com.br\/canaldana\/#\/schema\/person\/3c21f22f56fcf3bc46b94bc60ea4fef6"},"breadcrumb":{"@id":"https:\/\/dana.com.br\/canaldana\/2021\/09\/16\/john-deere-inaugura-nacionalizacao-de-motoniveladoras\/#breadcrumb"},"inLanguage":"pt-BR","potentialAction":[{"@type":"ReadAction","target":["https:\/\/dana.com.br\/canaldana\/2021\/09\/16\/john-deere-inaugura-nacionalizacao-de-motoniveladoras\/"]}]},{"@type":"BreadcrumbList","@id":"https:\/\/dana.com.br\/canaldana\/2021\/09\/16\/john-deere-inaugura-nacionalizacao-de-motoniveladoras\/#breadcrumb","itemListElement":[{"@type":"ListItem","position":1,"name":"Home","item":"https:\/\/dana.com.br\/canaldana\/"},{"@type":"ListItem","position":2,"name":"Destaques","item":"https:\/\/dana.com.br\/canaldana\/destaques\/"},{"@type":"ListItem","position":3,"name":"John Deere inaugura nacionaliza\u00e7\u00e3o de motoniveladoras"}]},{"@type":"WebSite","@id":"https:\/\/dana.com.br\/canaldana\/#website","url":"https:\/\/dana.com.br\/canaldana\/","name":"Canal Dana","description":"Informativo com as principais not\u00edcias da ind\u00fastria automotiva","potentialAction":[{"@type":"SearchAction","target":{"@type":"EntryPoint","urlTemplate":"https:\/\/dana.com.br\/canaldana\/?s={search_term_string}"},"query-input":{"@type":"PropertyValueSpecification","valueRequired":true,"valueName":"search_term_string"}}],"inLanguage":"pt-BR"},{"@type":"Person","@id":"https:\/\/dana.com.br\/canaldana\/#\/schema\/person\/3c21f22f56fcf3bc46b94bc60ea4fef6","name":"Canal Dana","image":{"@type":"ImageObject","inLanguage":"pt-BR","@id":"https:\/\/secure.gravatar.com\/avatar\/420aaf9278582877d9018637c6817617705899d2858d7572ef0fe59a6b6454b4?s=96&d=mm&r=g","url":"https:\/\/secure.gravatar.com\/avatar\/420aaf9278582877d9018637c6817617705899d2858d7572ef0fe59a6b6454b4?s=96&d=mm&r=g","contentUrl":"https:\/\/secure.gravatar.com\/avatar\/420aaf9278582877d9018637c6817617705899d2858d7572ef0fe59a6b6454b4?s=96&d=mm&r=g","caption":"Canal Dana"},"url":"https:\/\/dana.com.br\/canaldana\/author\/cdeditor\/"}]}},"_links":{"self":[{"href":"https:\/\/dana.com.br\/canaldana\/wp-json\/wp\/v2\/posts\/52979","targetHints":{"allow":["GET"]}}],"collection":[{"href":"https:\/\/dana.com.br\/canaldana\/wp-json\/wp\/v2\/posts"}],"about":[{"href":"https:\/\/dana.com.br\/canaldana\/wp-json\/wp\/v2\/types\/post"}],"author":[{"embeddable":true,"href":"https:\/\/dana.com.br\/canaldana\/wp-json\/wp\/v2\/users\/3"}],"replies":[{"embeddable":true,"href":"https:\/\/dana.com.br\/canaldana\/wp-json\/wp\/v2\/comments?post=52979"}],"version-history":[{"count":0,"href":"https:\/\/dana.com.br\/canaldana\/wp-json\/wp\/v2\/posts\/52979\/revisions"}],"wp:attachment":[{"href":"https:\/\/dana.com.br\/canaldana\/wp-json\/wp\/v2\/media?parent=52979"}],"wp:term":[{"taxonomy":"category","embeddable":true,"href":"https:\/\/dana.com.br\/canaldana\/wp-json\/wp\/v2\/categories?post=52979"},{"taxonomy":"post_tag","embeddable":true,"href":"https:\/\/dana.com.br\/canaldana\/wp-json\/wp\/v2\/tags?post=52979"}],"curies":[{"name":"wp","href":"https:\/\/api.w.org\/{rel}","templated":true}]}}