{"id":52895,"date":"2021-09-14T08:27:30","date_gmt":"2021-09-14T11:27:30","guid":{"rendered":"https:\/\/dana.com.br\/canaldana\/?p=52895"},"modified":"2021-09-14T08:27:30","modified_gmt":"2021-09-14T11:27:30","slug":"mobilidade-ativa-melhora-a-qualidade-de-vida","status":"publish","type":"post","link":"https:\/\/dana.com.br\/canaldana\/2021\/09\/14\/mobilidade-ativa-melhora-a-qualidade-de-vida\/","title":{"rendered":"Mobilidade ativa melhora a qualidade de vida"},"content":{"rendered":"<p><em>O Estado de S. Paulo <\/em><\/p>\n<p>&nbsp;<\/p>\n<p>De acordo com a pesquisa Viver em S\u00e3o Paulo \u2013 Pedestre, feita pela Rede Nossa S\u00e3o Paulo, em parceria com o Ibope Intelig\u00eancia, em 2019, um ter\u00e7o das viagens com mais de 500 metros de dist\u00e2ncia na cidade \u00e9 feito exclusivamente a p\u00e9.<\/p>\n<p>&nbsp;<\/p>\n<p>A caminhada como meio de transporte, ao lado dos deslocamentos feitos com bicicletas e patinetes n\u00e3o motorizados, caracteriza o que especialistas chamam de mobilidade ativa. \u201cPor defini\u00e7\u00e3o, \u00e9 a modalidade na qual o indiv\u00edduo \u00e9 o respons\u00e1vel pelo seu deslocamento. Depende de sua energia, seja com a ajuda de um equipamento ou n\u00e3o. Alguns exemplos s\u00e3o caminhar, andar de bicicleta, de patinete, entre outros\u201d, diz Carlos Hardt, arquiteto e urbanista, professor e pesquisador de mestrado e doutorado em gest\u00e3o urbana na PUC-PR.<\/p>\n<p>&nbsp;<\/p>\n<p>A mobilidade ativa tem sido cada vez mais discutida e incentivada, pois impacta, positivamente, em indicadores urbanos, como tr\u00e2nsito, polui\u00e7\u00e3o do ar e qualidade de vida da popula\u00e7\u00e3o. \u201cEla j\u00e1 \u00e9 muito utilizada para o lazer, mas o mais relevante \u00e9 inseri-la, tamb\u00e9m, como meio de locomo\u00e7\u00e3o no dia a dia das pessoas, em atividades rotineiras como trabalho e escola\u201d, diz Estela Alves, arquiteta e urbanista, pesquisadora do Instituto de Estudos Avan\u00e7ados da Universidade de S\u00e3o Paulo (IEA-USP), Programa Cidades Globais.<\/p>\n<p>&nbsp;<\/p>\n<p><strong>Pedras no caminho <\/strong><\/p>\n<p>&nbsp;<\/p>\n<p>Mesmo ganhando adeptos a cada dia e sendo incorporada na rotina das pessoas, a mobilidade ativa ainda enfrenta v\u00e1rios desafios, como a m\u00e1 condi\u00e7\u00e3o das cal\u00e7adas, por exemplo. N\u00e3o importa se a pessoa caminha na periferia, em bairros nobres ou mesmo em \u00e1reas centrais da cidade, a reclama\u00e7\u00e3o \u00e9 sempre a mesma: os buracos. Eles s\u00e3o os recordistas em queixas da popula\u00e7\u00e3o, respondendo por 68% do total, de acordo com o mesmo estudo da Rede Nossa S\u00e3o Paulo.<\/p>\n<p>&nbsp;<\/p>\n<p>Irregularidades como rampas, degraus ou mesmo falta de continuidade s\u00e3o respons\u00e1veis por 53% das reclama\u00e7\u00f5es, seguidas das demais queixas, como cal\u00e7adas muito estreitas, falta de seguran\u00e7a para atravessar, ilumina\u00e7\u00e3o insuficiente ou inexistente e sacos de lixo nas cal\u00e7adas (veja ao lado).<\/p>\n<p>&nbsp;<\/p>\n<p><strong>Estatuto do pedestre\u00a0 <\/strong><\/p>\n<p>&nbsp;<\/p>\n<p>No dia 8 de agosto de 2020, um decreto, publicado no Di\u00e1rio Oficial do Munic\u00edpio, regulamentou a Lei n\u00ba _ 16.673, de 13 de junho de 2017, instituindo o Estatuto do Pedestre no Munic\u00edpio de S\u00e3o Paulo. Sancionado pelo ent\u00e3o prefeito Jo\u00e3o Doria, ele \u00e9 visto com um misto de otimismo e ressalva pelos especialistas em mobilidade. \u201cEsses documentos s\u00e3o muito bem-vindos, mas n\u00e3o podem ser apenas listas de direitos e deveres. As a\u00e7\u00f5es e os prazos para que as medidas sejam implementadas s\u00e3o fundamentais para mudarmos a realidade da nossa mobilidade\u201d, afirma Hardt.<\/p>\n<p>&nbsp;<\/p>\n<p>O Estatuto do Pedestre traz diversas regras e determina\u00e7\u00f5es, como necessidade de qualifica\u00e7\u00e3o das cal\u00e7adas e pontos de \u00f4nibus, destina\u00e7\u00e3o de recursos do Fundo Municipal de Desenvolvimento Urbano, entre outras, para o incentivo da mobilidade a p\u00e9.<\/p>\n<p>&nbsp;<\/p>\n<p>Para Estela Alves, o documento apenas reafirma o que j\u00e1 se sabe ser direito de todos: \u00e9 preciso oferecer seguran\u00e7a para circular nas cal\u00e7adas, acessibilidade, ilumina\u00e7\u00e3o p\u00fablica, entre outros aspectos. \u201cFico pensando quantas leis e normas ainda teremos que editar para reafirmar o \u00f3bvio: a popula\u00e7\u00e3o precisa de luz para circular \u00e0 noite, de sinaliza\u00e7\u00e3o para enxergar obst\u00e1culos e equipamentos. Pessoas com necessidades especiais devem ser tratadas como todos os demais e t\u00eam o direito de circular adequadamente e com seguran\u00e7a\u201d, afirma a pesquisadora.<\/p>\n<p>&nbsp;<\/p>\n<p><strong>Obst\u00e1culos para ciclistas\u00a0 <\/strong><\/p>\n<p>&nbsp;<\/p>\n<p>Para quem pedala, falta seguran\u00e7a no conv\u00edvio com outros modais e h\u00e1 distribui\u00e7\u00e3o desigual de ciclofaixas e ciclovias entre as mais diversas regi\u00f5es da cidade \u2013 o que, tamb\u00e9m, acontece com biciclet\u00e1rios para quem costuma usar a bike com outra op\u00e7\u00e3o de transporte. Estudo nacional feito pela Associa\u00e7\u00e3o Brasileira de Medicina do Tr\u00e1fego (Abramet) e publicado no \u00faltimo m\u00eas de agosto revela aumento de 30% no n\u00famero de sinistros envolvendo ciclistas traumatizados nos primeiros cinco meses de 2021.<\/p>\n<p>&nbsp;<\/p>\n<p>S\u00e3o Paulo, cidade que tem expandido sua estrutura ciclovi\u00e1ria e, hoje, possui 649 quil\u00f4metros entre ciclovias e ciclofaixas, registrou eleva\u00e7\u00e3o de 23%, em 2021, passando de 1.590 acidentes, em 2020, para 1.950, em igual per\u00edodo deste ano. Em n\u00famero de casos, a capital paulista lidera o ranking nacional \u2013 o que n\u00e3o \u00e9 motivo de orgulho para nenhuma cidade. (O Estado de S. Paulo\/Daniela Saragiotto)<\/p>\n","protected":false},"excerpt":{"rendered":"<p>O Estado de S. Paulo &nbsp; De acordo com a pesquisa Viver em S\u00e3o Paulo \u2013 Pedestre, feita pela Rede Nossa S\u00e3o Paulo, em parceria com o Ibope Intelig\u00eancia, em 2019, um ter\u00e7o das viagens com mais de 500 metros de dist\u00e2ncia na cidade \u00e9 feito exclusivamente a p\u00e9. &nbsp; A caminhada como meio de\u2026 <a class=\"readmore\" href=\"https:\/\/dana.com.br\/canaldana\/2021\/09\/14\/mobilidade-ativa-melhora-a-qualidade-de-vida\/\">Leia mais \u00bb<\/a><\/p>\n","protected":false},"author":3,"featured_media":0,"comment_status":"closed","ping_status":"closed","sticky":false,"template":"","format":"standard","meta":{"_acf_changed":false,"footnotes":""},"categories":[102],"tags":[],"class_list":["post-52895","post","type-post","status-publish","format-standard","hentry","category-mobilidade"],"acf":[],"yoast_head":"<!-- This site is optimized with the Yoast SEO plugin v27.3 - https:\/\/yoast.com\/product\/yoast-seo-wordpress\/ -->\n<title>Mobilidade ativa melhora a qualidade de vida - Canal Dana<\/title>\n<meta name=\"robots\" content=\"index, follow, max-snippet:-1, max-image-preview:large, max-video-preview:-1\" \/>\n<link rel=\"canonical\" href=\"https:\/\/dana.com.br\/canaldana\/2021\/09\/14\/mobilidade-ativa-melhora-a-qualidade-de-vida\/\" \/>\n<meta property=\"og:locale\" content=\"pt_BR\" \/>\n<meta property=\"og:type\" content=\"article\" \/>\n<meta property=\"og:title\" content=\"Mobilidade ativa melhora a qualidade de vida - Canal Dana\" \/>\n<meta property=\"og:description\" content=\"O Estado de S. Paulo &nbsp; De acordo com a pesquisa Viver em S\u00e3o Paulo \u2013 Pedestre, feita pela Rede Nossa S\u00e3o Paulo, em parceria com o Ibope Intelig\u00eancia, em 2019, um ter\u00e7o das viagens com mais de 500 metros de dist\u00e2ncia na cidade \u00e9 feito exclusivamente a p\u00e9. &nbsp; A caminhada como meio de\u2026 Leia mais \u00bb\" \/>\n<meta property=\"og:url\" content=\"https:\/\/dana.com.br\/canaldana\/2021\/09\/14\/mobilidade-ativa-melhora-a-qualidade-de-vida\/\" \/>\n<meta property=\"og:site_name\" content=\"Canal Dana\" \/>\n<meta property=\"article:published_time\" content=\"2021-09-14T11:27:30+00:00\" \/>\n<meta name=\"author\" content=\"Canal Dana\" \/>\n<meta name=\"twitter:card\" content=\"summary_large_image\" \/>\n<meta name=\"twitter:label1\" content=\"Escrito por\" \/>\n\t<meta name=\"twitter:data1\" content=\"Canal Dana\" \/>\n\t<meta name=\"twitter:label2\" content=\"Est. tempo de leitura\" \/>\n\t<meta name=\"twitter:data2\" content=\"4 minutos\" \/>\n<script type=\"application\/ld+json\" class=\"yoast-schema-graph\">{\"@context\":\"https:\\\/\\\/schema.org\",\"@graph\":[{\"@type\":\"Article\",\"@id\":\"https:\\\/\\\/dana.com.br\\\/canaldana\\\/2021\\\/09\\\/14\\\/mobilidade-ativa-melhora-a-qualidade-de-vida\\\/#article\",\"isPartOf\":{\"@id\":\"https:\\\/\\\/dana.com.br\\\/canaldana\\\/2021\\\/09\\\/14\\\/mobilidade-ativa-melhora-a-qualidade-de-vida\\\/\"},\"author\":{\"name\":\"Canal Dana\",\"@id\":\"https:\\\/\\\/dana.com.br\\\/canaldana\\\/#\\\/schema\\\/person\\\/3c21f22f56fcf3bc46b94bc60ea4fef6\"},\"headline\":\"Mobilidade ativa melhora a qualidade de vida\",\"datePublished\":\"2021-09-14T11:27:30+00:00\",\"mainEntityOfPage\":{\"@id\":\"https:\\\/\\\/dana.com.br\\\/canaldana\\\/2021\\\/09\\\/14\\\/mobilidade-ativa-melhora-a-qualidade-de-vida\\\/\"},\"wordCount\":763,\"articleSection\":[\"Mobilidade\"],\"inLanguage\":\"pt-BR\"},{\"@type\":\"WebPage\",\"@id\":\"https:\\\/\\\/dana.com.br\\\/canaldana\\\/2021\\\/09\\\/14\\\/mobilidade-ativa-melhora-a-qualidade-de-vida\\\/\",\"url\":\"https:\\\/\\\/dana.com.br\\\/canaldana\\\/2021\\\/09\\\/14\\\/mobilidade-ativa-melhora-a-qualidade-de-vida\\\/\",\"name\":\"Mobilidade ativa melhora a qualidade de vida - Canal Dana\",\"isPartOf\":{\"@id\":\"https:\\\/\\\/dana.com.br\\\/canaldana\\\/#website\"},\"datePublished\":\"2021-09-14T11:27:30+00:00\",\"author\":{\"@id\":\"https:\\\/\\\/dana.com.br\\\/canaldana\\\/#\\\/schema\\\/person\\\/3c21f22f56fcf3bc46b94bc60ea4fef6\"},\"breadcrumb\":{\"@id\":\"https:\\\/\\\/dana.com.br\\\/canaldana\\\/2021\\\/09\\\/14\\\/mobilidade-ativa-melhora-a-qualidade-de-vida\\\/#breadcrumb\"},\"inLanguage\":\"pt-BR\",\"potentialAction\":[{\"@type\":\"ReadAction\",\"target\":[\"https:\\\/\\\/dana.com.br\\\/canaldana\\\/2021\\\/09\\\/14\\\/mobilidade-ativa-melhora-a-qualidade-de-vida\\\/\"]}]},{\"@type\":\"BreadcrumbList\",\"@id\":\"https:\\\/\\\/dana.com.br\\\/canaldana\\\/2021\\\/09\\\/14\\\/mobilidade-ativa-melhora-a-qualidade-de-vida\\\/#breadcrumb\",\"itemListElement\":[{\"@type\":\"ListItem\",\"position\":1,\"name\":\"Home\",\"item\":\"https:\\\/\\\/dana.com.br\\\/canaldana\\\/\"},{\"@type\":\"ListItem\",\"position\":2,\"name\":\"Mobilidade\",\"item\":\"https:\\\/\\\/dana.com.br\\\/canaldana\\\/mobilidade\\\/\"},{\"@type\":\"ListItem\",\"position\":3,\"name\":\"Mobilidade ativa melhora a qualidade de vida\"}]},{\"@type\":\"WebSite\",\"@id\":\"https:\\\/\\\/dana.com.br\\\/canaldana\\\/#website\",\"url\":\"https:\\\/\\\/dana.com.br\\\/canaldana\\\/\",\"name\":\"Canal Dana\",\"description\":\"Informativo com as principais not\u00edcias da ind\u00fastria automotiva\",\"potentialAction\":[{\"@type\":\"SearchAction\",\"target\":{\"@type\":\"EntryPoint\",\"urlTemplate\":\"https:\\\/\\\/dana.com.br\\\/canaldana\\\/?s={search_term_string}\"},\"query-input\":{\"@type\":\"PropertyValueSpecification\",\"valueRequired\":true,\"valueName\":\"search_term_string\"}}],\"inLanguage\":\"pt-BR\"},{\"@type\":\"Person\",\"@id\":\"https:\\\/\\\/dana.com.br\\\/canaldana\\\/#\\\/schema\\\/person\\\/3c21f22f56fcf3bc46b94bc60ea4fef6\",\"name\":\"Canal Dana\",\"image\":{\"@type\":\"ImageObject\",\"inLanguage\":\"pt-BR\",\"@id\":\"https:\\\/\\\/secure.gravatar.com\\\/avatar\\\/420aaf9278582877d9018637c6817617705899d2858d7572ef0fe59a6b6454b4?s=96&d=mm&r=g\",\"url\":\"https:\\\/\\\/secure.gravatar.com\\\/avatar\\\/420aaf9278582877d9018637c6817617705899d2858d7572ef0fe59a6b6454b4?s=96&d=mm&r=g\",\"contentUrl\":\"https:\\\/\\\/secure.gravatar.com\\\/avatar\\\/420aaf9278582877d9018637c6817617705899d2858d7572ef0fe59a6b6454b4?s=96&d=mm&r=g\",\"caption\":\"Canal Dana\"},\"url\":\"https:\\\/\\\/dana.com.br\\\/canaldana\\\/author\\\/cdeditor\\\/\"}]}<\/script>\n<!-- \/ Yoast SEO plugin. -->","yoast_head_json":{"title":"Mobilidade ativa melhora a qualidade de vida - Canal Dana","robots":{"index":"index","follow":"follow","max-snippet":"max-snippet:-1","max-image-preview":"max-image-preview:large","max-video-preview":"max-video-preview:-1"},"canonical":"https:\/\/dana.com.br\/canaldana\/2021\/09\/14\/mobilidade-ativa-melhora-a-qualidade-de-vida\/","og_locale":"pt_BR","og_type":"article","og_title":"Mobilidade ativa melhora a qualidade de vida - Canal Dana","og_description":"O Estado de S. Paulo &nbsp; De acordo com a pesquisa Viver em S\u00e3o Paulo \u2013 Pedestre, feita pela Rede Nossa S\u00e3o Paulo, em parceria com o Ibope Intelig\u00eancia, em 2019, um ter\u00e7o das viagens com mais de 500 metros de dist\u00e2ncia na cidade \u00e9 feito exclusivamente a p\u00e9. &nbsp; A caminhada como meio de\u2026 Leia mais \u00bb","og_url":"https:\/\/dana.com.br\/canaldana\/2021\/09\/14\/mobilidade-ativa-melhora-a-qualidade-de-vida\/","og_site_name":"Canal Dana","article_published_time":"2021-09-14T11:27:30+00:00","author":"Canal Dana","twitter_card":"summary_large_image","twitter_misc":{"Escrito por":"Canal Dana","Est. tempo de leitura":"4 minutos"},"schema":{"@context":"https:\/\/schema.org","@graph":[{"@type":"Article","@id":"https:\/\/dana.com.br\/canaldana\/2021\/09\/14\/mobilidade-ativa-melhora-a-qualidade-de-vida\/#article","isPartOf":{"@id":"https:\/\/dana.com.br\/canaldana\/2021\/09\/14\/mobilidade-ativa-melhora-a-qualidade-de-vida\/"},"author":{"name":"Canal Dana","@id":"https:\/\/dana.com.br\/canaldana\/#\/schema\/person\/3c21f22f56fcf3bc46b94bc60ea4fef6"},"headline":"Mobilidade ativa melhora a qualidade de vida","datePublished":"2021-09-14T11:27:30+00:00","mainEntityOfPage":{"@id":"https:\/\/dana.com.br\/canaldana\/2021\/09\/14\/mobilidade-ativa-melhora-a-qualidade-de-vida\/"},"wordCount":763,"articleSection":["Mobilidade"],"inLanguage":"pt-BR"},{"@type":"WebPage","@id":"https:\/\/dana.com.br\/canaldana\/2021\/09\/14\/mobilidade-ativa-melhora-a-qualidade-de-vida\/","url":"https:\/\/dana.com.br\/canaldana\/2021\/09\/14\/mobilidade-ativa-melhora-a-qualidade-de-vida\/","name":"Mobilidade ativa melhora a qualidade de vida - Canal Dana","isPartOf":{"@id":"https:\/\/dana.com.br\/canaldana\/#website"},"datePublished":"2021-09-14T11:27:30+00:00","author":{"@id":"https:\/\/dana.com.br\/canaldana\/#\/schema\/person\/3c21f22f56fcf3bc46b94bc60ea4fef6"},"breadcrumb":{"@id":"https:\/\/dana.com.br\/canaldana\/2021\/09\/14\/mobilidade-ativa-melhora-a-qualidade-de-vida\/#breadcrumb"},"inLanguage":"pt-BR","potentialAction":[{"@type":"ReadAction","target":["https:\/\/dana.com.br\/canaldana\/2021\/09\/14\/mobilidade-ativa-melhora-a-qualidade-de-vida\/"]}]},{"@type":"BreadcrumbList","@id":"https:\/\/dana.com.br\/canaldana\/2021\/09\/14\/mobilidade-ativa-melhora-a-qualidade-de-vida\/#breadcrumb","itemListElement":[{"@type":"ListItem","position":1,"name":"Home","item":"https:\/\/dana.com.br\/canaldana\/"},{"@type":"ListItem","position":2,"name":"Mobilidade","item":"https:\/\/dana.com.br\/canaldana\/mobilidade\/"},{"@type":"ListItem","position":3,"name":"Mobilidade ativa melhora a qualidade de vida"}]},{"@type":"WebSite","@id":"https:\/\/dana.com.br\/canaldana\/#website","url":"https:\/\/dana.com.br\/canaldana\/","name":"Canal Dana","description":"Informativo com as principais not\u00edcias da ind\u00fastria automotiva","potentialAction":[{"@type":"SearchAction","target":{"@type":"EntryPoint","urlTemplate":"https:\/\/dana.com.br\/canaldana\/?s={search_term_string}"},"query-input":{"@type":"PropertyValueSpecification","valueRequired":true,"valueName":"search_term_string"}}],"inLanguage":"pt-BR"},{"@type":"Person","@id":"https:\/\/dana.com.br\/canaldana\/#\/schema\/person\/3c21f22f56fcf3bc46b94bc60ea4fef6","name":"Canal Dana","image":{"@type":"ImageObject","inLanguage":"pt-BR","@id":"https:\/\/secure.gravatar.com\/avatar\/420aaf9278582877d9018637c6817617705899d2858d7572ef0fe59a6b6454b4?s=96&d=mm&r=g","url":"https:\/\/secure.gravatar.com\/avatar\/420aaf9278582877d9018637c6817617705899d2858d7572ef0fe59a6b6454b4?s=96&d=mm&r=g","contentUrl":"https:\/\/secure.gravatar.com\/avatar\/420aaf9278582877d9018637c6817617705899d2858d7572ef0fe59a6b6454b4?s=96&d=mm&r=g","caption":"Canal Dana"},"url":"https:\/\/dana.com.br\/canaldana\/author\/cdeditor\/"}]}},"_links":{"self":[{"href":"https:\/\/dana.com.br\/canaldana\/wp-json\/wp\/v2\/posts\/52895","targetHints":{"allow":["GET"]}}],"collection":[{"href":"https:\/\/dana.com.br\/canaldana\/wp-json\/wp\/v2\/posts"}],"about":[{"href":"https:\/\/dana.com.br\/canaldana\/wp-json\/wp\/v2\/types\/post"}],"author":[{"embeddable":true,"href":"https:\/\/dana.com.br\/canaldana\/wp-json\/wp\/v2\/users\/3"}],"replies":[{"embeddable":true,"href":"https:\/\/dana.com.br\/canaldana\/wp-json\/wp\/v2\/comments?post=52895"}],"version-history":[{"count":0,"href":"https:\/\/dana.com.br\/canaldana\/wp-json\/wp\/v2\/posts\/52895\/revisions"}],"wp:attachment":[{"href":"https:\/\/dana.com.br\/canaldana\/wp-json\/wp\/v2\/media?parent=52895"}],"wp:term":[{"taxonomy":"category","embeddable":true,"href":"https:\/\/dana.com.br\/canaldana\/wp-json\/wp\/v2\/categories?post=52895"},{"taxonomy":"post_tag","embeddable":true,"href":"https:\/\/dana.com.br\/canaldana\/wp-json\/wp\/v2\/tags?post=52895"}],"curies":[{"name":"wp","href":"https:\/\/api.w.org\/{rel}","templated":true}]}}