{"id":52857,"date":"2021-09-10T09:03:23","date_gmt":"2021-09-10T12:03:23","guid":{"rendered":"https:\/\/dana.com.br\/canaldana\/?p=52857"},"modified":"2021-09-10T09:03:23","modified_gmt":"2021-09-10T12:03:23","slug":"comerciais-leves-tem-21-das-vendas-maior-participacao-da-historia","status":"publish","type":"post","link":"https:\/\/dana.com.br\/canaldana\/2021\/09\/10\/comerciais-leves-tem-21-das-vendas-maior-participacao-da-historia\/","title":{"rendered":"Comerciais leves t\u00eam 21% das vendas, maior participa\u00e7\u00e3o da hist\u00f3ria"},"content":{"rendered":"<p><em>AutoInd\u00fastria <\/em><\/p>\n<p>&nbsp;<\/p>\n<p>Os comerciais leves est\u00e3o em alta considera\u00e7\u00e3o nas planilhas de produ\u00e7\u00e3o ou comerciais das montadoras. As vendas desses produtos saltaram nada menos do que 50,5% na compara\u00e7\u00e3o entre os oito primeiros meses de 2021 e 2020, crescimento duas vezes e meia maior do que a m\u00e9dia do mercado, da ordem de 21%, e o triplo do registrado pelos carros de passeio, cujos licenciamentos avan\u00e7aram 14,5%.<\/p>\n<p>&nbsp;<\/p>\n<p>Foram negociados no per\u00edodo 280 mil picapes e furg\u00f5es. Os emplacamentos acumulados representaram 21% das vendas totais de ve\u00edculos leves, a maior fatia do segmento na hist\u00f3ria.<\/p>\n<p>&nbsp;<\/p>\n<p>Ao longo de quase toda a \u00faltima d\u00e9cada esses ve\u00edculos responderam por n\u00e3o mais do que 15% dos licenciamentos, passando a 17% somente no ano passado. E nos primeiros anos deste s\u00e9culo a participa\u00e7\u00e3o era ainda menor, perto de 10%.<\/p>\n<p>&nbsp;<\/p>\n<p>As picapes grandes seguem como o maior fil\u00e3o do segmento. Sozinhas, somam mais da metade das vendas, com 142,7 mil unidades, 50% a mais do que de janeiro a agosto de 2020. As pequenas v\u00eam logo em seguida, com 100,2 mil licenciamentos, mas crescimento ainda mais vigoroso de 62% na compara\u00e7\u00e3o anual. Os furg\u00f5es acumulam 22,1 mil unidades vendidas e os furg\u00f5es pequenos, 9,5 mil.<\/p>\n<p>&nbsp;<\/p>\n<p>As vendas diretas s\u00e3o decisivas para esse desempenho dos comerciais leves bem acima da m\u00e9dia do mercado total. Enquanto a modalidade \u00e9 canal para negocia\u00e7\u00e3o de 38% dos carros de passeio, cerca de 60% das picapes e furg\u00f5es s\u00e3o vendidos diretamente pelos fabricantes a empresas, frotistas, produtores rurais e pequenos empres\u00e1rios.<\/p>\n<p>&nbsp;<\/p>\n<p>A marca que mais tem aproveitado a consistente onda ascendente dos comerciais leves no Brasil \u00e9 a Fiat. N\u00e3o por oportunismo: ela aposta no segmento historicamente, desde sua chegada ao Brasil, em 1976.<\/p>\n<p>&nbsp;<\/p>\n<p>Com cinco modelos, a Fiat det\u00e9m 51,3% do segmento, com 143,5 mil unidades vendidas, 43% de todos os ve\u00edculos que negociou de janeiro a agosto. Dois deles, por\u00e9m, somam quase 90% do total de comerciais leves Fiat: as picapes Strada, com 79,6 mil licenciamentos, e a Toro, com 47,8 mil.<\/p>\n<p>&nbsp;<\/p>\n<p>Se nenhum fator excepcional atrapalhar suas vendas no \u00faltimo trimestre, a Strada, quase certo, entrar\u00e1 para a hist\u00f3ria como a primeira picape a liderar o mercado interno ao longo de mais de seis d\u00e9cadas. Em 2020, j\u00e1 foi o quarto mais negociado, atr\u00e1s somente dos Chevrolet Onix e Onix Plus e do Hyundai HB20, autom\u00f3veis de passeio compactos.<\/p>\n<p>&nbsp;<\/p>\n<p>Este ano, por\u00e9m, sua maior amea\u00e7a est\u00e1 \u201cdentro de casa\u201d. O Fiat Argo \u00e9 o segundo colocado no ranking, mas com 19 mil emplacamentos a menos, diferen\u00e7a equivalente a quase tr\u00eas meses de suas vendas, que, em agosto, somaram 7,7 mil contra 9,1 mil da Strada.<\/p>\n<p>&nbsp;<\/p>\n<p>A Fiat, assim, j\u00e1 pode estourar o champanhe e preparar a campanha publicit\u00e1ria em comemora\u00e7\u00e3o ao retorno de um modelo seu ao topo depois de sete anos. Em 2014, o Palio ficou \u00e0 frente do Volkswagen Gol e da pr\u00f3pria Strada. Desde ent\u00e3o, s\u00f3 deu Chevrolet Onix na ponta. (AutoInd\u00fastria\/George Guimar\u00e3es)<\/p>\n","protected":false},"excerpt":{"rendered":"<p>AutoInd\u00fastria &nbsp; Os comerciais leves est\u00e3o em alta considera\u00e7\u00e3o nas planilhas de produ\u00e7\u00e3o ou comerciais das montadoras. As vendas desses produtos saltaram nada menos do que 50,5% na compara\u00e7\u00e3o entre os oito primeiros meses de 2021 e 2020, crescimento duas vezes e meia maior do que a m\u00e9dia do mercado, da ordem de 21%, e\u2026 <a class=\"readmore\" href=\"https:\/\/dana.com.br\/canaldana\/2021\/09\/10\/comerciais-leves-tem-21-das-vendas-maior-participacao-da-historia\/\">Leia mais \u00bb<\/a><\/p>\n","protected":false},"author":3,"featured_media":0,"comment_status":"closed","ping_status":"closed","sticky":false,"template":"","format":"standard","meta":{"_acf_changed":false,"footnotes":""},"categories":[61],"tags":[],"class_list":["post-52857","post","type-post","status-publish","format-standard","hentry","category-destaques"],"acf":[],"yoast_head":"<!-- This site is optimized with the Yoast SEO plugin v27.3 - https:\/\/yoast.com\/product\/yoast-seo-wordpress\/ -->\n<title>Comerciais leves t\u00eam 21% das vendas, maior participa\u00e7\u00e3o da hist\u00f3ria - Canal Dana<\/title>\n<meta name=\"robots\" content=\"index, follow, max-snippet:-1, max-image-preview:large, max-video-preview:-1\" \/>\n<link rel=\"canonical\" href=\"https:\/\/dana.com.br\/canaldana\/2021\/09\/10\/comerciais-leves-tem-21-das-vendas-maior-participacao-da-historia\/\" \/>\n<meta property=\"og:locale\" content=\"pt_BR\" \/>\n<meta property=\"og:type\" content=\"article\" \/>\n<meta property=\"og:title\" content=\"Comerciais leves t\u00eam 21% das vendas, maior participa\u00e7\u00e3o da hist\u00f3ria - Canal Dana\" \/>\n<meta property=\"og:description\" content=\"AutoInd\u00fastria &nbsp; Os comerciais leves est\u00e3o em alta considera\u00e7\u00e3o nas planilhas de produ\u00e7\u00e3o ou comerciais das montadoras. As vendas desses produtos saltaram nada menos do que 50,5% na compara\u00e7\u00e3o entre os oito primeiros meses de 2021 e 2020, crescimento duas vezes e meia maior do que a m\u00e9dia do mercado, da ordem de 21%, e\u2026 Leia mais \u00bb\" \/>\n<meta property=\"og:url\" content=\"https:\/\/dana.com.br\/canaldana\/2021\/09\/10\/comerciais-leves-tem-21-das-vendas-maior-participacao-da-historia\/\" \/>\n<meta property=\"og:site_name\" content=\"Canal Dana\" \/>\n<meta property=\"article:published_time\" content=\"2021-09-10T12:03:23+00:00\" \/>\n<meta name=\"author\" content=\"Canal Dana\" \/>\n<meta name=\"twitter:card\" content=\"summary_large_image\" \/>\n<meta name=\"twitter:label1\" content=\"Escrito por\" \/>\n\t<meta name=\"twitter:data1\" content=\"Canal Dana\" \/>\n\t<meta name=\"twitter:label2\" content=\"Est. tempo de leitura\" \/>\n\t<meta name=\"twitter:data2\" content=\"3 minutos\" \/>\n<script type=\"application\/ld+json\" class=\"yoast-schema-graph\">{\"@context\":\"https:\\\/\\\/schema.org\",\"@graph\":[{\"@type\":\"Article\",\"@id\":\"https:\\\/\\\/dana.com.br\\\/canaldana\\\/2021\\\/09\\\/10\\\/comerciais-leves-tem-21-das-vendas-maior-participacao-da-historia\\\/#article\",\"isPartOf\":{\"@id\":\"https:\\\/\\\/dana.com.br\\\/canaldana\\\/2021\\\/09\\\/10\\\/comerciais-leves-tem-21-das-vendas-maior-participacao-da-historia\\\/\"},\"author\":{\"name\":\"Canal Dana\",\"@id\":\"https:\\\/\\\/dana.com.br\\\/canaldana\\\/#\\\/schema\\\/person\\\/3c21f22f56fcf3bc46b94bc60ea4fef6\"},\"headline\":\"Comerciais leves t\u00eam 21% das vendas, maior participa\u00e7\u00e3o da hist\u00f3ria\",\"datePublished\":\"2021-09-10T12:03:23+00:00\",\"mainEntityOfPage\":{\"@id\":\"https:\\\/\\\/dana.com.br\\\/canaldana\\\/2021\\\/09\\\/10\\\/comerciais-leves-tem-21-das-vendas-maior-participacao-da-historia\\\/\"},\"wordCount\":520,\"articleSection\":[\"Destaques\"],\"inLanguage\":\"pt-BR\"},{\"@type\":\"WebPage\",\"@id\":\"https:\\\/\\\/dana.com.br\\\/canaldana\\\/2021\\\/09\\\/10\\\/comerciais-leves-tem-21-das-vendas-maior-participacao-da-historia\\\/\",\"url\":\"https:\\\/\\\/dana.com.br\\\/canaldana\\\/2021\\\/09\\\/10\\\/comerciais-leves-tem-21-das-vendas-maior-participacao-da-historia\\\/\",\"name\":\"Comerciais leves t\u00eam 21% das vendas, maior participa\u00e7\u00e3o da hist\u00f3ria - Canal Dana\",\"isPartOf\":{\"@id\":\"https:\\\/\\\/dana.com.br\\\/canaldana\\\/#website\"},\"datePublished\":\"2021-09-10T12:03:23+00:00\",\"author\":{\"@id\":\"https:\\\/\\\/dana.com.br\\\/canaldana\\\/#\\\/schema\\\/person\\\/3c21f22f56fcf3bc46b94bc60ea4fef6\"},\"breadcrumb\":{\"@id\":\"https:\\\/\\\/dana.com.br\\\/canaldana\\\/2021\\\/09\\\/10\\\/comerciais-leves-tem-21-das-vendas-maior-participacao-da-historia\\\/#breadcrumb\"},\"inLanguage\":\"pt-BR\",\"potentialAction\":[{\"@type\":\"ReadAction\",\"target\":[\"https:\\\/\\\/dana.com.br\\\/canaldana\\\/2021\\\/09\\\/10\\\/comerciais-leves-tem-21-das-vendas-maior-participacao-da-historia\\\/\"]}]},{\"@type\":\"BreadcrumbList\",\"@id\":\"https:\\\/\\\/dana.com.br\\\/canaldana\\\/2021\\\/09\\\/10\\\/comerciais-leves-tem-21-das-vendas-maior-participacao-da-historia\\\/#breadcrumb\",\"itemListElement\":[{\"@type\":\"ListItem\",\"position\":1,\"name\":\"Home\",\"item\":\"https:\\\/\\\/dana.com.br\\\/canaldana\\\/\"},{\"@type\":\"ListItem\",\"position\":2,\"name\":\"Destaques\",\"item\":\"https:\\\/\\\/dana.com.br\\\/canaldana\\\/destaques\\\/\"},{\"@type\":\"ListItem\",\"position\":3,\"name\":\"Comerciais leves t\u00eam 21% das vendas, maior participa\u00e7\u00e3o da hist\u00f3ria\"}]},{\"@type\":\"WebSite\",\"@id\":\"https:\\\/\\\/dana.com.br\\\/canaldana\\\/#website\",\"url\":\"https:\\\/\\\/dana.com.br\\\/canaldana\\\/\",\"name\":\"Canal Dana\",\"description\":\"Informativo com as principais not\u00edcias da ind\u00fastria automotiva\",\"potentialAction\":[{\"@type\":\"SearchAction\",\"target\":{\"@type\":\"EntryPoint\",\"urlTemplate\":\"https:\\\/\\\/dana.com.br\\\/canaldana\\\/?s={search_term_string}\"},\"query-input\":{\"@type\":\"PropertyValueSpecification\",\"valueRequired\":true,\"valueName\":\"search_term_string\"}}],\"inLanguage\":\"pt-BR\"},{\"@type\":\"Person\",\"@id\":\"https:\\\/\\\/dana.com.br\\\/canaldana\\\/#\\\/schema\\\/person\\\/3c21f22f56fcf3bc46b94bc60ea4fef6\",\"name\":\"Canal Dana\",\"image\":{\"@type\":\"ImageObject\",\"inLanguage\":\"pt-BR\",\"@id\":\"https:\\\/\\\/secure.gravatar.com\\\/avatar\\\/420aaf9278582877d9018637c6817617705899d2858d7572ef0fe59a6b6454b4?s=96&d=mm&r=g\",\"url\":\"https:\\\/\\\/secure.gravatar.com\\\/avatar\\\/420aaf9278582877d9018637c6817617705899d2858d7572ef0fe59a6b6454b4?s=96&d=mm&r=g\",\"contentUrl\":\"https:\\\/\\\/secure.gravatar.com\\\/avatar\\\/420aaf9278582877d9018637c6817617705899d2858d7572ef0fe59a6b6454b4?s=96&d=mm&r=g\",\"caption\":\"Canal Dana\"},\"url\":\"https:\\\/\\\/dana.com.br\\\/canaldana\\\/author\\\/cdeditor\\\/\"}]}<\/script>\n<!-- \/ Yoast SEO plugin. -->","yoast_head_json":{"title":"Comerciais leves t\u00eam 21% das vendas, maior participa\u00e7\u00e3o da hist\u00f3ria - Canal Dana","robots":{"index":"index","follow":"follow","max-snippet":"max-snippet:-1","max-image-preview":"max-image-preview:large","max-video-preview":"max-video-preview:-1"},"canonical":"https:\/\/dana.com.br\/canaldana\/2021\/09\/10\/comerciais-leves-tem-21-das-vendas-maior-participacao-da-historia\/","og_locale":"pt_BR","og_type":"article","og_title":"Comerciais leves t\u00eam 21% das vendas, maior participa\u00e7\u00e3o da hist\u00f3ria - Canal Dana","og_description":"AutoInd\u00fastria &nbsp; Os comerciais leves est\u00e3o em alta considera\u00e7\u00e3o nas planilhas de produ\u00e7\u00e3o ou comerciais das montadoras. As vendas desses produtos saltaram nada menos do que 50,5% na compara\u00e7\u00e3o entre os oito primeiros meses de 2021 e 2020, crescimento duas vezes e meia maior do que a m\u00e9dia do mercado, da ordem de 21%, e\u2026 Leia mais \u00bb","og_url":"https:\/\/dana.com.br\/canaldana\/2021\/09\/10\/comerciais-leves-tem-21-das-vendas-maior-participacao-da-historia\/","og_site_name":"Canal Dana","article_published_time":"2021-09-10T12:03:23+00:00","author":"Canal Dana","twitter_card":"summary_large_image","twitter_misc":{"Escrito por":"Canal Dana","Est. tempo de leitura":"3 minutos"},"schema":{"@context":"https:\/\/schema.org","@graph":[{"@type":"Article","@id":"https:\/\/dana.com.br\/canaldana\/2021\/09\/10\/comerciais-leves-tem-21-das-vendas-maior-participacao-da-historia\/#article","isPartOf":{"@id":"https:\/\/dana.com.br\/canaldana\/2021\/09\/10\/comerciais-leves-tem-21-das-vendas-maior-participacao-da-historia\/"},"author":{"name":"Canal Dana","@id":"https:\/\/dana.com.br\/canaldana\/#\/schema\/person\/3c21f22f56fcf3bc46b94bc60ea4fef6"},"headline":"Comerciais leves t\u00eam 21% das vendas, maior participa\u00e7\u00e3o da hist\u00f3ria","datePublished":"2021-09-10T12:03:23+00:00","mainEntityOfPage":{"@id":"https:\/\/dana.com.br\/canaldana\/2021\/09\/10\/comerciais-leves-tem-21-das-vendas-maior-participacao-da-historia\/"},"wordCount":520,"articleSection":["Destaques"],"inLanguage":"pt-BR"},{"@type":"WebPage","@id":"https:\/\/dana.com.br\/canaldana\/2021\/09\/10\/comerciais-leves-tem-21-das-vendas-maior-participacao-da-historia\/","url":"https:\/\/dana.com.br\/canaldana\/2021\/09\/10\/comerciais-leves-tem-21-das-vendas-maior-participacao-da-historia\/","name":"Comerciais leves t\u00eam 21% das vendas, maior participa\u00e7\u00e3o da hist\u00f3ria - Canal Dana","isPartOf":{"@id":"https:\/\/dana.com.br\/canaldana\/#website"},"datePublished":"2021-09-10T12:03:23+00:00","author":{"@id":"https:\/\/dana.com.br\/canaldana\/#\/schema\/person\/3c21f22f56fcf3bc46b94bc60ea4fef6"},"breadcrumb":{"@id":"https:\/\/dana.com.br\/canaldana\/2021\/09\/10\/comerciais-leves-tem-21-das-vendas-maior-participacao-da-historia\/#breadcrumb"},"inLanguage":"pt-BR","potentialAction":[{"@type":"ReadAction","target":["https:\/\/dana.com.br\/canaldana\/2021\/09\/10\/comerciais-leves-tem-21-das-vendas-maior-participacao-da-historia\/"]}]},{"@type":"BreadcrumbList","@id":"https:\/\/dana.com.br\/canaldana\/2021\/09\/10\/comerciais-leves-tem-21-das-vendas-maior-participacao-da-historia\/#breadcrumb","itemListElement":[{"@type":"ListItem","position":1,"name":"Home","item":"https:\/\/dana.com.br\/canaldana\/"},{"@type":"ListItem","position":2,"name":"Destaques","item":"https:\/\/dana.com.br\/canaldana\/destaques\/"},{"@type":"ListItem","position":3,"name":"Comerciais leves t\u00eam 21% das vendas, maior participa\u00e7\u00e3o da hist\u00f3ria"}]},{"@type":"WebSite","@id":"https:\/\/dana.com.br\/canaldana\/#website","url":"https:\/\/dana.com.br\/canaldana\/","name":"Canal Dana","description":"Informativo com as principais not\u00edcias da ind\u00fastria automotiva","potentialAction":[{"@type":"SearchAction","target":{"@type":"EntryPoint","urlTemplate":"https:\/\/dana.com.br\/canaldana\/?s={search_term_string}"},"query-input":{"@type":"PropertyValueSpecification","valueRequired":true,"valueName":"search_term_string"}}],"inLanguage":"pt-BR"},{"@type":"Person","@id":"https:\/\/dana.com.br\/canaldana\/#\/schema\/person\/3c21f22f56fcf3bc46b94bc60ea4fef6","name":"Canal Dana","image":{"@type":"ImageObject","inLanguage":"pt-BR","@id":"https:\/\/secure.gravatar.com\/avatar\/420aaf9278582877d9018637c6817617705899d2858d7572ef0fe59a6b6454b4?s=96&d=mm&r=g","url":"https:\/\/secure.gravatar.com\/avatar\/420aaf9278582877d9018637c6817617705899d2858d7572ef0fe59a6b6454b4?s=96&d=mm&r=g","contentUrl":"https:\/\/secure.gravatar.com\/avatar\/420aaf9278582877d9018637c6817617705899d2858d7572ef0fe59a6b6454b4?s=96&d=mm&r=g","caption":"Canal Dana"},"url":"https:\/\/dana.com.br\/canaldana\/author\/cdeditor\/"}]}},"_links":{"self":[{"href":"https:\/\/dana.com.br\/canaldana\/wp-json\/wp\/v2\/posts\/52857","targetHints":{"allow":["GET"]}}],"collection":[{"href":"https:\/\/dana.com.br\/canaldana\/wp-json\/wp\/v2\/posts"}],"about":[{"href":"https:\/\/dana.com.br\/canaldana\/wp-json\/wp\/v2\/types\/post"}],"author":[{"embeddable":true,"href":"https:\/\/dana.com.br\/canaldana\/wp-json\/wp\/v2\/users\/3"}],"replies":[{"embeddable":true,"href":"https:\/\/dana.com.br\/canaldana\/wp-json\/wp\/v2\/comments?post=52857"}],"version-history":[{"count":0,"href":"https:\/\/dana.com.br\/canaldana\/wp-json\/wp\/v2\/posts\/52857\/revisions"}],"wp:attachment":[{"href":"https:\/\/dana.com.br\/canaldana\/wp-json\/wp\/v2\/media?parent=52857"}],"wp:term":[{"taxonomy":"category","embeddable":true,"href":"https:\/\/dana.com.br\/canaldana\/wp-json\/wp\/v2\/categories?post=52857"},{"taxonomy":"post_tag","embeddable":true,"href":"https:\/\/dana.com.br\/canaldana\/wp-json\/wp\/v2\/tags?post=52857"}],"curies":[{"name":"wp","href":"https:\/\/api.w.org\/{rel}","templated":true}]}}