{"id":52837,"date":"2021-09-10T08:56:36","date_gmt":"2021-09-10T11:56:36","guid":{"rendered":"https:\/\/dana.com.br\/canaldana\/?p=52837"},"modified":"2021-09-10T08:56:36","modified_gmt":"2021-09-10T11:56:36","slug":"novos-caminhoes-eletricos-da-volkswagen-tem-garantia-de-ate-400-mil-quilometros","status":"publish","type":"post","link":"https:\/\/dana.com.br\/canaldana\/2021\/09\/10\/novos-caminhoes-eletricos-da-volkswagen-tem-garantia-de-ate-400-mil-quilometros\/","title":{"rendered":"Novos caminh\u00f5es el\u00e9tricos da Volkswagen tem garantia de at\u00e9 400 mil quil\u00f4metros"},"content":{"rendered":"<p><em>Blog do Caminhoneiro<\/em><\/p>\n<p>&nbsp;<\/p>\n<p>Afirmando a efici\u00eancia de seus caminh\u00f5es el\u00e9tricos e-Delivery, a Volkswagen criou pacotes especiais de garantia para os modelos, que variam conforme a vers\u00e3o, 11 ou 14 toneladas, e as especifica\u00e7\u00e3o das baterias, al\u00e9m de outros detalhes da aquisi\u00e7\u00e3o.<\/p>\n<p>&nbsp;<\/p>\n<p>No pacote b\u00e1sico para os modelos de tr\u00eas ou seis baterias, o conjunto do ve\u00edculo, powertrain e baterias t\u00eam garantia de um ano, ou at\u00e9 100 mil km no pacote de tr\u00eas baterias e, de at\u00e9 200 mil km para o pacote de seis baterias.<\/p>\n<p>&nbsp;<\/p>\n<p>J\u00e1 no pacote com o sistema RIO habilitado, a garantia das baterias vai para tr\u00eas anos ou at\u00e9 150 mil km para ve\u00edculos com pacotes de tr\u00eas baterias e de at\u00e9 300 mil km para ve\u00edculos com pacote de seis baterias. Nessa condi\u00e7\u00e3o, o ve\u00edculo ganha um ano adicional de garantia no powertrain.<\/p>\n<p>&nbsp;<\/p>\n<p>O terceiro pacote com o sistema RIO habilitado mais a estrutura de carregadores dos parceiros homologados, faz a garantia das baterias passar para cinco anos, ou at\u00e9 250 mil km para o pacote de tr\u00eas baterias e de at\u00e9 400 mil km para o pacote de seis baterias. As garantias do ve\u00edculo e do powertrain se mant\u00eam em um e dois anos, respectivamente.<\/p>\n<p>&nbsp;<\/p>\n<p>Al\u00e9m da ampla faixa de garantia, a montadora garante um fornecimento completo de pe\u00e7as e componentes eletr\u00f4nicos que s\u00e3o exclusivos dos caminh\u00f5es el\u00e9tricos, na rede de concession\u00e1rios da marca. Gra\u00e7as \u00e0 tecnologia inovadora e robustez do trem de for\u00e7a, o caminh\u00e3o el\u00e9trico proporciona aos clientes a otimiza\u00e7\u00e3o da sua manuten\u00e7\u00e3o, resultando em maior disponibilidade na opera\u00e7\u00e3o.<\/p>\n<p>&nbsp;<\/p>\n<p>Al\u00e9m das pe\u00e7as comuns com outros ve\u00edculos da linha convencional, j\u00e1 amplamente dispon\u00edveis atrav\u00e9s da rede de concession\u00e1rios, a Volkswagen Caminh\u00f5es e \u00d4nibus tamb\u00e9m investiu para garantir o pronto atendimento dos novos itens exclusivos do VW e-Delivery.<\/p>\n<p>&nbsp;<\/p>\n<p>Com o treinamento e prepara\u00e7\u00e3o da rede para o diagn\u00f3stico dos ve\u00edculos e com a garantia de itens exclusivos da marca VWCO, o cliente VW e-Delivery tem maior seguran\u00e7a na manuten\u00e7\u00e3o do ve\u00edculo e redu\u00e7\u00e3o da complexidade dos principais componentes, diminuindo assim o custo de manuten\u00e7\u00e3o do caminh\u00e3o. (Blog do Caminhoneiro\/Rafael Brusque)<\/p>\n","protected":false},"excerpt":{"rendered":"<p>Blog do Caminhoneiro &nbsp; Afirmando a efici\u00eancia de seus caminh\u00f5es el\u00e9tricos e-Delivery, a Volkswagen criou pacotes especiais de garantia para os modelos, que variam conforme a vers\u00e3o, 11 ou 14 toneladas, e as especifica\u00e7\u00e3o das baterias, al\u00e9m de outros detalhes da aquisi\u00e7\u00e3o. &nbsp; No pacote b\u00e1sico para os modelos de tr\u00eas ou seis baterias, o\u2026 <a class=\"readmore\" href=\"https:\/\/dana.com.br\/canaldana\/2021\/09\/10\/novos-caminhoes-eletricos-da-volkswagen-tem-garantia-de-ate-400-mil-quilometros\/\">Leia mais \u00bb<\/a><\/p>\n","protected":false},"author":3,"featured_media":0,"comment_status":"closed","ping_status":"closed","sticky":false,"template":"","format":"standard","meta":{"_acf_changed":false,"footnotes":""},"categories":[110],"tags":[],"class_list":["post-52837","post","type-post","status-publish","format-standard","hentry","category-eletricos"],"acf":[],"yoast_head":"<!-- This site is optimized with the Yoast SEO plugin v27.3 - https:\/\/yoast.com\/product\/yoast-seo-wordpress\/ -->\n<title>Novos caminh\u00f5es el\u00e9tricos da Volkswagen tem garantia de at\u00e9 400 mil quil\u00f4metros - Canal Dana<\/title>\n<meta name=\"robots\" content=\"index, follow, max-snippet:-1, max-image-preview:large, max-video-preview:-1\" \/>\n<link rel=\"canonical\" href=\"https:\/\/dana.com.br\/canaldana\/2021\/09\/10\/novos-caminhoes-eletricos-da-volkswagen-tem-garantia-de-ate-400-mil-quilometros\/\" \/>\n<meta property=\"og:locale\" content=\"pt_BR\" \/>\n<meta property=\"og:type\" content=\"article\" \/>\n<meta property=\"og:title\" content=\"Novos caminh\u00f5es el\u00e9tricos da Volkswagen tem garantia de at\u00e9 400 mil quil\u00f4metros - Canal Dana\" \/>\n<meta property=\"og:description\" content=\"Blog do Caminhoneiro &nbsp; Afirmando a efici\u00eancia de seus caminh\u00f5es el\u00e9tricos e-Delivery, a Volkswagen criou pacotes especiais de garantia para os modelos, que variam conforme a vers\u00e3o, 11 ou 14 toneladas, e as especifica\u00e7\u00e3o das baterias, al\u00e9m de outros detalhes da aquisi\u00e7\u00e3o. &nbsp; No pacote b\u00e1sico para os modelos de tr\u00eas ou seis baterias, o\u2026 Leia mais \u00bb\" \/>\n<meta property=\"og:url\" content=\"https:\/\/dana.com.br\/canaldana\/2021\/09\/10\/novos-caminhoes-eletricos-da-volkswagen-tem-garantia-de-ate-400-mil-quilometros\/\" \/>\n<meta property=\"og:site_name\" content=\"Canal Dana\" \/>\n<meta property=\"article:published_time\" content=\"2021-09-10T11:56:36+00:00\" \/>\n<meta name=\"author\" content=\"Canal Dana\" \/>\n<meta name=\"twitter:card\" content=\"summary_large_image\" \/>\n<meta name=\"twitter:label1\" content=\"Escrito por\" \/>\n\t<meta name=\"twitter:data1\" content=\"Canal Dana\" \/>\n\t<meta name=\"twitter:label2\" content=\"Est. tempo de leitura\" \/>\n\t<meta name=\"twitter:data2\" content=\"2 minutos\" \/>\n<script type=\"application\/ld+json\" class=\"yoast-schema-graph\">{\"@context\":\"https:\\\/\\\/schema.org\",\"@graph\":[{\"@type\":\"Article\",\"@id\":\"https:\\\/\\\/dana.com.br\\\/canaldana\\\/2021\\\/09\\\/10\\\/novos-caminhoes-eletricos-da-volkswagen-tem-garantia-de-ate-400-mil-quilometros\\\/#article\",\"isPartOf\":{\"@id\":\"https:\\\/\\\/dana.com.br\\\/canaldana\\\/2021\\\/09\\\/10\\\/novos-caminhoes-eletricos-da-volkswagen-tem-garantia-de-ate-400-mil-quilometros\\\/\"},\"author\":{\"name\":\"Canal Dana\",\"@id\":\"https:\\\/\\\/dana.com.br\\\/canaldana\\\/#\\\/schema\\\/person\\\/3c21f22f56fcf3bc46b94bc60ea4fef6\"},\"headline\":\"Novos caminh\u00f5es el\u00e9tricos da Volkswagen tem garantia de at\u00e9 400 mil quil\u00f4metros\",\"datePublished\":\"2021-09-10T11:56:36+00:00\",\"mainEntityOfPage\":{\"@id\":\"https:\\\/\\\/dana.com.br\\\/canaldana\\\/2021\\\/09\\\/10\\\/novos-caminhoes-eletricos-da-volkswagen-tem-garantia-de-ate-400-mil-quilometros\\\/\"},\"wordCount\":412,\"articleSection\":[\"El\u00e9tricos\"],\"inLanguage\":\"pt-BR\"},{\"@type\":\"WebPage\",\"@id\":\"https:\\\/\\\/dana.com.br\\\/canaldana\\\/2021\\\/09\\\/10\\\/novos-caminhoes-eletricos-da-volkswagen-tem-garantia-de-ate-400-mil-quilometros\\\/\",\"url\":\"https:\\\/\\\/dana.com.br\\\/canaldana\\\/2021\\\/09\\\/10\\\/novos-caminhoes-eletricos-da-volkswagen-tem-garantia-de-ate-400-mil-quilometros\\\/\",\"name\":\"Novos caminh\u00f5es el\u00e9tricos da Volkswagen tem garantia de at\u00e9 400 mil quil\u00f4metros - Canal Dana\",\"isPartOf\":{\"@id\":\"https:\\\/\\\/dana.com.br\\\/canaldana\\\/#website\"},\"datePublished\":\"2021-09-10T11:56:36+00:00\",\"author\":{\"@id\":\"https:\\\/\\\/dana.com.br\\\/canaldana\\\/#\\\/schema\\\/person\\\/3c21f22f56fcf3bc46b94bc60ea4fef6\"},\"breadcrumb\":{\"@id\":\"https:\\\/\\\/dana.com.br\\\/canaldana\\\/2021\\\/09\\\/10\\\/novos-caminhoes-eletricos-da-volkswagen-tem-garantia-de-ate-400-mil-quilometros\\\/#breadcrumb\"},\"inLanguage\":\"pt-BR\",\"potentialAction\":[{\"@type\":\"ReadAction\",\"target\":[\"https:\\\/\\\/dana.com.br\\\/canaldana\\\/2021\\\/09\\\/10\\\/novos-caminhoes-eletricos-da-volkswagen-tem-garantia-de-ate-400-mil-quilometros\\\/\"]}]},{\"@type\":\"BreadcrumbList\",\"@id\":\"https:\\\/\\\/dana.com.br\\\/canaldana\\\/2021\\\/09\\\/10\\\/novos-caminhoes-eletricos-da-volkswagen-tem-garantia-de-ate-400-mil-quilometros\\\/#breadcrumb\",\"itemListElement\":[{\"@type\":\"ListItem\",\"position\":1,\"name\":\"Home\",\"item\":\"https:\\\/\\\/dana.com.br\\\/canaldana\\\/\"},{\"@type\":\"ListItem\",\"position\":2,\"name\":\"El\u00e9tricos\",\"item\":\"https:\\\/\\\/dana.com.br\\\/canaldana\\\/eletricos\\\/\"},{\"@type\":\"ListItem\",\"position\":3,\"name\":\"Novos caminh\u00f5es el\u00e9tricos da Volkswagen tem garantia de at\u00e9 400 mil quil\u00f4metros\"}]},{\"@type\":\"WebSite\",\"@id\":\"https:\\\/\\\/dana.com.br\\\/canaldana\\\/#website\",\"url\":\"https:\\\/\\\/dana.com.br\\\/canaldana\\\/\",\"name\":\"Canal Dana\",\"description\":\"Informativo com as principais not\u00edcias da ind\u00fastria automotiva\",\"potentialAction\":[{\"@type\":\"SearchAction\",\"target\":{\"@type\":\"EntryPoint\",\"urlTemplate\":\"https:\\\/\\\/dana.com.br\\\/canaldana\\\/?s={search_term_string}\"},\"query-input\":{\"@type\":\"PropertyValueSpecification\",\"valueRequired\":true,\"valueName\":\"search_term_string\"}}],\"inLanguage\":\"pt-BR\"},{\"@type\":\"Person\",\"@id\":\"https:\\\/\\\/dana.com.br\\\/canaldana\\\/#\\\/schema\\\/person\\\/3c21f22f56fcf3bc46b94bc60ea4fef6\",\"name\":\"Canal Dana\",\"image\":{\"@type\":\"ImageObject\",\"inLanguage\":\"pt-BR\",\"@id\":\"https:\\\/\\\/secure.gravatar.com\\\/avatar\\\/420aaf9278582877d9018637c6817617705899d2858d7572ef0fe59a6b6454b4?s=96&d=mm&r=g\",\"url\":\"https:\\\/\\\/secure.gravatar.com\\\/avatar\\\/420aaf9278582877d9018637c6817617705899d2858d7572ef0fe59a6b6454b4?s=96&d=mm&r=g\",\"contentUrl\":\"https:\\\/\\\/secure.gravatar.com\\\/avatar\\\/420aaf9278582877d9018637c6817617705899d2858d7572ef0fe59a6b6454b4?s=96&d=mm&r=g\",\"caption\":\"Canal Dana\"},\"url\":\"https:\\\/\\\/dana.com.br\\\/canaldana\\\/author\\\/cdeditor\\\/\"}]}<\/script>\n<!-- \/ Yoast SEO plugin. -->","yoast_head_json":{"title":"Novos caminh\u00f5es el\u00e9tricos da Volkswagen tem garantia de at\u00e9 400 mil quil\u00f4metros - Canal Dana","robots":{"index":"index","follow":"follow","max-snippet":"max-snippet:-1","max-image-preview":"max-image-preview:large","max-video-preview":"max-video-preview:-1"},"canonical":"https:\/\/dana.com.br\/canaldana\/2021\/09\/10\/novos-caminhoes-eletricos-da-volkswagen-tem-garantia-de-ate-400-mil-quilometros\/","og_locale":"pt_BR","og_type":"article","og_title":"Novos caminh\u00f5es el\u00e9tricos da Volkswagen tem garantia de at\u00e9 400 mil quil\u00f4metros - Canal Dana","og_description":"Blog do Caminhoneiro &nbsp; Afirmando a efici\u00eancia de seus caminh\u00f5es el\u00e9tricos e-Delivery, a Volkswagen criou pacotes especiais de garantia para os modelos, que variam conforme a vers\u00e3o, 11 ou 14 toneladas, e as especifica\u00e7\u00e3o das baterias, al\u00e9m de outros detalhes da aquisi\u00e7\u00e3o. &nbsp; No pacote b\u00e1sico para os modelos de tr\u00eas ou seis baterias, o\u2026 Leia mais \u00bb","og_url":"https:\/\/dana.com.br\/canaldana\/2021\/09\/10\/novos-caminhoes-eletricos-da-volkswagen-tem-garantia-de-ate-400-mil-quilometros\/","og_site_name":"Canal Dana","article_published_time":"2021-09-10T11:56:36+00:00","author":"Canal Dana","twitter_card":"summary_large_image","twitter_misc":{"Escrito por":"Canal Dana","Est. tempo de leitura":"2 minutos"},"schema":{"@context":"https:\/\/schema.org","@graph":[{"@type":"Article","@id":"https:\/\/dana.com.br\/canaldana\/2021\/09\/10\/novos-caminhoes-eletricos-da-volkswagen-tem-garantia-de-ate-400-mil-quilometros\/#article","isPartOf":{"@id":"https:\/\/dana.com.br\/canaldana\/2021\/09\/10\/novos-caminhoes-eletricos-da-volkswagen-tem-garantia-de-ate-400-mil-quilometros\/"},"author":{"name":"Canal Dana","@id":"https:\/\/dana.com.br\/canaldana\/#\/schema\/person\/3c21f22f56fcf3bc46b94bc60ea4fef6"},"headline":"Novos caminh\u00f5es el\u00e9tricos da Volkswagen tem garantia de at\u00e9 400 mil quil\u00f4metros","datePublished":"2021-09-10T11:56:36+00:00","mainEntityOfPage":{"@id":"https:\/\/dana.com.br\/canaldana\/2021\/09\/10\/novos-caminhoes-eletricos-da-volkswagen-tem-garantia-de-ate-400-mil-quilometros\/"},"wordCount":412,"articleSection":["El\u00e9tricos"],"inLanguage":"pt-BR"},{"@type":"WebPage","@id":"https:\/\/dana.com.br\/canaldana\/2021\/09\/10\/novos-caminhoes-eletricos-da-volkswagen-tem-garantia-de-ate-400-mil-quilometros\/","url":"https:\/\/dana.com.br\/canaldana\/2021\/09\/10\/novos-caminhoes-eletricos-da-volkswagen-tem-garantia-de-ate-400-mil-quilometros\/","name":"Novos caminh\u00f5es el\u00e9tricos da Volkswagen tem garantia de at\u00e9 400 mil quil\u00f4metros - Canal Dana","isPartOf":{"@id":"https:\/\/dana.com.br\/canaldana\/#website"},"datePublished":"2021-09-10T11:56:36+00:00","author":{"@id":"https:\/\/dana.com.br\/canaldana\/#\/schema\/person\/3c21f22f56fcf3bc46b94bc60ea4fef6"},"breadcrumb":{"@id":"https:\/\/dana.com.br\/canaldana\/2021\/09\/10\/novos-caminhoes-eletricos-da-volkswagen-tem-garantia-de-ate-400-mil-quilometros\/#breadcrumb"},"inLanguage":"pt-BR","potentialAction":[{"@type":"ReadAction","target":["https:\/\/dana.com.br\/canaldana\/2021\/09\/10\/novos-caminhoes-eletricos-da-volkswagen-tem-garantia-de-ate-400-mil-quilometros\/"]}]},{"@type":"BreadcrumbList","@id":"https:\/\/dana.com.br\/canaldana\/2021\/09\/10\/novos-caminhoes-eletricos-da-volkswagen-tem-garantia-de-ate-400-mil-quilometros\/#breadcrumb","itemListElement":[{"@type":"ListItem","position":1,"name":"Home","item":"https:\/\/dana.com.br\/canaldana\/"},{"@type":"ListItem","position":2,"name":"El\u00e9tricos","item":"https:\/\/dana.com.br\/canaldana\/eletricos\/"},{"@type":"ListItem","position":3,"name":"Novos caminh\u00f5es el\u00e9tricos da Volkswagen tem garantia de at\u00e9 400 mil quil\u00f4metros"}]},{"@type":"WebSite","@id":"https:\/\/dana.com.br\/canaldana\/#website","url":"https:\/\/dana.com.br\/canaldana\/","name":"Canal Dana","description":"Informativo com as principais not\u00edcias da ind\u00fastria automotiva","potentialAction":[{"@type":"SearchAction","target":{"@type":"EntryPoint","urlTemplate":"https:\/\/dana.com.br\/canaldana\/?s={search_term_string}"},"query-input":{"@type":"PropertyValueSpecification","valueRequired":true,"valueName":"search_term_string"}}],"inLanguage":"pt-BR"},{"@type":"Person","@id":"https:\/\/dana.com.br\/canaldana\/#\/schema\/person\/3c21f22f56fcf3bc46b94bc60ea4fef6","name":"Canal Dana","image":{"@type":"ImageObject","inLanguage":"pt-BR","@id":"https:\/\/secure.gravatar.com\/avatar\/420aaf9278582877d9018637c6817617705899d2858d7572ef0fe59a6b6454b4?s=96&d=mm&r=g","url":"https:\/\/secure.gravatar.com\/avatar\/420aaf9278582877d9018637c6817617705899d2858d7572ef0fe59a6b6454b4?s=96&d=mm&r=g","contentUrl":"https:\/\/secure.gravatar.com\/avatar\/420aaf9278582877d9018637c6817617705899d2858d7572ef0fe59a6b6454b4?s=96&d=mm&r=g","caption":"Canal Dana"},"url":"https:\/\/dana.com.br\/canaldana\/author\/cdeditor\/"}]}},"_links":{"self":[{"href":"https:\/\/dana.com.br\/canaldana\/wp-json\/wp\/v2\/posts\/52837","targetHints":{"allow":["GET"]}}],"collection":[{"href":"https:\/\/dana.com.br\/canaldana\/wp-json\/wp\/v2\/posts"}],"about":[{"href":"https:\/\/dana.com.br\/canaldana\/wp-json\/wp\/v2\/types\/post"}],"author":[{"embeddable":true,"href":"https:\/\/dana.com.br\/canaldana\/wp-json\/wp\/v2\/users\/3"}],"replies":[{"embeddable":true,"href":"https:\/\/dana.com.br\/canaldana\/wp-json\/wp\/v2\/comments?post=52837"}],"version-history":[{"count":0,"href":"https:\/\/dana.com.br\/canaldana\/wp-json\/wp\/v2\/posts\/52837\/revisions"}],"wp:attachment":[{"href":"https:\/\/dana.com.br\/canaldana\/wp-json\/wp\/v2\/media?parent=52837"}],"wp:term":[{"taxonomy":"category","embeddable":true,"href":"https:\/\/dana.com.br\/canaldana\/wp-json\/wp\/v2\/categories?post=52837"},{"taxonomy":"post_tag","embeddable":true,"href":"https:\/\/dana.com.br\/canaldana\/wp-json\/wp\/v2\/tags?post=52837"}],"curies":[{"name":"wp","href":"https:\/\/api.w.org\/{rel}","templated":true}]}}