{"id":52835,"date":"2021-09-10T08:56:05","date_gmt":"2021-09-10T11:56:05","guid":{"rendered":"https:\/\/dana.com.br\/canaldana\/?p=52835"},"modified":"2021-09-10T08:56:05","modified_gmt":"2021-09-10T11:56:05","slug":"outra-surpresa-negativa","status":"publish","type":"post","link":"https:\/\/dana.com.br\/canaldana\/2021\/09\/10\/outra-surpresa-negativa\/","title":{"rendered":"Outra surpresa negativa"},"content":{"rendered":"<p><em>O Estado de S. Paulo<\/em><\/p>\n<p>&nbsp;<\/p>\n<p>A infla\u00e7\u00e3o indica desarruma\u00e7\u00e3o na economia mais acentuada do que se vinha contando. Ela vem com prociss\u00e3o de crises.<\/p>\n<p>&nbsp;<\/p>\n<p>O fator mais impactante nessa infla\u00e7\u00e3o de 0,87% de agosto n\u00e3o \u00e9 o de ter sido a mais alta para o m\u00eas em 21 anos. Mas \u00e9 vir acompanhada de uma prociss\u00e3o de crises. Crise institucional, crise pol\u00edtica, crise fiscal, crise h\u00eddrica, crise sanit\u00e1ria, crise ambiental, crise do emprego, crise no suprimento de componentes.<\/p>\n<p>&nbsp;<\/p>\n<p>Apesar de toda essa carga, poucos analistas apostavam que o avan\u00e7o dos pre\u00e7os atingiria tal magnitude. Ela indica desarruma\u00e7\u00e3o na economia mais acentuada do que se vinha contando. \u00c9 verdade que h\u00e1 certo componente da infla\u00e7\u00e3o que \u00e9 importado e tem a ver com o que acontece no mundo inteiro nesse tempo que ainda \u00e9 de pandemia.<\/p>\n<p>&nbsp;<\/p>\n<p>Como a infla\u00e7\u00e3o por aqui \u00e9 mais alta do que na maioria dos pa\u00edses, conclui se que a maior parte da alta de pre\u00e7os no Brasil reflete o ambiente de baixo n\u00edvel de confian\u00e7a na pol\u00edtica econ\u00f4mica e a percep\u00e7\u00e3o de mais turbul\u00eancia \u00e0 medida que se aproximam as elei\u00e7\u00f5es.<\/p>\n<p>&nbsp;<\/p>\n<p>Embora j\u00e1 se veja certo recuo nos pre\u00e7os das commodities, n\u00e3o h\u00e1 ainda sinais de que a infla\u00e7\u00e3o volte a embicar para baixo. Do ponto de vista macroecon\u00f4mico, o quadro geral se encaminha para a estagfla\u00e7\u00e3o (queda do crescimento com infla\u00e7\u00e3o) ou para alguma coisa perto disso.<\/p>\n<p>&nbsp;<\/p>\n<p>O Banco Central falhou no diagn\u00f3stico, porque achava havia alguns meses que o surto seria apenas tempor\u00e1rio. Por isso, demorou demais para acionar sua arma: a pol\u00edtica de juros. Mas j\u00e1 avisou que tratar\u00e1 de puxar a Selic (juros b\u00e1sicos) para n\u00edveis acima dos que seriam puramente neutros e, por isso, agora se espera que, na pr\u00f3xima reuni\u00e3o do Copom, ser\u00e1 obrigado a aument\u00e1-la em at\u00e9 1,5 ponto porcentual ao ano, acima dos 5,25% em que est\u00e1 hoje.<\/p>\n<p>&nbsp;<\/p>\n<p>A infla\u00e7\u00e3o n\u00e3o \u00e9 fen\u00f4meno meramente t\u00e9cnico. Pode vir acompanhada de forte componente psicol\u00f3gico, especialmente agora quando se dissemina a percep\u00e7\u00e3o de que a economia est\u00e1 fora dos trilhos. A disparada dos pre\u00e7os dos combust\u00edveis (gasolina que j\u00e1 ultrapassa os R$ 7 por litro), do g\u00e1s de cozinha (acima dos R$ 100 por botij\u00e3o), em algumas regi\u00f5es, e das tarifas de energia el\u00e9trica carregadas de bandeira vermelha n\u00e3o fica apenas nisso. Tende a disparar em toda a economia movimentos defensivos. Quem se atreve a reclamar com o fornecedor ouve de volta: \u201cMas a gasolina aumentou 39% em 12 meses, a conta de luz foi para onde foi&#8230;\u201d. E o consumidor acaba pagando e, nesse sentido, acaba por sancionar a esticada de pre\u00e7os que pouco tem a ver com a cesta b\u00e1sica.<\/p>\n<p>&nbsp;<\/p>\n<p>\u00c9 o que explica o avan\u00e7o do \u00edndice de difus\u00e3o do IPCA em agosto para 72% contra o de 64% em julho. Esse n\u00famero indica que 72% dos itens que comp\u00f5em a cesta do custo de vida acusaram alta de pre\u00e7os em agosto.<\/p>\n<p>&nbsp;<\/p>\n<p>A infla\u00e7\u00e3o no per\u00edodo de 12 meses terminado em agosto alcan\u00e7ou 9,68% (veja o gr\u00e1fico). Essa proximidade de um \u00edndice de dois d\u00edgitos tamb\u00e9m funciona como mais um fator psicol\u00f3gico adverso.<\/p>\n<p>&nbsp;<\/p>\n<p>\u00c9 cedo para dizer que daqui a dois ou tr\u00eas meses a infla\u00e7\u00e3o recuar\u00e1. (O Estado de S. Paulo\/Celso Ming, comentarista de economia)<\/p>\n","protected":false},"excerpt":{"rendered":"<p>O Estado de S. Paulo &nbsp; A infla\u00e7\u00e3o indica desarruma\u00e7\u00e3o na economia mais acentuada do que se vinha contando. Ela vem com prociss\u00e3o de crises. &nbsp; O fator mais impactante nessa infla\u00e7\u00e3o de 0,87% de agosto n\u00e3o \u00e9 o de ter sido a mais alta para o m\u00eas em 21 anos. Mas \u00e9 vir acompanhada\u2026 <a class=\"readmore\" href=\"https:\/\/dana.com.br\/canaldana\/2021\/09\/10\/outra-surpresa-negativa\/\">Leia mais \u00bb<\/a><\/p>\n","protected":false},"author":3,"featured_media":0,"comment_status":"closed","ping_status":"closed","sticky":false,"template":"","format":"standard","meta":{"_acf_changed":false,"footnotes":""},"categories":[100],"tags":[],"class_list":["post-52835","post","type-post","status-publish","format-standard","hentry","category-artigo"],"acf":[],"yoast_head":"<!-- This site is optimized with the Yoast SEO plugin v27.3 - https:\/\/yoast.com\/product\/yoast-seo-wordpress\/ -->\n<title>Outra surpresa negativa - Canal Dana<\/title>\n<meta name=\"robots\" content=\"index, follow, max-snippet:-1, max-image-preview:large, max-video-preview:-1\" \/>\n<link rel=\"canonical\" href=\"https:\/\/dana.com.br\/canaldana\/2021\/09\/10\/outra-surpresa-negativa\/\" \/>\n<meta property=\"og:locale\" content=\"pt_BR\" \/>\n<meta property=\"og:type\" content=\"article\" \/>\n<meta property=\"og:title\" content=\"Outra surpresa negativa - Canal Dana\" \/>\n<meta property=\"og:description\" content=\"O Estado de S. Paulo &nbsp; A infla\u00e7\u00e3o indica desarruma\u00e7\u00e3o na economia mais acentuada do que se vinha contando. Ela vem com prociss\u00e3o de crises. &nbsp; O fator mais impactante nessa infla\u00e7\u00e3o de 0,87% de agosto n\u00e3o \u00e9 o de ter sido a mais alta para o m\u00eas em 21 anos. Mas \u00e9 vir acompanhada\u2026 Leia mais \u00bb\" \/>\n<meta property=\"og:url\" content=\"https:\/\/dana.com.br\/canaldana\/2021\/09\/10\/outra-surpresa-negativa\/\" \/>\n<meta property=\"og:site_name\" content=\"Canal Dana\" \/>\n<meta property=\"article:published_time\" content=\"2021-09-10T11:56:05+00:00\" \/>\n<meta name=\"author\" content=\"Canal Dana\" \/>\n<meta name=\"twitter:card\" content=\"summary_large_image\" \/>\n<meta name=\"twitter:label1\" content=\"Escrito por\" \/>\n\t<meta name=\"twitter:data1\" content=\"Canal Dana\" \/>\n\t<meta name=\"twitter:label2\" content=\"Est. tempo de leitura\" \/>\n\t<meta name=\"twitter:data2\" content=\"3 minutos\" \/>\n<script type=\"application\/ld+json\" class=\"yoast-schema-graph\">{\"@context\":\"https:\\\/\\\/schema.org\",\"@graph\":[{\"@type\":\"Article\",\"@id\":\"https:\\\/\\\/dana.com.br\\\/canaldana\\\/2021\\\/09\\\/10\\\/outra-surpresa-negativa\\\/#article\",\"isPartOf\":{\"@id\":\"https:\\\/\\\/dana.com.br\\\/canaldana\\\/2021\\\/09\\\/10\\\/outra-surpresa-negativa\\\/\"},\"author\":{\"name\":\"Canal Dana\",\"@id\":\"https:\\\/\\\/dana.com.br\\\/canaldana\\\/#\\\/schema\\\/person\\\/3c21f22f56fcf3bc46b94bc60ea4fef6\"},\"headline\":\"Outra surpresa negativa\",\"datePublished\":\"2021-09-10T11:56:05+00:00\",\"mainEntityOfPage\":{\"@id\":\"https:\\\/\\\/dana.com.br\\\/canaldana\\\/2021\\\/09\\\/10\\\/outra-surpresa-negativa\\\/\"},\"wordCount\":596,\"articleSection\":[\"Artigo\"],\"inLanguage\":\"pt-BR\"},{\"@type\":\"WebPage\",\"@id\":\"https:\\\/\\\/dana.com.br\\\/canaldana\\\/2021\\\/09\\\/10\\\/outra-surpresa-negativa\\\/\",\"url\":\"https:\\\/\\\/dana.com.br\\\/canaldana\\\/2021\\\/09\\\/10\\\/outra-surpresa-negativa\\\/\",\"name\":\"Outra surpresa negativa - Canal Dana\",\"isPartOf\":{\"@id\":\"https:\\\/\\\/dana.com.br\\\/canaldana\\\/#website\"},\"datePublished\":\"2021-09-10T11:56:05+00:00\",\"author\":{\"@id\":\"https:\\\/\\\/dana.com.br\\\/canaldana\\\/#\\\/schema\\\/person\\\/3c21f22f56fcf3bc46b94bc60ea4fef6\"},\"breadcrumb\":{\"@id\":\"https:\\\/\\\/dana.com.br\\\/canaldana\\\/2021\\\/09\\\/10\\\/outra-surpresa-negativa\\\/#breadcrumb\"},\"inLanguage\":\"pt-BR\",\"potentialAction\":[{\"@type\":\"ReadAction\",\"target\":[\"https:\\\/\\\/dana.com.br\\\/canaldana\\\/2021\\\/09\\\/10\\\/outra-surpresa-negativa\\\/\"]}]},{\"@type\":\"BreadcrumbList\",\"@id\":\"https:\\\/\\\/dana.com.br\\\/canaldana\\\/2021\\\/09\\\/10\\\/outra-surpresa-negativa\\\/#breadcrumb\",\"itemListElement\":[{\"@type\":\"ListItem\",\"position\":1,\"name\":\"Home\",\"item\":\"https:\\\/\\\/dana.com.br\\\/canaldana\\\/\"},{\"@type\":\"ListItem\",\"position\":2,\"name\":\"Artigo\",\"item\":\"https:\\\/\\\/dana.com.br\\\/canaldana\\\/artigo\\\/\"},{\"@type\":\"ListItem\",\"position\":3,\"name\":\"Outra surpresa negativa\"}]},{\"@type\":\"WebSite\",\"@id\":\"https:\\\/\\\/dana.com.br\\\/canaldana\\\/#website\",\"url\":\"https:\\\/\\\/dana.com.br\\\/canaldana\\\/\",\"name\":\"Canal Dana\",\"description\":\"Informativo com as principais not\u00edcias da ind\u00fastria automotiva\",\"potentialAction\":[{\"@type\":\"SearchAction\",\"target\":{\"@type\":\"EntryPoint\",\"urlTemplate\":\"https:\\\/\\\/dana.com.br\\\/canaldana\\\/?s={search_term_string}\"},\"query-input\":{\"@type\":\"PropertyValueSpecification\",\"valueRequired\":true,\"valueName\":\"search_term_string\"}}],\"inLanguage\":\"pt-BR\"},{\"@type\":\"Person\",\"@id\":\"https:\\\/\\\/dana.com.br\\\/canaldana\\\/#\\\/schema\\\/person\\\/3c21f22f56fcf3bc46b94bc60ea4fef6\",\"name\":\"Canal Dana\",\"image\":{\"@type\":\"ImageObject\",\"inLanguage\":\"pt-BR\",\"@id\":\"https:\\\/\\\/secure.gravatar.com\\\/avatar\\\/420aaf9278582877d9018637c6817617705899d2858d7572ef0fe59a6b6454b4?s=96&d=mm&r=g\",\"url\":\"https:\\\/\\\/secure.gravatar.com\\\/avatar\\\/420aaf9278582877d9018637c6817617705899d2858d7572ef0fe59a6b6454b4?s=96&d=mm&r=g\",\"contentUrl\":\"https:\\\/\\\/secure.gravatar.com\\\/avatar\\\/420aaf9278582877d9018637c6817617705899d2858d7572ef0fe59a6b6454b4?s=96&d=mm&r=g\",\"caption\":\"Canal Dana\"},\"url\":\"https:\\\/\\\/dana.com.br\\\/canaldana\\\/author\\\/cdeditor\\\/\"}]}<\/script>\n<!-- \/ Yoast SEO plugin. -->","yoast_head_json":{"title":"Outra surpresa negativa - Canal Dana","robots":{"index":"index","follow":"follow","max-snippet":"max-snippet:-1","max-image-preview":"max-image-preview:large","max-video-preview":"max-video-preview:-1"},"canonical":"https:\/\/dana.com.br\/canaldana\/2021\/09\/10\/outra-surpresa-negativa\/","og_locale":"pt_BR","og_type":"article","og_title":"Outra surpresa negativa - Canal Dana","og_description":"O Estado de S. Paulo &nbsp; A infla\u00e7\u00e3o indica desarruma\u00e7\u00e3o na economia mais acentuada do que se vinha contando. Ela vem com prociss\u00e3o de crises. &nbsp; O fator mais impactante nessa infla\u00e7\u00e3o de 0,87% de agosto n\u00e3o \u00e9 o de ter sido a mais alta para o m\u00eas em 21 anos. Mas \u00e9 vir acompanhada\u2026 Leia mais \u00bb","og_url":"https:\/\/dana.com.br\/canaldana\/2021\/09\/10\/outra-surpresa-negativa\/","og_site_name":"Canal Dana","article_published_time":"2021-09-10T11:56:05+00:00","author":"Canal Dana","twitter_card":"summary_large_image","twitter_misc":{"Escrito por":"Canal Dana","Est. tempo de leitura":"3 minutos"},"schema":{"@context":"https:\/\/schema.org","@graph":[{"@type":"Article","@id":"https:\/\/dana.com.br\/canaldana\/2021\/09\/10\/outra-surpresa-negativa\/#article","isPartOf":{"@id":"https:\/\/dana.com.br\/canaldana\/2021\/09\/10\/outra-surpresa-negativa\/"},"author":{"name":"Canal Dana","@id":"https:\/\/dana.com.br\/canaldana\/#\/schema\/person\/3c21f22f56fcf3bc46b94bc60ea4fef6"},"headline":"Outra surpresa negativa","datePublished":"2021-09-10T11:56:05+00:00","mainEntityOfPage":{"@id":"https:\/\/dana.com.br\/canaldana\/2021\/09\/10\/outra-surpresa-negativa\/"},"wordCount":596,"articleSection":["Artigo"],"inLanguage":"pt-BR"},{"@type":"WebPage","@id":"https:\/\/dana.com.br\/canaldana\/2021\/09\/10\/outra-surpresa-negativa\/","url":"https:\/\/dana.com.br\/canaldana\/2021\/09\/10\/outra-surpresa-negativa\/","name":"Outra surpresa negativa - Canal Dana","isPartOf":{"@id":"https:\/\/dana.com.br\/canaldana\/#website"},"datePublished":"2021-09-10T11:56:05+00:00","author":{"@id":"https:\/\/dana.com.br\/canaldana\/#\/schema\/person\/3c21f22f56fcf3bc46b94bc60ea4fef6"},"breadcrumb":{"@id":"https:\/\/dana.com.br\/canaldana\/2021\/09\/10\/outra-surpresa-negativa\/#breadcrumb"},"inLanguage":"pt-BR","potentialAction":[{"@type":"ReadAction","target":["https:\/\/dana.com.br\/canaldana\/2021\/09\/10\/outra-surpresa-negativa\/"]}]},{"@type":"BreadcrumbList","@id":"https:\/\/dana.com.br\/canaldana\/2021\/09\/10\/outra-surpresa-negativa\/#breadcrumb","itemListElement":[{"@type":"ListItem","position":1,"name":"Home","item":"https:\/\/dana.com.br\/canaldana\/"},{"@type":"ListItem","position":2,"name":"Artigo","item":"https:\/\/dana.com.br\/canaldana\/artigo\/"},{"@type":"ListItem","position":3,"name":"Outra surpresa negativa"}]},{"@type":"WebSite","@id":"https:\/\/dana.com.br\/canaldana\/#website","url":"https:\/\/dana.com.br\/canaldana\/","name":"Canal Dana","description":"Informativo com as principais not\u00edcias da ind\u00fastria automotiva","potentialAction":[{"@type":"SearchAction","target":{"@type":"EntryPoint","urlTemplate":"https:\/\/dana.com.br\/canaldana\/?s={search_term_string}"},"query-input":{"@type":"PropertyValueSpecification","valueRequired":true,"valueName":"search_term_string"}}],"inLanguage":"pt-BR"},{"@type":"Person","@id":"https:\/\/dana.com.br\/canaldana\/#\/schema\/person\/3c21f22f56fcf3bc46b94bc60ea4fef6","name":"Canal Dana","image":{"@type":"ImageObject","inLanguage":"pt-BR","@id":"https:\/\/secure.gravatar.com\/avatar\/420aaf9278582877d9018637c6817617705899d2858d7572ef0fe59a6b6454b4?s=96&d=mm&r=g","url":"https:\/\/secure.gravatar.com\/avatar\/420aaf9278582877d9018637c6817617705899d2858d7572ef0fe59a6b6454b4?s=96&d=mm&r=g","contentUrl":"https:\/\/secure.gravatar.com\/avatar\/420aaf9278582877d9018637c6817617705899d2858d7572ef0fe59a6b6454b4?s=96&d=mm&r=g","caption":"Canal Dana"},"url":"https:\/\/dana.com.br\/canaldana\/author\/cdeditor\/"}]}},"_links":{"self":[{"href":"https:\/\/dana.com.br\/canaldana\/wp-json\/wp\/v2\/posts\/52835","targetHints":{"allow":["GET"]}}],"collection":[{"href":"https:\/\/dana.com.br\/canaldana\/wp-json\/wp\/v2\/posts"}],"about":[{"href":"https:\/\/dana.com.br\/canaldana\/wp-json\/wp\/v2\/types\/post"}],"author":[{"embeddable":true,"href":"https:\/\/dana.com.br\/canaldana\/wp-json\/wp\/v2\/users\/3"}],"replies":[{"embeddable":true,"href":"https:\/\/dana.com.br\/canaldana\/wp-json\/wp\/v2\/comments?post=52835"}],"version-history":[{"count":0,"href":"https:\/\/dana.com.br\/canaldana\/wp-json\/wp\/v2\/posts\/52835\/revisions"}],"wp:attachment":[{"href":"https:\/\/dana.com.br\/canaldana\/wp-json\/wp\/v2\/media?parent=52835"}],"wp:term":[{"taxonomy":"category","embeddable":true,"href":"https:\/\/dana.com.br\/canaldana\/wp-json\/wp\/v2\/categories?post=52835"},{"taxonomy":"post_tag","embeddable":true,"href":"https:\/\/dana.com.br\/canaldana\/wp-json\/wp\/v2\/tags?post=52835"}],"curies":[{"name":"wp","href":"https:\/\/api.w.org\/{rel}","templated":true}]}}