{"id":52831,"date":"2021-09-10T08:17:42","date_gmt":"2021-09-10T11:17:42","guid":{"rendered":"https:\/\/dana.com.br\/canaldana\/?p=52831"},"modified":"2021-09-10T08:17:42","modified_gmt":"2021-09-10T11:17:42","slug":"dana-amplia-suas-solucoes-para-eletrificacao-e-lanca-e-axles-para-o-segmento-de-veiculos-comerciais-pesados-expandindo-as-ofertas-de-e-powertrain-2-2","status":"publish","type":"post","link":"https:\/\/dana.com.br\/canaldana\/2021\/09\/10\/dana-amplia-suas-solucoes-para-eletrificacao-e-lanca-e-axles-para-o-segmento-de-veiculos-comerciais-pesados-expandindo-as-ofertas-de-e-powertrain-2-2\/","title":{"rendered":"Dana amplia suas solu\u00e7\u00f5es para eletrifica\u00e7\u00e3o e lan\u00e7a e-Axles para o segmento de ve\u00edculos comerciais pesados, expandindo as ofertas de e-powertrain"},"content":{"rendered":"<p>A Dana anunciou hoje a expans\u00e3o de suas ofertas Spicer Electrified\u2122 e-Powertrain com o lan\u00e7amento de uma fam\u00edlia de e-Axles, projetados para uma ampla variedade de aplica\u00e7\u00f5es em ve\u00edculos comerciais pesados, das Classes 7 e 8. Os e-Axles Spicer Electrified\u2122 Zero-8 complementam os sistemas de e-propuls\u00e3o de ve\u00edculos el\u00e9tricos (EV) para servi\u00e7os pesados da Dana, que atualmente equipam milhares de ve\u00edculos em todo o mundo.<\/p>\n<p>&nbsp;<\/p>\n<p>Os e-Axles Zero-8 elevam ainda mais os padr\u00f5es de robustez e efici\u00eancia da tecnologia de eixo motriz da Dana e s\u00e3o precisamente projetados para aplica\u00e7\u00f5es exigentes em estradas. O novo portf\u00f3lio e-Axle refor\u00e7a a estrat\u00e9gia da Dana para atender o diversificado cen\u00e1rio de arquitetura el\u00e9trica dos ve\u00edculos pesados (Classes 7 e 8), com solu\u00e7\u00f5es de trem de for\u00e7a diversificadas, incluindo sistemas para transmiss\u00e3o direta e agora sistemas e-Axle 4&#215;2, 6&#215;2 e 6&#215;4 multivelocidade.<\/p>\n<p>&nbsp;<\/p>\n<p>&#8220;A Dana utilizou toda a sua experi\u00eancia global em sistemas pesados de e-Powertrain para apresentar uma fam\u00edlia complementar de e-Axles que oferece m\u00e1xima efici\u00eancia, desempenho e confiabilidade&#8221;, disse Ryan Laskey, vice-presidente s\u00eanior do grupo Commercial Vehicle Drive and Motion Systems (Sistemas de Dire\u00e7\u00e3o e Movimento para Ve\u00edculos Comerciais) da Dana. \u201cEssas novas plataformas de produtos utilizam nossos comprovados motores e inversores integrados verticalmente e fornecem aos nossos clientes solu\u00e7\u00f5es completas e aprimoradas para suas necessidades de ve\u00edculos el\u00e9tricos. Nossa equipe t\u00e9cnica est\u00e1 comprometida em oferecer as melhores solu\u00e7\u00f5es de emiss\u00e3o zero, especificamente constru\u00eddas para esse fim.&#8221;<\/p>\n<p>&nbsp;<\/p>\n<p>Os novos e-Axles s\u00e3o projetados para se integrarem facilmente \u00e0 maioria dos chassis existentes. A plataforma utiliza tecnologias consagradas e verticalmente integradas da Dana, incluindo motores e inversores Dana TM4 \u2122, engrenagens de eixo de alta efici\u00eancia Spicer\u00ae, sincronizadores Graziano\u00ae, controladores de transmiss\u00e3o, software, sistemas e controles.<\/p>\n<p>&nbsp;<\/p>\n<p>As configura\u00e7\u00f5es 4&#215;2, 6&#215;2 e 6&#215;4 s\u00e3o compat\u00edveis com freios a tambor ou disco e est\u00e3o dispon\u00edveis como conjuntos totalmente integrados. Os eixos eletrificados variam de 52.000 Nm a 69.000 Nm de torque de sa\u00edda nominal e suportam classifica\u00e7\u00f5es de capacidade m\u00e1xima de tra\u00e7\u00e3o por eixo de 9.500 a 13.600 kg para configura\u00e7\u00f5es de eixo eletr\u00f4nico \u00fanico e de 18.000 a 23.500 kg para propuls\u00e3o de eixo tandem eletrificado.<\/p>\n<p>&nbsp;<\/p>\n<p>As caracter\u00edsticas distintas adicionais do sistema s\u00e3o seu projeto de motor modular, que fornece f\u00e1cil acesso para servi\u00e7os e manuten\u00e7\u00e3o, e a capacidade de troca de motor para ampliar a faixa de aplica\u00e7\u00e3o das Classes 7 e 8, para melhor integra\u00e7\u00e3o \u00e0s plataformas eletrificadas dos clientes.<\/p>\n<p>&nbsp;<\/p>\n<p>&#8220;Esses novos e-Axles s\u00e3o baseados em nossas tecnologias mais procuradas e comprovadas em campo&#8221;, acrescentou Laskey. &#8220;Eles est\u00e3o atualmente sendo testados em todo o mundo em aplica\u00e7\u00f5es com bateria el\u00e9trica e c\u00e9lula de combust\u00edvel, e est\u00e3o prontos para ado\u00e7\u00e3o em escala total, \u00e0 medida que o segmento de ve\u00edculos comerciais continua a progredir para plataformas totalmente eletrificadas.&#8221;<\/p>\n<p>&nbsp;<\/p>\n<p>Com estrat\u00e9gias de produ\u00e7\u00e3o globais em andamento, a Dana tem compromissos com seus clientes OEM globais para entregas a partir do final de 2023.<\/p>\n<p>&nbsp;<\/p>\n<p><strong>Sobre a Dana<\/strong><\/p>\n<p>&nbsp;<\/p>\n<p>A Dana \u00e9 l\u00edder mundial no fornecimento de sistemas de transmiss\u00e3o, veda\u00e7\u00e3o e gerenciamento t\u00e9rmico com alta tecnologia que melhoram a efici\u00eancia e o desempenho de ve\u00edculos e m\u00e1quinas. Facilitando a propuls\u00e3o de ve\u00edculos convencionais, h\u00edbridos e el\u00e9tricos, a Dana equipa seus clientes com sistemas cr\u00edticos de acionamento e movimento; tecnologias eletrodin\u00e2micas e de energia; e solu\u00e7\u00f5es t\u00e9rmicas, de veda\u00e7\u00e3o e digitais.<\/p>\n<p>&nbsp;<\/p>\n<p>Fundada em 1904 e com sede em Maumee, em Ohio, nos Estados Unidos, a empresa emprega mais de 38.000 pessoas em 34 pa\u00edses e 6 continentes que se dedicam a entregar valor para seus clientes, em rela\u00e7\u00f5es de longo prazo, incluindo praticamente todos os fabricantes de ve\u00edculos do mundo. Registrou em 2020 vendas de aproximadamente US$ 7,1 bilh\u00f5es. Com uma cultura de alto desempenho focada nas pessoas, \u00e9 reconhecida como uma das maiores empresas do mundo para trabalhar. Para mais informa\u00e7\u00f5es, por favor visite <a href=\"http:\/\/www.dana.com\" target=\"_blank\" rel=\"noopener noreferrer\">http:\/\/www.dana.com<\/a>.<\/p>\n<p>&nbsp;<\/p>\n<p>Na Am\u00e9rica do Sul, tem opera\u00e7\u00f5es na Argentina, Brasil, Col\u00f4mbia e Equador que empregam cerca de 5.000 pessoas. Presente h\u00e1 mais de 70 anos no Brasil, tem opera\u00e7\u00f5es em Gravata\u00ed (RS), Campinas, Jundia\u00ed, Limeira e Sorocaba (SP). O endere\u00e7o da Dana na internet \u00e9 <a href=\"http:\/\/www.dana.com.br\" target=\"_blank\" rel=\"noopener noreferrer\">http:\/\/www.dana.com.br<\/a>.<\/p>\n","protected":false},"excerpt":{"rendered":"<p>A Dana anunciou hoje a expans\u00e3o de suas ofertas Spicer Electrified\u2122 e-Powertrain com o lan\u00e7amento de uma fam\u00edlia de e-Axles, projetados para uma ampla variedade de aplica\u00e7\u00f5es em ve\u00edculos comerciais pesados, das Classes 7 e 8. Os e-Axles Spicer Electrified\u2122 Zero-8 complementam os sistemas de e-propuls\u00e3o de ve\u00edculos el\u00e9tricos (EV) para servi\u00e7os pesados da Dana,\u2026 <a class=\"readmore\" href=\"https:\/\/dana.com.br\/canaldana\/2021\/09\/10\/dana-amplia-suas-solucoes-para-eletrificacao-e-lanca-e-axles-para-o-segmento-de-veiculos-comerciais-pesados-expandindo-as-ofertas-de-e-powertrain-2-2\/\">Leia mais \u00bb<\/a><\/p>\n","protected":false},"author":3,"featured_media":0,"comment_status":"closed","ping_status":"closed","sticky":false,"template":"","format":"standard","meta":{"_acf_changed":false,"footnotes":""},"categories":[87],"tags":[],"class_list":["post-52831","post","type-post","status-publish","format-standard","hentry","category-destaque-dana"],"acf":[],"yoast_head":"<!-- This site is optimized with the Yoast SEO plugin v27.3 - https:\/\/yoast.com\/product\/yoast-seo-wordpress\/ -->\n<title>Dana amplia suas solu\u00e7\u00f5es para eletrifica\u00e7\u00e3o e lan\u00e7a e-Axles para o segmento de ve\u00edculos comerciais pesados, expandindo as ofertas de e-powertrain - Canal Dana<\/title>\n<meta name=\"robots\" content=\"index, follow, max-snippet:-1, max-image-preview:large, max-video-preview:-1\" \/>\n<link rel=\"canonical\" href=\"https:\/\/dana.com.br\/canaldana\/2021\/09\/10\/dana-amplia-suas-solucoes-para-eletrificacao-e-lanca-e-axles-para-o-segmento-de-veiculos-comerciais-pesados-expandindo-as-ofertas-de-e-powertrain-2-2\/\" \/>\n<meta property=\"og:locale\" content=\"pt_BR\" \/>\n<meta property=\"og:type\" content=\"article\" \/>\n<meta property=\"og:title\" content=\"Dana amplia suas solu\u00e7\u00f5es para eletrifica\u00e7\u00e3o e lan\u00e7a e-Axles para o segmento de ve\u00edculos comerciais pesados, expandindo as ofertas de e-powertrain - Canal Dana\" \/>\n<meta property=\"og:description\" content=\"A Dana anunciou hoje a expans\u00e3o de suas ofertas Spicer Electrified\u2122 e-Powertrain com o lan\u00e7amento de uma fam\u00edlia de e-Axles, projetados para uma ampla variedade de aplica\u00e7\u00f5es em ve\u00edculos comerciais pesados, das Classes 7 e 8. Os e-Axles Spicer Electrified\u2122 Zero-8 complementam os sistemas de e-propuls\u00e3o de ve\u00edculos el\u00e9tricos (EV) para servi\u00e7os pesados da Dana,\u2026 Leia mais \u00bb\" \/>\n<meta property=\"og:url\" content=\"https:\/\/dana.com.br\/canaldana\/2021\/09\/10\/dana-amplia-suas-solucoes-para-eletrificacao-e-lanca-e-axles-para-o-segmento-de-veiculos-comerciais-pesados-expandindo-as-ofertas-de-e-powertrain-2-2\/\" \/>\n<meta property=\"og:site_name\" content=\"Canal Dana\" \/>\n<meta property=\"article:published_time\" content=\"2021-09-10T11:17:42+00:00\" \/>\n<meta name=\"author\" content=\"Canal Dana\" \/>\n<meta name=\"twitter:card\" content=\"summary_large_image\" \/>\n<meta name=\"twitter:label1\" content=\"Escrito por\" \/>\n\t<meta name=\"twitter:data1\" content=\"Canal Dana\" \/>\n\t<meta name=\"twitter:label2\" content=\"Est. tempo de leitura\" \/>\n\t<meta name=\"twitter:data2\" content=\"4 minutos\" \/>\n<script type=\"application\/ld+json\" class=\"yoast-schema-graph\">{\"@context\":\"https:\\\/\\\/schema.org\",\"@graph\":[{\"@type\":\"Article\",\"@id\":\"https:\\\/\\\/dana.com.br\\\/canaldana\\\/2021\\\/09\\\/10\\\/dana-amplia-suas-solucoes-para-eletrificacao-e-lanca-e-axles-para-o-segmento-de-veiculos-comerciais-pesados-expandindo-as-ofertas-de-e-powertrain-2-2\\\/#article\",\"isPartOf\":{\"@id\":\"https:\\\/\\\/dana.com.br\\\/canaldana\\\/2021\\\/09\\\/10\\\/dana-amplia-suas-solucoes-para-eletrificacao-e-lanca-e-axles-para-o-segmento-de-veiculos-comerciais-pesados-expandindo-as-ofertas-de-e-powertrain-2-2\\\/\"},\"author\":{\"name\":\"Canal Dana\",\"@id\":\"https:\\\/\\\/dana.com.br\\\/canaldana\\\/#\\\/schema\\\/person\\\/3c21f22f56fcf3bc46b94bc60ea4fef6\"},\"headline\":\"Dana amplia suas solu\u00e7\u00f5es para eletrifica\u00e7\u00e3o e lan\u00e7a e-Axles para o segmento de ve\u00edculos comerciais pesados, expandindo as ofertas de e-powertrain\",\"datePublished\":\"2021-09-10T11:17:42+00:00\",\"mainEntityOfPage\":{\"@id\":\"https:\\\/\\\/dana.com.br\\\/canaldana\\\/2021\\\/09\\\/10\\\/dana-amplia-suas-solucoes-para-eletrificacao-e-lanca-e-axles-para-o-segmento-de-veiculos-comerciais-pesados-expandindo-as-ofertas-de-e-powertrain-2-2\\\/\"},\"wordCount\":784,\"articleSection\":[\"Destaque Dana\"],\"inLanguage\":\"pt-BR\"},{\"@type\":\"WebPage\",\"@id\":\"https:\\\/\\\/dana.com.br\\\/canaldana\\\/2021\\\/09\\\/10\\\/dana-amplia-suas-solucoes-para-eletrificacao-e-lanca-e-axles-para-o-segmento-de-veiculos-comerciais-pesados-expandindo-as-ofertas-de-e-powertrain-2-2\\\/\",\"url\":\"https:\\\/\\\/dana.com.br\\\/canaldana\\\/2021\\\/09\\\/10\\\/dana-amplia-suas-solucoes-para-eletrificacao-e-lanca-e-axles-para-o-segmento-de-veiculos-comerciais-pesados-expandindo-as-ofertas-de-e-powertrain-2-2\\\/\",\"name\":\"Dana amplia suas solu\u00e7\u00f5es para eletrifica\u00e7\u00e3o e lan\u00e7a e-Axles para o segmento de ve\u00edculos comerciais pesados, expandindo as ofertas de e-powertrain - Canal Dana\",\"isPartOf\":{\"@id\":\"https:\\\/\\\/dana.com.br\\\/canaldana\\\/#website\"},\"datePublished\":\"2021-09-10T11:17:42+00:00\",\"author\":{\"@id\":\"https:\\\/\\\/dana.com.br\\\/canaldana\\\/#\\\/schema\\\/person\\\/3c21f22f56fcf3bc46b94bc60ea4fef6\"},\"breadcrumb\":{\"@id\":\"https:\\\/\\\/dana.com.br\\\/canaldana\\\/2021\\\/09\\\/10\\\/dana-amplia-suas-solucoes-para-eletrificacao-e-lanca-e-axles-para-o-segmento-de-veiculos-comerciais-pesados-expandindo-as-ofertas-de-e-powertrain-2-2\\\/#breadcrumb\"},\"inLanguage\":\"pt-BR\",\"potentialAction\":[{\"@type\":\"ReadAction\",\"target\":[\"https:\\\/\\\/dana.com.br\\\/canaldana\\\/2021\\\/09\\\/10\\\/dana-amplia-suas-solucoes-para-eletrificacao-e-lanca-e-axles-para-o-segmento-de-veiculos-comerciais-pesados-expandindo-as-ofertas-de-e-powertrain-2-2\\\/\"]}]},{\"@type\":\"BreadcrumbList\",\"@id\":\"https:\\\/\\\/dana.com.br\\\/canaldana\\\/2021\\\/09\\\/10\\\/dana-amplia-suas-solucoes-para-eletrificacao-e-lanca-e-axles-para-o-segmento-de-veiculos-comerciais-pesados-expandindo-as-ofertas-de-e-powertrain-2-2\\\/#breadcrumb\",\"itemListElement\":[{\"@type\":\"ListItem\",\"position\":1,\"name\":\"Home\",\"item\":\"https:\\\/\\\/dana.com.br\\\/canaldana\\\/\"},{\"@type\":\"ListItem\",\"position\":2,\"name\":\"Destaque Dana\",\"item\":\"https:\\\/\\\/dana.com.br\\\/canaldana\\\/destaque-dana\\\/\"},{\"@type\":\"ListItem\",\"position\":3,\"name\":\"Dana amplia suas solu\u00e7\u00f5es para eletrifica\u00e7\u00e3o e lan\u00e7a e-Axles para o segmento de ve\u00edculos comerciais pesados, expandindo as ofertas de e-powertrain\"}]},{\"@type\":\"WebSite\",\"@id\":\"https:\\\/\\\/dana.com.br\\\/canaldana\\\/#website\",\"url\":\"https:\\\/\\\/dana.com.br\\\/canaldana\\\/\",\"name\":\"Canal Dana\",\"description\":\"Informativo com as principais not\u00edcias da ind\u00fastria automotiva\",\"potentialAction\":[{\"@type\":\"SearchAction\",\"target\":{\"@type\":\"EntryPoint\",\"urlTemplate\":\"https:\\\/\\\/dana.com.br\\\/canaldana\\\/?s={search_term_string}\"},\"query-input\":{\"@type\":\"PropertyValueSpecification\",\"valueRequired\":true,\"valueName\":\"search_term_string\"}}],\"inLanguage\":\"pt-BR\"},{\"@type\":\"Person\",\"@id\":\"https:\\\/\\\/dana.com.br\\\/canaldana\\\/#\\\/schema\\\/person\\\/3c21f22f56fcf3bc46b94bc60ea4fef6\",\"name\":\"Canal Dana\",\"image\":{\"@type\":\"ImageObject\",\"inLanguage\":\"pt-BR\",\"@id\":\"https:\\\/\\\/secure.gravatar.com\\\/avatar\\\/420aaf9278582877d9018637c6817617705899d2858d7572ef0fe59a6b6454b4?s=96&d=mm&r=g\",\"url\":\"https:\\\/\\\/secure.gravatar.com\\\/avatar\\\/420aaf9278582877d9018637c6817617705899d2858d7572ef0fe59a6b6454b4?s=96&d=mm&r=g\",\"contentUrl\":\"https:\\\/\\\/secure.gravatar.com\\\/avatar\\\/420aaf9278582877d9018637c6817617705899d2858d7572ef0fe59a6b6454b4?s=96&d=mm&r=g\",\"caption\":\"Canal Dana\"},\"url\":\"https:\\\/\\\/dana.com.br\\\/canaldana\\\/author\\\/cdeditor\\\/\"}]}<\/script>\n<!-- \/ Yoast SEO plugin. -->","yoast_head_json":{"title":"Dana amplia suas solu\u00e7\u00f5es para eletrifica\u00e7\u00e3o e lan\u00e7a e-Axles para o segmento de ve\u00edculos comerciais pesados, expandindo as ofertas de e-powertrain - Canal Dana","robots":{"index":"index","follow":"follow","max-snippet":"max-snippet:-1","max-image-preview":"max-image-preview:large","max-video-preview":"max-video-preview:-1"},"canonical":"https:\/\/dana.com.br\/canaldana\/2021\/09\/10\/dana-amplia-suas-solucoes-para-eletrificacao-e-lanca-e-axles-para-o-segmento-de-veiculos-comerciais-pesados-expandindo-as-ofertas-de-e-powertrain-2-2\/","og_locale":"pt_BR","og_type":"article","og_title":"Dana amplia suas solu\u00e7\u00f5es para eletrifica\u00e7\u00e3o e lan\u00e7a e-Axles para o segmento de ve\u00edculos comerciais pesados, expandindo as ofertas de e-powertrain - Canal Dana","og_description":"A Dana anunciou hoje a expans\u00e3o de suas ofertas Spicer Electrified\u2122 e-Powertrain com o lan\u00e7amento de uma fam\u00edlia de e-Axles, projetados para uma ampla variedade de aplica\u00e7\u00f5es em ve\u00edculos comerciais pesados, das Classes 7 e 8. Os e-Axles Spicer Electrified\u2122 Zero-8 complementam os sistemas de e-propuls\u00e3o de ve\u00edculos el\u00e9tricos (EV) para servi\u00e7os pesados da Dana,\u2026 Leia mais \u00bb","og_url":"https:\/\/dana.com.br\/canaldana\/2021\/09\/10\/dana-amplia-suas-solucoes-para-eletrificacao-e-lanca-e-axles-para-o-segmento-de-veiculos-comerciais-pesados-expandindo-as-ofertas-de-e-powertrain-2-2\/","og_site_name":"Canal Dana","article_published_time":"2021-09-10T11:17:42+00:00","author":"Canal Dana","twitter_card":"summary_large_image","twitter_misc":{"Escrito por":"Canal Dana","Est. tempo de leitura":"4 minutos"},"schema":{"@context":"https:\/\/schema.org","@graph":[{"@type":"Article","@id":"https:\/\/dana.com.br\/canaldana\/2021\/09\/10\/dana-amplia-suas-solucoes-para-eletrificacao-e-lanca-e-axles-para-o-segmento-de-veiculos-comerciais-pesados-expandindo-as-ofertas-de-e-powertrain-2-2\/#article","isPartOf":{"@id":"https:\/\/dana.com.br\/canaldana\/2021\/09\/10\/dana-amplia-suas-solucoes-para-eletrificacao-e-lanca-e-axles-para-o-segmento-de-veiculos-comerciais-pesados-expandindo-as-ofertas-de-e-powertrain-2-2\/"},"author":{"name":"Canal Dana","@id":"https:\/\/dana.com.br\/canaldana\/#\/schema\/person\/3c21f22f56fcf3bc46b94bc60ea4fef6"},"headline":"Dana amplia suas solu\u00e7\u00f5es para eletrifica\u00e7\u00e3o e lan\u00e7a e-Axles para o segmento de ve\u00edculos comerciais pesados, expandindo as ofertas de e-powertrain","datePublished":"2021-09-10T11:17:42+00:00","mainEntityOfPage":{"@id":"https:\/\/dana.com.br\/canaldana\/2021\/09\/10\/dana-amplia-suas-solucoes-para-eletrificacao-e-lanca-e-axles-para-o-segmento-de-veiculos-comerciais-pesados-expandindo-as-ofertas-de-e-powertrain-2-2\/"},"wordCount":784,"articleSection":["Destaque Dana"],"inLanguage":"pt-BR"},{"@type":"WebPage","@id":"https:\/\/dana.com.br\/canaldana\/2021\/09\/10\/dana-amplia-suas-solucoes-para-eletrificacao-e-lanca-e-axles-para-o-segmento-de-veiculos-comerciais-pesados-expandindo-as-ofertas-de-e-powertrain-2-2\/","url":"https:\/\/dana.com.br\/canaldana\/2021\/09\/10\/dana-amplia-suas-solucoes-para-eletrificacao-e-lanca-e-axles-para-o-segmento-de-veiculos-comerciais-pesados-expandindo-as-ofertas-de-e-powertrain-2-2\/","name":"Dana amplia suas solu\u00e7\u00f5es para eletrifica\u00e7\u00e3o e lan\u00e7a e-Axles para o segmento de ve\u00edculos comerciais pesados, expandindo as ofertas de e-powertrain - Canal Dana","isPartOf":{"@id":"https:\/\/dana.com.br\/canaldana\/#website"},"datePublished":"2021-09-10T11:17:42+00:00","author":{"@id":"https:\/\/dana.com.br\/canaldana\/#\/schema\/person\/3c21f22f56fcf3bc46b94bc60ea4fef6"},"breadcrumb":{"@id":"https:\/\/dana.com.br\/canaldana\/2021\/09\/10\/dana-amplia-suas-solucoes-para-eletrificacao-e-lanca-e-axles-para-o-segmento-de-veiculos-comerciais-pesados-expandindo-as-ofertas-de-e-powertrain-2-2\/#breadcrumb"},"inLanguage":"pt-BR","potentialAction":[{"@type":"ReadAction","target":["https:\/\/dana.com.br\/canaldana\/2021\/09\/10\/dana-amplia-suas-solucoes-para-eletrificacao-e-lanca-e-axles-para-o-segmento-de-veiculos-comerciais-pesados-expandindo-as-ofertas-de-e-powertrain-2-2\/"]}]},{"@type":"BreadcrumbList","@id":"https:\/\/dana.com.br\/canaldana\/2021\/09\/10\/dana-amplia-suas-solucoes-para-eletrificacao-e-lanca-e-axles-para-o-segmento-de-veiculos-comerciais-pesados-expandindo-as-ofertas-de-e-powertrain-2-2\/#breadcrumb","itemListElement":[{"@type":"ListItem","position":1,"name":"Home","item":"https:\/\/dana.com.br\/canaldana\/"},{"@type":"ListItem","position":2,"name":"Destaque Dana","item":"https:\/\/dana.com.br\/canaldana\/destaque-dana\/"},{"@type":"ListItem","position":3,"name":"Dana amplia suas solu\u00e7\u00f5es para eletrifica\u00e7\u00e3o e lan\u00e7a e-Axles para o segmento de ve\u00edculos comerciais pesados, expandindo as ofertas de e-powertrain"}]},{"@type":"WebSite","@id":"https:\/\/dana.com.br\/canaldana\/#website","url":"https:\/\/dana.com.br\/canaldana\/","name":"Canal Dana","description":"Informativo com as principais not\u00edcias da ind\u00fastria automotiva","potentialAction":[{"@type":"SearchAction","target":{"@type":"EntryPoint","urlTemplate":"https:\/\/dana.com.br\/canaldana\/?s={search_term_string}"},"query-input":{"@type":"PropertyValueSpecification","valueRequired":true,"valueName":"search_term_string"}}],"inLanguage":"pt-BR"},{"@type":"Person","@id":"https:\/\/dana.com.br\/canaldana\/#\/schema\/person\/3c21f22f56fcf3bc46b94bc60ea4fef6","name":"Canal Dana","image":{"@type":"ImageObject","inLanguage":"pt-BR","@id":"https:\/\/secure.gravatar.com\/avatar\/420aaf9278582877d9018637c6817617705899d2858d7572ef0fe59a6b6454b4?s=96&d=mm&r=g","url":"https:\/\/secure.gravatar.com\/avatar\/420aaf9278582877d9018637c6817617705899d2858d7572ef0fe59a6b6454b4?s=96&d=mm&r=g","contentUrl":"https:\/\/secure.gravatar.com\/avatar\/420aaf9278582877d9018637c6817617705899d2858d7572ef0fe59a6b6454b4?s=96&d=mm&r=g","caption":"Canal Dana"},"url":"https:\/\/dana.com.br\/canaldana\/author\/cdeditor\/"}]}},"_links":{"self":[{"href":"https:\/\/dana.com.br\/canaldana\/wp-json\/wp\/v2\/posts\/52831","targetHints":{"allow":["GET"]}}],"collection":[{"href":"https:\/\/dana.com.br\/canaldana\/wp-json\/wp\/v2\/posts"}],"about":[{"href":"https:\/\/dana.com.br\/canaldana\/wp-json\/wp\/v2\/types\/post"}],"author":[{"embeddable":true,"href":"https:\/\/dana.com.br\/canaldana\/wp-json\/wp\/v2\/users\/3"}],"replies":[{"embeddable":true,"href":"https:\/\/dana.com.br\/canaldana\/wp-json\/wp\/v2\/comments?post=52831"}],"version-history":[{"count":0,"href":"https:\/\/dana.com.br\/canaldana\/wp-json\/wp\/v2\/posts\/52831\/revisions"}],"wp:attachment":[{"href":"https:\/\/dana.com.br\/canaldana\/wp-json\/wp\/v2\/media?parent=52831"}],"wp:term":[{"taxonomy":"category","embeddable":true,"href":"https:\/\/dana.com.br\/canaldana\/wp-json\/wp\/v2\/categories?post=52831"},{"taxonomy":"post_tag","embeddable":true,"href":"https:\/\/dana.com.br\/canaldana\/wp-json\/wp\/v2\/tags?post=52831"}],"curies":[{"name":"wp","href":"https:\/\/api.w.org\/{rel}","templated":true}]}}