{"id":52785,"date":"2021-09-08T08:32:03","date_gmt":"2021-09-08T11:32:03","guid":{"rendered":"https:\/\/dana.com.br\/canaldana\/?p=52785"},"modified":"2021-09-08T08:32:03","modified_gmt":"2021-09-08T11:32:03","slug":"decreto-do-governo-federal-transforma-denatran-em-secretaria-nacional-de-transito","status":"publish","type":"post","link":"https:\/\/dana.com.br\/canaldana\/2021\/09\/08\/decreto-do-governo-federal-transforma-denatran-em-secretaria-nacional-de-transito\/","title":{"rendered":"Decreto do governo federal transforma Denatran em Secretaria Nacional de Tr\u00e2nsito"},"content":{"rendered":"<p><em>Di\u00e1rio do Transporte<\/em><\/p>\n<p>&nbsp;<\/p>\n<p>Em decreto que ser\u00e1 publicado nesta quarta-feira, 08 de setembro de 2021, o governo federal trar\u00e1 mudan\u00e7as estruturais importantes no Minist\u00e9rio da Infraestrutura.<\/p>\n<p>&nbsp;<\/p>\n<p>O destaque \u00e9 a mudan\u00e7a do Denatran (Departamento Nacional de Tr\u00e2nsito), que ser\u00e1 elevado \u00e0 categoria de Secretaria Nacional de Tr\u00e2nsito.<\/p>\n<p>&nbsp;<\/p>\n<p>O Denatran \u00e9 o \u00f3rg\u00e3o m\u00e1ximo executivo do Sistema Nacional de Tr\u00e2nsito, com autonomia administrativa e t\u00e9cnica, e jurisdi\u00e7\u00e3o sobre todo o territ\u00f3rio brasileiro.<\/p>\n<p>&nbsp;<\/p>\n<p>A not\u00edcia \u00e9 do Correio Braziliense, que atribui a informa\u00e7\u00e3o a um comunicado da Secret\u00e1ria-geral da Presid\u00eancia da Rep\u00fablica, divulgado na segunda-feira (06).<\/p>\n<p>&nbsp;<\/p>\n<p>Al\u00e9m dessa mudan\u00e7a no sistema de tr\u00e2nsito, o decreto far\u00e1 mudan\u00e7as em cargos em comiss\u00e3o e fun\u00e7\u00f5es de confian\u00e7a, alterando o Decreto n\u00ba 9.660, de 1\u00ba de janeiro de 2019, que disp\u00f5e sobre a vincula\u00e7\u00e3o das entidades da administra\u00e7\u00e3o p\u00fablica federal indireta.<\/p>\n<p>&nbsp;<\/p>\n<p>As assessorias de Assuntos Parlamentares e de Assuntos Institucionais ser\u00e3o transformadas em assessorias especiais de Assuntos Parlamentares e de Assuntos Institucionais.<\/p>\n<p>&nbsp;<\/p>\n<p>O comunicado do governo afirma que as altera\u00e7\u00f5es promovidas pelo decreto n\u00e3o implicam aumento de despesa. (Di\u00e1rio do Transporte\/Alexandre Pelegi)<\/p>\n","protected":false},"excerpt":{"rendered":"<p>Di\u00e1rio do Transporte &nbsp; Em decreto que ser\u00e1 publicado nesta quarta-feira, 08 de setembro de 2021, o governo federal trar\u00e1 mudan\u00e7as estruturais importantes no Minist\u00e9rio da Infraestrutura. &nbsp; O destaque \u00e9 a mudan\u00e7a do Denatran (Departamento Nacional de Tr\u00e2nsito), que ser\u00e1 elevado \u00e0 categoria de Secretaria Nacional de Tr\u00e2nsito. &nbsp; O Denatran \u00e9 o \u00f3rg\u00e3o\u2026 <a class=\"readmore\" href=\"https:\/\/dana.com.br\/canaldana\/2021\/09\/08\/decreto-do-governo-federal-transforma-denatran-em-secretaria-nacional-de-transito\/\">Leia mais \u00bb<\/a><\/p>\n","protected":false},"author":3,"featured_media":0,"comment_status":"closed","ping_status":"closed","sticky":false,"template":"","format":"standard","meta":{"_acf_changed":false,"footnotes":""},"categories":[61],"tags":[],"class_list":["post-52785","post","type-post","status-publish","format-standard","hentry","category-destaques"],"acf":[],"yoast_head":"<!-- This site is optimized with the Yoast SEO plugin v27.3 - https:\/\/yoast.com\/product\/yoast-seo-wordpress\/ -->\n<title>Decreto do governo federal transforma Denatran em Secretaria Nacional de Tr\u00e2nsito - Canal Dana<\/title>\n<meta name=\"robots\" content=\"index, follow, max-snippet:-1, max-image-preview:large, max-video-preview:-1\" \/>\n<link rel=\"canonical\" href=\"https:\/\/dana.com.br\/canaldana\/2021\/09\/08\/decreto-do-governo-federal-transforma-denatran-em-secretaria-nacional-de-transito\/\" \/>\n<meta property=\"og:locale\" content=\"pt_BR\" \/>\n<meta property=\"og:type\" content=\"article\" \/>\n<meta property=\"og:title\" content=\"Decreto do governo federal transforma Denatran em Secretaria Nacional de Tr\u00e2nsito - Canal Dana\" \/>\n<meta property=\"og:description\" content=\"Di\u00e1rio do Transporte &nbsp; Em decreto que ser\u00e1 publicado nesta quarta-feira, 08 de setembro de 2021, o governo federal trar\u00e1 mudan\u00e7as estruturais importantes no Minist\u00e9rio da Infraestrutura. &nbsp; O destaque \u00e9 a mudan\u00e7a do Denatran (Departamento Nacional de Tr\u00e2nsito), que ser\u00e1 elevado \u00e0 categoria de Secretaria Nacional de Tr\u00e2nsito. &nbsp; O Denatran \u00e9 o \u00f3rg\u00e3o\u2026 Leia mais \u00bb\" \/>\n<meta property=\"og:url\" content=\"https:\/\/dana.com.br\/canaldana\/2021\/09\/08\/decreto-do-governo-federal-transforma-denatran-em-secretaria-nacional-de-transito\/\" \/>\n<meta property=\"og:site_name\" content=\"Canal Dana\" \/>\n<meta property=\"article:published_time\" content=\"2021-09-08T11:32:03+00:00\" \/>\n<meta name=\"author\" content=\"Canal Dana\" \/>\n<meta name=\"twitter:card\" content=\"summary_large_image\" \/>\n<meta name=\"twitter:label1\" content=\"Escrito por\" \/>\n\t<meta name=\"twitter:data1\" content=\"Canal Dana\" \/>\n\t<meta name=\"twitter:label2\" content=\"Est. tempo de leitura\" \/>\n\t<meta name=\"twitter:data2\" content=\"1 minuto\" \/>\n<script type=\"application\/ld+json\" class=\"yoast-schema-graph\">{\"@context\":\"https:\\\/\\\/schema.org\",\"@graph\":[{\"@type\":\"Article\",\"@id\":\"https:\\\/\\\/dana.com.br\\\/canaldana\\\/2021\\\/09\\\/08\\\/decreto-do-governo-federal-transforma-denatran-em-secretaria-nacional-de-transito\\\/#article\",\"isPartOf\":{\"@id\":\"https:\\\/\\\/dana.com.br\\\/canaldana\\\/2021\\\/09\\\/08\\\/decreto-do-governo-federal-transforma-denatran-em-secretaria-nacional-de-transito\\\/\"},\"author\":{\"name\":\"Canal Dana\",\"@id\":\"https:\\\/\\\/dana.com.br\\\/canaldana\\\/#\\\/schema\\\/person\\\/3c21f22f56fcf3bc46b94bc60ea4fef6\"},\"headline\":\"Decreto do governo federal transforma Denatran em Secretaria Nacional de Tr\u00e2nsito\",\"datePublished\":\"2021-09-08T11:32:03+00:00\",\"mainEntityOfPage\":{\"@id\":\"https:\\\/\\\/dana.com.br\\\/canaldana\\\/2021\\\/09\\\/08\\\/decreto-do-governo-federal-transforma-denatran-em-secretaria-nacional-de-transito\\\/\"},\"wordCount\":219,\"articleSection\":[\"Destaques\"],\"inLanguage\":\"pt-BR\"},{\"@type\":\"WebPage\",\"@id\":\"https:\\\/\\\/dana.com.br\\\/canaldana\\\/2021\\\/09\\\/08\\\/decreto-do-governo-federal-transforma-denatran-em-secretaria-nacional-de-transito\\\/\",\"url\":\"https:\\\/\\\/dana.com.br\\\/canaldana\\\/2021\\\/09\\\/08\\\/decreto-do-governo-federal-transforma-denatran-em-secretaria-nacional-de-transito\\\/\",\"name\":\"Decreto do governo federal transforma Denatran em Secretaria Nacional de Tr\u00e2nsito - Canal Dana\",\"isPartOf\":{\"@id\":\"https:\\\/\\\/dana.com.br\\\/canaldana\\\/#website\"},\"datePublished\":\"2021-09-08T11:32:03+00:00\",\"author\":{\"@id\":\"https:\\\/\\\/dana.com.br\\\/canaldana\\\/#\\\/schema\\\/person\\\/3c21f22f56fcf3bc46b94bc60ea4fef6\"},\"breadcrumb\":{\"@id\":\"https:\\\/\\\/dana.com.br\\\/canaldana\\\/2021\\\/09\\\/08\\\/decreto-do-governo-federal-transforma-denatran-em-secretaria-nacional-de-transito\\\/#breadcrumb\"},\"inLanguage\":\"pt-BR\",\"potentialAction\":[{\"@type\":\"ReadAction\",\"target\":[\"https:\\\/\\\/dana.com.br\\\/canaldana\\\/2021\\\/09\\\/08\\\/decreto-do-governo-federal-transforma-denatran-em-secretaria-nacional-de-transito\\\/\"]}]},{\"@type\":\"BreadcrumbList\",\"@id\":\"https:\\\/\\\/dana.com.br\\\/canaldana\\\/2021\\\/09\\\/08\\\/decreto-do-governo-federal-transforma-denatran-em-secretaria-nacional-de-transito\\\/#breadcrumb\",\"itemListElement\":[{\"@type\":\"ListItem\",\"position\":1,\"name\":\"Home\",\"item\":\"https:\\\/\\\/dana.com.br\\\/canaldana\\\/\"},{\"@type\":\"ListItem\",\"position\":2,\"name\":\"Destaques\",\"item\":\"https:\\\/\\\/dana.com.br\\\/canaldana\\\/destaques\\\/\"},{\"@type\":\"ListItem\",\"position\":3,\"name\":\"Decreto do governo federal transforma Denatran em Secretaria Nacional de Tr\u00e2nsito\"}]},{\"@type\":\"WebSite\",\"@id\":\"https:\\\/\\\/dana.com.br\\\/canaldana\\\/#website\",\"url\":\"https:\\\/\\\/dana.com.br\\\/canaldana\\\/\",\"name\":\"Canal Dana\",\"description\":\"Informativo com as principais not\u00edcias da ind\u00fastria automotiva\",\"potentialAction\":[{\"@type\":\"SearchAction\",\"target\":{\"@type\":\"EntryPoint\",\"urlTemplate\":\"https:\\\/\\\/dana.com.br\\\/canaldana\\\/?s={search_term_string}\"},\"query-input\":{\"@type\":\"PropertyValueSpecification\",\"valueRequired\":true,\"valueName\":\"search_term_string\"}}],\"inLanguage\":\"pt-BR\"},{\"@type\":\"Person\",\"@id\":\"https:\\\/\\\/dana.com.br\\\/canaldana\\\/#\\\/schema\\\/person\\\/3c21f22f56fcf3bc46b94bc60ea4fef6\",\"name\":\"Canal Dana\",\"image\":{\"@type\":\"ImageObject\",\"inLanguage\":\"pt-BR\",\"@id\":\"https:\\\/\\\/secure.gravatar.com\\\/avatar\\\/420aaf9278582877d9018637c6817617705899d2858d7572ef0fe59a6b6454b4?s=96&d=mm&r=g\",\"url\":\"https:\\\/\\\/secure.gravatar.com\\\/avatar\\\/420aaf9278582877d9018637c6817617705899d2858d7572ef0fe59a6b6454b4?s=96&d=mm&r=g\",\"contentUrl\":\"https:\\\/\\\/secure.gravatar.com\\\/avatar\\\/420aaf9278582877d9018637c6817617705899d2858d7572ef0fe59a6b6454b4?s=96&d=mm&r=g\",\"caption\":\"Canal Dana\"},\"url\":\"https:\\\/\\\/dana.com.br\\\/canaldana\\\/author\\\/cdeditor\\\/\"}]}<\/script>\n<!-- \/ Yoast SEO plugin. -->","yoast_head_json":{"title":"Decreto do governo federal transforma Denatran em Secretaria Nacional de Tr\u00e2nsito - Canal Dana","robots":{"index":"index","follow":"follow","max-snippet":"max-snippet:-1","max-image-preview":"max-image-preview:large","max-video-preview":"max-video-preview:-1"},"canonical":"https:\/\/dana.com.br\/canaldana\/2021\/09\/08\/decreto-do-governo-federal-transforma-denatran-em-secretaria-nacional-de-transito\/","og_locale":"pt_BR","og_type":"article","og_title":"Decreto do governo federal transforma Denatran em Secretaria Nacional de Tr\u00e2nsito - Canal Dana","og_description":"Di\u00e1rio do Transporte &nbsp; Em decreto que ser\u00e1 publicado nesta quarta-feira, 08 de setembro de 2021, o governo federal trar\u00e1 mudan\u00e7as estruturais importantes no Minist\u00e9rio da Infraestrutura. &nbsp; O destaque \u00e9 a mudan\u00e7a do Denatran (Departamento Nacional de Tr\u00e2nsito), que ser\u00e1 elevado \u00e0 categoria de Secretaria Nacional de Tr\u00e2nsito. &nbsp; O Denatran \u00e9 o \u00f3rg\u00e3o\u2026 Leia mais \u00bb","og_url":"https:\/\/dana.com.br\/canaldana\/2021\/09\/08\/decreto-do-governo-federal-transforma-denatran-em-secretaria-nacional-de-transito\/","og_site_name":"Canal Dana","article_published_time":"2021-09-08T11:32:03+00:00","author":"Canal Dana","twitter_card":"summary_large_image","twitter_misc":{"Escrito por":"Canal Dana","Est. tempo de leitura":"1 minuto"},"schema":{"@context":"https:\/\/schema.org","@graph":[{"@type":"Article","@id":"https:\/\/dana.com.br\/canaldana\/2021\/09\/08\/decreto-do-governo-federal-transforma-denatran-em-secretaria-nacional-de-transito\/#article","isPartOf":{"@id":"https:\/\/dana.com.br\/canaldana\/2021\/09\/08\/decreto-do-governo-federal-transforma-denatran-em-secretaria-nacional-de-transito\/"},"author":{"name":"Canal Dana","@id":"https:\/\/dana.com.br\/canaldana\/#\/schema\/person\/3c21f22f56fcf3bc46b94bc60ea4fef6"},"headline":"Decreto do governo federal transforma Denatran em Secretaria Nacional de Tr\u00e2nsito","datePublished":"2021-09-08T11:32:03+00:00","mainEntityOfPage":{"@id":"https:\/\/dana.com.br\/canaldana\/2021\/09\/08\/decreto-do-governo-federal-transforma-denatran-em-secretaria-nacional-de-transito\/"},"wordCount":219,"articleSection":["Destaques"],"inLanguage":"pt-BR"},{"@type":"WebPage","@id":"https:\/\/dana.com.br\/canaldana\/2021\/09\/08\/decreto-do-governo-federal-transforma-denatran-em-secretaria-nacional-de-transito\/","url":"https:\/\/dana.com.br\/canaldana\/2021\/09\/08\/decreto-do-governo-federal-transforma-denatran-em-secretaria-nacional-de-transito\/","name":"Decreto do governo federal transforma Denatran em Secretaria Nacional de Tr\u00e2nsito - Canal Dana","isPartOf":{"@id":"https:\/\/dana.com.br\/canaldana\/#website"},"datePublished":"2021-09-08T11:32:03+00:00","author":{"@id":"https:\/\/dana.com.br\/canaldana\/#\/schema\/person\/3c21f22f56fcf3bc46b94bc60ea4fef6"},"breadcrumb":{"@id":"https:\/\/dana.com.br\/canaldana\/2021\/09\/08\/decreto-do-governo-federal-transforma-denatran-em-secretaria-nacional-de-transito\/#breadcrumb"},"inLanguage":"pt-BR","potentialAction":[{"@type":"ReadAction","target":["https:\/\/dana.com.br\/canaldana\/2021\/09\/08\/decreto-do-governo-federal-transforma-denatran-em-secretaria-nacional-de-transito\/"]}]},{"@type":"BreadcrumbList","@id":"https:\/\/dana.com.br\/canaldana\/2021\/09\/08\/decreto-do-governo-federal-transforma-denatran-em-secretaria-nacional-de-transito\/#breadcrumb","itemListElement":[{"@type":"ListItem","position":1,"name":"Home","item":"https:\/\/dana.com.br\/canaldana\/"},{"@type":"ListItem","position":2,"name":"Destaques","item":"https:\/\/dana.com.br\/canaldana\/destaques\/"},{"@type":"ListItem","position":3,"name":"Decreto do governo federal transforma Denatran em Secretaria Nacional de Tr\u00e2nsito"}]},{"@type":"WebSite","@id":"https:\/\/dana.com.br\/canaldana\/#website","url":"https:\/\/dana.com.br\/canaldana\/","name":"Canal Dana","description":"Informativo com as principais not\u00edcias da ind\u00fastria automotiva","potentialAction":[{"@type":"SearchAction","target":{"@type":"EntryPoint","urlTemplate":"https:\/\/dana.com.br\/canaldana\/?s={search_term_string}"},"query-input":{"@type":"PropertyValueSpecification","valueRequired":true,"valueName":"search_term_string"}}],"inLanguage":"pt-BR"},{"@type":"Person","@id":"https:\/\/dana.com.br\/canaldana\/#\/schema\/person\/3c21f22f56fcf3bc46b94bc60ea4fef6","name":"Canal Dana","image":{"@type":"ImageObject","inLanguage":"pt-BR","@id":"https:\/\/secure.gravatar.com\/avatar\/420aaf9278582877d9018637c6817617705899d2858d7572ef0fe59a6b6454b4?s=96&d=mm&r=g","url":"https:\/\/secure.gravatar.com\/avatar\/420aaf9278582877d9018637c6817617705899d2858d7572ef0fe59a6b6454b4?s=96&d=mm&r=g","contentUrl":"https:\/\/secure.gravatar.com\/avatar\/420aaf9278582877d9018637c6817617705899d2858d7572ef0fe59a6b6454b4?s=96&d=mm&r=g","caption":"Canal Dana"},"url":"https:\/\/dana.com.br\/canaldana\/author\/cdeditor\/"}]}},"_links":{"self":[{"href":"https:\/\/dana.com.br\/canaldana\/wp-json\/wp\/v2\/posts\/52785","targetHints":{"allow":["GET"]}}],"collection":[{"href":"https:\/\/dana.com.br\/canaldana\/wp-json\/wp\/v2\/posts"}],"about":[{"href":"https:\/\/dana.com.br\/canaldana\/wp-json\/wp\/v2\/types\/post"}],"author":[{"embeddable":true,"href":"https:\/\/dana.com.br\/canaldana\/wp-json\/wp\/v2\/users\/3"}],"replies":[{"embeddable":true,"href":"https:\/\/dana.com.br\/canaldana\/wp-json\/wp\/v2\/comments?post=52785"}],"version-history":[{"count":0,"href":"https:\/\/dana.com.br\/canaldana\/wp-json\/wp\/v2\/posts\/52785\/revisions"}],"wp:attachment":[{"href":"https:\/\/dana.com.br\/canaldana\/wp-json\/wp\/v2\/media?parent=52785"}],"wp:term":[{"taxonomy":"category","embeddable":true,"href":"https:\/\/dana.com.br\/canaldana\/wp-json\/wp\/v2\/categories?post=52785"},{"taxonomy":"post_tag","embeddable":true,"href":"https:\/\/dana.com.br\/canaldana\/wp-json\/wp\/v2\/tags?post=52785"}],"curies":[{"name":"wp","href":"https:\/\/api.w.org\/{rel}","templated":true}]}}