{"id":52730,"date":"2021-09-06T09:37:39","date_gmt":"2021-09-06T12:37:39","guid":{"rendered":"https:\/\/dana.com.br\/canaldana\/?p=52730"},"modified":"2021-09-06T09:38:09","modified_gmt":"2021-09-06T12:38:09","slug":"acrafi-debate-o-financiamento-de-veiculos-em-live-na-proxima-semana","status":"publish","type":"post","link":"https:\/\/dana.com.br\/canaldana\/2021\/09\/06\/acrafi-debate-o-financiamento-de-veiculos-em-live-na-proxima-semana\/","title":{"rendered":"Acrafi debate o financiamento de ve\u00edculos em live na pr\u00f3xima semana"},"content":{"rendered":"<p><em>Frota &amp; Cia<\/em><\/p>\n<p>&nbsp;<\/p>\n<p>A Associa\u00e7\u00e3o Nacional das Institui\u00e7\u00f5es de Cr\u00e9dito, Financiamento e Investimento (Acrefi) realiza live sobre \u201cFinanciamento de Ve\u00edculos: Digital e Presencial na Gera\u00e7\u00e3o de Neg\u00f3cios\u201d, nos dias 08 e 09\/09 (quarta e quinta-feira), \u00e0s 17h. Al\u00e9m disso, o evento tem confirmada a presen\u00e7a de representantes da Fenabrave e da Fenauto.<\/p>\n<p>&nbsp;<\/p>\n<p>Na quarta-feira (08), a abertura do evento ser\u00e1 feita por Luis Eduardo da Costa Carvalho, presidente da Acrefi e Marcelo Franciulli, Diretor Executivo da Federa\u00e7\u00e3o Nacional da Distribui\u00e7\u00e3o de Ve\u00edculos Automotores (FENABRAVE) e participa\u00e7\u00f5es de Agustin Celeiro, Diretor Sr. de Opera\u00e7\u00f5es do Banco GM; Alexandre Gil, Head Comercial de Neg\u00f3cios e Produtos da Safra Financeira; Celso Rocha, Diretor de Distribui\u00e7\u00e3o e Varejo do Banco BV; Luana Bichuetti, Vice-Presidente de Auto da Creditas; Marcos Zaven, Presidente da Honda Servi\u00e7os Financeiros; e Tadeu Silva, Presidente da Omni.<\/p>\n<p>&nbsp;<\/p>\n<p>Na quinta-feira (09), contar\u00e1 com a abertura de Wanderley Vettore, Vice-presidente da Acrefi, e de En\u00edlson Sales, vice-presidente da Federa\u00e7\u00e3o Nacional das Associa\u00e7\u00f5es de Revendedores de Ve\u00edculos Automotores (FENAUTO). Os painelistas desta rodada ser\u00e3o: Agnaldo Prado, Diretor Comercial do Banco Losango e Bradesco Financiamentos; Andr\u00e9 Novaes, Diretor da Santander Financiamentos; Nelson Aguiar, Presidente da Yamaha Servi\u00e7os Financeiros; Ricardo Bonzo, Head de Ve\u00edculos do C6 Bank; Rodnei Bernardino de Souza, Diretor de Ve\u00edculos do Ita\u00fa Unibanco; e Wilson Diniz, Superintendente Executivo no Banco PAN.<\/p>\n<p>&nbsp;<\/p>\n<p>Os eventos contar\u00e3o com a media\u00e7\u00e3o de Cleber Martins, Consultor de Opera\u00e7\u00f5es da Acrefi e tradu\u00e7\u00e3o simult\u00e2nea em Libras.<\/p>\n<p>&nbsp;<\/p>\n<p>O intuito da live \u00e9 debater sobre como a entrada de novos players do mercado, investimentos em novas tecnologias e efici\u00eancia energ\u00e9tica, cen\u00e1rio macroecon\u00f4mico, m\u00e9todos de vendas diversificados, utiliza\u00e7\u00e3o do Open Banking e Pix como impulsionadores de neg\u00f3cios impactaram o mercado de autom\u00f3veis nos \u00faltimos meses. (Frota &amp; Cia\/Andr\u00e9 Garcia)<\/p>\n","protected":false},"excerpt":{"rendered":"<p>Frota &amp; Cia &nbsp; A Associa\u00e7\u00e3o Nacional das Institui\u00e7\u00f5es de Cr\u00e9dito, Financiamento e Investimento (Acrefi) realiza live sobre \u201cFinanciamento de Ve\u00edculos: Digital e Presencial na Gera\u00e7\u00e3o de Neg\u00f3cios\u201d, nos dias 08 e 09\/09 (quarta e quinta-feira), \u00e0s 17h. Al\u00e9m disso, o evento tem confirmada a presen\u00e7a de representantes da Fenabrave e da Fenauto. &nbsp; Na\u2026 <a class=\"readmore\" href=\"https:\/\/dana.com.br\/canaldana\/2021\/09\/06\/acrafi-debate-o-financiamento-de-veiculos-em-live-na-proxima-semana\/\">Leia mais \u00bb<\/a><\/p>\n","protected":false},"author":3,"featured_media":0,"comment_status":"closed","ping_status":"closed","sticky":false,"template":"","format":"standard","meta":{"_acf_changed":false,"footnotes":""},"categories":[82],"tags":[],"class_list":["post-52730","post","type-post","status-publish","format-standard","hentry","category-eventos"],"acf":[],"yoast_head":"<!-- This site is optimized with the Yoast SEO plugin v27.3 - https:\/\/yoast.com\/product\/yoast-seo-wordpress\/ -->\n<title>Acrafi debate o financiamento de ve\u00edculos em live na pr\u00f3xima semana - Canal Dana<\/title>\n<meta name=\"robots\" content=\"index, follow, max-snippet:-1, max-image-preview:large, max-video-preview:-1\" \/>\n<link rel=\"canonical\" href=\"https:\/\/dana.com.br\/canaldana\/2021\/09\/06\/acrafi-debate-o-financiamento-de-veiculos-em-live-na-proxima-semana\/\" \/>\n<meta property=\"og:locale\" content=\"pt_BR\" \/>\n<meta property=\"og:type\" content=\"article\" \/>\n<meta property=\"og:title\" content=\"Acrafi debate o financiamento de ve\u00edculos em live na pr\u00f3xima semana - Canal Dana\" \/>\n<meta property=\"og:description\" content=\"Frota &amp; Cia &nbsp; A Associa\u00e7\u00e3o Nacional das Institui\u00e7\u00f5es de Cr\u00e9dito, Financiamento e Investimento (Acrefi) realiza live sobre \u201cFinanciamento de Ve\u00edculos: Digital e Presencial na Gera\u00e7\u00e3o de Neg\u00f3cios\u201d, nos dias 08 e 09\/09 (quarta e quinta-feira), \u00e0s 17h. Al\u00e9m disso, o evento tem confirmada a presen\u00e7a de representantes da Fenabrave e da Fenauto. &nbsp; Na\u2026 Leia mais \u00bb\" \/>\n<meta property=\"og:url\" content=\"https:\/\/dana.com.br\/canaldana\/2021\/09\/06\/acrafi-debate-o-financiamento-de-veiculos-em-live-na-proxima-semana\/\" \/>\n<meta property=\"og:site_name\" content=\"Canal Dana\" \/>\n<meta property=\"article:published_time\" content=\"2021-09-06T12:37:39+00:00\" \/>\n<meta property=\"article:modified_time\" content=\"2021-09-06T12:38:09+00:00\" \/>\n<meta name=\"author\" content=\"Canal Dana\" \/>\n<meta name=\"twitter:card\" content=\"summary_large_image\" \/>\n<meta name=\"twitter:label1\" content=\"Escrito por\" \/>\n\t<meta name=\"twitter:data1\" content=\"Canal Dana\" \/>\n\t<meta name=\"twitter:label2\" content=\"Est. tempo de leitura\" \/>\n\t<meta name=\"twitter:data2\" content=\"2 minutos\" \/>\n<script type=\"application\/ld+json\" class=\"yoast-schema-graph\">{\"@context\":\"https:\\\/\\\/schema.org\",\"@graph\":[{\"@type\":\"Article\",\"@id\":\"https:\\\/\\\/dana.com.br\\\/canaldana\\\/2021\\\/09\\\/06\\\/acrafi-debate-o-financiamento-de-veiculos-em-live-na-proxima-semana\\\/#article\",\"isPartOf\":{\"@id\":\"https:\\\/\\\/dana.com.br\\\/canaldana\\\/2021\\\/09\\\/06\\\/acrafi-debate-o-financiamento-de-veiculos-em-live-na-proxima-semana\\\/\"},\"author\":{\"name\":\"Canal Dana\",\"@id\":\"https:\\\/\\\/dana.com.br\\\/canaldana\\\/#\\\/schema\\\/person\\\/3c21f22f56fcf3bc46b94bc60ea4fef6\"},\"headline\":\"Acrafi debate o financiamento de ve\u00edculos em live na pr\u00f3xima semana\",\"datePublished\":\"2021-09-06T12:37:39+00:00\",\"dateModified\":\"2021-09-06T12:38:09+00:00\",\"mainEntityOfPage\":{\"@id\":\"https:\\\/\\\/dana.com.br\\\/canaldana\\\/2021\\\/09\\\/06\\\/acrafi-debate-o-financiamento-de-veiculos-em-live-na-proxima-semana\\\/\"},\"wordCount\":340,\"articleSection\":[\"Eventos\"],\"inLanguage\":\"pt-BR\"},{\"@type\":\"WebPage\",\"@id\":\"https:\\\/\\\/dana.com.br\\\/canaldana\\\/2021\\\/09\\\/06\\\/acrafi-debate-o-financiamento-de-veiculos-em-live-na-proxima-semana\\\/\",\"url\":\"https:\\\/\\\/dana.com.br\\\/canaldana\\\/2021\\\/09\\\/06\\\/acrafi-debate-o-financiamento-de-veiculos-em-live-na-proxima-semana\\\/\",\"name\":\"Acrafi debate o financiamento de ve\u00edculos em live na pr\u00f3xima semana - Canal Dana\",\"isPartOf\":{\"@id\":\"https:\\\/\\\/dana.com.br\\\/canaldana\\\/#website\"},\"datePublished\":\"2021-09-06T12:37:39+00:00\",\"dateModified\":\"2021-09-06T12:38:09+00:00\",\"author\":{\"@id\":\"https:\\\/\\\/dana.com.br\\\/canaldana\\\/#\\\/schema\\\/person\\\/3c21f22f56fcf3bc46b94bc60ea4fef6\"},\"breadcrumb\":{\"@id\":\"https:\\\/\\\/dana.com.br\\\/canaldana\\\/2021\\\/09\\\/06\\\/acrafi-debate-o-financiamento-de-veiculos-em-live-na-proxima-semana\\\/#breadcrumb\"},\"inLanguage\":\"pt-BR\",\"potentialAction\":[{\"@type\":\"ReadAction\",\"target\":[\"https:\\\/\\\/dana.com.br\\\/canaldana\\\/2021\\\/09\\\/06\\\/acrafi-debate-o-financiamento-de-veiculos-em-live-na-proxima-semana\\\/\"]}]},{\"@type\":\"BreadcrumbList\",\"@id\":\"https:\\\/\\\/dana.com.br\\\/canaldana\\\/2021\\\/09\\\/06\\\/acrafi-debate-o-financiamento-de-veiculos-em-live-na-proxima-semana\\\/#breadcrumb\",\"itemListElement\":[{\"@type\":\"ListItem\",\"position\":1,\"name\":\"Home\",\"item\":\"https:\\\/\\\/dana.com.br\\\/canaldana\\\/\"},{\"@type\":\"ListItem\",\"position\":2,\"name\":\"Eventos\",\"item\":\"https:\\\/\\\/dana.com.br\\\/canaldana\\\/eventos\\\/\"},{\"@type\":\"ListItem\",\"position\":3,\"name\":\"Acrafi debate o financiamento de ve\u00edculos em live na pr\u00f3xima semana\"}]},{\"@type\":\"WebSite\",\"@id\":\"https:\\\/\\\/dana.com.br\\\/canaldana\\\/#website\",\"url\":\"https:\\\/\\\/dana.com.br\\\/canaldana\\\/\",\"name\":\"Canal Dana\",\"description\":\"Informativo com as principais not\u00edcias da ind\u00fastria automotiva\",\"potentialAction\":[{\"@type\":\"SearchAction\",\"target\":{\"@type\":\"EntryPoint\",\"urlTemplate\":\"https:\\\/\\\/dana.com.br\\\/canaldana\\\/?s={search_term_string}\"},\"query-input\":{\"@type\":\"PropertyValueSpecification\",\"valueRequired\":true,\"valueName\":\"search_term_string\"}}],\"inLanguage\":\"pt-BR\"},{\"@type\":\"Person\",\"@id\":\"https:\\\/\\\/dana.com.br\\\/canaldana\\\/#\\\/schema\\\/person\\\/3c21f22f56fcf3bc46b94bc60ea4fef6\",\"name\":\"Canal Dana\",\"image\":{\"@type\":\"ImageObject\",\"inLanguage\":\"pt-BR\",\"@id\":\"https:\\\/\\\/secure.gravatar.com\\\/avatar\\\/420aaf9278582877d9018637c6817617705899d2858d7572ef0fe59a6b6454b4?s=96&d=mm&r=g\",\"url\":\"https:\\\/\\\/secure.gravatar.com\\\/avatar\\\/420aaf9278582877d9018637c6817617705899d2858d7572ef0fe59a6b6454b4?s=96&d=mm&r=g\",\"contentUrl\":\"https:\\\/\\\/secure.gravatar.com\\\/avatar\\\/420aaf9278582877d9018637c6817617705899d2858d7572ef0fe59a6b6454b4?s=96&d=mm&r=g\",\"caption\":\"Canal Dana\"},\"url\":\"https:\\\/\\\/dana.com.br\\\/canaldana\\\/author\\\/cdeditor\\\/\"}]}<\/script>\n<!-- \/ Yoast SEO plugin. -->","yoast_head_json":{"title":"Acrafi debate o financiamento de ve\u00edculos em live na pr\u00f3xima semana - Canal Dana","robots":{"index":"index","follow":"follow","max-snippet":"max-snippet:-1","max-image-preview":"max-image-preview:large","max-video-preview":"max-video-preview:-1"},"canonical":"https:\/\/dana.com.br\/canaldana\/2021\/09\/06\/acrafi-debate-o-financiamento-de-veiculos-em-live-na-proxima-semana\/","og_locale":"pt_BR","og_type":"article","og_title":"Acrafi debate o financiamento de ve\u00edculos em live na pr\u00f3xima semana - Canal Dana","og_description":"Frota &amp; Cia &nbsp; A Associa\u00e7\u00e3o Nacional das Institui\u00e7\u00f5es de Cr\u00e9dito, Financiamento e Investimento (Acrefi) realiza live sobre \u201cFinanciamento de Ve\u00edculos: Digital e Presencial na Gera\u00e7\u00e3o de Neg\u00f3cios\u201d, nos dias 08 e 09\/09 (quarta e quinta-feira), \u00e0s 17h. Al\u00e9m disso, o evento tem confirmada a presen\u00e7a de representantes da Fenabrave e da Fenauto. &nbsp; Na\u2026 Leia mais \u00bb","og_url":"https:\/\/dana.com.br\/canaldana\/2021\/09\/06\/acrafi-debate-o-financiamento-de-veiculos-em-live-na-proxima-semana\/","og_site_name":"Canal Dana","article_published_time":"2021-09-06T12:37:39+00:00","article_modified_time":"2021-09-06T12:38:09+00:00","author":"Canal Dana","twitter_card":"summary_large_image","twitter_misc":{"Escrito por":"Canal Dana","Est. tempo de leitura":"2 minutos"},"schema":{"@context":"https:\/\/schema.org","@graph":[{"@type":"Article","@id":"https:\/\/dana.com.br\/canaldana\/2021\/09\/06\/acrafi-debate-o-financiamento-de-veiculos-em-live-na-proxima-semana\/#article","isPartOf":{"@id":"https:\/\/dana.com.br\/canaldana\/2021\/09\/06\/acrafi-debate-o-financiamento-de-veiculos-em-live-na-proxima-semana\/"},"author":{"name":"Canal Dana","@id":"https:\/\/dana.com.br\/canaldana\/#\/schema\/person\/3c21f22f56fcf3bc46b94bc60ea4fef6"},"headline":"Acrafi debate o financiamento de ve\u00edculos em live na pr\u00f3xima semana","datePublished":"2021-09-06T12:37:39+00:00","dateModified":"2021-09-06T12:38:09+00:00","mainEntityOfPage":{"@id":"https:\/\/dana.com.br\/canaldana\/2021\/09\/06\/acrafi-debate-o-financiamento-de-veiculos-em-live-na-proxima-semana\/"},"wordCount":340,"articleSection":["Eventos"],"inLanguage":"pt-BR"},{"@type":"WebPage","@id":"https:\/\/dana.com.br\/canaldana\/2021\/09\/06\/acrafi-debate-o-financiamento-de-veiculos-em-live-na-proxima-semana\/","url":"https:\/\/dana.com.br\/canaldana\/2021\/09\/06\/acrafi-debate-o-financiamento-de-veiculos-em-live-na-proxima-semana\/","name":"Acrafi debate o financiamento de ve\u00edculos em live na pr\u00f3xima semana - Canal Dana","isPartOf":{"@id":"https:\/\/dana.com.br\/canaldana\/#website"},"datePublished":"2021-09-06T12:37:39+00:00","dateModified":"2021-09-06T12:38:09+00:00","author":{"@id":"https:\/\/dana.com.br\/canaldana\/#\/schema\/person\/3c21f22f56fcf3bc46b94bc60ea4fef6"},"breadcrumb":{"@id":"https:\/\/dana.com.br\/canaldana\/2021\/09\/06\/acrafi-debate-o-financiamento-de-veiculos-em-live-na-proxima-semana\/#breadcrumb"},"inLanguage":"pt-BR","potentialAction":[{"@type":"ReadAction","target":["https:\/\/dana.com.br\/canaldana\/2021\/09\/06\/acrafi-debate-o-financiamento-de-veiculos-em-live-na-proxima-semana\/"]}]},{"@type":"BreadcrumbList","@id":"https:\/\/dana.com.br\/canaldana\/2021\/09\/06\/acrafi-debate-o-financiamento-de-veiculos-em-live-na-proxima-semana\/#breadcrumb","itemListElement":[{"@type":"ListItem","position":1,"name":"Home","item":"https:\/\/dana.com.br\/canaldana\/"},{"@type":"ListItem","position":2,"name":"Eventos","item":"https:\/\/dana.com.br\/canaldana\/eventos\/"},{"@type":"ListItem","position":3,"name":"Acrafi debate o financiamento de ve\u00edculos em live na pr\u00f3xima semana"}]},{"@type":"WebSite","@id":"https:\/\/dana.com.br\/canaldana\/#website","url":"https:\/\/dana.com.br\/canaldana\/","name":"Canal Dana","description":"Informativo com as principais not\u00edcias da ind\u00fastria automotiva","potentialAction":[{"@type":"SearchAction","target":{"@type":"EntryPoint","urlTemplate":"https:\/\/dana.com.br\/canaldana\/?s={search_term_string}"},"query-input":{"@type":"PropertyValueSpecification","valueRequired":true,"valueName":"search_term_string"}}],"inLanguage":"pt-BR"},{"@type":"Person","@id":"https:\/\/dana.com.br\/canaldana\/#\/schema\/person\/3c21f22f56fcf3bc46b94bc60ea4fef6","name":"Canal Dana","image":{"@type":"ImageObject","inLanguage":"pt-BR","@id":"https:\/\/secure.gravatar.com\/avatar\/420aaf9278582877d9018637c6817617705899d2858d7572ef0fe59a6b6454b4?s=96&d=mm&r=g","url":"https:\/\/secure.gravatar.com\/avatar\/420aaf9278582877d9018637c6817617705899d2858d7572ef0fe59a6b6454b4?s=96&d=mm&r=g","contentUrl":"https:\/\/secure.gravatar.com\/avatar\/420aaf9278582877d9018637c6817617705899d2858d7572ef0fe59a6b6454b4?s=96&d=mm&r=g","caption":"Canal Dana"},"url":"https:\/\/dana.com.br\/canaldana\/author\/cdeditor\/"}]}},"_links":{"self":[{"href":"https:\/\/dana.com.br\/canaldana\/wp-json\/wp\/v2\/posts\/52730","targetHints":{"allow":["GET"]}}],"collection":[{"href":"https:\/\/dana.com.br\/canaldana\/wp-json\/wp\/v2\/posts"}],"about":[{"href":"https:\/\/dana.com.br\/canaldana\/wp-json\/wp\/v2\/types\/post"}],"author":[{"embeddable":true,"href":"https:\/\/dana.com.br\/canaldana\/wp-json\/wp\/v2\/users\/3"}],"replies":[{"embeddable":true,"href":"https:\/\/dana.com.br\/canaldana\/wp-json\/wp\/v2\/comments?post=52730"}],"version-history":[{"count":0,"href":"https:\/\/dana.com.br\/canaldana\/wp-json\/wp\/v2\/posts\/52730\/revisions"}],"wp:attachment":[{"href":"https:\/\/dana.com.br\/canaldana\/wp-json\/wp\/v2\/media?parent=52730"}],"wp:term":[{"taxonomy":"category","embeddable":true,"href":"https:\/\/dana.com.br\/canaldana\/wp-json\/wp\/v2\/categories?post=52730"},{"taxonomy":"post_tag","embeddable":true,"href":"https:\/\/dana.com.br\/canaldana\/wp-json\/wp\/v2\/tags?post=52730"}],"curies":[{"name":"wp","href":"https:\/\/api.w.org\/{rel}","templated":true}]}}