{"id":52725,"date":"2021-09-03T08:50:23","date_gmt":"2021-09-03T11:50:23","guid":{"rendered":"https:\/\/dana.com.br\/canaldana\/?p=52725"},"modified":"2021-09-03T08:50:23","modified_gmt":"2021-09-03T11:50:23","slug":"menos-afetada-por-falta-de-chip-toyota-reabre-3o-turno-de-fabrica-em-sorocaba","status":"publish","type":"post","link":"https:\/\/dana.com.br\/canaldana\/2021\/09\/03\/menos-afetada-por-falta-de-chip-toyota-reabre-3o-turno-de-fabrica-em-sorocaba\/","title":{"rendered":"Menos afetada por falta de chip, Toyota reabre 3\u00ba turno de f\u00e1brica em Sorocaba"},"content":{"rendered":"<p><em>O Estado de S. Paulo <\/em><\/p>\n<p>&nbsp;<\/p>\n<p>Pouco afetada pela crise dos semicondutores, a Toyota vai reabrir o terceiro turno de trabalho na f\u00e1brica de Sorocaba (SP) a partir de janeiro. Para operar em jornada de 24 horas, a empresa contratar\u00e1 450 funcion\u00e1rios ao longo deste m\u00eas. Mais 50 vagas ser\u00e3o geradas em outras unidades do grupo e 350 na cadeia de 11 fornecedores da regi\u00e3o.<\/p>\n<p>&nbsp;<\/p>\n<p>Com mais uma equipe, a f\u00e1brica ampliar\u00e1 sua capacidade de produ\u00e7\u00e3o dos atuais 122 mil ve\u00edculos para 152 mil por ano. A unidade produz os modelos Yaris, Etios (para exporta\u00e7\u00e3o) e Corolla Cross \u2013 primeiro utilit\u00e1rio-esportivo da marca fabricado no Pa\u00eds, lan\u00e7ado em mar\u00e7o. O SUV tem vers\u00e3o h\u00edbrida\/flex \u2013 roda com energia e gasolina ou etanol e \u00e9 comercializado em 22 pa\u00edses da regi\u00e3o.<\/p>\n<p>&nbsp;<\/p>\n<p>A f\u00e1brica emprega atualmente 2,34 mil funcion\u00e1rios e j\u00e1 teve tr\u00eas turnos de trabalho entre novembro de 2018 e junho de 2019.<\/p>\n<p>&nbsp;<\/p>\n<p>Segundo o presidente da Toyota do Brasil, Rafael Chang, a medida vai atender \u00e0 crescente demanda por produtos da marca no Brasil e na Am\u00e9rica Latina \u2013 em especial do Corolla Cross \u2013 e faz parte da estrat\u00e9gia de crescimento sustent\u00e1vel da empresa e de seu comprometimento com o Pa\u00eds, apesar dos desafios que toda a ind\u00fastria enfrenta por causa da pandemia.<\/p>\n<p>&nbsp;<\/p>\n<p>\u201cTrabalhamos duro para criar esse momento importante da hist\u00f3ria da Toyota no Brasil. Ele est\u00e1 sendo poss\u00edvel gra\u00e7as \u00e0 integra\u00e7\u00e3o que fizemos com colaboradores, sindicato, fornecedores, concession\u00e1rios e governo\u201d, afirma Chang, em nota. \u201cAl\u00e9m disso, tenho certeza de que esses 850 empregos diretos e indiretos impactar\u00e3o positivamente a sociedade brasileira nesse per\u00edodo t\u00e3o delicado que todos vivemos.\u201d<\/p>\n<p>&nbsp;<\/p>\n<p>Na ter\u00e7a-feira, o grupo Caoa tamb\u00e9m anunciou a volta do segundo turno, a partir desta semana, na f\u00e1brica de An\u00e1polis (GO), que produz modelos da Hyundai e da Chery. O grupo contratou 385 funcion\u00e1rios nas \u00faltimas semanas.<\/p>\n<p>&nbsp;<\/p>\n<p>\u201cTemos muito orgulho, como uma montadora 100% nacional, em seguir investindo no Brasil\u201d, disse, em nota, o presidente da Caoa, Mauro Correia. \u201cS\u00f3 neste ano, houve a cria\u00e7\u00e3o de 789 novos postos de trabalho diretos, e esperamos realizar novas contrata\u00e7\u00f5es nos pr\u00f3ximos dias.\u201d<\/p>\n<p>&nbsp;<\/p>\n<p>A unidade produz os SUVs da linha Caoa Chery Tiggo 5X, Tiggo 7 e Tiggo 8, os modelos Hyundai IX35 e New Tucson e os comerciais Hyundai HR e HD80.<\/p>\n<p>&nbsp;<\/p>\n<p><strong>Eletrificados<\/strong><\/p>\n<p>&nbsp;<\/p>\n<p>Com o aumento da produ\u00e7\u00e3o, informa a Toyota, a unidade de Sorocaba se consolidar\u00e1 como maior produtora de ve\u00edculos eletrificados da Am\u00e9rica Latina, \u201cem mais um passo na busca pela massifica\u00e7\u00e3o de tecnologias mais limpas e consequente avan\u00e7o no compromisso de neutralidade de carbono na regi\u00e3o\u201d.<\/p>\n<p>&nbsp;<\/p>\n<p>A companhia japonesa tem f\u00e1bricas em Indaiatuba (onde faz o sed\u00e3 Corolla tamb\u00e9m em vers\u00e3o h\u00edbrida), Porto Feliz (motores) e S\u00e3o Bernardo do Campo (componentes), todas em S\u00e3o Paulo. Ao todo, emprega 5,33 mil funcion\u00e1rios.<\/p>\n<p>&nbsp;<\/p>\n<p>A Toyota informa que estudos realizados por ela apontam que o carro h\u00edbrido flex, quando abastecido com etanol, possui um dos mais altos potenciais de abatimento de emiss\u00e3o de CO2, levando em conta o ciclo de vida do etanol, desde que \u00e9 extra\u00eddo da cana-de-a\u00e7\u00facar.<\/p>\n<p>&nbsp;<\/p>\n<p>A f\u00e1brica de Sorocaba foi inaugurada h\u00e1 nove anos, com investimentos de US$ 600 milh\u00f5es. Desde ent\u00e3o, passou por dois ciclos de aportes. O primeiro, em janeiro de 2015, de R$ 1 bilh\u00e3o, para aumentar a capacidade produtiva dos originais 74 mil ve\u00edculos anuais para 108 mil. Em 2019, recebeu mais R$ 1 bilh\u00e3o para moderniza\u00e7\u00e3o das instala\u00e7\u00f5es para a produ\u00e7\u00e3o do Corolla Cross. (O Estado de S. Paulo\/Cleide Silva)<\/p>\n","protected":false},"excerpt":{"rendered":"<p>O Estado de S. Paulo &nbsp; Pouco afetada pela crise dos semicondutores, a Toyota vai reabrir o terceiro turno de trabalho na f\u00e1brica de Sorocaba (SP) a partir de janeiro. Para operar em jornada de 24 horas, a empresa contratar\u00e1 450 funcion\u00e1rios ao longo deste m\u00eas. Mais 50 vagas ser\u00e3o geradas em outras unidades do\u2026 <a class=\"readmore\" href=\"https:\/\/dana.com.br\/canaldana\/2021\/09\/03\/menos-afetada-por-falta-de-chip-toyota-reabre-3o-turno-de-fabrica-em-sorocaba\/\">Leia mais \u00bb<\/a><\/p>\n","protected":false},"author":3,"featured_media":0,"comment_status":"closed","ping_status":"closed","sticky":false,"template":"","format":"standard","meta":{"_acf_changed":false,"footnotes":""},"categories":[61],"tags":[],"class_list":["post-52725","post","type-post","status-publish","format-standard","hentry","category-destaques"],"acf":[],"yoast_head":"<!-- This site is optimized with the Yoast SEO plugin v27.3 - https:\/\/yoast.com\/product\/yoast-seo-wordpress\/ -->\n<title>Menos afetada por falta de chip, Toyota reabre 3\u00ba turno de f\u00e1brica em Sorocaba - Canal Dana<\/title>\n<meta name=\"robots\" content=\"index, follow, max-snippet:-1, max-image-preview:large, max-video-preview:-1\" \/>\n<link rel=\"canonical\" href=\"https:\/\/dana.com.br\/canaldana\/2021\/09\/03\/menos-afetada-por-falta-de-chip-toyota-reabre-3o-turno-de-fabrica-em-sorocaba\/\" \/>\n<meta property=\"og:locale\" content=\"pt_BR\" \/>\n<meta property=\"og:type\" content=\"article\" \/>\n<meta property=\"og:title\" content=\"Menos afetada por falta de chip, Toyota reabre 3\u00ba turno de f\u00e1brica em Sorocaba - Canal Dana\" \/>\n<meta property=\"og:description\" content=\"O Estado de S. Paulo &nbsp; Pouco afetada pela crise dos semicondutores, a Toyota vai reabrir o terceiro turno de trabalho na f\u00e1brica de Sorocaba (SP) a partir de janeiro. Para operar em jornada de 24 horas, a empresa contratar\u00e1 450 funcion\u00e1rios ao longo deste m\u00eas. Mais 50 vagas ser\u00e3o geradas em outras unidades do\u2026 Leia mais \u00bb\" \/>\n<meta property=\"og:url\" content=\"https:\/\/dana.com.br\/canaldana\/2021\/09\/03\/menos-afetada-por-falta-de-chip-toyota-reabre-3o-turno-de-fabrica-em-sorocaba\/\" \/>\n<meta property=\"og:site_name\" content=\"Canal Dana\" \/>\n<meta property=\"article:published_time\" content=\"2021-09-03T11:50:23+00:00\" \/>\n<meta name=\"author\" content=\"Canal Dana\" \/>\n<meta name=\"twitter:card\" content=\"summary_large_image\" \/>\n<meta name=\"twitter:label1\" content=\"Escrito por\" \/>\n\t<meta name=\"twitter:data1\" content=\"Canal Dana\" \/>\n\t<meta name=\"twitter:label2\" content=\"Est. tempo de leitura\" \/>\n\t<meta name=\"twitter:data2\" content=\"3 minutos\" \/>\n<script type=\"application\/ld+json\" class=\"yoast-schema-graph\">{\"@context\":\"https:\\\/\\\/schema.org\",\"@graph\":[{\"@type\":\"Article\",\"@id\":\"https:\\\/\\\/dana.com.br\\\/canaldana\\\/2021\\\/09\\\/03\\\/menos-afetada-por-falta-de-chip-toyota-reabre-3o-turno-de-fabrica-em-sorocaba\\\/#article\",\"isPartOf\":{\"@id\":\"https:\\\/\\\/dana.com.br\\\/canaldana\\\/2021\\\/09\\\/03\\\/menos-afetada-por-falta-de-chip-toyota-reabre-3o-turno-de-fabrica-em-sorocaba\\\/\"},\"author\":{\"name\":\"Canal Dana\",\"@id\":\"https:\\\/\\\/dana.com.br\\\/canaldana\\\/#\\\/schema\\\/person\\\/3c21f22f56fcf3bc46b94bc60ea4fef6\"},\"headline\":\"Menos afetada por falta de chip, Toyota reabre 3\u00ba turno de f\u00e1brica em Sorocaba\",\"datePublished\":\"2021-09-03T11:50:23+00:00\",\"mainEntityOfPage\":{\"@id\":\"https:\\\/\\\/dana.com.br\\\/canaldana\\\/2021\\\/09\\\/03\\\/menos-afetada-por-falta-de-chip-toyota-reabre-3o-turno-de-fabrica-em-sorocaba\\\/\"},\"wordCount\":641,\"articleSection\":[\"Destaques\"],\"inLanguage\":\"pt-BR\"},{\"@type\":\"WebPage\",\"@id\":\"https:\\\/\\\/dana.com.br\\\/canaldana\\\/2021\\\/09\\\/03\\\/menos-afetada-por-falta-de-chip-toyota-reabre-3o-turno-de-fabrica-em-sorocaba\\\/\",\"url\":\"https:\\\/\\\/dana.com.br\\\/canaldana\\\/2021\\\/09\\\/03\\\/menos-afetada-por-falta-de-chip-toyota-reabre-3o-turno-de-fabrica-em-sorocaba\\\/\",\"name\":\"Menos afetada por falta de chip, Toyota reabre 3\u00ba turno de f\u00e1brica em Sorocaba - Canal Dana\",\"isPartOf\":{\"@id\":\"https:\\\/\\\/dana.com.br\\\/canaldana\\\/#website\"},\"datePublished\":\"2021-09-03T11:50:23+00:00\",\"author\":{\"@id\":\"https:\\\/\\\/dana.com.br\\\/canaldana\\\/#\\\/schema\\\/person\\\/3c21f22f56fcf3bc46b94bc60ea4fef6\"},\"breadcrumb\":{\"@id\":\"https:\\\/\\\/dana.com.br\\\/canaldana\\\/2021\\\/09\\\/03\\\/menos-afetada-por-falta-de-chip-toyota-reabre-3o-turno-de-fabrica-em-sorocaba\\\/#breadcrumb\"},\"inLanguage\":\"pt-BR\",\"potentialAction\":[{\"@type\":\"ReadAction\",\"target\":[\"https:\\\/\\\/dana.com.br\\\/canaldana\\\/2021\\\/09\\\/03\\\/menos-afetada-por-falta-de-chip-toyota-reabre-3o-turno-de-fabrica-em-sorocaba\\\/\"]}]},{\"@type\":\"BreadcrumbList\",\"@id\":\"https:\\\/\\\/dana.com.br\\\/canaldana\\\/2021\\\/09\\\/03\\\/menos-afetada-por-falta-de-chip-toyota-reabre-3o-turno-de-fabrica-em-sorocaba\\\/#breadcrumb\",\"itemListElement\":[{\"@type\":\"ListItem\",\"position\":1,\"name\":\"Home\",\"item\":\"https:\\\/\\\/dana.com.br\\\/canaldana\\\/\"},{\"@type\":\"ListItem\",\"position\":2,\"name\":\"Destaques\",\"item\":\"https:\\\/\\\/dana.com.br\\\/canaldana\\\/destaques\\\/\"},{\"@type\":\"ListItem\",\"position\":3,\"name\":\"Menos afetada por falta de chip, Toyota reabre 3\u00ba turno de f\u00e1brica em Sorocaba\"}]},{\"@type\":\"WebSite\",\"@id\":\"https:\\\/\\\/dana.com.br\\\/canaldana\\\/#website\",\"url\":\"https:\\\/\\\/dana.com.br\\\/canaldana\\\/\",\"name\":\"Canal Dana\",\"description\":\"Informativo com as principais not\u00edcias da ind\u00fastria automotiva\",\"potentialAction\":[{\"@type\":\"SearchAction\",\"target\":{\"@type\":\"EntryPoint\",\"urlTemplate\":\"https:\\\/\\\/dana.com.br\\\/canaldana\\\/?s={search_term_string}\"},\"query-input\":{\"@type\":\"PropertyValueSpecification\",\"valueRequired\":true,\"valueName\":\"search_term_string\"}}],\"inLanguage\":\"pt-BR\"},{\"@type\":\"Person\",\"@id\":\"https:\\\/\\\/dana.com.br\\\/canaldana\\\/#\\\/schema\\\/person\\\/3c21f22f56fcf3bc46b94bc60ea4fef6\",\"name\":\"Canal Dana\",\"image\":{\"@type\":\"ImageObject\",\"inLanguage\":\"pt-BR\",\"@id\":\"https:\\\/\\\/secure.gravatar.com\\\/avatar\\\/420aaf9278582877d9018637c6817617705899d2858d7572ef0fe59a6b6454b4?s=96&d=mm&r=g\",\"url\":\"https:\\\/\\\/secure.gravatar.com\\\/avatar\\\/420aaf9278582877d9018637c6817617705899d2858d7572ef0fe59a6b6454b4?s=96&d=mm&r=g\",\"contentUrl\":\"https:\\\/\\\/secure.gravatar.com\\\/avatar\\\/420aaf9278582877d9018637c6817617705899d2858d7572ef0fe59a6b6454b4?s=96&d=mm&r=g\",\"caption\":\"Canal Dana\"},\"url\":\"https:\\\/\\\/dana.com.br\\\/canaldana\\\/author\\\/cdeditor\\\/\"}]}<\/script>\n<!-- \/ Yoast SEO plugin. -->","yoast_head_json":{"title":"Menos afetada por falta de chip, Toyota reabre 3\u00ba turno de f\u00e1brica em Sorocaba - Canal Dana","robots":{"index":"index","follow":"follow","max-snippet":"max-snippet:-1","max-image-preview":"max-image-preview:large","max-video-preview":"max-video-preview:-1"},"canonical":"https:\/\/dana.com.br\/canaldana\/2021\/09\/03\/menos-afetada-por-falta-de-chip-toyota-reabre-3o-turno-de-fabrica-em-sorocaba\/","og_locale":"pt_BR","og_type":"article","og_title":"Menos afetada por falta de chip, Toyota reabre 3\u00ba turno de f\u00e1brica em Sorocaba - Canal Dana","og_description":"O Estado de S. Paulo &nbsp; Pouco afetada pela crise dos semicondutores, a Toyota vai reabrir o terceiro turno de trabalho na f\u00e1brica de Sorocaba (SP) a partir de janeiro. Para operar em jornada de 24 horas, a empresa contratar\u00e1 450 funcion\u00e1rios ao longo deste m\u00eas. Mais 50 vagas ser\u00e3o geradas em outras unidades do\u2026 Leia mais \u00bb","og_url":"https:\/\/dana.com.br\/canaldana\/2021\/09\/03\/menos-afetada-por-falta-de-chip-toyota-reabre-3o-turno-de-fabrica-em-sorocaba\/","og_site_name":"Canal Dana","article_published_time":"2021-09-03T11:50:23+00:00","author":"Canal Dana","twitter_card":"summary_large_image","twitter_misc":{"Escrito por":"Canal Dana","Est. tempo de leitura":"3 minutos"},"schema":{"@context":"https:\/\/schema.org","@graph":[{"@type":"Article","@id":"https:\/\/dana.com.br\/canaldana\/2021\/09\/03\/menos-afetada-por-falta-de-chip-toyota-reabre-3o-turno-de-fabrica-em-sorocaba\/#article","isPartOf":{"@id":"https:\/\/dana.com.br\/canaldana\/2021\/09\/03\/menos-afetada-por-falta-de-chip-toyota-reabre-3o-turno-de-fabrica-em-sorocaba\/"},"author":{"name":"Canal Dana","@id":"https:\/\/dana.com.br\/canaldana\/#\/schema\/person\/3c21f22f56fcf3bc46b94bc60ea4fef6"},"headline":"Menos afetada por falta de chip, Toyota reabre 3\u00ba turno de f\u00e1brica em Sorocaba","datePublished":"2021-09-03T11:50:23+00:00","mainEntityOfPage":{"@id":"https:\/\/dana.com.br\/canaldana\/2021\/09\/03\/menos-afetada-por-falta-de-chip-toyota-reabre-3o-turno-de-fabrica-em-sorocaba\/"},"wordCount":641,"articleSection":["Destaques"],"inLanguage":"pt-BR"},{"@type":"WebPage","@id":"https:\/\/dana.com.br\/canaldana\/2021\/09\/03\/menos-afetada-por-falta-de-chip-toyota-reabre-3o-turno-de-fabrica-em-sorocaba\/","url":"https:\/\/dana.com.br\/canaldana\/2021\/09\/03\/menos-afetada-por-falta-de-chip-toyota-reabre-3o-turno-de-fabrica-em-sorocaba\/","name":"Menos afetada por falta de chip, Toyota reabre 3\u00ba turno de f\u00e1brica em Sorocaba - Canal Dana","isPartOf":{"@id":"https:\/\/dana.com.br\/canaldana\/#website"},"datePublished":"2021-09-03T11:50:23+00:00","author":{"@id":"https:\/\/dana.com.br\/canaldana\/#\/schema\/person\/3c21f22f56fcf3bc46b94bc60ea4fef6"},"breadcrumb":{"@id":"https:\/\/dana.com.br\/canaldana\/2021\/09\/03\/menos-afetada-por-falta-de-chip-toyota-reabre-3o-turno-de-fabrica-em-sorocaba\/#breadcrumb"},"inLanguage":"pt-BR","potentialAction":[{"@type":"ReadAction","target":["https:\/\/dana.com.br\/canaldana\/2021\/09\/03\/menos-afetada-por-falta-de-chip-toyota-reabre-3o-turno-de-fabrica-em-sorocaba\/"]}]},{"@type":"BreadcrumbList","@id":"https:\/\/dana.com.br\/canaldana\/2021\/09\/03\/menos-afetada-por-falta-de-chip-toyota-reabre-3o-turno-de-fabrica-em-sorocaba\/#breadcrumb","itemListElement":[{"@type":"ListItem","position":1,"name":"Home","item":"https:\/\/dana.com.br\/canaldana\/"},{"@type":"ListItem","position":2,"name":"Destaques","item":"https:\/\/dana.com.br\/canaldana\/destaques\/"},{"@type":"ListItem","position":3,"name":"Menos afetada por falta de chip, Toyota reabre 3\u00ba turno de f\u00e1brica em Sorocaba"}]},{"@type":"WebSite","@id":"https:\/\/dana.com.br\/canaldana\/#website","url":"https:\/\/dana.com.br\/canaldana\/","name":"Canal Dana","description":"Informativo com as principais not\u00edcias da ind\u00fastria automotiva","potentialAction":[{"@type":"SearchAction","target":{"@type":"EntryPoint","urlTemplate":"https:\/\/dana.com.br\/canaldana\/?s={search_term_string}"},"query-input":{"@type":"PropertyValueSpecification","valueRequired":true,"valueName":"search_term_string"}}],"inLanguage":"pt-BR"},{"@type":"Person","@id":"https:\/\/dana.com.br\/canaldana\/#\/schema\/person\/3c21f22f56fcf3bc46b94bc60ea4fef6","name":"Canal Dana","image":{"@type":"ImageObject","inLanguage":"pt-BR","@id":"https:\/\/secure.gravatar.com\/avatar\/420aaf9278582877d9018637c6817617705899d2858d7572ef0fe59a6b6454b4?s=96&d=mm&r=g","url":"https:\/\/secure.gravatar.com\/avatar\/420aaf9278582877d9018637c6817617705899d2858d7572ef0fe59a6b6454b4?s=96&d=mm&r=g","contentUrl":"https:\/\/secure.gravatar.com\/avatar\/420aaf9278582877d9018637c6817617705899d2858d7572ef0fe59a6b6454b4?s=96&d=mm&r=g","caption":"Canal Dana"},"url":"https:\/\/dana.com.br\/canaldana\/author\/cdeditor\/"}]}},"_links":{"self":[{"href":"https:\/\/dana.com.br\/canaldana\/wp-json\/wp\/v2\/posts\/52725","targetHints":{"allow":["GET"]}}],"collection":[{"href":"https:\/\/dana.com.br\/canaldana\/wp-json\/wp\/v2\/posts"}],"about":[{"href":"https:\/\/dana.com.br\/canaldana\/wp-json\/wp\/v2\/types\/post"}],"author":[{"embeddable":true,"href":"https:\/\/dana.com.br\/canaldana\/wp-json\/wp\/v2\/users\/3"}],"replies":[{"embeddable":true,"href":"https:\/\/dana.com.br\/canaldana\/wp-json\/wp\/v2\/comments?post=52725"}],"version-history":[{"count":0,"href":"https:\/\/dana.com.br\/canaldana\/wp-json\/wp\/v2\/posts\/52725\/revisions"}],"wp:attachment":[{"href":"https:\/\/dana.com.br\/canaldana\/wp-json\/wp\/v2\/media?parent=52725"}],"wp:term":[{"taxonomy":"category","embeddable":true,"href":"https:\/\/dana.com.br\/canaldana\/wp-json\/wp\/v2\/categories?post=52725"},{"taxonomy":"post_tag","embeddable":true,"href":"https:\/\/dana.com.br\/canaldana\/wp-json\/wp\/v2\/tags?post=52725"}],"curies":[{"name":"wp","href":"https:\/\/api.w.org\/{rel}","templated":true}]}}