{"id":52723,"date":"2021-09-03T08:49:35","date_gmt":"2021-09-03T11:49:35","guid":{"rendered":"https:\/\/dana.com.br\/canaldana\/?p=52723"},"modified":"2021-09-03T08:49:35","modified_gmt":"2021-09-03T11:49:35","slug":"ritmo-de-alta-do-mercado-de-veiculos-leves-segue-desacelerando","status":"publish","type":"post","link":"https:\/\/dana.com.br\/canaldana\/2021\/09\/03\/ritmo-de-alta-do-mercado-de-veiculos-leves-segue-desacelerando\/","title":{"rendered":"Ritmo de alta do mercado de ve\u00edculos leves segue desacelerando"},"content":{"rendered":"<p><em>AutoInd\u00fastria<\/em><\/p>\n<p>&nbsp;<\/p>\n<p>Com desempenho prejudicado por causa da falta de produtos decorrente da escassez de semicondutores, a expans\u00e3o do mercado de autom\u00f3veis e comerciais leves no acumulado do ano vem desacelerando m\u00eas a m\u00eas. O crescimento, que no semestre esteva em 32%, fechou agosto com \u00edndice de 20,7% e a Fenabrave mant\u00e9m proje\u00e7\u00e3o de alta de apenas 10,7% para o acumulado at\u00e9 dezembro.<\/p>\n<p>&nbsp;<\/p>\n<p>\u201cO ritmo dos emplacamentos est\u00e1 sendo ditado pela capacidade de entrega das montadoras, que ainda sofrem com a escassez de componentes, principalmente semicondutores\u201d, comentou o presidente da entidade, Alarico Assump\u00e7\u00e3o J\u00fanior, nesta quinta-feira, 2, por ocasi\u00e3o da divulga\u00e7\u00e3o do balan\u00e7o mensal e anual do setor. \u201cO prazo de entrega se tornou mais longo por conta das dificuldades da ind\u00fastria\u201d.<\/p>\n<p>&nbsp;<\/p>\n<p>Foram 1.327,535 emplacamentos de ve\u00edculos leves no acumulado dos primeiros oito meses, ante total de 1.099.752 do mesmo per\u00edodo de 2020. Persistem as filas de espera pelos mais variados modelos nas redes de concession\u00e1rias e, segundo Assump\u00e7\u00e3o J\u00fanior, boa parte dos licenciamentos de agosto foram relativos a vendas efetivadas em julho.<\/p>\n<p>&nbsp;<\/p>\n<p>A Volkswagen, por exemplo, informou que n\u00e3o coloca o Nivus no seu programa de assinatura, que acaba de ser estendido para todo o territ\u00f3rio nacional, porque n\u00e3o h\u00e1 produtos para pronta entrega na rede da marca e a op\u00e7\u00e3o, no momento, \u00e9 por privilegiar o consumidor do varejo.<\/p>\n<p>&nbsp;<\/p>\n<p>Em agosto foram comercializadas 158,5 mil unidades, o que representou queda de 2,4% sobre as 162,4 mil do m\u00eas anterior. Com rela\u00e7\u00e3o ao mesmo m\u00eas de 2020, quando foram emplacados 173,5 mil autom\u00f3veis e comerciais leves, o recuo \u00e9 ainda maior, na faixa de 8,6%. O desempenho negativo deve-se exclusivamente \u00e0 falta de produtos, visto que a demanda se mant\u00e9m aquecida.<\/p>\n<p>&nbsp;<\/p>\n<p>Segundo o presidente da Fenabrave, o \u00edndice de aprova\u00e7\u00e3o de cr\u00e9dito, pelos bancos, \u00e9 de 6,8 cadastros a cada dez enviados. \u201cH\u00e1 boa disponibilidade de cr\u00e9dito e as institui\u00e7\u00f5es financeiras se mant\u00eam criteriosas em suas an\u00e1lises\u201d,<\/p>\n<p>finaliza. (AutoInd\u00fastria)<\/p>\n","protected":false},"excerpt":{"rendered":"<p>AutoInd\u00fastria &nbsp; Com desempenho prejudicado por causa da falta de produtos decorrente da escassez de semicondutores, a expans\u00e3o do mercado de autom\u00f3veis e comerciais leves no acumulado do ano vem desacelerando m\u00eas a m\u00eas. O crescimento, que no semestre esteva em 32%, fechou agosto com \u00edndice de 20,7% e a Fenabrave mant\u00e9m proje\u00e7\u00e3o de alta\u2026 <a class=\"readmore\" href=\"https:\/\/dana.com.br\/canaldana\/2021\/09\/03\/ritmo-de-alta-do-mercado-de-veiculos-leves-segue-desacelerando\/\">Leia mais \u00bb<\/a><\/p>\n","protected":false},"author":3,"featured_media":0,"comment_status":"closed","ping_status":"closed","sticky":false,"template":"","format":"standard","meta":{"_acf_changed":false,"footnotes":""},"categories":[61],"tags":[],"class_list":["post-52723","post","type-post","status-publish","format-standard","hentry","category-destaques"],"acf":[],"yoast_head":"<!-- This site is optimized with the Yoast SEO plugin v27.3 - https:\/\/yoast.com\/product\/yoast-seo-wordpress\/ -->\n<title>Ritmo de alta do mercado de ve\u00edculos leves segue desacelerando - Canal Dana<\/title>\n<meta name=\"robots\" content=\"index, follow, max-snippet:-1, max-image-preview:large, max-video-preview:-1\" \/>\n<link rel=\"canonical\" href=\"https:\/\/dana.com.br\/canaldana\/2021\/09\/03\/ritmo-de-alta-do-mercado-de-veiculos-leves-segue-desacelerando\/\" \/>\n<meta property=\"og:locale\" content=\"pt_BR\" \/>\n<meta property=\"og:type\" content=\"article\" \/>\n<meta property=\"og:title\" content=\"Ritmo de alta do mercado de ve\u00edculos leves segue desacelerando - Canal Dana\" \/>\n<meta property=\"og:description\" content=\"AutoInd\u00fastria &nbsp; Com desempenho prejudicado por causa da falta de produtos decorrente da escassez de semicondutores, a expans\u00e3o do mercado de autom\u00f3veis e comerciais leves no acumulado do ano vem desacelerando m\u00eas a m\u00eas. O crescimento, que no semestre esteva em 32%, fechou agosto com \u00edndice de 20,7% e a Fenabrave mant\u00e9m proje\u00e7\u00e3o de alta\u2026 Leia mais \u00bb\" \/>\n<meta property=\"og:url\" content=\"https:\/\/dana.com.br\/canaldana\/2021\/09\/03\/ritmo-de-alta-do-mercado-de-veiculos-leves-segue-desacelerando\/\" \/>\n<meta property=\"og:site_name\" content=\"Canal Dana\" \/>\n<meta property=\"article:published_time\" content=\"2021-09-03T11:49:35+00:00\" \/>\n<meta name=\"author\" content=\"Canal Dana\" \/>\n<meta name=\"twitter:card\" content=\"summary_large_image\" \/>\n<meta name=\"twitter:label1\" content=\"Escrito por\" \/>\n\t<meta name=\"twitter:data1\" content=\"Canal Dana\" \/>\n\t<meta name=\"twitter:label2\" content=\"Est. tempo de leitura\" \/>\n\t<meta name=\"twitter:data2\" content=\"2 minutos\" \/>\n<script type=\"application\/ld+json\" class=\"yoast-schema-graph\">{\"@context\":\"https:\\\/\\\/schema.org\",\"@graph\":[{\"@type\":\"Article\",\"@id\":\"https:\\\/\\\/dana.com.br\\\/canaldana\\\/2021\\\/09\\\/03\\\/ritmo-de-alta-do-mercado-de-veiculos-leves-segue-desacelerando\\\/#article\",\"isPartOf\":{\"@id\":\"https:\\\/\\\/dana.com.br\\\/canaldana\\\/2021\\\/09\\\/03\\\/ritmo-de-alta-do-mercado-de-veiculos-leves-segue-desacelerando\\\/\"},\"author\":{\"name\":\"Canal Dana\",\"@id\":\"https:\\\/\\\/dana.com.br\\\/canaldana\\\/#\\\/schema\\\/person\\\/3c21f22f56fcf3bc46b94bc60ea4fef6\"},\"headline\":\"Ritmo de alta do mercado de ve\u00edculos leves segue desacelerando\",\"datePublished\":\"2021-09-03T11:49:35+00:00\",\"mainEntityOfPage\":{\"@id\":\"https:\\\/\\\/dana.com.br\\\/canaldana\\\/2021\\\/09\\\/03\\\/ritmo-de-alta-do-mercado-de-veiculos-leves-segue-desacelerando\\\/\"},\"wordCount\":352,\"articleSection\":[\"Destaques\"],\"inLanguage\":\"pt-BR\"},{\"@type\":\"WebPage\",\"@id\":\"https:\\\/\\\/dana.com.br\\\/canaldana\\\/2021\\\/09\\\/03\\\/ritmo-de-alta-do-mercado-de-veiculos-leves-segue-desacelerando\\\/\",\"url\":\"https:\\\/\\\/dana.com.br\\\/canaldana\\\/2021\\\/09\\\/03\\\/ritmo-de-alta-do-mercado-de-veiculos-leves-segue-desacelerando\\\/\",\"name\":\"Ritmo de alta do mercado de ve\u00edculos leves segue desacelerando - Canal Dana\",\"isPartOf\":{\"@id\":\"https:\\\/\\\/dana.com.br\\\/canaldana\\\/#website\"},\"datePublished\":\"2021-09-03T11:49:35+00:00\",\"author\":{\"@id\":\"https:\\\/\\\/dana.com.br\\\/canaldana\\\/#\\\/schema\\\/person\\\/3c21f22f56fcf3bc46b94bc60ea4fef6\"},\"breadcrumb\":{\"@id\":\"https:\\\/\\\/dana.com.br\\\/canaldana\\\/2021\\\/09\\\/03\\\/ritmo-de-alta-do-mercado-de-veiculos-leves-segue-desacelerando\\\/#breadcrumb\"},\"inLanguage\":\"pt-BR\",\"potentialAction\":[{\"@type\":\"ReadAction\",\"target\":[\"https:\\\/\\\/dana.com.br\\\/canaldana\\\/2021\\\/09\\\/03\\\/ritmo-de-alta-do-mercado-de-veiculos-leves-segue-desacelerando\\\/\"]}]},{\"@type\":\"BreadcrumbList\",\"@id\":\"https:\\\/\\\/dana.com.br\\\/canaldana\\\/2021\\\/09\\\/03\\\/ritmo-de-alta-do-mercado-de-veiculos-leves-segue-desacelerando\\\/#breadcrumb\",\"itemListElement\":[{\"@type\":\"ListItem\",\"position\":1,\"name\":\"Home\",\"item\":\"https:\\\/\\\/dana.com.br\\\/canaldana\\\/\"},{\"@type\":\"ListItem\",\"position\":2,\"name\":\"Destaques\",\"item\":\"https:\\\/\\\/dana.com.br\\\/canaldana\\\/destaques\\\/\"},{\"@type\":\"ListItem\",\"position\":3,\"name\":\"Ritmo de alta do mercado de ve\u00edculos leves segue desacelerando\"}]},{\"@type\":\"WebSite\",\"@id\":\"https:\\\/\\\/dana.com.br\\\/canaldana\\\/#website\",\"url\":\"https:\\\/\\\/dana.com.br\\\/canaldana\\\/\",\"name\":\"Canal Dana\",\"description\":\"Informativo com as principais not\u00edcias da ind\u00fastria automotiva\",\"potentialAction\":[{\"@type\":\"SearchAction\",\"target\":{\"@type\":\"EntryPoint\",\"urlTemplate\":\"https:\\\/\\\/dana.com.br\\\/canaldana\\\/?s={search_term_string}\"},\"query-input\":{\"@type\":\"PropertyValueSpecification\",\"valueRequired\":true,\"valueName\":\"search_term_string\"}}],\"inLanguage\":\"pt-BR\"},{\"@type\":\"Person\",\"@id\":\"https:\\\/\\\/dana.com.br\\\/canaldana\\\/#\\\/schema\\\/person\\\/3c21f22f56fcf3bc46b94bc60ea4fef6\",\"name\":\"Canal Dana\",\"image\":{\"@type\":\"ImageObject\",\"inLanguage\":\"pt-BR\",\"@id\":\"https:\\\/\\\/secure.gravatar.com\\\/avatar\\\/420aaf9278582877d9018637c6817617705899d2858d7572ef0fe59a6b6454b4?s=96&d=mm&r=g\",\"url\":\"https:\\\/\\\/secure.gravatar.com\\\/avatar\\\/420aaf9278582877d9018637c6817617705899d2858d7572ef0fe59a6b6454b4?s=96&d=mm&r=g\",\"contentUrl\":\"https:\\\/\\\/secure.gravatar.com\\\/avatar\\\/420aaf9278582877d9018637c6817617705899d2858d7572ef0fe59a6b6454b4?s=96&d=mm&r=g\",\"caption\":\"Canal Dana\"},\"url\":\"https:\\\/\\\/dana.com.br\\\/canaldana\\\/author\\\/cdeditor\\\/\"}]}<\/script>\n<!-- \/ Yoast SEO plugin. -->","yoast_head_json":{"title":"Ritmo de alta do mercado de ve\u00edculos leves segue desacelerando - Canal Dana","robots":{"index":"index","follow":"follow","max-snippet":"max-snippet:-1","max-image-preview":"max-image-preview:large","max-video-preview":"max-video-preview:-1"},"canonical":"https:\/\/dana.com.br\/canaldana\/2021\/09\/03\/ritmo-de-alta-do-mercado-de-veiculos-leves-segue-desacelerando\/","og_locale":"pt_BR","og_type":"article","og_title":"Ritmo de alta do mercado de ve\u00edculos leves segue desacelerando - Canal Dana","og_description":"AutoInd\u00fastria &nbsp; Com desempenho prejudicado por causa da falta de produtos decorrente da escassez de semicondutores, a expans\u00e3o do mercado de autom\u00f3veis e comerciais leves no acumulado do ano vem desacelerando m\u00eas a m\u00eas. O crescimento, que no semestre esteva em 32%, fechou agosto com \u00edndice de 20,7% e a Fenabrave mant\u00e9m proje\u00e7\u00e3o de alta\u2026 Leia mais \u00bb","og_url":"https:\/\/dana.com.br\/canaldana\/2021\/09\/03\/ritmo-de-alta-do-mercado-de-veiculos-leves-segue-desacelerando\/","og_site_name":"Canal Dana","article_published_time":"2021-09-03T11:49:35+00:00","author":"Canal Dana","twitter_card":"summary_large_image","twitter_misc":{"Escrito por":"Canal Dana","Est. tempo de leitura":"2 minutos"},"schema":{"@context":"https:\/\/schema.org","@graph":[{"@type":"Article","@id":"https:\/\/dana.com.br\/canaldana\/2021\/09\/03\/ritmo-de-alta-do-mercado-de-veiculos-leves-segue-desacelerando\/#article","isPartOf":{"@id":"https:\/\/dana.com.br\/canaldana\/2021\/09\/03\/ritmo-de-alta-do-mercado-de-veiculos-leves-segue-desacelerando\/"},"author":{"name":"Canal Dana","@id":"https:\/\/dana.com.br\/canaldana\/#\/schema\/person\/3c21f22f56fcf3bc46b94bc60ea4fef6"},"headline":"Ritmo de alta do mercado de ve\u00edculos leves segue desacelerando","datePublished":"2021-09-03T11:49:35+00:00","mainEntityOfPage":{"@id":"https:\/\/dana.com.br\/canaldana\/2021\/09\/03\/ritmo-de-alta-do-mercado-de-veiculos-leves-segue-desacelerando\/"},"wordCount":352,"articleSection":["Destaques"],"inLanguage":"pt-BR"},{"@type":"WebPage","@id":"https:\/\/dana.com.br\/canaldana\/2021\/09\/03\/ritmo-de-alta-do-mercado-de-veiculos-leves-segue-desacelerando\/","url":"https:\/\/dana.com.br\/canaldana\/2021\/09\/03\/ritmo-de-alta-do-mercado-de-veiculos-leves-segue-desacelerando\/","name":"Ritmo de alta do mercado de ve\u00edculos leves segue desacelerando - Canal Dana","isPartOf":{"@id":"https:\/\/dana.com.br\/canaldana\/#website"},"datePublished":"2021-09-03T11:49:35+00:00","author":{"@id":"https:\/\/dana.com.br\/canaldana\/#\/schema\/person\/3c21f22f56fcf3bc46b94bc60ea4fef6"},"breadcrumb":{"@id":"https:\/\/dana.com.br\/canaldana\/2021\/09\/03\/ritmo-de-alta-do-mercado-de-veiculos-leves-segue-desacelerando\/#breadcrumb"},"inLanguage":"pt-BR","potentialAction":[{"@type":"ReadAction","target":["https:\/\/dana.com.br\/canaldana\/2021\/09\/03\/ritmo-de-alta-do-mercado-de-veiculos-leves-segue-desacelerando\/"]}]},{"@type":"BreadcrumbList","@id":"https:\/\/dana.com.br\/canaldana\/2021\/09\/03\/ritmo-de-alta-do-mercado-de-veiculos-leves-segue-desacelerando\/#breadcrumb","itemListElement":[{"@type":"ListItem","position":1,"name":"Home","item":"https:\/\/dana.com.br\/canaldana\/"},{"@type":"ListItem","position":2,"name":"Destaques","item":"https:\/\/dana.com.br\/canaldana\/destaques\/"},{"@type":"ListItem","position":3,"name":"Ritmo de alta do mercado de ve\u00edculos leves segue desacelerando"}]},{"@type":"WebSite","@id":"https:\/\/dana.com.br\/canaldana\/#website","url":"https:\/\/dana.com.br\/canaldana\/","name":"Canal Dana","description":"Informativo com as principais not\u00edcias da ind\u00fastria automotiva","potentialAction":[{"@type":"SearchAction","target":{"@type":"EntryPoint","urlTemplate":"https:\/\/dana.com.br\/canaldana\/?s={search_term_string}"},"query-input":{"@type":"PropertyValueSpecification","valueRequired":true,"valueName":"search_term_string"}}],"inLanguage":"pt-BR"},{"@type":"Person","@id":"https:\/\/dana.com.br\/canaldana\/#\/schema\/person\/3c21f22f56fcf3bc46b94bc60ea4fef6","name":"Canal Dana","image":{"@type":"ImageObject","inLanguage":"pt-BR","@id":"https:\/\/secure.gravatar.com\/avatar\/420aaf9278582877d9018637c6817617705899d2858d7572ef0fe59a6b6454b4?s=96&d=mm&r=g","url":"https:\/\/secure.gravatar.com\/avatar\/420aaf9278582877d9018637c6817617705899d2858d7572ef0fe59a6b6454b4?s=96&d=mm&r=g","contentUrl":"https:\/\/secure.gravatar.com\/avatar\/420aaf9278582877d9018637c6817617705899d2858d7572ef0fe59a6b6454b4?s=96&d=mm&r=g","caption":"Canal Dana"},"url":"https:\/\/dana.com.br\/canaldana\/author\/cdeditor\/"}]}},"_links":{"self":[{"href":"https:\/\/dana.com.br\/canaldana\/wp-json\/wp\/v2\/posts\/52723","targetHints":{"allow":["GET"]}}],"collection":[{"href":"https:\/\/dana.com.br\/canaldana\/wp-json\/wp\/v2\/posts"}],"about":[{"href":"https:\/\/dana.com.br\/canaldana\/wp-json\/wp\/v2\/types\/post"}],"author":[{"embeddable":true,"href":"https:\/\/dana.com.br\/canaldana\/wp-json\/wp\/v2\/users\/3"}],"replies":[{"embeddable":true,"href":"https:\/\/dana.com.br\/canaldana\/wp-json\/wp\/v2\/comments?post=52723"}],"version-history":[{"count":0,"href":"https:\/\/dana.com.br\/canaldana\/wp-json\/wp\/v2\/posts\/52723\/revisions"}],"wp:attachment":[{"href":"https:\/\/dana.com.br\/canaldana\/wp-json\/wp\/v2\/media?parent=52723"}],"wp:term":[{"taxonomy":"category","embeddable":true,"href":"https:\/\/dana.com.br\/canaldana\/wp-json\/wp\/v2\/categories?post=52723"},{"taxonomy":"post_tag","embeddable":true,"href":"https:\/\/dana.com.br\/canaldana\/wp-json\/wp\/v2\/tags?post=52723"}],"curies":[{"name":"wp","href":"https:\/\/api.w.org\/{rel}","templated":true}]}}