{"id":52703,"date":"2021-09-03T08:44:57","date_gmt":"2021-09-03T11:44:57","guid":{"rendered":"https:\/\/dana.com.br\/canaldana\/?p=52703"},"modified":"2021-09-03T08:44:57","modified_gmt":"2021-09-03T11:44:57","slug":"volkswagen-caminhoes-e-onibus-e-eleita-a-melhor-empresa-para-trabalhar-no-estado-do-rio-de-janeiro","status":"publish","type":"post","link":"https:\/\/dana.com.br\/canaldana\/2021\/09\/03\/volkswagen-caminhoes-e-onibus-e-eleita-a-melhor-empresa-para-trabalhar-no-estado-do-rio-de-janeiro\/","title":{"rendered":"Volkswagen Caminh\u00f5es e \u00d4nibus \u00e9 eleita a melhor empresa para trabalhar no Estado do Rio de Janeiro"},"content":{"rendered":"<p><em>Coisas de Agora<\/em><\/p>\n<p>&nbsp;<\/p>\n<p>Com elevada satisfa\u00e7\u00e3o de seus colaboradores, a VW Caminh\u00f5es e \u00d4nibus comemora uma conquista hist\u00f3rica: lidera entre as grandes empresas do Estado do Rio de Janeiro como a \u201cMelhor para Trabalhar\u201d, de acordo com o ranking Great Place to Work (GPTW). A montadora com f\u00e1brica em Resende (RJ) recebeu sua maior pontua\u00e7\u00e3o nos 14 anos em que participa da pesquisa, chegando \u00e0 nota 96 na avalia\u00e7\u00e3o de seus colaboradores.<\/p>\n<p>&nbsp;<\/p>\n<p>\u201cConquistar esse resultado \u00e9 um dos nossos maiores orgulhos, especialmente no ano em que todos enfrentamos essa pandemia. Ser considerada a Melhor Empresa para Trabalhar no Estado do Rio \u00e9 uma conquista de todo nosso time, que constr\u00f3i esse ambiente de proximidade diariamente e partilha dos mesmos valores de respeito, determina\u00e7\u00e3o, foco no cliente, integridade e, claro, esp\u00edrito de equipe\u201d, afirma Roberto Cortes, presidente e CEO da Volkswagen Caminh\u00f5es e \u00d4nibus.<\/p>\n<p>&nbsp;<\/p>\n<p><strong>Roberto Cortes<\/strong><\/p>\n<p>&nbsp;<\/p>\n<p>V\u00e1rias iniciativas est\u00e3o por tr\u00e1s desse resultado e v\u00e3o al\u00e9m do clima familiar promovido entre os mais diferentes n\u00edveis hier\u00e1rquicos. No \u00faltimo ano, a Volkswagen Caminh\u00f5es e \u00d4nibus investiu ainda mais para apoiar seus colaboradores e respondeu de forma r\u00e1pida aos desafios de gest\u00e3o de pessoas impostos pela pandemia.<\/p>\n<p>&nbsp;<\/p>\n<p><strong>Novidades para promover mudan\u00e7as<\/strong><\/p>\n<p>&nbsp;<\/p>\n<p>A empresa criou o programa Trabalho Sob Medida para flexibilizar a jornada e o formato do expediente. Tamb\u00e9m inovou com o Mente Saud\u00e1vel que oferece incentivos para o bem-estar dos colaboradores, at\u00e9 mesmo com terapia psicol\u00f3gica. Em outra frente, a empresa fortaleceu sua pol\u00edtica de pluralismo e inclus\u00e3o para valorizar seus talentos e enfatizar o espa\u00e7o para que todos expressem suas opini\u00f5es e ideias de forma bastante transparente.<\/p>\n<p>&nbsp;<\/p>\n<p>N\u00e3o \u00e0 toa, entre os pontos de destaques da VWCO, est\u00e1 o reconhecimento ao elevado \u00edndice em agilidade de inova\u00e7\u00e3o. A pesquisa mede a viv\u00eancia dos colaboradores em um ambiente prop\u00edcio a novas propostas. Prova disso s\u00e3o os dois grandes lan\u00e7amentos que a empresa teve no \u00faltimo ano: os maiores Volkswagen do mundo e tamb\u00e9m a primeira fam\u00edlia de caminh\u00f5es el\u00e9tricos desenvolvidos e produzidos no Brasil.<\/p>\n<p>&nbsp;<\/p>\n<p>\u201cRefor\u00e7amos nossos programas para dar confian\u00e7a e seguran\u00e7a aos nossos colaboradores em meio a tantas incertezas geradas pela pandemia, mas tamb\u00e9m fomos al\u00e9m e implementamos novidades. Seguiremos assim. A cada pesquisa, sempre utilizamos o resultado como um term\u00f4metro, porque para n\u00f3s, a excel\u00eancia em clima organizacional \u00e9 um objetivo permanente\u201d, ressalta Roberto Cortes.<\/p>\n<p>&nbsp;<\/p>\n<p><strong>VW Caminh\u00f5es e \u00d4nibus<\/strong><\/p>\n<p>&nbsp;<\/p>\n<p>Fabricante dos ve\u00edculos comerciais Volkswagen e MAN, a VW Caminh\u00f5es e \u00d4nibus \u00e9 uma das maiores montadoras de caminh\u00f5es e \u00f4nibus da Am\u00e9rica Latina. Desde 1981, quando iniciou suas opera\u00e7\u00f5es, chegar ao topo do mercado, respeitando e satisfazendo as necessidades dos clientes, sempre foi o foco da montadora. E \u00e9 exatamente isso que oferece a seus clientes: produtos sob medida e um excelente servi\u00e7o de p\u00f3s-vendas. A empresa tamb\u00e9m \u00e9 refer\u00eancia em inova\u00e7\u00f5es tecnol\u00f3gicas. A empresa busca sempre solu\u00e7\u00f5es que reduzam o impacto ambiental e ajudem a preservar o meio ambiente. H\u00e1 40 anos, a fabricante mant\u00e9m seu compromisso de desenvolver ve\u00edculos que superem as exig\u00eancias dos clientes \u2013 onde quer que eles rodem, seja pelas estradas brasileiras, latino-americanas ou africanas. (Coisas de Agora)<\/p>\n","protected":false},"excerpt":{"rendered":"<p>Coisas de Agora &nbsp; Com elevada satisfa\u00e7\u00e3o de seus colaboradores, a VW Caminh\u00f5es e \u00d4nibus comemora uma conquista hist\u00f3rica: lidera entre as grandes empresas do Estado do Rio de Janeiro como a \u201cMelhor para Trabalhar\u201d, de acordo com o ranking Great Place to Work (GPTW). A montadora com f\u00e1brica em Resende (RJ) recebeu sua maior\u2026 <a class=\"readmore\" href=\"https:\/\/dana.com.br\/canaldana\/2021\/09\/03\/volkswagen-caminhoes-e-onibus-e-eleita-a-melhor-empresa-para-trabalhar-no-estado-do-rio-de-janeiro\/\">Leia mais \u00bb<\/a><\/p>\n","protected":false},"author":3,"featured_media":0,"comment_status":"closed","ping_status":"closed","sticky":false,"template":"","format":"standard","meta":{"_acf_changed":false,"footnotes":""},"categories":[74],"tags":[],"class_list":["post-52703","post","type-post","status-publish","format-standard","hentry","category-premios"],"acf":[],"yoast_head":"<!-- This site is optimized with the Yoast SEO plugin v27.3 - https:\/\/yoast.com\/product\/yoast-seo-wordpress\/ -->\n<title>Volkswagen Caminh\u00f5es e \u00d4nibus \u00e9 eleita a melhor empresa para trabalhar no Estado do Rio de Janeiro - Canal Dana<\/title>\n<meta name=\"robots\" content=\"index, follow, max-snippet:-1, max-image-preview:large, max-video-preview:-1\" \/>\n<link rel=\"canonical\" href=\"https:\/\/dana.com.br\/canaldana\/2021\/09\/03\/volkswagen-caminhoes-e-onibus-e-eleita-a-melhor-empresa-para-trabalhar-no-estado-do-rio-de-janeiro\/\" \/>\n<meta property=\"og:locale\" content=\"pt_BR\" \/>\n<meta property=\"og:type\" content=\"article\" \/>\n<meta property=\"og:title\" content=\"Volkswagen Caminh\u00f5es e \u00d4nibus \u00e9 eleita a melhor empresa para trabalhar no Estado do Rio de Janeiro - Canal Dana\" \/>\n<meta property=\"og:description\" content=\"Coisas de Agora &nbsp; Com elevada satisfa\u00e7\u00e3o de seus colaboradores, a VW Caminh\u00f5es e \u00d4nibus comemora uma conquista hist\u00f3rica: lidera entre as grandes empresas do Estado do Rio de Janeiro como a \u201cMelhor para Trabalhar\u201d, de acordo com o ranking Great Place to Work (GPTW). A montadora com f\u00e1brica em Resende (RJ) recebeu sua maior\u2026 Leia mais \u00bb\" \/>\n<meta property=\"og:url\" content=\"https:\/\/dana.com.br\/canaldana\/2021\/09\/03\/volkswagen-caminhoes-e-onibus-e-eleita-a-melhor-empresa-para-trabalhar-no-estado-do-rio-de-janeiro\/\" \/>\n<meta property=\"og:site_name\" content=\"Canal Dana\" \/>\n<meta property=\"article:published_time\" content=\"2021-09-03T11:44:57+00:00\" \/>\n<meta name=\"author\" content=\"Canal Dana\" \/>\n<meta name=\"twitter:card\" content=\"summary_large_image\" \/>\n<meta name=\"twitter:label1\" content=\"Escrito por\" \/>\n\t<meta name=\"twitter:data1\" content=\"Canal Dana\" \/>\n\t<meta name=\"twitter:label2\" content=\"Est. tempo de leitura\" \/>\n\t<meta name=\"twitter:data2\" content=\"3 minutos\" \/>\n<script type=\"application\/ld+json\" class=\"yoast-schema-graph\">{\"@context\":\"https:\\\/\\\/schema.org\",\"@graph\":[{\"@type\":\"Article\",\"@id\":\"https:\\\/\\\/dana.com.br\\\/canaldana\\\/2021\\\/09\\\/03\\\/volkswagen-caminhoes-e-onibus-e-eleita-a-melhor-empresa-para-trabalhar-no-estado-do-rio-de-janeiro\\\/#article\",\"isPartOf\":{\"@id\":\"https:\\\/\\\/dana.com.br\\\/canaldana\\\/2021\\\/09\\\/03\\\/volkswagen-caminhoes-e-onibus-e-eleita-a-melhor-empresa-para-trabalhar-no-estado-do-rio-de-janeiro\\\/\"},\"author\":{\"name\":\"Canal Dana\",\"@id\":\"https:\\\/\\\/dana.com.br\\\/canaldana\\\/#\\\/schema\\\/person\\\/3c21f22f56fcf3bc46b94bc60ea4fef6\"},\"headline\":\"Volkswagen Caminh\u00f5es e \u00d4nibus \u00e9 eleita a melhor empresa para trabalhar no Estado do Rio de Janeiro\",\"datePublished\":\"2021-09-03T11:44:57+00:00\",\"mainEntityOfPage\":{\"@id\":\"https:\\\/\\\/dana.com.br\\\/canaldana\\\/2021\\\/09\\\/03\\\/volkswagen-caminhoes-e-onibus-e-eleita-a-melhor-empresa-para-trabalhar-no-estado-do-rio-de-janeiro\\\/\"},\"wordCount\":589,\"articleSection\":[\"Pr\u00eamios\"],\"inLanguage\":\"pt-BR\"},{\"@type\":\"WebPage\",\"@id\":\"https:\\\/\\\/dana.com.br\\\/canaldana\\\/2021\\\/09\\\/03\\\/volkswagen-caminhoes-e-onibus-e-eleita-a-melhor-empresa-para-trabalhar-no-estado-do-rio-de-janeiro\\\/\",\"url\":\"https:\\\/\\\/dana.com.br\\\/canaldana\\\/2021\\\/09\\\/03\\\/volkswagen-caminhoes-e-onibus-e-eleita-a-melhor-empresa-para-trabalhar-no-estado-do-rio-de-janeiro\\\/\",\"name\":\"Volkswagen Caminh\u00f5es e \u00d4nibus \u00e9 eleita a melhor empresa para trabalhar no Estado do Rio de Janeiro - Canal Dana\",\"isPartOf\":{\"@id\":\"https:\\\/\\\/dana.com.br\\\/canaldana\\\/#website\"},\"datePublished\":\"2021-09-03T11:44:57+00:00\",\"author\":{\"@id\":\"https:\\\/\\\/dana.com.br\\\/canaldana\\\/#\\\/schema\\\/person\\\/3c21f22f56fcf3bc46b94bc60ea4fef6\"},\"breadcrumb\":{\"@id\":\"https:\\\/\\\/dana.com.br\\\/canaldana\\\/2021\\\/09\\\/03\\\/volkswagen-caminhoes-e-onibus-e-eleita-a-melhor-empresa-para-trabalhar-no-estado-do-rio-de-janeiro\\\/#breadcrumb\"},\"inLanguage\":\"pt-BR\",\"potentialAction\":[{\"@type\":\"ReadAction\",\"target\":[\"https:\\\/\\\/dana.com.br\\\/canaldana\\\/2021\\\/09\\\/03\\\/volkswagen-caminhoes-e-onibus-e-eleita-a-melhor-empresa-para-trabalhar-no-estado-do-rio-de-janeiro\\\/\"]}]},{\"@type\":\"BreadcrumbList\",\"@id\":\"https:\\\/\\\/dana.com.br\\\/canaldana\\\/2021\\\/09\\\/03\\\/volkswagen-caminhoes-e-onibus-e-eleita-a-melhor-empresa-para-trabalhar-no-estado-do-rio-de-janeiro\\\/#breadcrumb\",\"itemListElement\":[{\"@type\":\"ListItem\",\"position\":1,\"name\":\"Home\",\"item\":\"https:\\\/\\\/dana.com.br\\\/canaldana\\\/\"},{\"@type\":\"ListItem\",\"position\":2,\"name\":\"Pr\u00eamios\",\"item\":\"https:\\\/\\\/dana.com.br\\\/canaldana\\\/premios\\\/\"},{\"@type\":\"ListItem\",\"position\":3,\"name\":\"Volkswagen Caminh\u00f5es e \u00d4nibus \u00e9 eleita a melhor empresa para trabalhar no Estado do Rio de Janeiro\"}]},{\"@type\":\"WebSite\",\"@id\":\"https:\\\/\\\/dana.com.br\\\/canaldana\\\/#website\",\"url\":\"https:\\\/\\\/dana.com.br\\\/canaldana\\\/\",\"name\":\"Canal Dana\",\"description\":\"Informativo com as principais not\u00edcias da ind\u00fastria automotiva\",\"potentialAction\":[{\"@type\":\"SearchAction\",\"target\":{\"@type\":\"EntryPoint\",\"urlTemplate\":\"https:\\\/\\\/dana.com.br\\\/canaldana\\\/?s={search_term_string}\"},\"query-input\":{\"@type\":\"PropertyValueSpecification\",\"valueRequired\":true,\"valueName\":\"search_term_string\"}}],\"inLanguage\":\"pt-BR\"},{\"@type\":\"Person\",\"@id\":\"https:\\\/\\\/dana.com.br\\\/canaldana\\\/#\\\/schema\\\/person\\\/3c21f22f56fcf3bc46b94bc60ea4fef6\",\"name\":\"Canal Dana\",\"image\":{\"@type\":\"ImageObject\",\"inLanguage\":\"pt-BR\",\"@id\":\"https:\\\/\\\/secure.gravatar.com\\\/avatar\\\/420aaf9278582877d9018637c6817617705899d2858d7572ef0fe59a6b6454b4?s=96&d=mm&r=g\",\"url\":\"https:\\\/\\\/secure.gravatar.com\\\/avatar\\\/420aaf9278582877d9018637c6817617705899d2858d7572ef0fe59a6b6454b4?s=96&d=mm&r=g\",\"contentUrl\":\"https:\\\/\\\/secure.gravatar.com\\\/avatar\\\/420aaf9278582877d9018637c6817617705899d2858d7572ef0fe59a6b6454b4?s=96&d=mm&r=g\",\"caption\":\"Canal Dana\"},\"url\":\"https:\\\/\\\/dana.com.br\\\/canaldana\\\/author\\\/cdeditor\\\/\"}]}<\/script>\n<!-- \/ Yoast SEO plugin. -->","yoast_head_json":{"title":"Volkswagen Caminh\u00f5es e \u00d4nibus \u00e9 eleita a melhor empresa para trabalhar no Estado do Rio de Janeiro - Canal Dana","robots":{"index":"index","follow":"follow","max-snippet":"max-snippet:-1","max-image-preview":"max-image-preview:large","max-video-preview":"max-video-preview:-1"},"canonical":"https:\/\/dana.com.br\/canaldana\/2021\/09\/03\/volkswagen-caminhoes-e-onibus-e-eleita-a-melhor-empresa-para-trabalhar-no-estado-do-rio-de-janeiro\/","og_locale":"pt_BR","og_type":"article","og_title":"Volkswagen Caminh\u00f5es e \u00d4nibus \u00e9 eleita a melhor empresa para trabalhar no Estado do Rio de Janeiro - Canal Dana","og_description":"Coisas de Agora &nbsp; Com elevada satisfa\u00e7\u00e3o de seus colaboradores, a VW Caminh\u00f5es e \u00d4nibus comemora uma conquista hist\u00f3rica: lidera entre as grandes empresas do Estado do Rio de Janeiro como a \u201cMelhor para Trabalhar\u201d, de acordo com o ranking Great Place to Work (GPTW). A montadora com f\u00e1brica em Resende (RJ) recebeu sua maior\u2026 Leia mais \u00bb","og_url":"https:\/\/dana.com.br\/canaldana\/2021\/09\/03\/volkswagen-caminhoes-e-onibus-e-eleita-a-melhor-empresa-para-trabalhar-no-estado-do-rio-de-janeiro\/","og_site_name":"Canal Dana","article_published_time":"2021-09-03T11:44:57+00:00","author":"Canal Dana","twitter_card":"summary_large_image","twitter_misc":{"Escrito por":"Canal Dana","Est. tempo de leitura":"3 minutos"},"schema":{"@context":"https:\/\/schema.org","@graph":[{"@type":"Article","@id":"https:\/\/dana.com.br\/canaldana\/2021\/09\/03\/volkswagen-caminhoes-e-onibus-e-eleita-a-melhor-empresa-para-trabalhar-no-estado-do-rio-de-janeiro\/#article","isPartOf":{"@id":"https:\/\/dana.com.br\/canaldana\/2021\/09\/03\/volkswagen-caminhoes-e-onibus-e-eleita-a-melhor-empresa-para-trabalhar-no-estado-do-rio-de-janeiro\/"},"author":{"name":"Canal Dana","@id":"https:\/\/dana.com.br\/canaldana\/#\/schema\/person\/3c21f22f56fcf3bc46b94bc60ea4fef6"},"headline":"Volkswagen Caminh\u00f5es e \u00d4nibus \u00e9 eleita a melhor empresa para trabalhar no Estado do Rio de Janeiro","datePublished":"2021-09-03T11:44:57+00:00","mainEntityOfPage":{"@id":"https:\/\/dana.com.br\/canaldana\/2021\/09\/03\/volkswagen-caminhoes-e-onibus-e-eleita-a-melhor-empresa-para-trabalhar-no-estado-do-rio-de-janeiro\/"},"wordCount":589,"articleSection":["Pr\u00eamios"],"inLanguage":"pt-BR"},{"@type":"WebPage","@id":"https:\/\/dana.com.br\/canaldana\/2021\/09\/03\/volkswagen-caminhoes-e-onibus-e-eleita-a-melhor-empresa-para-trabalhar-no-estado-do-rio-de-janeiro\/","url":"https:\/\/dana.com.br\/canaldana\/2021\/09\/03\/volkswagen-caminhoes-e-onibus-e-eleita-a-melhor-empresa-para-trabalhar-no-estado-do-rio-de-janeiro\/","name":"Volkswagen Caminh\u00f5es e \u00d4nibus \u00e9 eleita a melhor empresa para trabalhar no Estado do Rio de Janeiro - Canal Dana","isPartOf":{"@id":"https:\/\/dana.com.br\/canaldana\/#website"},"datePublished":"2021-09-03T11:44:57+00:00","author":{"@id":"https:\/\/dana.com.br\/canaldana\/#\/schema\/person\/3c21f22f56fcf3bc46b94bc60ea4fef6"},"breadcrumb":{"@id":"https:\/\/dana.com.br\/canaldana\/2021\/09\/03\/volkswagen-caminhoes-e-onibus-e-eleita-a-melhor-empresa-para-trabalhar-no-estado-do-rio-de-janeiro\/#breadcrumb"},"inLanguage":"pt-BR","potentialAction":[{"@type":"ReadAction","target":["https:\/\/dana.com.br\/canaldana\/2021\/09\/03\/volkswagen-caminhoes-e-onibus-e-eleita-a-melhor-empresa-para-trabalhar-no-estado-do-rio-de-janeiro\/"]}]},{"@type":"BreadcrumbList","@id":"https:\/\/dana.com.br\/canaldana\/2021\/09\/03\/volkswagen-caminhoes-e-onibus-e-eleita-a-melhor-empresa-para-trabalhar-no-estado-do-rio-de-janeiro\/#breadcrumb","itemListElement":[{"@type":"ListItem","position":1,"name":"Home","item":"https:\/\/dana.com.br\/canaldana\/"},{"@type":"ListItem","position":2,"name":"Pr\u00eamios","item":"https:\/\/dana.com.br\/canaldana\/premios\/"},{"@type":"ListItem","position":3,"name":"Volkswagen Caminh\u00f5es e \u00d4nibus \u00e9 eleita a melhor empresa para trabalhar no Estado do Rio de Janeiro"}]},{"@type":"WebSite","@id":"https:\/\/dana.com.br\/canaldana\/#website","url":"https:\/\/dana.com.br\/canaldana\/","name":"Canal Dana","description":"Informativo com as principais not\u00edcias da ind\u00fastria automotiva","potentialAction":[{"@type":"SearchAction","target":{"@type":"EntryPoint","urlTemplate":"https:\/\/dana.com.br\/canaldana\/?s={search_term_string}"},"query-input":{"@type":"PropertyValueSpecification","valueRequired":true,"valueName":"search_term_string"}}],"inLanguage":"pt-BR"},{"@type":"Person","@id":"https:\/\/dana.com.br\/canaldana\/#\/schema\/person\/3c21f22f56fcf3bc46b94bc60ea4fef6","name":"Canal Dana","image":{"@type":"ImageObject","inLanguage":"pt-BR","@id":"https:\/\/secure.gravatar.com\/avatar\/420aaf9278582877d9018637c6817617705899d2858d7572ef0fe59a6b6454b4?s=96&d=mm&r=g","url":"https:\/\/secure.gravatar.com\/avatar\/420aaf9278582877d9018637c6817617705899d2858d7572ef0fe59a6b6454b4?s=96&d=mm&r=g","contentUrl":"https:\/\/secure.gravatar.com\/avatar\/420aaf9278582877d9018637c6817617705899d2858d7572ef0fe59a6b6454b4?s=96&d=mm&r=g","caption":"Canal Dana"},"url":"https:\/\/dana.com.br\/canaldana\/author\/cdeditor\/"}]}},"_links":{"self":[{"href":"https:\/\/dana.com.br\/canaldana\/wp-json\/wp\/v2\/posts\/52703","targetHints":{"allow":["GET"]}}],"collection":[{"href":"https:\/\/dana.com.br\/canaldana\/wp-json\/wp\/v2\/posts"}],"about":[{"href":"https:\/\/dana.com.br\/canaldana\/wp-json\/wp\/v2\/types\/post"}],"author":[{"embeddable":true,"href":"https:\/\/dana.com.br\/canaldana\/wp-json\/wp\/v2\/users\/3"}],"replies":[{"embeddable":true,"href":"https:\/\/dana.com.br\/canaldana\/wp-json\/wp\/v2\/comments?post=52703"}],"version-history":[{"count":0,"href":"https:\/\/dana.com.br\/canaldana\/wp-json\/wp\/v2\/posts\/52703\/revisions"}],"wp:attachment":[{"href":"https:\/\/dana.com.br\/canaldana\/wp-json\/wp\/v2\/media?parent=52703"}],"wp:term":[{"taxonomy":"category","embeddable":true,"href":"https:\/\/dana.com.br\/canaldana\/wp-json\/wp\/v2\/categories?post=52703"},{"taxonomy":"post_tag","embeddable":true,"href":"https:\/\/dana.com.br\/canaldana\/wp-json\/wp\/v2\/tags?post=52703"}],"curies":[{"name":"wp","href":"https:\/\/api.w.org\/{rel}","templated":true}]}}