{"id":52674,"date":"2021-09-02T08:34:41","date_gmt":"2021-09-02T11:34:41","guid":{"rendered":"https:\/\/dana.com.br\/canaldana\/?p=52674"},"modified":"2021-09-02T08:34:41","modified_gmt":"2021-09-02T11:34:41","slug":"com-tag-itau-cliente-do-banco-ficara-isento-de-mensalidade-na-conectcar","status":"publish","type":"post","link":"https:\/\/dana.com.br\/canaldana\/2021\/09\/02\/com-tag-itau-cliente-do-banco-ficara-isento-de-mensalidade-na-conectcar\/","title":{"rendered":"Com Tag Ita\u00fa, cliente do banco ficar\u00e1 isento de mensalidade na ConectCar"},"content":{"rendered":"<p><em>Jornal Tribuna<\/em><\/p>\n<p>&nbsp;<\/p>\n<p>O Ita\u00fa Unibanco, em parceria com a ConectCar, anuncia o lan\u00e7amento da Tag Ita\u00fa, solu\u00e7\u00e3o de pagamento autom\u00e1tico de ped\u00e1gios e estacionamentos sem mensalidade, exclusiva para os clientes do banco. O benef\u00edcio de isen\u00e7\u00e3o de mensalidade estar\u00e1 dispon\u00edvel a partir da segunda quinzena de setembro, inicialmente incorporado nas tags da marca ConectCar. E a partir de novembro, o banco oferecer\u00e1 sua tag pr\u00f3pria. A expectativa \u00e9 que at\u00e9 final do ano o produto e o benef\u00edcio estejam dispon\u00edveis para 60 milh\u00f5es de clientes. Com o lan\u00e7amento, o Ita\u00fa refor\u00e7a sua estrat\u00e9gia de gerar fideliza\u00e7\u00e3o por meio de uma atua\u00e7\u00e3o que v\u00e1 al\u00e9m dos servi\u00e7os banc\u00e1rios. E, mais do que isso, favorece a mobilidade ao estimular o acesso de mais pessoas a um servi\u00e7o que torna o tr\u00e2nsito mais fluido nas cidades e estradas.<\/p>\n<p>&nbsp;<\/p>\n<p>\u201cEssa mudan\u00e7a na estrat\u00e9gia \u00e9 mais um desdobramento de nosso compromisso com a centralidade no cliente e \u00e9 convergente com o momento de maior digitaliza\u00e7\u00e3o da popula\u00e7\u00e3o e maior interesse em alternativas de pagamento sem contato\u201d, diz Alexandre Zancani, diretor e membro do Comit\u00ea Executivo do Ita\u00fa Unibanco. \u201cCada vez mais, trabalharemos com ofertas que extrapolam a prateleira de servi\u00e7os banc\u00e1rios, em benef\u00edcio do cliente e para aumentarmos nosso relacionamento com ele. Ao ampliarmos o conhecimento sobre esse cliente, teremos condi\u00e7\u00f5es de tornar nossa oferta mais customizada, de nos antecipar a suas novas demandas e, assim, manter nosso protagonismo no mercado\u201d, complementa.<\/p>\n<p>&nbsp;<\/p>\n<p>\u201cApostamos no potencial dessa iniciativa para alavancar o crescimento do mercado de passagens autom\u00e1ticas, modernizando o ecossistema brasileiro de mobilidade. Os ganhos para nosso neg\u00f3cio ser\u00e3o em escala. Com um parceiro com o alcance do Ita\u00fa e toda nossa expertise tecnol\u00f3gica, queremos chegar a 30% de market share at\u00e9 2023\u201d, afirma Felix Cardamone, CEO da ConectCar. Segundo o executivo, a novidade tamb\u00e9m favorece um tema cuja discuss\u00e3o est\u00e1 sendo amadurecida pelos \u00f3rg\u00e3os reguladores e concession\u00e1rias. \u201cAo estimular a expans\u00e3o do segmento, preparamos mais motoristas para o ped\u00e1gio de livre passagem [o free flow], sistema que deve ser implementado em breve no Brasil\u201d, prev\u00ea.<\/p>\n<p>&nbsp;<\/p>\n<p>Ambas as marcas apostam em um cen\u00e1rio pr\u00f3spero para o mercado de tags no pa\u00eds, devido a incentivos como o Desconto do Usu\u00e1rio Frequente (DUF) e o desconto de 5% no ped\u00e1gio para quem usa as vias de cobran\u00e7a autom\u00e1tica. E tamb\u00e9m por conta da previs\u00e3o de que as 27 novas concess\u00f5es em rodovias brasileiras, esperadas at\u00e9 o fim de 2023, devam dobrar a quilometragem de estrada, que atualmente \u00e9 de 20 mil km.<\/p>\n<p>&nbsp;<\/p>\n<p>Hoje o banco j\u00e1 tem participa\u00e7\u00e3o diversificada no ecossistema de mobilidade. Em uma das frentes, mant\u00e9m os programas Bike Ita\u00fa, que inclui bicicletas convencionais e modelos el\u00e9tricos, e o vec Ita\u00fa, de ve\u00edculos el\u00e9tricos compartilhados. Al\u00e9m de oferecer cons\u00f3rcio, financiamento e seguro de ve\u00edculos, o banco trabalha com solu\u00e7\u00f5es digitais para concession\u00e1rias e revendas, que impulsionam os neg\u00f3cios e facilitam sua gest\u00e3o. Complementam a atua\u00e7\u00e3o do Ita\u00fa nesse ecossistema o iCarros, um marketplace de compra e venda de ve\u00edculos, e a WTW Play powered by Ita\u00fa, plataforma de streaming, em parceria com Welcome Tomorow, 100% dedicada a assuntos de mobilidade.<\/p>\n<p>&nbsp;<\/p>\n<p><strong>Nova Tag Ita\u00fa<\/strong><\/p>\n<p>&nbsp;<\/p>\n<p>Equivalente ao Plano Completo da ConectCar, que tem custo mensal de R$ 17,90, a Tag Ita\u00fa ampliar\u00e1 o acesso de milh\u00f5es de clientes do banco \u00e0 experi\u00eancia de pagamento autom\u00e1tico de estacionamentos e ped\u00e1gios \u2013 por\u00e9m, sem a cobran\u00e7a da mensalidade. Inicialmente, a contrata\u00e7\u00e3o do produto estar\u00e1 atrelada a um cart\u00e3o de cr\u00e9dito do cliente, mas nos pr\u00f3ximos meses ela tamb\u00e9m poder\u00e1 ser feita por correntistas do Ita\u00fa com a op\u00e7\u00e3o de d\u00e9bito em conta.<\/p>\n<p>&nbsp;<\/p>\n<p>\u201cO cliente ganha em comodidade, em seguran\u00e7a \u2013 tanto f\u00edsica quanto sanit\u00e1ria \u2013 e em produtividade. Nas grandes cidades, muitas pessoas passam longas horas no tr\u00e2nsito. O mesmo ocorre nas estradas, especialmente nos feriados e nas f\u00e9rias. As perdas que o Pa\u00eds, como um todo, sofre com os engarrafamentos poderiam se reverter em ganho de tempo para atividades mais relevantes, por meio de solu\u00e7\u00f5es como essa tag\u201d, pontua Felix Cardamone, da ConectCar.<\/p>\n<p>&nbsp;<\/p>\n<p>O lan\u00e7amento ocorrer\u00e1 gradualmente e ser\u00e1 conclu\u00eddo at\u00e9 o fim do ano, sendo que ao longo do m\u00eas de setembro os mais de 250 mil clientes dos cart\u00f5es Ita\u00fa que j\u00e1 possuem um adesivo da ConectCar ter\u00e3o a isen\u00e7\u00e3o de mensalidade aplicada automaticamente. Os demais interessados em se tornar novos clientes do produto poder\u00e3o, a partir do fim do m\u00eas, solicitar a sua tag com o benef\u00edcio. Mais detalhes sobre a Tag Ita\u00fa est\u00e3o dispon\u00edveis em: <a href=\"https:\/\/meu.itau\/tagitau\" target=\"_blank\" rel=\"noopener noreferrer\">https:\/\/meu.itau\/tagitau<\/a> (Jornal Tribuna)<\/p>\n","protected":false},"excerpt":{"rendered":"<p>Jornal Tribuna &nbsp; O Ita\u00fa Unibanco, em parceria com a ConectCar, anuncia o lan\u00e7amento da Tag Ita\u00fa, solu\u00e7\u00e3o de pagamento autom\u00e1tico de ped\u00e1gios e estacionamentos sem mensalidade, exclusiva para os clientes do banco. O benef\u00edcio de isen\u00e7\u00e3o de mensalidade estar\u00e1 dispon\u00edvel a partir da segunda quinzena de setembro, inicialmente incorporado nas tags da marca ConectCar.\u2026 <a class=\"readmore\" href=\"https:\/\/dana.com.br\/canaldana\/2021\/09\/02\/com-tag-itau-cliente-do-banco-ficara-isento-de-mensalidade-na-conectcar\/\">Leia mais \u00bb<\/a><\/p>\n","protected":false},"author":3,"featured_media":0,"comment_status":"closed","ping_status":"closed","sticky":false,"template":"","format":"standard","meta":{"_acf_changed":false,"footnotes":""},"categories":[79],"tags":[],"class_list":["post-52674","post","type-post","status-publish","format-standard","hentry","category-mercado"],"acf":[],"yoast_head":"<!-- This site is optimized with the Yoast SEO plugin v27.3 - https:\/\/yoast.com\/product\/yoast-seo-wordpress\/ -->\n<title>Com Tag Ita\u00fa, cliente do banco ficar\u00e1 isento de mensalidade na ConectCar - Canal Dana<\/title>\n<meta name=\"robots\" content=\"index, follow, max-snippet:-1, max-image-preview:large, max-video-preview:-1\" \/>\n<link rel=\"canonical\" href=\"https:\/\/dana.com.br\/canaldana\/2021\/09\/02\/com-tag-itau-cliente-do-banco-ficara-isento-de-mensalidade-na-conectcar\/\" \/>\n<meta property=\"og:locale\" content=\"pt_BR\" \/>\n<meta property=\"og:type\" content=\"article\" \/>\n<meta property=\"og:title\" content=\"Com Tag Ita\u00fa, cliente do banco ficar\u00e1 isento de mensalidade na ConectCar - Canal Dana\" \/>\n<meta property=\"og:description\" content=\"Jornal Tribuna &nbsp; O Ita\u00fa Unibanco, em parceria com a ConectCar, anuncia o lan\u00e7amento da Tag Ita\u00fa, solu\u00e7\u00e3o de pagamento autom\u00e1tico de ped\u00e1gios e estacionamentos sem mensalidade, exclusiva para os clientes do banco. O benef\u00edcio de isen\u00e7\u00e3o de mensalidade estar\u00e1 dispon\u00edvel a partir da segunda quinzena de setembro, inicialmente incorporado nas tags da marca ConectCar.\u2026 Leia mais \u00bb\" \/>\n<meta property=\"og:url\" content=\"https:\/\/dana.com.br\/canaldana\/2021\/09\/02\/com-tag-itau-cliente-do-banco-ficara-isento-de-mensalidade-na-conectcar\/\" \/>\n<meta property=\"og:site_name\" content=\"Canal Dana\" \/>\n<meta property=\"article:published_time\" content=\"2021-09-02T11:34:41+00:00\" \/>\n<meta name=\"author\" content=\"Canal Dana\" \/>\n<meta name=\"twitter:card\" content=\"summary_large_image\" \/>\n<meta name=\"twitter:label1\" content=\"Escrito por\" \/>\n\t<meta name=\"twitter:data1\" content=\"Canal Dana\" \/>\n\t<meta name=\"twitter:label2\" content=\"Est. tempo de leitura\" \/>\n\t<meta name=\"twitter:data2\" content=\"4 minutos\" \/>\n<script type=\"application\/ld+json\" class=\"yoast-schema-graph\">{\"@context\":\"https:\\\/\\\/schema.org\",\"@graph\":[{\"@type\":\"Article\",\"@id\":\"https:\\\/\\\/dana.com.br\\\/canaldana\\\/2021\\\/09\\\/02\\\/com-tag-itau-cliente-do-banco-ficara-isento-de-mensalidade-na-conectcar\\\/#article\",\"isPartOf\":{\"@id\":\"https:\\\/\\\/dana.com.br\\\/canaldana\\\/2021\\\/09\\\/02\\\/com-tag-itau-cliente-do-banco-ficara-isento-de-mensalidade-na-conectcar\\\/\"},\"author\":{\"name\":\"Canal Dana\",\"@id\":\"https:\\\/\\\/dana.com.br\\\/canaldana\\\/#\\\/schema\\\/person\\\/3c21f22f56fcf3bc46b94bc60ea4fef6\"},\"headline\":\"Com Tag Ita\u00fa, cliente do banco ficar\u00e1 isento de mensalidade na ConectCar\",\"datePublished\":\"2021-09-02T11:34:41+00:00\",\"mainEntityOfPage\":{\"@id\":\"https:\\\/\\\/dana.com.br\\\/canaldana\\\/2021\\\/09\\\/02\\\/com-tag-itau-cliente-do-banco-ficara-isento-de-mensalidade-na-conectcar\\\/\"},\"wordCount\":843,\"articleSection\":[\"Mercado\"],\"inLanguage\":\"pt-BR\"},{\"@type\":\"WebPage\",\"@id\":\"https:\\\/\\\/dana.com.br\\\/canaldana\\\/2021\\\/09\\\/02\\\/com-tag-itau-cliente-do-banco-ficara-isento-de-mensalidade-na-conectcar\\\/\",\"url\":\"https:\\\/\\\/dana.com.br\\\/canaldana\\\/2021\\\/09\\\/02\\\/com-tag-itau-cliente-do-banco-ficara-isento-de-mensalidade-na-conectcar\\\/\",\"name\":\"Com Tag Ita\u00fa, cliente do banco ficar\u00e1 isento de mensalidade na ConectCar - Canal Dana\",\"isPartOf\":{\"@id\":\"https:\\\/\\\/dana.com.br\\\/canaldana\\\/#website\"},\"datePublished\":\"2021-09-02T11:34:41+00:00\",\"author\":{\"@id\":\"https:\\\/\\\/dana.com.br\\\/canaldana\\\/#\\\/schema\\\/person\\\/3c21f22f56fcf3bc46b94bc60ea4fef6\"},\"breadcrumb\":{\"@id\":\"https:\\\/\\\/dana.com.br\\\/canaldana\\\/2021\\\/09\\\/02\\\/com-tag-itau-cliente-do-banco-ficara-isento-de-mensalidade-na-conectcar\\\/#breadcrumb\"},\"inLanguage\":\"pt-BR\",\"potentialAction\":[{\"@type\":\"ReadAction\",\"target\":[\"https:\\\/\\\/dana.com.br\\\/canaldana\\\/2021\\\/09\\\/02\\\/com-tag-itau-cliente-do-banco-ficara-isento-de-mensalidade-na-conectcar\\\/\"]}]},{\"@type\":\"BreadcrumbList\",\"@id\":\"https:\\\/\\\/dana.com.br\\\/canaldana\\\/2021\\\/09\\\/02\\\/com-tag-itau-cliente-do-banco-ficara-isento-de-mensalidade-na-conectcar\\\/#breadcrumb\",\"itemListElement\":[{\"@type\":\"ListItem\",\"position\":1,\"name\":\"Home\",\"item\":\"https:\\\/\\\/dana.com.br\\\/canaldana\\\/\"},{\"@type\":\"ListItem\",\"position\":2,\"name\":\"Mercado\",\"item\":\"https:\\\/\\\/dana.com.br\\\/canaldana\\\/mercado\\\/\"},{\"@type\":\"ListItem\",\"position\":3,\"name\":\"Com Tag Ita\u00fa, cliente do banco ficar\u00e1 isento de mensalidade na ConectCar\"}]},{\"@type\":\"WebSite\",\"@id\":\"https:\\\/\\\/dana.com.br\\\/canaldana\\\/#website\",\"url\":\"https:\\\/\\\/dana.com.br\\\/canaldana\\\/\",\"name\":\"Canal Dana\",\"description\":\"Informativo com as principais not\u00edcias da ind\u00fastria automotiva\",\"potentialAction\":[{\"@type\":\"SearchAction\",\"target\":{\"@type\":\"EntryPoint\",\"urlTemplate\":\"https:\\\/\\\/dana.com.br\\\/canaldana\\\/?s={search_term_string}\"},\"query-input\":{\"@type\":\"PropertyValueSpecification\",\"valueRequired\":true,\"valueName\":\"search_term_string\"}}],\"inLanguage\":\"pt-BR\"},{\"@type\":\"Person\",\"@id\":\"https:\\\/\\\/dana.com.br\\\/canaldana\\\/#\\\/schema\\\/person\\\/3c21f22f56fcf3bc46b94bc60ea4fef6\",\"name\":\"Canal Dana\",\"image\":{\"@type\":\"ImageObject\",\"inLanguage\":\"pt-BR\",\"@id\":\"https:\\\/\\\/secure.gravatar.com\\\/avatar\\\/420aaf9278582877d9018637c6817617705899d2858d7572ef0fe59a6b6454b4?s=96&d=mm&r=g\",\"url\":\"https:\\\/\\\/secure.gravatar.com\\\/avatar\\\/420aaf9278582877d9018637c6817617705899d2858d7572ef0fe59a6b6454b4?s=96&d=mm&r=g\",\"contentUrl\":\"https:\\\/\\\/secure.gravatar.com\\\/avatar\\\/420aaf9278582877d9018637c6817617705899d2858d7572ef0fe59a6b6454b4?s=96&d=mm&r=g\",\"caption\":\"Canal Dana\"},\"url\":\"https:\\\/\\\/dana.com.br\\\/canaldana\\\/author\\\/cdeditor\\\/\"}]}<\/script>\n<!-- \/ Yoast SEO plugin. -->","yoast_head_json":{"title":"Com Tag Ita\u00fa, cliente do banco ficar\u00e1 isento de mensalidade na ConectCar - Canal Dana","robots":{"index":"index","follow":"follow","max-snippet":"max-snippet:-1","max-image-preview":"max-image-preview:large","max-video-preview":"max-video-preview:-1"},"canonical":"https:\/\/dana.com.br\/canaldana\/2021\/09\/02\/com-tag-itau-cliente-do-banco-ficara-isento-de-mensalidade-na-conectcar\/","og_locale":"pt_BR","og_type":"article","og_title":"Com Tag Ita\u00fa, cliente do banco ficar\u00e1 isento de mensalidade na ConectCar - Canal Dana","og_description":"Jornal Tribuna &nbsp; O Ita\u00fa Unibanco, em parceria com a ConectCar, anuncia o lan\u00e7amento da Tag Ita\u00fa, solu\u00e7\u00e3o de pagamento autom\u00e1tico de ped\u00e1gios e estacionamentos sem mensalidade, exclusiva para os clientes do banco. O benef\u00edcio de isen\u00e7\u00e3o de mensalidade estar\u00e1 dispon\u00edvel a partir da segunda quinzena de setembro, inicialmente incorporado nas tags da marca ConectCar.\u2026 Leia mais \u00bb","og_url":"https:\/\/dana.com.br\/canaldana\/2021\/09\/02\/com-tag-itau-cliente-do-banco-ficara-isento-de-mensalidade-na-conectcar\/","og_site_name":"Canal Dana","article_published_time":"2021-09-02T11:34:41+00:00","author":"Canal Dana","twitter_card":"summary_large_image","twitter_misc":{"Escrito por":"Canal Dana","Est. tempo de leitura":"4 minutos"},"schema":{"@context":"https:\/\/schema.org","@graph":[{"@type":"Article","@id":"https:\/\/dana.com.br\/canaldana\/2021\/09\/02\/com-tag-itau-cliente-do-banco-ficara-isento-de-mensalidade-na-conectcar\/#article","isPartOf":{"@id":"https:\/\/dana.com.br\/canaldana\/2021\/09\/02\/com-tag-itau-cliente-do-banco-ficara-isento-de-mensalidade-na-conectcar\/"},"author":{"name":"Canal Dana","@id":"https:\/\/dana.com.br\/canaldana\/#\/schema\/person\/3c21f22f56fcf3bc46b94bc60ea4fef6"},"headline":"Com Tag Ita\u00fa, cliente do banco ficar\u00e1 isento de mensalidade na ConectCar","datePublished":"2021-09-02T11:34:41+00:00","mainEntityOfPage":{"@id":"https:\/\/dana.com.br\/canaldana\/2021\/09\/02\/com-tag-itau-cliente-do-banco-ficara-isento-de-mensalidade-na-conectcar\/"},"wordCount":843,"articleSection":["Mercado"],"inLanguage":"pt-BR"},{"@type":"WebPage","@id":"https:\/\/dana.com.br\/canaldana\/2021\/09\/02\/com-tag-itau-cliente-do-banco-ficara-isento-de-mensalidade-na-conectcar\/","url":"https:\/\/dana.com.br\/canaldana\/2021\/09\/02\/com-tag-itau-cliente-do-banco-ficara-isento-de-mensalidade-na-conectcar\/","name":"Com Tag Ita\u00fa, cliente do banco ficar\u00e1 isento de mensalidade na ConectCar - Canal Dana","isPartOf":{"@id":"https:\/\/dana.com.br\/canaldana\/#website"},"datePublished":"2021-09-02T11:34:41+00:00","author":{"@id":"https:\/\/dana.com.br\/canaldana\/#\/schema\/person\/3c21f22f56fcf3bc46b94bc60ea4fef6"},"breadcrumb":{"@id":"https:\/\/dana.com.br\/canaldana\/2021\/09\/02\/com-tag-itau-cliente-do-banco-ficara-isento-de-mensalidade-na-conectcar\/#breadcrumb"},"inLanguage":"pt-BR","potentialAction":[{"@type":"ReadAction","target":["https:\/\/dana.com.br\/canaldana\/2021\/09\/02\/com-tag-itau-cliente-do-banco-ficara-isento-de-mensalidade-na-conectcar\/"]}]},{"@type":"BreadcrumbList","@id":"https:\/\/dana.com.br\/canaldana\/2021\/09\/02\/com-tag-itau-cliente-do-banco-ficara-isento-de-mensalidade-na-conectcar\/#breadcrumb","itemListElement":[{"@type":"ListItem","position":1,"name":"Home","item":"https:\/\/dana.com.br\/canaldana\/"},{"@type":"ListItem","position":2,"name":"Mercado","item":"https:\/\/dana.com.br\/canaldana\/mercado\/"},{"@type":"ListItem","position":3,"name":"Com Tag Ita\u00fa, cliente do banco ficar\u00e1 isento de mensalidade na ConectCar"}]},{"@type":"WebSite","@id":"https:\/\/dana.com.br\/canaldana\/#website","url":"https:\/\/dana.com.br\/canaldana\/","name":"Canal Dana","description":"Informativo com as principais not\u00edcias da ind\u00fastria automotiva","potentialAction":[{"@type":"SearchAction","target":{"@type":"EntryPoint","urlTemplate":"https:\/\/dana.com.br\/canaldana\/?s={search_term_string}"},"query-input":{"@type":"PropertyValueSpecification","valueRequired":true,"valueName":"search_term_string"}}],"inLanguage":"pt-BR"},{"@type":"Person","@id":"https:\/\/dana.com.br\/canaldana\/#\/schema\/person\/3c21f22f56fcf3bc46b94bc60ea4fef6","name":"Canal Dana","image":{"@type":"ImageObject","inLanguage":"pt-BR","@id":"https:\/\/secure.gravatar.com\/avatar\/420aaf9278582877d9018637c6817617705899d2858d7572ef0fe59a6b6454b4?s=96&d=mm&r=g","url":"https:\/\/secure.gravatar.com\/avatar\/420aaf9278582877d9018637c6817617705899d2858d7572ef0fe59a6b6454b4?s=96&d=mm&r=g","contentUrl":"https:\/\/secure.gravatar.com\/avatar\/420aaf9278582877d9018637c6817617705899d2858d7572ef0fe59a6b6454b4?s=96&d=mm&r=g","caption":"Canal Dana"},"url":"https:\/\/dana.com.br\/canaldana\/author\/cdeditor\/"}]}},"_links":{"self":[{"href":"https:\/\/dana.com.br\/canaldana\/wp-json\/wp\/v2\/posts\/52674","targetHints":{"allow":["GET"]}}],"collection":[{"href":"https:\/\/dana.com.br\/canaldana\/wp-json\/wp\/v2\/posts"}],"about":[{"href":"https:\/\/dana.com.br\/canaldana\/wp-json\/wp\/v2\/types\/post"}],"author":[{"embeddable":true,"href":"https:\/\/dana.com.br\/canaldana\/wp-json\/wp\/v2\/users\/3"}],"replies":[{"embeddable":true,"href":"https:\/\/dana.com.br\/canaldana\/wp-json\/wp\/v2\/comments?post=52674"}],"version-history":[{"count":0,"href":"https:\/\/dana.com.br\/canaldana\/wp-json\/wp\/v2\/posts\/52674\/revisions"}],"wp:attachment":[{"href":"https:\/\/dana.com.br\/canaldana\/wp-json\/wp\/v2\/media?parent=52674"}],"wp:term":[{"taxonomy":"category","embeddable":true,"href":"https:\/\/dana.com.br\/canaldana\/wp-json\/wp\/v2\/categories?post=52674"},{"taxonomy":"post_tag","embeddable":true,"href":"https:\/\/dana.com.br\/canaldana\/wp-json\/wp\/v2\/tags?post=52674"}],"curies":[{"name":"wp","href":"https:\/\/api.w.org\/{rel}","templated":true}]}}