{"id":52661,"date":"2021-09-01T08:29:00","date_gmt":"2021-09-01T11:29:00","guid":{"rendered":"https:\/\/dana.com.br\/canaldana\/?p=52661"},"modified":"2021-09-01T08:29:00","modified_gmt":"2021-09-01T11:29:00","slug":"santiago-chamorro-volta-ao-comando-da-gm-apos-empresa-perder-lideranca","status":"publish","type":"post","link":"https:\/\/dana.com.br\/canaldana\/2021\/09\/01\/santiago-chamorro-volta-ao-comando-da-gm-apos-empresa-perder-lideranca\/","title":{"rendered":"Santiago Chamorro volta ao comando da GM ap\u00f3s empresa perder lideran\u00e7a"},"content":{"rendered":"<p><em>O Estado de S. Paulo<\/em><\/p>\n<p>&nbsp;<\/p>\n<p>Mudan\u00e7a. Gigante americana, que foi l\u00edder do mercado brasileiro durante v\u00e1rios anos, perdeu o posto ao sofrer muito com a falta de componentes para a fabrica\u00e7\u00e3o do Onix, seu principal carro; montadora prev\u00ea investimentos de R$ 10 bi para o Pa\u00eds nos pr\u00f3ximos 5 anos<\/p>\n<p>&nbsp;<\/p>\n<p>Uma semana ap\u00f3s a inesperada sa\u00edda do argentino Carlos Zarlenga do comando da General Motors na Am\u00e9rica do Sul, a companhia anunciou o regresso de Santiago Chamorro ao Brasil para assumir o cargo. O executivo colombiano j\u00e1 presidiu a filial brasileira de 2013 a 2016.<\/p>\n<p>&nbsp;<\/p>\n<p>Chamorro j\u00e1 foi efetivado no novo posto, embora ainda esteja nos Estados Unidos, onde at\u00e9 agora ocupava a vice-presid\u00eancia da GM Global Connected Services, respons\u00e1vel por tecnologias inovadoras de carros conectados, entre outras atividades.<\/p>\n<p>&nbsp;<\/p>\n<p>Zarlenga deixou a companhia na semana passada, segundo a GM, para \u201cbuscar outras oportunidades\u201d. Chamorro volta ao Pa\u00eds com a miss\u00e3o de recuperar desempenho sustent\u00e1vel e lucrativo para a opera\u00e7\u00e3o da marca, objetivo dado tamb\u00e9m a Zarlenga no in\u00edcio de 2019, quando a presidente global da companhia, Mary Barra, amea\u00e7ou suspender opera\u00e7\u00f5es na regi\u00e3o.<\/p>\n<p>&nbsp;<\/p>\n<p>Ele chega num momento em que a montadora, l\u00edder em vendas por v\u00e1rios anos, perdeu a posi\u00e7\u00e3o no Brasil, seu maior mercado local, ap\u00f3s manter fechada por quase cinco meses a f\u00e1brica de Gravata\u00ed (RS), onde produz o Onix \u2013 at\u00e9 ent\u00e3o, o autom\u00f3vel mais vendido no Pa\u00eds.<\/p>\n<p>&nbsp;<\/p>\n<p>A subsidi\u00e1ria local, que segundo Zarlenga come\u00e7ava a recupera\u00e7\u00e3o de resultados financeiros, foi a mais prejudicada no Pa\u00eds pela falta de semicondutores, problema que afeta a ind\u00fastria automobil\u00edstica em todo o mundo desde o in\u00edcio do ano.<\/p>\n<p>&nbsp;<\/p>\n<p>A f\u00e1brica ga\u00facha retomou as atividades no \u00faltimo dia 16, e a de S\u00e3o Caetano do Sul (SP) voltou a operar no dia 26, ap\u00f3s cerca de dois meses de paralisa\u00e7\u00e3o, ambas com apenas um turno de trabalho. Em julho, a GM estava em s\u00e9timo lugar no ranking de vendas. Em agosto, at\u00e9 o dia 30, estava em sexto, provavelmente porque as concession\u00e1rias voltaram a receber unidades do Onix hatch e sed\u00e3.<\/p>\n<p>&nbsp;<\/p>\n<p>Parte da parada na f\u00e1brica do ABC paulista foi para realizar grande reforma nas instala\u00e7\u00f5es para o in\u00edcio da produ\u00e7\u00e3o da nova picape Montana, lan\u00e7amento que caber\u00e1 a Chamorro comandar em 2022.<\/p>\n<p>&nbsp;<\/p>\n<p><strong>Investimento-chave<\/strong><\/p>\n<p>&nbsp;<\/p>\n<p>\u201c\u00c9 um prazer e uma honra assumir esta nova posi\u00e7\u00e3o como presidente da Am\u00e9rica do Sul\u201d, afirmou Chamorro, em nota. \u201cEstou ansioso para me reconectar com os muitos colegas e parceiros para impulsionarmos os neg\u00f3cios na Am\u00e9rica do Sul juntos.\u201d<\/p>\n<p>&nbsp;<\/p>\n<p>Segundo ele, \u201ccom a excelente equipe e parceiros da Am\u00e9rica do Sul, e com o portf\u00f3lio vencedor e as f\u00e1bricas retomando a produ\u00e7\u00e3o, temos os pilares para crescer e sustentar nossa forte posi\u00e7\u00e3o na regi\u00e3o\u201d.<\/p>\n<p>&nbsp;<\/p>\n<p>Steve Kierfer, vice-presidente s\u00eanior da GM e presidente da GM Internacional, disse, tamb\u00e9m em nota, que \u201cChamorro assume a fun\u00e7\u00e3o com a prioridade de liderar a implementa\u00e7\u00e3o de investimentos-chave para o futuro das opera\u00e7\u00f5es da GM na<\/p>\n<p>&nbsp;<\/p>\n<p>Am\u00e9rica do Sul, bem como aumentar a produ\u00e7\u00e3o conforme a ind\u00fastria supera a escassez global de semicondutores e a pandemia de covid-19\u201d.<\/p>\n<p>&nbsp;<\/p>\n<p>Para o Brasil, est\u00e3o previstos investimentos de R$ 10 bilh\u00f5es nos pr\u00f3ximos cinco anos. O grupo tem cinco f\u00e1bricas locais, sendo tr\u00eas de autom\u00f3veis, uma de motores e uma de componentes para o mercado de reposi\u00e7\u00e3o. Na regi\u00e3o, a GM tamb\u00e9m tem f\u00e1brica na Argentina e opera\u00e7\u00f5es comerciais em outros pa\u00edses, como Col\u00f4mbia e Equador.<\/p>\n<p>&nbsp;<\/p>\n<p>Em breve, Chamorro vai se mudar de Michigan para S\u00e3o Paulo. Em sua nova fun\u00e7\u00e3o, ele se reportar\u00e1 a Kiefer. O executivo global afirmou que confia que \u201cos neg\u00f3cios na regi\u00e3o continuar\u00e3o centrados no cliente, com forte atua\u00e7\u00e3o junto aos parceiros, com o objetivo de um desempenho sustent\u00e1vel e lucrativo sob a lideran\u00e7a de Santiago\u201d.<\/p>\n<p>&nbsp;<\/p>\n<p>\u201cSantiago tem profundo conhecimento dos mercados sulamericanos, bem como forte relacionamento com nossa organiza\u00e7\u00e3o global. Isso o posiciona muito bem para continuar a conectar os neg\u00f3cios na Am\u00e9rica do Sul com a vis\u00e3o global de futuro da GM\u201d, disse Kiefer.<\/p>\n<p>&nbsp;<\/p>\n<p>\u201cTemos os pilares para crescer e sustentar nossa forte posi\u00e7\u00e3o na regi\u00e3o.\u201d Santiago Chamorro, presidente da GM Am\u00e9rica do Sul. (O Estado de S. Paulo\/Cleide Silva)<\/p>\n","protected":false},"excerpt":{"rendered":"<p>O Estado de S. Paulo &nbsp; Mudan\u00e7a. Gigante americana, que foi l\u00edder do mercado brasileiro durante v\u00e1rios anos, perdeu o posto ao sofrer muito com a falta de componentes para a fabrica\u00e7\u00e3o do Onix, seu principal carro; montadora prev\u00ea investimentos de R$ 10 bi para o Pa\u00eds nos pr\u00f3ximos 5 anos &nbsp; Uma semana ap\u00f3s\u2026 <a class=\"readmore\" href=\"https:\/\/dana.com.br\/canaldana\/2021\/09\/01\/santiago-chamorro-volta-ao-comando-da-gm-apos-empresa-perder-lideranca\/\">Leia mais \u00bb<\/a><\/p>\n","protected":false},"author":3,"featured_media":0,"comment_status":"closed","ping_status":"closed","sticky":false,"template":"","format":"standard","meta":{"_acf_changed":false,"footnotes":""},"categories":[61],"tags":[],"class_list":["post-52661","post","type-post","status-publish","format-standard","hentry","category-destaques"],"acf":[],"yoast_head":"<!-- This site is optimized with the Yoast SEO plugin v27.3 - https:\/\/yoast.com\/product\/yoast-seo-wordpress\/ -->\n<title>Santiago Chamorro volta ao comando da GM ap\u00f3s empresa perder lideran\u00e7a - Canal Dana<\/title>\n<meta name=\"robots\" content=\"index, follow, max-snippet:-1, max-image-preview:large, max-video-preview:-1\" \/>\n<link rel=\"canonical\" href=\"https:\/\/dana.com.br\/canaldana\/2021\/09\/01\/santiago-chamorro-volta-ao-comando-da-gm-apos-empresa-perder-lideranca\/\" \/>\n<meta property=\"og:locale\" content=\"pt_BR\" \/>\n<meta property=\"og:type\" content=\"article\" \/>\n<meta property=\"og:title\" content=\"Santiago Chamorro volta ao comando da GM ap\u00f3s empresa perder lideran\u00e7a - Canal Dana\" \/>\n<meta property=\"og:description\" content=\"O Estado de S. Paulo &nbsp; Mudan\u00e7a. Gigante americana, que foi l\u00edder do mercado brasileiro durante v\u00e1rios anos, perdeu o posto ao sofrer muito com a falta de componentes para a fabrica\u00e7\u00e3o do Onix, seu principal carro; montadora prev\u00ea investimentos de R$ 10 bi para o Pa\u00eds nos pr\u00f3ximos 5 anos &nbsp; Uma semana ap\u00f3s\u2026 Leia mais \u00bb\" \/>\n<meta property=\"og:url\" content=\"https:\/\/dana.com.br\/canaldana\/2021\/09\/01\/santiago-chamorro-volta-ao-comando-da-gm-apos-empresa-perder-lideranca\/\" \/>\n<meta property=\"og:site_name\" content=\"Canal Dana\" \/>\n<meta property=\"article:published_time\" content=\"2021-09-01T11:29:00+00:00\" \/>\n<meta name=\"author\" content=\"Canal Dana\" \/>\n<meta name=\"twitter:card\" content=\"summary_large_image\" \/>\n<meta name=\"twitter:label1\" content=\"Escrito por\" \/>\n\t<meta name=\"twitter:data1\" content=\"Canal Dana\" \/>\n\t<meta name=\"twitter:label2\" content=\"Est. tempo de leitura\" \/>\n\t<meta name=\"twitter:data2\" content=\"4 minutos\" \/>\n<script type=\"application\/ld+json\" class=\"yoast-schema-graph\">{\"@context\":\"https:\\\/\\\/schema.org\",\"@graph\":[{\"@type\":\"Article\",\"@id\":\"https:\\\/\\\/dana.com.br\\\/canaldana\\\/2021\\\/09\\\/01\\\/santiago-chamorro-volta-ao-comando-da-gm-apos-empresa-perder-lideranca\\\/#article\",\"isPartOf\":{\"@id\":\"https:\\\/\\\/dana.com.br\\\/canaldana\\\/2021\\\/09\\\/01\\\/santiago-chamorro-volta-ao-comando-da-gm-apos-empresa-perder-lideranca\\\/\"},\"author\":{\"name\":\"Canal Dana\",\"@id\":\"https:\\\/\\\/dana.com.br\\\/canaldana\\\/#\\\/schema\\\/person\\\/3c21f22f56fcf3bc46b94bc60ea4fef6\"},\"headline\":\"Santiago Chamorro volta ao comando da GM ap\u00f3s empresa perder lideran\u00e7a\",\"datePublished\":\"2021-09-01T11:29:00+00:00\",\"mainEntityOfPage\":{\"@id\":\"https:\\\/\\\/dana.com.br\\\/canaldana\\\/2021\\\/09\\\/01\\\/santiago-chamorro-volta-ao-comando-da-gm-apos-empresa-perder-lideranca\\\/\"},\"wordCount\":795,\"articleSection\":[\"Destaques\"],\"inLanguage\":\"pt-BR\"},{\"@type\":\"WebPage\",\"@id\":\"https:\\\/\\\/dana.com.br\\\/canaldana\\\/2021\\\/09\\\/01\\\/santiago-chamorro-volta-ao-comando-da-gm-apos-empresa-perder-lideranca\\\/\",\"url\":\"https:\\\/\\\/dana.com.br\\\/canaldana\\\/2021\\\/09\\\/01\\\/santiago-chamorro-volta-ao-comando-da-gm-apos-empresa-perder-lideranca\\\/\",\"name\":\"Santiago Chamorro volta ao comando da GM ap\u00f3s empresa perder lideran\u00e7a - Canal Dana\",\"isPartOf\":{\"@id\":\"https:\\\/\\\/dana.com.br\\\/canaldana\\\/#website\"},\"datePublished\":\"2021-09-01T11:29:00+00:00\",\"author\":{\"@id\":\"https:\\\/\\\/dana.com.br\\\/canaldana\\\/#\\\/schema\\\/person\\\/3c21f22f56fcf3bc46b94bc60ea4fef6\"},\"breadcrumb\":{\"@id\":\"https:\\\/\\\/dana.com.br\\\/canaldana\\\/2021\\\/09\\\/01\\\/santiago-chamorro-volta-ao-comando-da-gm-apos-empresa-perder-lideranca\\\/#breadcrumb\"},\"inLanguage\":\"pt-BR\",\"potentialAction\":[{\"@type\":\"ReadAction\",\"target\":[\"https:\\\/\\\/dana.com.br\\\/canaldana\\\/2021\\\/09\\\/01\\\/santiago-chamorro-volta-ao-comando-da-gm-apos-empresa-perder-lideranca\\\/\"]}]},{\"@type\":\"BreadcrumbList\",\"@id\":\"https:\\\/\\\/dana.com.br\\\/canaldana\\\/2021\\\/09\\\/01\\\/santiago-chamorro-volta-ao-comando-da-gm-apos-empresa-perder-lideranca\\\/#breadcrumb\",\"itemListElement\":[{\"@type\":\"ListItem\",\"position\":1,\"name\":\"Home\",\"item\":\"https:\\\/\\\/dana.com.br\\\/canaldana\\\/\"},{\"@type\":\"ListItem\",\"position\":2,\"name\":\"Destaques\",\"item\":\"https:\\\/\\\/dana.com.br\\\/canaldana\\\/destaques\\\/\"},{\"@type\":\"ListItem\",\"position\":3,\"name\":\"Santiago Chamorro volta ao comando da GM ap\u00f3s empresa perder lideran\u00e7a\"}]},{\"@type\":\"WebSite\",\"@id\":\"https:\\\/\\\/dana.com.br\\\/canaldana\\\/#website\",\"url\":\"https:\\\/\\\/dana.com.br\\\/canaldana\\\/\",\"name\":\"Canal Dana\",\"description\":\"Informativo com as principais not\u00edcias da ind\u00fastria automotiva\",\"potentialAction\":[{\"@type\":\"SearchAction\",\"target\":{\"@type\":\"EntryPoint\",\"urlTemplate\":\"https:\\\/\\\/dana.com.br\\\/canaldana\\\/?s={search_term_string}\"},\"query-input\":{\"@type\":\"PropertyValueSpecification\",\"valueRequired\":true,\"valueName\":\"search_term_string\"}}],\"inLanguage\":\"pt-BR\"},{\"@type\":\"Person\",\"@id\":\"https:\\\/\\\/dana.com.br\\\/canaldana\\\/#\\\/schema\\\/person\\\/3c21f22f56fcf3bc46b94bc60ea4fef6\",\"name\":\"Canal Dana\",\"image\":{\"@type\":\"ImageObject\",\"inLanguage\":\"pt-BR\",\"@id\":\"https:\\\/\\\/secure.gravatar.com\\\/avatar\\\/420aaf9278582877d9018637c6817617705899d2858d7572ef0fe59a6b6454b4?s=96&d=mm&r=g\",\"url\":\"https:\\\/\\\/secure.gravatar.com\\\/avatar\\\/420aaf9278582877d9018637c6817617705899d2858d7572ef0fe59a6b6454b4?s=96&d=mm&r=g\",\"contentUrl\":\"https:\\\/\\\/secure.gravatar.com\\\/avatar\\\/420aaf9278582877d9018637c6817617705899d2858d7572ef0fe59a6b6454b4?s=96&d=mm&r=g\",\"caption\":\"Canal Dana\"},\"url\":\"https:\\\/\\\/dana.com.br\\\/canaldana\\\/author\\\/cdeditor\\\/\"}]}<\/script>\n<!-- \/ Yoast SEO plugin. -->","yoast_head_json":{"title":"Santiago Chamorro volta ao comando da GM ap\u00f3s empresa perder lideran\u00e7a - Canal Dana","robots":{"index":"index","follow":"follow","max-snippet":"max-snippet:-1","max-image-preview":"max-image-preview:large","max-video-preview":"max-video-preview:-1"},"canonical":"https:\/\/dana.com.br\/canaldana\/2021\/09\/01\/santiago-chamorro-volta-ao-comando-da-gm-apos-empresa-perder-lideranca\/","og_locale":"pt_BR","og_type":"article","og_title":"Santiago Chamorro volta ao comando da GM ap\u00f3s empresa perder lideran\u00e7a - Canal Dana","og_description":"O Estado de S. Paulo &nbsp; Mudan\u00e7a. Gigante americana, que foi l\u00edder do mercado brasileiro durante v\u00e1rios anos, perdeu o posto ao sofrer muito com a falta de componentes para a fabrica\u00e7\u00e3o do Onix, seu principal carro; montadora prev\u00ea investimentos de R$ 10 bi para o Pa\u00eds nos pr\u00f3ximos 5 anos &nbsp; Uma semana ap\u00f3s\u2026 Leia mais \u00bb","og_url":"https:\/\/dana.com.br\/canaldana\/2021\/09\/01\/santiago-chamorro-volta-ao-comando-da-gm-apos-empresa-perder-lideranca\/","og_site_name":"Canal Dana","article_published_time":"2021-09-01T11:29:00+00:00","author":"Canal Dana","twitter_card":"summary_large_image","twitter_misc":{"Escrito por":"Canal Dana","Est. tempo de leitura":"4 minutos"},"schema":{"@context":"https:\/\/schema.org","@graph":[{"@type":"Article","@id":"https:\/\/dana.com.br\/canaldana\/2021\/09\/01\/santiago-chamorro-volta-ao-comando-da-gm-apos-empresa-perder-lideranca\/#article","isPartOf":{"@id":"https:\/\/dana.com.br\/canaldana\/2021\/09\/01\/santiago-chamorro-volta-ao-comando-da-gm-apos-empresa-perder-lideranca\/"},"author":{"name":"Canal Dana","@id":"https:\/\/dana.com.br\/canaldana\/#\/schema\/person\/3c21f22f56fcf3bc46b94bc60ea4fef6"},"headline":"Santiago Chamorro volta ao comando da GM ap\u00f3s empresa perder lideran\u00e7a","datePublished":"2021-09-01T11:29:00+00:00","mainEntityOfPage":{"@id":"https:\/\/dana.com.br\/canaldana\/2021\/09\/01\/santiago-chamorro-volta-ao-comando-da-gm-apos-empresa-perder-lideranca\/"},"wordCount":795,"articleSection":["Destaques"],"inLanguage":"pt-BR"},{"@type":"WebPage","@id":"https:\/\/dana.com.br\/canaldana\/2021\/09\/01\/santiago-chamorro-volta-ao-comando-da-gm-apos-empresa-perder-lideranca\/","url":"https:\/\/dana.com.br\/canaldana\/2021\/09\/01\/santiago-chamorro-volta-ao-comando-da-gm-apos-empresa-perder-lideranca\/","name":"Santiago Chamorro volta ao comando da GM ap\u00f3s empresa perder lideran\u00e7a - Canal Dana","isPartOf":{"@id":"https:\/\/dana.com.br\/canaldana\/#website"},"datePublished":"2021-09-01T11:29:00+00:00","author":{"@id":"https:\/\/dana.com.br\/canaldana\/#\/schema\/person\/3c21f22f56fcf3bc46b94bc60ea4fef6"},"breadcrumb":{"@id":"https:\/\/dana.com.br\/canaldana\/2021\/09\/01\/santiago-chamorro-volta-ao-comando-da-gm-apos-empresa-perder-lideranca\/#breadcrumb"},"inLanguage":"pt-BR","potentialAction":[{"@type":"ReadAction","target":["https:\/\/dana.com.br\/canaldana\/2021\/09\/01\/santiago-chamorro-volta-ao-comando-da-gm-apos-empresa-perder-lideranca\/"]}]},{"@type":"BreadcrumbList","@id":"https:\/\/dana.com.br\/canaldana\/2021\/09\/01\/santiago-chamorro-volta-ao-comando-da-gm-apos-empresa-perder-lideranca\/#breadcrumb","itemListElement":[{"@type":"ListItem","position":1,"name":"Home","item":"https:\/\/dana.com.br\/canaldana\/"},{"@type":"ListItem","position":2,"name":"Destaques","item":"https:\/\/dana.com.br\/canaldana\/destaques\/"},{"@type":"ListItem","position":3,"name":"Santiago Chamorro volta ao comando da GM ap\u00f3s empresa perder lideran\u00e7a"}]},{"@type":"WebSite","@id":"https:\/\/dana.com.br\/canaldana\/#website","url":"https:\/\/dana.com.br\/canaldana\/","name":"Canal Dana","description":"Informativo com as principais not\u00edcias da ind\u00fastria automotiva","potentialAction":[{"@type":"SearchAction","target":{"@type":"EntryPoint","urlTemplate":"https:\/\/dana.com.br\/canaldana\/?s={search_term_string}"},"query-input":{"@type":"PropertyValueSpecification","valueRequired":true,"valueName":"search_term_string"}}],"inLanguage":"pt-BR"},{"@type":"Person","@id":"https:\/\/dana.com.br\/canaldana\/#\/schema\/person\/3c21f22f56fcf3bc46b94bc60ea4fef6","name":"Canal Dana","image":{"@type":"ImageObject","inLanguage":"pt-BR","@id":"https:\/\/secure.gravatar.com\/avatar\/420aaf9278582877d9018637c6817617705899d2858d7572ef0fe59a6b6454b4?s=96&d=mm&r=g","url":"https:\/\/secure.gravatar.com\/avatar\/420aaf9278582877d9018637c6817617705899d2858d7572ef0fe59a6b6454b4?s=96&d=mm&r=g","contentUrl":"https:\/\/secure.gravatar.com\/avatar\/420aaf9278582877d9018637c6817617705899d2858d7572ef0fe59a6b6454b4?s=96&d=mm&r=g","caption":"Canal Dana"},"url":"https:\/\/dana.com.br\/canaldana\/author\/cdeditor\/"}]}},"_links":{"self":[{"href":"https:\/\/dana.com.br\/canaldana\/wp-json\/wp\/v2\/posts\/52661","targetHints":{"allow":["GET"]}}],"collection":[{"href":"https:\/\/dana.com.br\/canaldana\/wp-json\/wp\/v2\/posts"}],"about":[{"href":"https:\/\/dana.com.br\/canaldana\/wp-json\/wp\/v2\/types\/post"}],"author":[{"embeddable":true,"href":"https:\/\/dana.com.br\/canaldana\/wp-json\/wp\/v2\/users\/3"}],"replies":[{"embeddable":true,"href":"https:\/\/dana.com.br\/canaldana\/wp-json\/wp\/v2\/comments?post=52661"}],"version-history":[{"count":0,"href":"https:\/\/dana.com.br\/canaldana\/wp-json\/wp\/v2\/posts\/52661\/revisions"}],"wp:attachment":[{"href":"https:\/\/dana.com.br\/canaldana\/wp-json\/wp\/v2\/media?parent=52661"}],"wp:term":[{"taxonomy":"category","embeddable":true,"href":"https:\/\/dana.com.br\/canaldana\/wp-json\/wp\/v2\/categories?post=52661"},{"taxonomy":"post_tag","embeddable":true,"href":"https:\/\/dana.com.br\/canaldana\/wp-json\/wp\/v2\/tags?post=52661"}],"curies":[{"name":"wp","href":"https:\/\/api.w.org\/{rel}","templated":true}]}}