{"id":52554,"date":"2021-08-27T08:24:21","date_gmt":"2021-08-27T11:24:21","guid":{"rendered":"https:\/\/dana.com.br\/canaldana\/?p=52554"},"modified":"2021-08-27T08:24:21","modified_gmt":"2021-08-27T11:24:21","slug":"jeep-commander-chega-em-quatro-versoes-muito-bem-equipadas","status":"publish","type":"post","link":"https:\/\/dana.com.br\/canaldana\/2021\/08\/27\/jeep-commander-chega-em-quatro-versoes-muito-bem-equipadas\/","title":{"rendered":"Jeep Commander chega em quatro vers\u00f5es (muito) bem equipadas"},"content":{"rendered":"<p><em>AutoInd\u00fastria <\/em><\/p>\n<p>&nbsp;<\/p>\n<p>Apresentado nesta quinta-feira, 26, o Commander \u00e9 o Jeep mais sofisticado produzido no Brasil. Com 4,79 metros de comprimento, 2,79 metros de entre-eixos e 1.685 kg, tamb\u00e9m o de maior porte. No entanto, o modelo de sete lugares se destaca tamb\u00e9m por v\u00e1rios outros aspectos, em especial as tecnologias embarcadas e os itens de conforto.<\/p>\n<p>&nbsp;<\/p>\n<p>Diferente do que ocorre com Compass e Renegade, os outros dois modelos fabricados em Pernambuco, a Jeep oferece o Commander tem quatro vers\u00f5es (Limited e Overland 1.3 flex e Limited e Overland diesel) sem qualquer opcional, uma estrat\u00e9gia para racionalizar a produ\u00e7\u00e3o naturalmente mais restrita de um SUV que tem pre\u00e7os entre R$ 200 mil e R$ 280 mil.<\/p>\n<p>&nbsp;<\/p>\n<p>Por fora, chama aten\u00e7\u00e3o, mais do que o desenho, muito assemelhado com o do Compass, os detalhes, como os far\u00f3is full-LED, luzes diurnas sobre eles e as setas de dire\u00e7\u00e3o din\u00e2micas. A traseira tem mais personalidade, onde se destacam lanternas horizontais em LED. S\u00e3o v\u00e1rios os detalhes cromados em toda a carroceria.<\/p>\n<p>&nbsp;<\/p>\n<p>Mas o melhor do Commander est\u00e1 mesmo no espa\u00e7oso interior, com acabamentos em couro e suede nos bancos, painel, console central e portas. O quadro de instrumentos digital \u00e9 t\u00e3o grande quanto a central multim\u00eddia e totalmente configur\u00e1vel. Para os ocupantes da segunda fileira de bancos, existem sa\u00eddas do ar-condicionado, al\u00e9m de portas USB, tamb\u00e9m dispon\u00edveis para o sexto e s\u00e9timo assentos.<\/p>\n<p>&nbsp;<\/p>\n<p>O SUV, como n\u00e3o poderia deixar de ser, disp\u00f5e de um amplo porta-malas. S\u00e3o 661 litros com cinco assentos &#8211; 185 litros a mais do que o Compass &#8211; e 233 litros caso os sete assentos estejam \u00e0 disposi\u00e7\u00e3o. Mantidos apenas os dois bancos dianteiros, o Commander pode acomodar at\u00e9 1.760 litros de carga.<\/p>\n<p>&nbsp;<\/p>\n<p>A lista de equipamentos de conforto, assist\u00eancia \u00e0 condu\u00e7\u00e3o e seguran\u00e7a \u00e9 extensa e coloca o Commander em condi\u00e7\u00e3o de brigar com modelos at\u00e9 bem mais caros.<\/p>\n<p>&nbsp;<\/p>\n<p>De s\u00e9rie, todas as vers\u00f5es t\u00eam, por exemplo, sete airbags, alerta de ponto cego, carregador de celular por indu\u00e7\u00e3o, frenagem autom\u00e1tica de emerg\u00eancia, assistente de estacionamento, controle de velocidade adaptativo, sistema de manuten\u00e7\u00e3o em faixa e de reconhecimento de placas, farol alto autom\u00e1tico, banco do motorista com regulagem el\u00e9trica &#8211; tamb\u00e9m no do carona nas vers\u00f5es superiores &#8211; e detector de fadiga.<\/p>\n<p>&nbsp;<\/p>\n<p>A tampa do porta-malas conta com abertura e fechamento el\u00e9trico e nas vers\u00f5es Overland ainda h\u00e1 sensor de presen\u00e7a. Por aplicativo no celular, o motorista pode tamb\u00e9m ligar o carro, o ar-condicionado, destravar ou travar as portas ou mesmo localizar ou rastrear o ve\u00edculo, dentre muitas outras facilidades conectadas. No multim\u00eddia, outra novidade: os servi\u00e7os da assistente virtual Alexa a partir da vers\u00e3o Overland flex, a segunda mais barata.<\/p>\n<p>&nbsp;<\/p>\n<p>O Commander tem os mesmos motores 1.3 turboflex de 185 cv do Compass, acoplado ao c\u00e2mbio autom\u00e1tico de 6 velocidades, e 2.0 turbodiesel de 170 cv, com c\u00e2mbio de 9 marchas, tra\u00e7\u00e3o 4\u00d74, seletor de pisos e controle autom\u00e1tico de descida.<\/p>\n<p>&nbsp;<\/p>\n<p>A garantia do novo SUV \u00e9 de tr\u00eas anos, com revis\u00f5es a cada 12 mil quil\u00f4metros ou um ano para as vers\u00f5es turbo flex 4\u00d72 e 20 mil quil\u00f4metros ou um ano para as diesel 4\u00d74. Mas quem comprar o Commander at\u00e9 7 de outubro, quando termina o per\u00edodo de pr\u00e9-venda, n\u00e3o pagar\u00e1 as tr\u00eas primeiras revis\u00f5es. (AutoInd\u00fastria\/George Guimar\u00e3es)<\/p>\n","protected":false},"excerpt":{"rendered":"<p>AutoInd\u00fastria &nbsp; Apresentado nesta quinta-feira, 26, o Commander \u00e9 o Jeep mais sofisticado produzido no Brasil. Com 4,79 metros de comprimento, 2,79 metros de entre-eixos e 1.685 kg, tamb\u00e9m o de maior porte. No entanto, o modelo de sete lugares se destaca tamb\u00e9m por v\u00e1rios outros aspectos, em especial as tecnologias embarcadas e os itens\u2026 <a class=\"readmore\" href=\"https:\/\/dana.com.br\/canaldana\/2021\/08\/27\/jeep-commander-chega-em-quatro-versoes-muito-bem-equipadas\/\">Leia mais \u00bb<\/a><\/p>\n","protected":false},"author":3,"featured_media":0,"comment_status":"closed","ping_status":"closed","sticky":false,"template":"","format":"standard","meta":{"_acf_changed":false,"footnotes":""},"categories":[79],"tags":[],"class_list":["post-52554","post","type-post","status-publish","format-standard","hentry","category-mercado"],"acf":[],"yoast_head":"<!-- This site is optimized with the Yoast SEO plugin v27.3 - https:\/\/yoast.com\/product\/yoast-seo-wordpress\/ -->\n<title>Jeep Commander chega em quatro vers\u00f5es (muito) bem equipadas - Canal Dana<\/title>\n<meta name=\"robots\" content=\"index, follow, max-snippet:-1, max-image-preview:large, max-video-preview:-1\" \/>\n<link rel=\"canonical\" href=\"https:\/\/dana.com.br\/canaldana\/2021\/08\/27\/jeep-commander-chega-em-quatro-versoes-muito-bem-equipadas\/\" \/>\n<meta property=\"og:locale\" content=\"pt_BR\" \/>\n<meta property=\"og:type\" content=\"article\" \/>\n<meta property=\"og:title\" content=\"Jeep Commander chega em quatro vers\u00f5es (muito) bem equipadas - Canal Dana\" \/>\n<meta property=\"og:description\" content=\"AutoInd\u00fastria &nbsp; Apresentado nesta quinta-feira, 26, o Commander \u00e9 o Jeep mais sofisticado produzido no Brasil. Com 4,79 metros de comprimento, 2,79 metros de entre-eixos e 1.685 kg, tamb\u00e9m o de maior porte. No entanto, o modelo de sete lugares se destaca tamb\u00e9m por v\u00e1rios outros aspectos, em especial as tecnologias embarcadas e os itens\u2026 Leia mais \u00bb\" \/>\n<meta property=\"og:url\" content=\"https:\/\/dana.com.br\/canaldana\/2021\/08\/27\/jeep-commander-chega-em-quatro-versoes-muito-bem-equipadas\/\" \/>\n<meta property=\"og:site_name\" content=\"Canal Dana\" \/>\n<meta property=\"article:published_time\" content=\"2021-08-27T11:24:21+00:00\" \/>\n<meta name=\"author\" content=\"Canal Dana\" \/>\n<meta name=\"twitter:card\" content=\"summary_large_image\" \/>\n<meta name=\"twitter:label1\" content=\"Escrito por\" \/>\n\t<meta name=\"twitter:data1\" content=\"Canal Dana\" \/>\n\t<meta name=\"twitter:label2\" content=\"Est. tempo de leitura\" \/>\n\t<meta name=\"twitter:data2\" content=\"3 minutos\" \/>\n<script type=\"application\/ld+json\" class=\"yoast-schema-graph\">{\"@context\":\"https:\\\/\\\/schema.org\",\"@graph\":[{\"@type\":\"Article\",\"@id\":\"https:\\\/\\\/dana.com.br\\\/canaldana\\\/2021\\\/08\\\/27\\\/jeep-commander-chega-em-quatro-versoes-muito-bem-equipadas\\\/#article\",\"isPartOf\":{\"@id\":\"https:\\\/\\\/dana.com.br\\\/canaldana\\\/2021\\\/08\\\/27\\\/jeep-commander-chega-em-quatro-versoes-muito-bem-equipadas\\\/\"},\"author\":{\"name\":\"Canal Dana\",\"@id\":\"https:\\\/\\\/dana.com.br\\\/canaldana\\\/#\\\/schema\\\/person\\\/3c21f22f56fcf3bc46b94bc60ea4fef6\"},\"headline\":\"Jeep Commander chega em quatro vers\u00f5es (muito) bem equipadas\",\"datePublished\":\"2021-08-27T11:24:21+00:00\",\"mainEntityOfPage\":{\"@id\":\"https:\\\/\\\/dana.com.br\\\/canaldana\\\/2021\\\/08\\\/27\\\/jeep-commander-chega-em-quatro-versoes-muito-bem-equipadas\\\/\"},\"wordCount\":600,\"articleSection\":[\"Mercado\"],\"inLanguage\":\"pt-BR\"},{\"@type\":\"WebPage\",\"@id\":\"https:\\\/\\\/dana.com.br\\\/canaldana\\\/2021\\\/08\\\/27\\\/jeep-commander-chega-em-quatro-versoes-muito-bem-equipadas\\\/\",\"url\":\"https:\\\/\\\/dana.com.br\\\/canaldana\\\/2021\\\/08\\\/27\\\/jeep-commander-chega-em-quatro-versoes-muito-bem-equipadas\\\/\",\"name\":\"Jeep Commander chega em quatro vers\u00f5es (muito) bem equipadas - Canal Dana\",\"isPartOf\":{\"@id\":\"https:\\\/\\\/dana.com.br\\\/canaldana\\\/#website\"},\"datePublished\":\"2021-08-27T11:24:21+00:00\",\"author\":{\"@id\":\"https:\\\/\\\/dana.com.br\\\/canaldana\\\/#\\\/schema\\\/person\\\/3c21f22f56fcf3bc46b94bc60ea4fef6\"},\"breadcrumb\":{\"@id\":\"https:\\\/\\\/dana.com.br\\\/canaldana\\\/2021\\\/08\\\/27\\\/jeep-commander-chega-em-quatro-versoes-muito-bem-equipadas\\\/#breadcrumb\"},\"inLanguage\":\"pt-BR\",\"potentialAction\":[{\"@type\":\"ReadAction\",\"target\":[\"https:\\\/\\\/dana.com.br\\\/canaldana\\\/2021\\\/08\\\/27\\\/jeep-commander-chega-em-quatro-versoes-muito-bem-equipadas\\\/\"]}]},{\"@type\":\"BreadcrumbList\",\"@id\":\"https:\\\/\\\/dana.com.br\\\/canaldana\\\/2021\\\/08\\\/27\\\/jeep-commander-chega-em-quatro-versoes-muito-bem-equipadas\\\/#breadcrumb\",\"itemListElement\":[{\"@type\":\"ListItem\",\"position\":1,\"name\":\"Home\",\"item\":\"https:\\\/\\\/dana.com.br\\\/canaldana\\\/\"},{\"@type\":\"ListItem\",\"position\":2,\"name\":\"Mercado\",\"item\":\"https:\\\/\\\/dana.com.br\\\/canaldana\\\/mercado\\\/\"},{\"@type\":\"ListItem\",\"position\":3,\"name\":\"Jeep Commander chega em quatro vers\u00f5es (muito) bem equipadas\"}]},{\"@type\":\"WebSite\",\"@id\":\"https:\\\/\\\/dana.com.br\\\/canaldana\\\/#website\",\"url\":\"https:\\\/\\\/dana.com.br\\\/canaldana\\\/\",\"name\":\"Canal Dana\",\"description\":\"Informativo com as principais not\u00edcias da ind\u00fastria automotiva\",\"potentialAction\":[{\"@type\":\"SearchAction\",\"target\":{\"@type\":\"EntryPoint\",\"urlTemplate\":\"https:\\\/\\\/dana.com.br\\\/canaldana\\\/?s={search_term_string}\"},\"query-input\":{\"@type\":\"PropertyValueSpecification\",\"valueRequired\":true,\"valueName\":\"search_term_string\"}}],\"inLanguage\":\"pt-BR\"},{\"@type\":\"Person\",\"@id\":\"https:\\\/\\\/dana.com.br\\\/canaldana\\\/#\\\/schema\\\/person\\\/3c21f22f56fcf3bc46b94bc60ea4fef6\",\"name\":\"Canal Dana\",\"image\":{\"@type\":\"ImageObject\",\"inLanguage\":\"pt-BR\",\"@id\":\"https:\\\/\\\/secure.gravatar.com\\\/avatar\\\/420aaf9278582877d9018637c6817617705899d2858d7572ef0fe59a6b6454b4?s=96&d=mm&r=g\",\"url\":\"https:\\\/\\\/secure.gravatar.com\\\/avatar\\\/420aaf9278582877d9018637c6817617705899d2858d7572ef0fe59a6b6454b4?s=96&d=mm&r=g\",\"contentUrl\":\"https:\\\/\\\/secure.gravatar.com\\\/avatar\\\/420aaf9278582877d9018637c6817617705899d2858d7572ef0fe59a6b6454b4?s=96&d=mm&r=g\",\"caption\":\"Canal Dana\"},\"url\":\"https:\\\/\\\/dana.com.br\\\/canaldana\\\/author\\\/cdeditor\\\/\"}]}<\/script>\n<!-- \/ Yoast SEO plugin. -->","yoast_head_json":{"title":"Jeep Commander chega em quatro vers\u00f5es (muito) bem equipadas - Canal Dana","robots":{"index":"index","follow":"follow","max-snippet":"max-snippet:-1","max-image-preview":"max-image-preview:large","max-video-preview":"max-video-preview:-1"},"canonical":"https:\/\/dana.com.br\/canaldana\/2021\/08\/27\/jeep-commander-chega-em-quatro-versoes-muito-bem-equipadas\/","og_locale":"pt_BR","og_type":"article","og_title":"Jeep Commander chega em quatro vers\u00f5es (muito) bem equipadas - Canal Dana","og_description":"AutoInd\u00fastria &nbsp; Apresentado nesta quinta-feira, 26, o Commander \u00e9 o Jeep mais sofisticado produzido no Brasil. Com 4,79 metros de comprimento, 2,79 metros de entre-eixos e 1.685 kg, tamb\u00e9m o de maior porte. No entanto, o modelo de sete lugares se destaca tamb\u00e9m por v\u00e1rios outros aspectos, em especial as tecnologias embarcadas e os itens\u2026 Leia mais \u00bb","og_url":"https:\/\/dana.com.br\/canaldana\/2021\/08\/27\/jeep-commander-chega-em-quatro-versoes-muito-bem-equipadas\/","og_site_name":"Canal Dana","article_published_time":"2021-08-27T11:24:21+00:00","author":"Canal Dana","twitter_card":"summary_large_image","twitter_misc":{"Escrito por":"Canal Dana","Est. tempo de leitura":"3 minutos"},"schema":{"@context":"https:\/\/schema.org","@graph":[{"@type":"Article","@id":"https:\/\/dana.com.br\/canaldana\/2021\/08\/27\/jeep-commander-chega-em-quatro-versoes-muito-bem-equipadas\/#article","isPartOf":{"@id":"https:\/\/dana.com.br\/canaldana\/2021\/08\/27\/jeep-commander-chega-em-quatro-versoes-muito-bem-equipadas\/"},"author":{"name":"Canal Dana","@id":"https:\/\/dana.com.br\/canaldana\/#\/schema\/person\/3c21f22f56fcf3bc46b94bc60ea4fef6"},"headline":"Jeep Commander chega em quatro vers\u00f5es (muito) bem equipadas","datePublished":"2021-08-27T11:24:21+00:00","mainEntityOfPage":{"@id":"https:\/\/dana.com.br\/canaldana\/2021\/08\/27\/jeep-commander-chega-em-quatro-versoes-muito-bem-equipadas\/"},"wordCount":600,"articleSection":["Mercado"],"inLanguage":"pt-BR"},{"@type":"WebPage","@id":"https:\/\/dana.com.br\/canaldana\/2021\/08\/27\/jeep-commander-chega-em-quatro-versoes-muito-bem-equipadas\/","url":"https:\/\/dana.com.br\/canaldana\/2021\/08\/27\/jeep-commander-chega-em-quatro-versoes-muito-bem-equipadas\/","name":"Jeep Commander chega em quatro vers\u00f5es (muito) bem equipadas - Canal Dana","isPartOf":{"@id":"https:\/\/dana.com.br\/canaldana\/#website"},"datePublished":"2021-08-27T11:24:21+00:00","author":{"@id":"https:\/\/dana.com.br\/canaldana\/#\/schema\/person\/3c21f22f56fcf3bc46b94bc60ea4fef6"},"breadcrumb":{"@id":"https:\/\/dana.com.br\/canaldana\/2021\/08\/27\/jeep-commander-chega-em-quatro-versoes-muito-bem-equipadas\/#breadcrumb"},"inLanguage":"pt-BR","potentialAction":[{"@type":"ReadAction","target":["https:\/\/dana.com.br\/canaldana\/2021\/08\/27\/jeep-commander-chega-em-quatro-versoes-muito-bem-equipadas\/"]}]},{"@type":"BreadcrumbList","@id":"https:\/\/dana.com.br\/canaldana\/2021\/08\/27\/jeep-commander-chega-em-quatro-versoes-muito-bem-equipadas\/#breadcrumb","itemListElement":[{"@type":"ListItem","position":1,"name":"Home","item":"https:\/\/dana.com.br\/canaldana\/"},{"@type":"ListItem","position":2,"name":"Mercado","item":"https:\/\/dana.com.br\/canaldana\/mercado\/"},{"@type":"ListItem","position":3,"name":"Jeep Commander chega em quatro vers\u00f5es (muito) bem equipadas"}]},{"@type":"WebSite","@id":"https:\/\/dana.com.br\/canaldana\/#website","url":"https:\/\/dana.com.br\/canaldana\/","name":"Canal Dana","description":"Informativo com as principais not\u00edcias da ind\u00fastria automotiva","potentialAction":[{"@type":"SearchAction","target":{"@type":"EntryPoint","urlTemplate":"https:\/\/dana.com.br\/canaldana\/?s={search_term_string}"},"query-input":{"@type":"PropertyValueSpecification","valueRequired":true,"valueName":"search_term_string"}}],"inLanguage":"pt-BR"},{"@type":"Person","@id":"https:\/\/dana.com.br\/canaldana\/#\/schema\/person\/3c21f22f56fcf3bc46b94bc60ea4fef6","name":"Canal Dana","image":{"@type":"ImageObject","inLanguage":"pt-BR","@id":"https:\/\/secure.gravatar.com\/avatar\/420aaf9278582877d9018637c6817617705899d2858d7572ef0fe59a6b6454b4?s=96&d=mm&r=g","url":"https:\/\/secure.gravatar.com\/avatar\/420aaf9278582877d9018637c6817617705899d2858d7572ef0fe59a6b6454b4?s=96&d=mm&r=g","contentUrl":"https:\/\/secure.gravatar.com\/avatar\/420aaf9278582877d9018637c6817617705899d2858d7572ef0fe59a6b6454b4?s=96&d=mm&r=g","caption":"Canal Dana"},"url":"https:\/\/dana.com.br\/canaldana\/author\/cdeditor\/"}]}},"_links":{"self":[{"href":"https:\/\/dana.com.br\/canaldana\/wp-json\/wp\/v2\/posts\/52554","targetHints":{"allow":["GET"]}}],"collection":[{"href":"https:\/\/dana.com.br\/canaldana\/wp-json\/wp\/v2\/posts"}],"about":[{"href":"https:\/\/dana.com.br\/canaldana\/wp-json\/wp\/v2\/types\/post"}],"author":[{"embeddable":true,"href":"https:\/\/dana.com.br\/canaldana\/wp-json\/wp\/v2\/users\/3"}],"replies":[{"embeddable":true,"href":"https:\/\/dana.com.br\/canaldana\/wp-json\/wp\/v2\/comments?post=52554"}],"version-history":[{"count":0,"href":"https:\/\/dana.com.br\/canaldana\/wp-json\/wp\/v2\/posts\/52554\/revisions"}],"wp:attachment":[{"href":"https:\/\/dana.com.br\/canaldana\/wp-json\/wp\/v2\/media?parent=52554"}],"wp:term":[{"taxonomy":"category","embeddable":true,"href":"https:\/\/dana.com.br\/canaldana\/wp-json\/wp\/v2\/categories?post=52554"},{"taxonomy":"post_tag","embeddable":true,"href":"https:\/\/dana.com.br\/canaldana\/wp-json\/wp\/v2\/tags?post=52554"}],"curies":[{"name":"wp","href":"https:\/\/api.w.org\/{rel}","templated":true}]}}