{"id":52495,"date":"2021-08-25T08:30:57","date_gmt":"2021-08-25T11:30:57","guid":{"rendered":"https:\/\/dana.com.br\/canaldana\/?p=52495"},"modified":"2021-08-25T08:30:57","modified_gmt":"2021-08-25T11:30:57","slug":"viacao-garcia-e-brasil-sul-compram-31-marcopolo-geracao-8","status":"publish","type":"post","link":"https:\/\/dana.com.br\/canaldana\/2021\/08\/25\/viacao-garcia-e-brasil-sul-compram-31-marcopolo-geracao-8\/","title":{"rendered":"Via\u00e7\u00e3o Garcia e Brasil Sul compram 31 Marcopolo Gera\u00e7\u00e3o 8"},"content":{"rendered":"<p><em>Di\u00e1rio do Transporte<\/em><\/p>\n<p>&nbsp;<\/p>\n<p>A Via\u00e7\u00e3o Garcia-Brasil Sul informou nesta ter\u00e7a-feira, 24 de agosto de 2021, que investiu R$ 30 milh\u00f5es na compra de 31 novos ve\u00edculos da Gera\u00e7\u00e3o 8 da Marcopolo, que foi rec\u00e9m-lan\u00e7ada no mercado.<\/p>\n<p>&nbsp;<\/p>\n<p>Segundo a empresa, para as linhas interestaduais, a compra inclui dez modelos Paradiso G8 1800 Double Decker. Neste caso, os \u00f4nibus v\u00eam com 56 lugares, sendo 48 poltronas semileito em couro ecol\u00f3gico com sete est\u00e1gios de reclina\u00e7\u00e3o, apoio mais largo para as pernas com suporte regul\u00e1vel na estatura do passageiro e cortinas de separa\u00e7\u00e3o entre poltronas, e oito cabines-cama com poltronas que reclinam 180 graus, telas individuais e kit conforto composto de travesseiro e manta com o padr\u00e3o da rede de hot\u00e9is Bourbon.<\/p>\n<p>&nbsp;<\/p>\n<p>Para opera\u00e7\u00e3o em linhas intermunicipais s\u00e3o 12 modelos Paradiso G8 1200. Estes, com 42 lugares com poltronas semileito em couro ecol\u00f3gico e espa\u00e7o mais amplo para as pernas com suporte regul\u00e1vel.<\/p>\n<p>&nbsp;<\/p>\n<p>Por sua vez, para fretamento s\u00e3o nove modelos Viaggio 800 com c\u00e2mbio autom\u00e1tico e suspens\u00e3o de ar. Os ve\u00edculos, com chassi Mercedes-Benz, v\u00e3o operar nas linhas da empresa em sete Estados (S\u00e3o Paulo, Paran\u00e1, Santa Catarina, Rio Grande do Sul, Rio de Janeiro, Mato Grosso Sul e Minas Gerais) a partir do final de setembro, sendo que at\u00e9 o final de novembro todos estar\u00e3o em circula\u00e7\u00e3o.<\/p>\n<p>&nbsp;<\/p>\n<p>\u201cOs ve\u00edculos dessa nova gera\u00e7\u00e3o contam com estrutura projetada para garantir maior seguran\u00e7a aos passageiros e motoristas. Os sistemas s\u00e3o altamente tecnol\u00f3gicos, com destaque para frenagem autom\u00e1tica e de emerg\u00eancia; aux\u00edlio na condu\u00e7\u00e3o de percursos em curvas; monitoramento interno da press\u00e3o e da temperatura dos pneus; an\u00e1lise de objetos at\u00e9 200 metros com alerta sobre a relev\u00e2ncia de cada um; alarme no caso de sa\u00edda involunt\u00e1ria da faixa de condu\u00e7\u00e3o; controle eletr\u00f4nico de estabilidade, entre outros que tornam a condu\u00e7\u00e3o a mais segura do mercado\u201d, informaram as empresas, em nota.<\/p>\n<p>&nbsp;<\/p>\n<p>A escolha tamb\u00e9m foi motivada pelo fato de o G8 oferecer mais conforto tamb\u00e9m ao motorista com a nova poltrona de espuma em formato de concha que \u201cabra\u00e7a\u201d o condutor, de acordo com as via\u00e7\u00f5es.<\/p>\n<p>&nbsp;<\/p>\n<p>\u201cNovos far\u00f3is, amplia\u00e7\u00e3o na visibilidade de obst\u00e1culos e sistema de c\u00e2meras com vis\u00e3o noturna s\u00e3o outros atributos que conferem mais seguran\u00e7a na condu\u00e7\u00e3o. O design inteiramente renovado dos ve\u00edculos trouxe ainda melhoria no coeficiente aerodin\u00e2mico, o que proporciona economia de combust\u00edvel de 3% a 5%, refletindo em ganhos ambientais.\u201d<\/p>\n<p>&nbsp;<\/p>\n<p>Internamente, os acabamentos de poltronas, corrim\u00e3o e pega-m\u00e3o usam materiais antimicrobianos. O sistema de ilumina\u00e7\u00e3o em LED \u00e9 configurado para ajustes de cor e intensidade de acordo com as condi\u00e7\u00f5es naturais da noite e do dia. Outra inova\u00e7\u00e3o s\u00e3o os monitores de entretenimento de alta defini\u00e7\u00e3o. As poltronas permitem v\u00e1rias posi\u00e7\u00f5es de inclina\u00e7\u00f5es, com ajustes mais precisos, de maneira suave e silenciosa. O porta-pacotes ficou maior e o ambiente interno est\u00e1 mais silencioso com acabamentos que reduzem ru\u00eddos.<\/p>\n<p>&nbsp;<\/p>\n<p><strong>Demanda<\/strong><\/p>\n<p>&nbsp;<\/p>\n<p>Atualmente, o Grupo informou que trabalha com 60% do movimento mensal em rela\u00e7\u00e3o ao ano de 2019, antes da pandemia de covid-19, e dever\u00e1 atingir 85% at\u00e9 o final de 2021.<\/p>\n<p>&nbsp;<\/p>\n<p>Para o vice-presidente do Grupo, Estefano Boiko Junior, esse \u00e9 o momento de retomada das opera\u00e7\u00f5es. \u201cProporcionar conforto e seguran\u00e7a aos clientes sempre foi nossa prioridade\u201d, disse.<\/p>\n<p>&nbsp;<\/p>\n<p>Por sua vez, o presidente do Grupo, Jos\u00e9 Boiko, refor\u00e7a a import\u00e2ncia da ado\u00e7\u00e3o dos protocolos de biosseguran\u00e7a. \u201cN\u00e3o medimos esfor\u00e7os para monitorar todos os pontos de contato e implantar procedimentos seguros de atendimento, incluindo a aquisi\u00e7\u00e3o da nova frota de \u00f4nibus de \u00faltima gera\u00e7\u00e3o que trar\u00e1 melhores experi\u00eancias aos passageiros\u201d. (Di\u00e1rio do Transporte\/Jessica Marques e Adamo Bazani)<\/p>\n","protected":false},"excerpt":{"rendered":"<p>Di\u00e1rio do Transporte &nbsp; A Via\u00e7\u00e3o Garcia-Brasil Sul informou nesta ter\u00e7a-feira, 24 de agosto de 2021, que investiu R$ 30 milh\u00f5es na compra de 31 novos ve\u00edculos da Gera\u00e7\u00e3o 8 da Marcopolo, que foi rec\u00e9m-lan\u00e7ada no mercado. &nbsp; Segundo a empresa, para as linhas interestaduais, a compra inclui dez modelos Paradiso G8 1800 Double Decker.\u2026 <a class=\"readmore\" href=\"https:\/\/dana.com.br\/canaldana\/2021\/08\/25\/viacao-garcia-e-brasil-sul-compram-31-marcopolo-geracao-8\/\">Leia mais \u00bb<\/a><\/p>\n","protected":false},"author":3,"featured_media":0,"comment_status":"closed","ping_status":"closed","sticky":false,"template":"","format":"standard","meta":{"_acf_changed":false,"footnotes":""},"categories":[79],"tags":[],"class_list":["post-52495","post","type-post","status-publish","format-standard","hentry","category-mercado"],"acf":[],"yoast_head":"<!-- This site is optimized with the Yoast SEO plugin v27.3 - https:\/\/yoast.com\/product\/yoast-seo-wordpress\/ -->\n<title>Via\u00e7\u00e3o Garcia e Brasil Sul compram 31 Marcopolo Gera\u00e7\u00e3o 8 - Canal Dana<\/title>\n<meta name=\"robots\" content=\"index, follow, max-snippet:-1, max-image-preview:large, max-video-preview:-1\" \/>\n<link rel=\"canonical\" href=\"https:\/\/dana.com.br\/canaldana\/2021\/08\/25\/viacao-garcia-e-brasil-sul-compram-31-marcopolo-geracao-8\/\" \/>\n<meta property=\"og:locale\" content=\"pt_BR\" \/>\n<meta property=\"og:type\" content=\"article\" \/>\n<meta property=\"og:title\" content=\"Via\u00e7\u00e3o Garcia e Brasil Sul compram 31 Marcopolo Gera\u00e7\u00e3o 8 - Canal Dana\" \/>\n<meta property=\"og:description\" content=\"Di\u00e1rio do Transporte &nbsp; A Via\u00e7\u00e3o Garcia-Brasil Sul informou nesta ter\u00e7a-feira, 24 de agosto de 2021, que investiu R$ 30 milh\u00f5es na compra de 31 novos ve\u00edculos da Gera\u00e7\u00e3o 8 da Marcopolo, que foi rec\u00e9m-lan\u00e7ada no mercado. &nbsp; Segundo a empresa, para as linhas interestaduais, a compra inclui dez modelos Paradiso G8 1800 Double Decker.\u2026 Leia mais \u00bb\" \/>\n<meta property=\"og:url\" content=\"https:\/\/dana.com.br\/canaldana\/2021\/08\/25\/viacao-garcia-e-brasil-sul-compram-31-marcopolo-geracao-8\/\" \/>\n<meta property=\"og:site_name\" content=\"Canal Dana\" \/>\n<meta property=\"article:published_time\" content=\"2021-08-25T11:30:57+00:00\" \/>\n<meta name=\"author\" content=\"Canal Dana\" \/>\n<meta name=\"twitter:card\" content=\"summary_large_image\" \/>\n<meta name=\"twitter:label1\" content=\"Escrito por\" \/>\n\t<meta name=\"twitter:data1\" content=\"Canal Dana\" \/>\n\t<meta name=\"twitter:label2\" content=\"Est. tempo de leitura\" \/>\n\t<meta name=\"twitter:data2\" content=\"3 minutos\" \/>\n<script type=\"application\/ld+json\" class=\"yoast-schema-graph\">{\"@context\":\"https:\\\/\\\/schema.org\",\"@graph\":[{\"@type\":\"Article\",\"@id\":\"https:\\\/\\\/dana.com.br\\\/canaldana\\\/2021\\\/08\\\/25\\\/viacao-garcia-e-brasil-sul-compram-31-marcopolo-geracao-8\\\/#article\",\"isPartOf\":{\"@id\":\"https:\\\/\\\/dana.com.br\\\/canaldana\\\/2021\\\/08\\\/25\\\/viacao-garcia-e-brasil-sul-compram-31-marcopolo-geracao-8\\\/\"},\"author\":{\"name\":\"Canal Dana\",\"@id\":\"https:\\\/\\\/dana.com.br\\\/canaldana\\\/#\\\/schema\\\/person\\\/3c21f22f56fcf3bc46b94bc60ea4fef6\"},\"headline\":\"Via\u00e7\u00e3o Garcia e Brasil Sul compram 31 Marcopolo Gera\u00e7\u00e3o 8\",\"datePublished\":\"2021-08-25T11:30:57+00:00\",\"mainEntityOfPage\":{\"@id\":\"https:\\\/\\\/dana.com.br\\\/canaldana\\\/2021\\\/08\\\/25\\\/viacao-garcia-e-brasil-sul-compram-31-marcopolo-geracao-8\\\/\"},\"wordCount\":672,\"articleSection\":[\"Mercado\"],\"inLanguage\":\"pt-BR\"},{\"@type\":\"WebPage\",\"@id\":\"https:\\\/\\\/dana.com.br\\\/canaldana\\\/2021\\\/08\\\/25\\\/viacao-garcia-e-brasil-sul-compram-31-marcopolo-geracao-8\\\/\",\"url\":\"https:\\\/\\\/dana.com.br\\\/canaldana\\\/2021\\\/08\\\/25\\\/viacao-garcia-e-brasil-sul-compram-31-marcopolo-geracao-8\\\/\",\"name\":\"Via\u00e7\u00e3o Garcia e Brasil Sul compram 31 Marcopolo Gera\u00e7\u00e3o 8 - Canal Dana\",\"isPartOf\":{\"@id\":\"https:\\\/\\\/dana.com.br\\\/canaldana\\\/#website\"},\"datePublished\":\"2021-08-25T11:30:57+00:00\",\"author\":{\"@id\":\"https:\\\/\\\/dana.com.br\\\/canaldana\\\/#\\\/schema\\\/person\\\/3c21f22f56fcf3bc46b94bc60ea4fef6\"},\"breadcrumb\":{\"@id\":\"https:\\\/\\\/dana.com.br\\\/canaldana\\\/2021\\\/08\\\/25\\\/viacao-garcia-e-brasil-sul-compram-31-marcopolo-geracao-8\\\/#breadcrumb\"},\"inLanguage\":\"pt-BR\",\"potentialAction\":[{\"@type\":\"ReadAction\",\"target\":[\"https:\\\/\\\/dana.com.br\\\/canaldana\\\/2021\\\/08\\\/25\\\/viacao-garcia-e-brasil-sul-compram-31-marcopolo-geracao-8\\\/\"]}]},{\"@type\":\"BreadcrumbList\",\"@id\":\"https:\\\/\\\/dana.com.br\\\/canaldana\\\/2021\\\/08\\\/25\\\/viacao-garcia-e-brasil-sul-compram-31-marcopolo-geracao-8\\\/#breadcrumb\",\"itemListElement\":[{\"@type\":\"ListItem\",\"position\":1,\"name\":\"Home\",\"item\":\"https:\\\/\\\/dana.com.br\\\/canaldana\\\/\"},{\"@type\":\"ListItem\",\"position\":2,\"name\":\"Mercado\",\"item\":\"https:\\\/\\\/dana.com.br\\\/canaldana\\\/mercado\\\/\"},{\"@type\":\"ListItem\",\"position\":3,\"name\":\"Via\u00e7\u00e3o Garcia e Brasil Sul compram 31 Marcopolo Gera\u00e7\u00e3o 8\"}]},{\"@type\":\"WebSite\",\"@id\":\"https:\\\/\\\/dana.com.br\\\/canaldana\\\/#website\",\"url\":\"https:\\\/\\\/dana.com.br\\\/canaldana\\\/\",\"name\":\"Canal Dana\",\"description\":\"Informativo com as principais not\u00edcias da ind\u00fastria automotiva\",\"potentialAction\":[{\"@type\":\"SearchAction\",\"target\":{\"@type\":\"EntryPoint\",\"urlTemplate\":\"https:\\\/\\\/dana.com.br\\\/canaldana\\\/?s={search_term_string}\"},\"query-input\":{\"@type\":\"PropertyValueSpecification\",\"valueRequired\":true,\"valueName\":\"search_term_string\"}}],\"inLanguage\":\"pt-BR\"},{\"@type\":\"Person\",\"@id\":\"https:\\\/\\\/dana.com.br\\\/canaldana\\\/#\\\/schema\\\/person\\\/3c21f22f56fcf3bc46b94bc60ea4fef6\",\"name\":\"Canal Dana\",\"image\":{\"@type\":\"ImageObject\",\"inLanguage\":\"pt-BR\",\"@id\":\"https:\\\/\\\/secure.gravatar.com\\\/avatar\\\/420aaf9278582877d9018637c6817617705899d2858d7572ef0fe59a6b6454b4?s=96&d=mm&r=g\",\"url\":\"https:\\\/\\\/secure.gravatar.com\\\/avatar\\\/420aaf9278582877d9018637c6817617705899d2858d7572ef0fe59a6b6454b4?s=96&d=mm&r=g\",\"contentUrl\":\"https:\\\/\\\/secure.gravatar.com\\\/avatar\\\/420aaf9278582877d9018637c6817617705899d2858d7572ef0fe59a6b6454b4?s=96&d=mm&r=g\",\"caption\":\"Canal Dana\"},\"url\":\"https:\\\/\\\/dana.com.br\\\/canaldana\\\/author\\\/cdeditor\\\/\"}]}<\/script>\n<!-- \/ Yoast SEO plugin. -->","yoast_head_json":{"title":"Via\u00e7\u00e3o Garcia e Brasil Sul compram 31 Marcopolo Gera\u00e7\u00e3o 8 - Canal Dana","robots":{"index":"index","follow":"follow","max-snippet":"max-snippet:-1","max-image-preview":"max-image-preview:large","max-video-preview":"max-video-preview:-1"},"canonical":"https:\/\/dana.com.br\/canaldana\/2021\/08\/25\/viacao-garcia-e-brasil-sul-compram-31-marcopolo-geracao-8\/","og_locale":"pt_BR","og_type":"article","og_title":"Via\u00e7\u00e3o Garcia e Brasil Sul compram 31 Marcopolo Gera\u00e7\u00e3o 8 - Canal Dana","og_description":"Di\u00e1rio do Transporte &nbsp; A Via\u00e7\u00e3o Garcia-Brasil Sul informou nesta ter\u00e7a-feira, 24 de agosto de 2021, que investiu R$ 30 milh\u00f5es na compra de 31 novos ve\u00edculos da Gera\u00e7\u00e3o 8 da Marcopolo, que foi rec\u00e9m-lan\u00e7ada no mercado. &nbsp; Segundo a empresa, para as linhas interestaduais, a compra inclui dez modelos Paradiso G8 1800 Double Decker.\u2026 Leia mais \u00bb","og_url":"https:\/\/dana.com.br\/canaldana\/2021\/08\/25\/viacao-garcia-e-brasil-sul-compram-31-marcopolo-geracao-8\/","og_site_name":"Canal Dana","article_published_time":"2021-08-25T11:30:57+00:00","author":"Canal Dana","twitter_card":"summary_large_image","twitter_misc":{"Escrito por":"Canal Dana","Est. tempo de leitura":"3 minutos"},"schema":{"@context":"https:\/\/schema.org","@graph":[{"@type":"Article","@id":"https:\/\/dana.com.br\/canaldana\/2021\/08\/25\/viacao-garcia-e-brasil-sul-compram-31-marcopolo-geracao-8\/#article","isPartOf":{"@id":"https:\/\/dana.com.br\/canaldana\/2021\/08\/25\/viacao-garcia-e-brasil-sul-compram-31-marcopolo-geracao-8\/"},"author":{"name":"Canal Dana","@id":"https:\/\/dana.com.br\/canaldana\/#\/schema\/person\/3c21f22f56fcf3bc46b94bc60ea4fef6"},"headline":"Via\u00e7\u00e3o Garcia e Brasil Sul compram 31 Marcopolo Gera\u00e7\u00e3o 8","datePublished":"2021-08-25T11:30:57+00:00","mainEntityOfPage":{"@id":"https:\/\/dana.com.br\/canaldana\/2021\/08\/25\/viacao-garcia-e-brasil-sul-compram-31-marcopolo-geracao-8\/"},"wordCount":672,"articleSection":["Mercado"],"inLanguage":"pt-BR"},{"@type":"WebPage","@id":"https:\/\/dana.com.br\/canaldana\/2021\/08\/25\/viacao-garcia-e-brasil-sul-compram-31-marcopolo-geracao-8\/","url":"https:\/\/dana.com.br\/canaldana\/2021\/08\/25\/viacao-garcia-e-brasil-sul-compram-31-marcopolo-geracao-8\/","name":"Via\u00e7\u00e3o Garcia e Brasil Sul compram 31 Marcopolo Gera\u00e7\u00e3o 8 - Canal Dana","isPartOf":{"@id":"https:\/\/dana.com.br\/canaldana\/#website"},"datePublished":"2021-08-25T11:30:57+00:00","author":{"@id":"https:\/\/dana.com.br\/canaldana\/#\/schema\/person\/3c21f22f56fcf3bc46b94bc60ea4fef6"},"breadcrumb":{"@id":"https:\/\/dana.com.br\/canaldana\/2021\/08\/25\/viacao-garcia-e-brasil-sul-compram-31-marcopolo-geracao-8\/#breadcrumb"},"inLanguage":"pt-BR","potentialAction":[{"@type":"ReadAction","target":["https:\/\/dana.com.br\/canaldana\/2021\/08\/25\/viacao-garcia-e-brasil-sul-compram-31-marcopolo-geracao-8\/"]}]},{"@type":"BreadcrumbList","@id":"https:\/\/dana.com.br\/canaldana\/2021\/08\/25\/viacao-garcia-e-brasil-sul-compram-31-marcopolo-geracao-8\/#breadcrumb","itemListElement":[{"@type":"ListItem","position":1,"name":"Home","item":"https:\/\/dana.com.br\/canaldana\/"},{"@type":"ListItem","position":2,"name":"Mercado","item":"https:\/\/dana.com.br\/canaldana\/mercado\/"},{"@type":"ListItem","position":3,"name":"Via\u00e7\u00e3o Garcia e Brasil Sul compram 31 Marcopolo Gera\u00e7\u00e3o 8"}]},{"@type":"WebSite","@id":"https:\/\/dana.com.br\/canaldana\/#website","url":"https:\/\/dana.com.br\/canaldana\/","name":"Canal Dana","description":"Informativo com as principais not\u00edcias da ind\u00fastria automotiva","potentialAction":[{"@type":"SearchAction","target":{"@type":"EntryPoint","urlTemplate":"https:\/\/dana.com.br\/canaldana\/?s={search_term_string}"},"query-input":{"@type":"PropertyValueSpecification","valueRequired":true,"valueName":"search_term_string"}}],"inLanguage":"pt-BR"},{"@type":"Person","@id":"https:\/\/dana.com.br\/canaldana\/#\/schema\/person\/3c21f22f56fcf3bc46b94bc60ea4fef6","name":"Canal Dana","image":{"@type":"ImageObject","inLanguage":"pt-BR","@id":"https:\/\/secure.gravatar.com\/avatar\/420aaf9278582877d9018637c6817617705899d2858d7572ef0fe59a6b6454b4?s=96&d=mm&r=g","url":"https:\/\/secure.gravatar.com\/avatar\/420aaf9278582877d9018637c6817617705899d2858d7572ef0fe59a6b6454b4?s=96&d=mm&r=g","contentUrl":"https:\/\/secure.gravatar.com\/avatar\/420aaf9278582877d9018637c6817617705899d2858d7572ef0fe59a6b6454b4?s=96&d=mm&r=g","caption":"Canal Dana"},"url":"https:\/\/dana.com.br\/canaldana\/author\/cdeditor\/"}]}},"_links":{"self":[{"href":"https:\/\/dana.com.br\/canaldana\/wp-json\/wp\/v2\/posts\/52495","targetHints":{"allow":["GET"]}}],"collection":[{"href":"https:\/\/dana.com.br\/canaldana\/wp-json\/wp\/v2\/posts"}],"about":[{"href":"https:\/\/dana.com.br\/canaldana\/wp-json\/wp\/v2\/types\/post"}],"author":[{"embeddable":true,"href":"https:\/\/dana.com.br\/canaldana\/wp-json\/wp\/v2\/users\/3"}],"replies":[{"embeddable":true,"href":"https:\/\/dana.com.br\/canaldana\/wp-json\/wp\/v2\/comments?post=52495"}],"version-history":[{"count":0,"href":"https:\/\/dana.com.br\/canaldana\/wp-json\/wp\/v2\/posts\/52495\/revisions"}],"wp:attachment":[{"href":"https:\/\/dana.com.br\/canaldana\/wp-json\/wp\/v2\/media?parent=52495"}],"wp:term":[{"taxonomy":"category","embeddable":true,"href":"https:\/\/dana.com.br\/canaldana\/wp-json\/wp\/v2\/categories?post=52495"},{"taxonomy":"post_tag","embeddable":true,"href":"https:\/\/dana.com.br\/canaldana\/wp-json\/wp\/v2\/tags?post=52495"}],"curies":[{"name":"wp","href":"https:\/\/api.w.org\/{rel}","templated":true}]}}