{"id":52476,"date":"2021-08-24T08:18:05","date_gmt":"2021-08-24T11:18:05","guid":{"rendered":"https:\/\/dana.com.br\/canaldana\/?p=52476"},"modified":"2021-08-24T08:18:05","modified_gmt":"2021-08-24T11:18:05","slug":"deficit-das-autopecas-chega-a-us-59-bilhoes-alta-de-240-no-ano","status":"publish","type":"post","link":"https:\/\/dana.com.br\/canaldana\/2021\/08\/24\/deficit-das-autopecas-chega-a-us-59-bilhoes-alta-de-240-no-ano\/","title":{"rendered":"D\u00e9ficit das autope\u00e7as chega a US$ 5,9 bilh\u00f5es, alta de 240% no ano"},"content":{"rendered":"<p><em>AutoInd\u00fastria <\/em><\/p>\n<p>&nbsp;<\/p>\n<p>Gra\u00e7as aos est\u00edmulos gerados at\u00e9 recentemente pela taxa de c\u00e2mbio, o d\u00e9ficit comercial do setor de autope\u00e7as totalizou US$ 5,9 bilh\u00f5es no acumulado at\u00e9 julho, com varia\u00e7\u00e3o de 240,7% em compara\u00e7\u00e3o aos sete primeiros meses de 2020, quando o saldo negativo ficou em US$ 1,7 bilh\u00e3o.<\/p>\n<p>&nbsp;<\/p>\n<p>A an\u00e1lise e os n\u00fameros contam do relat\u00f3rio da balan\u00e7a comercial do setor publicado esta semana no site do Sindipe\u00e7as. Seguem em alta este ano tanto as importa\u00e7\u00f5es como as exporta\u00e7\u00f5es, mas no caso das compras no exterior o \u00edndice de alta \u00e9 bem mais representativo, \u201ca despeito das restri\u00e7\u00f5es na oferta global de insumos e componentes (eletr\u00f4nicos, em especial\u201d, como ressalta o Sindipe\u00e7as em seu relat\u00f3rio.<\/p>\n<p>&nbsp;<\/p>\n<p>As importa\u00e7\u00f5es registram o expressivo crescimento de 111,6% no acumulado do ano, com US$ 9,7 bilh\u00f5es adquiridos no exterior at\u00e9 julho, ante os US$ 4,6 bilh\u00f5es de id\u00eantico per\u00edodo do ano passado,<\/p>\n<p>&nbsp;<\/p>\n<p>J\u00e1 as exporta\u00e7\u00f5es sofreram eleva\u00e7\u00e3o de 32,5% no mesmo comparativo, com, respectivamente, US$ 3,77 bilh\u00f5es contra US$ 2,84 bilh\u00f5es. Estritamente no m\u00eas de julho, as vendas de autope\u00e7as para o exterior atingiram US$ 547,9 milh\u00f5es, indicando recuo de 3,3% frente a junho, mas incremento de 40,9% na compara\u00e7\u00e3o interanual.<\/p>\n<p>&nbsp;<\/p>\n<p>Ainda com rela\u00e7\u00e3o ao m\u00eas de julho, importa\u00e7\u00f5es chegaram a US$ 1,56 bilh\u00e3o no m\u00eas, contra total de US$ 1,48 bilh\u00e3o em junho. No comparativo com o mesmo m\u00eas de 2020 (US$ 517,6 milh\u00f5es), a alta chega a 202%.<\/p>\n<p>&nbsp;<\/p>\n<p>Para as exporta\u00e7\u00f5es, Argentina, Estados e M\u00e9xico permaneceram como principais mercados de destino. O pa\u00eds vizinho comprou total de US$ 1,1 bilh\u00e3o nos sete meses, mais do que dobrando o valor em rela\u00e7\u00e3o aos US$ 552,2 milh\u00f5es do per\u00edodo de janeiro a julho de 2020.<\/p>\n<p>&nbsp;<\/p>\n<p>Para as importa\u00e7\u00f5es, China, Alemanha e Estados Unidos representaram os maiores parceiros para as compras. O Brasil adquiriu mais de US$ 1,54 bilh\u00e3o em autope\u00e7as chinesas nos primeiros sete meses deste ano, valor 89,2% superior ao registado em igual per\u00edodo de 2020 (US$ 818,1 milh\u00f5es). (AutoInd\u00fastria\/Alzira Rodrigues)<\/p>\n","protected":false},"excerpt":{"rendered":"<p>AutoInd\u00fastria &nbsp; Gra\u00e7as aos est\u00edmulos gerados at\u00e9 recentemente pela taxa de c\u00e2mbio, o d\u00e9ficit comercial do setor de autope\u00e7as totalizou US$ 5,9 bilh\u00f5es no acumulado at\u00e9 julho, com varia\u00e7\u00e3o de 240,7% em compara\u00e7\u00e3o aos sete primeiros meses de 2020, quando o saldo negativo ficou em US$ 1,7 bilh\u00e3o. &nbsp; A an\u00e1lise e os n\u00fameros contam\u2026 <a class=\"readmore\" href=\"https:\/\/dana.com.br\/canaldana\/2021\/08\/24\/deficit-das-autopecas-chega-a-us-59-bilhoes-alta-de-240-no-ano\/\">Leia mais \u00bb<\/a><\/p>\n","protected":false},"author":3,"featured_media":0,"comment_status":"closed","ping_status":"closed","sticky":false,"template":"","format":"standard","meta":{"_acf_changed":false,"footnotes":""},"categories":[61],"tags":[],"class_list":["post-52476","post","type-post","status-publish","format-standard","hentry","category-destaques"],"acf":[],"yoast_head":"<!-- This site is optimized with the Yoast SEO plugin v27.3 - https:\/\/yoast.com\/product\/yoast-seo-wordpress\/ -->\n<title>D\u00e9ficit das autope\u00e7as chega a US$ 5,9 bilh\u00f5es, alta de 240% no ano - Canal Dana<\/title>\n<meta name=\"robots\" content=\"index, follow, max-snippet:-1, max-image-preview:large, max-video-preview:-1\" \/>\n<link rel=\"canonical\" href=\"https:\/\/dana.com.br\/canaldana\/2021\/08\/24\/deficit-das-autopecas-chega-a-us-59-bilhoes-alta-de-240-no-ano\/\" \/>\n<meta property=\"og:locale\" content=\"pt_BR\" \/>\n<meta property=\"og:type\" content=\"article\" \/>\n<meta property=\"og:title\" content=\"D\u00e9ficit das autope\u00e7as chega a US$ 5,9 bilh\u00f5es, alta de 240% no ano - Canal Dana\" \/>\n<meta property=\"og:description\" content=\"AutoInd\u00fastria &nbsp; Gra\u00e7as aos est\u00edmulos gerados at\u00e9 recentemente pela taxa de c\u00e2mbio, o d\u00e9ficit comercial do setor de autope\u00e7as totalizou US$ 5,9 bilh\u00f5es no acumulado at\u00e9 julho, com varia\u00e7\u00e3o de 240,7% em compara\u00e7\u00e3o aos sete primeiros meses de 2020, quando o saldo negativo ficou em US$ 1,7 bilh\u00e3o. &nbsp; A an\u00e1lise e os n\u00fameros contam\u2026 Leia mais \u00bb\" \/>\n<meta property=\"og:url\" content=\"https:\/\/dana.com.br\/canaldana\/2021\/08\/24\/deficit-das-autopecas-chega-a-us-59-bilhoes-alta-de-240-no-ano\/\" \/>\n<meta property=\"og:site_name\" content=\"Canal Dana\" \/>\n<meta property=\"article:published_time\" content=\"2021-08-24T11:18:05+00:00\" \/>\n<meta name=\"author\" content=\"Canal Dana\" \/>\n<meta name=\"twitter:card\" content=\"summary_large_image\" \/>\n<meta name=\"twitter:label1\" content=\"Escrito por\" \/>\n\t<meta name=\"twitter:data1\" content=\"Canal Dana\" \/>\n\t<meta name=\"twitter:label2\" content=\"Est. tempo de leitura\" \/>\n\t<meta name=\"twitter:data2\" content=\"2 minutos\" \/>\n<script type=\"application\/ld+json\" class=\"yoast-schema-graph\">{\"@context\":\"https:\\\/\\\/schema.org\",\"@graph\":[{\"@type\":\"Article\",\"@id\":\"https:\\\/\\\/dana.com.br\\\/canaldana\\\/2021\\\/08\\\/24\\\/deficit-das-autopecas-chega-a-us-59-bilhoes-alta-de-240-no-ano\\\/#article\",\"isPartOf\":{\"@id\":\"https:\\\/\\\/dana.com.br\\\/canaldana\\\/2021\\\/08\\\/24\\\/deficit-das-autopecas-chega-a-us-59-bilhoes-alta-de-240-no-ano\\\/\"},\"author\":{\"name\":\"Canal Dana\",\"@id\":\"https:\\\/\\\/dana.com.br\\\/canaldana\\\/#\\\/schema\\\/person\\\/3c21f22f56fcf3bc46b94bc60ea4fef6\"},\"headline\":\"D\u00e9ficit das autope\u00e7as chega a US$ 5,9 bilh\u00f5es, alta de 240% no ano\",\"datePublished\":\"2021-08-24T11:18:05+00:00\",\"mainEntityOfPage\":{\"@id\":\"https:\\\/\\\/dana.com.br\\\/canaldana\\\/2021\\\/08\\\/24\\\/deficit-das-autopecas-chega-a-us-59-bilhoes-alta-de-240-no-ano\\\/\"},\"wordCount\":377,\"articleSection\":[\"Destaques\"],\"inLanguage\":\"pt-BR\"},{\"@type\":\"WebPage\",\"@id\":\"https:\\\/\\\/dana.com.br\\\/canaldana\\\/2021\\\/08\\\/24\\\/deficit-das-autopecas-chega-a-us-59-bilhoes-alta-de-240-no-ano\\\/\",\"url\":\"https:\\\/\\\/dana.com.br\\\/canaldana\\\/2021\\\/08\\\/24\\\/deficit-das-autopecas-chega-a-us-59-bilhoes-alta-de-240-no-ano\\\/\",\"name\":\"D\u00e9ficit das autope\u00e7as chega a US$ 5,9 bilh\u00f5es, alta de 240% no ano - Canal Dana\",\"isPartOf\":{\"@id\":\"https:\\\/\\\/dana.com.br\\\/canaldana\\\/#website\"},\"datePublished\":\"2021-08-24T11:18:05+00:00\",\"author\":{\"@id\":\"https:\\\/\\\/dana.com.br\\\/canaldana\\\/#\\\/schema\\\/person\\\/3c21f22f56fcf3bc46b94bc60ea4fef6\"},\"breadcrumb\":{\"@id\":\"https:\\\/\\\/dana.com.br\\\/canaldana\\\/2021\\\/08\\\/24\\\/deficit-das-autopecas-chega-a-us-59-bilhoes-alta-de-240-no-ano\\\/#breadcrumb\"},\"inLanguage\":\"pt-BR\",\"potentialAction\":[{\"@type\":\"ReadAction\",\"target\":[\"https:\\\/\\\/dana.com.br\\\/canaldana\\\/2021\\\/08\\\/24\\\/deficit-das-autopecas-chega-a-us-59-bilhoes-alta-de-240-no-ano\\\/\"]}]},{\"@type\":\"BreadcrumbList\",\"@id\":\"https:\\\/\\\/dana.com.br\\\/canaldana\\\/2021\\\/08\\\/24\\\/deficit-das-autopecas-chega-a-us-59-bilhoes-alta-de-240-no-ano\\\/#breadcrumb\",\"itemListElement\":[{\"@type\":\"ListItem\",\"position\":1,\"name\":\"Home\",\"item\":\"https:\\\/\\\/dana.com.br\\\/canaldana\\\/\"},{\"@type\":\"ListItem\",\"position\":2,\"name\":\"Destaques\",\"item\":\"https:\\\/\\\/dana.com.br\\\/canaldana\\\/destaques\\\/\"},{\"@type\":\"ListItem\",\"position\":3,\"name\":\"D\u00e9ficit das autope\u00e7as chega a US$ 5,9 bilh\u00f5es, alta de 240% no ano\"}]},{\"@type\":\"WebSite\",\"@id\":\"https:\\\/\\\/dana.com.br\\\/canaldana\\\/#website\",\"url\":\"https:\\\/\\\/dana.com.br\\\/canaldana\\\/\",\"name\":\"Canal Dana\",\"description\":\"Informativo com as principais not\u00edcias da ind\u00fastria automotiva\",\"potentialAction\":[{\"@type\":\"SearchAction\",\"target\":{\"@type\":\"EntryPoint\",\"urlTemplate\":\"https:\\\/\\\/dana.com.br\\\/canaldana\\\/?s={search_term_string}\"},\"query-input\":{\"@type\":\"PropertyValueSpecification\",\"valueRequired\":true,\"valueName\":\"search_term_string\"}}],\"inLanguage\":\"pt-BR\"},{\"@type\":\"Person\",\"@id\":\"https:\\\/\\\/dana.com.br\\\/canaldana\\\/#\\\/schema\\\/person\\\/3c21f22f56fcf3bc46b94bc60ea4fef6\",\"name\":\"Canal Dana\",\"image\":{\"@type\":\"ImageObject\",\"inLanguage\":\"pt-BR\",\"@id\":\"https:\\\/\\\/secure.gravatar.com\\\/avatar\\\/420aaf9278582877d9018637c6817617705899d2858d7572ef0fe59a6b6454b4?s=96&d=mm&r=g\",\"url\":\"https:\\\/\\\/secure.gravatar.com\\\/avatar\\\/420aaf9278582877d9018637c6817617705899d2858d7572ef0fe59a6b6454b4?s=96&d=mm&r=g\",\"contentUrl\":\"https:\\\/\\\/secure.gravatar.com\\\/avatar\\\/420aaf9278582877d9018637c6817617705899d2858d7572ef0fe59a6b6454b4?s=96&d=mm&r=g\",\"caption\":\"Canal Dana\"},\"url\":\"https:\\\/\\\/dana.com.br\\\/canaldana\\\/author\\\/cdeditor\\\/\"}]}<\/script>\n<!-- \/ Yoast SEO plugin. -->","yoast_head_json":{"title":"D\u00e9ficit das autope\u00e7as chega a US$ 5,9 bilh\u00f5es, alta de 240% no ano - Canal Dana","robots":{"index":"index","follow":"follow","max-snippet":"max-snippet:-1","max-image-preview":"max-image-preview:large","max-video-preview":"max-video-preview:-1"},"canonical":"https:\/\/dana.com.br\/canaldana\/2021\/08\/24\/deficit-das-autopecas-chega-a-us-59-bilhoes-alta-de-240-no-ano\/","og_locale":"pt_BR","og_type":"article","og_title":"D\u00e9ficit das autope\u00e7as chega a US$ 5,9 bilh\u00f5es, alta de 240% no ano - Canal Dana","og_description":"AutoInd\u00fastria &nbsp; Gra\u00e7as aos est\u00edmulos gerados at\u00e9 recentemente pela taxa de c\u00e2mbio, o d\u00e9ficit comercial do setor de autope\u00e7as totalizou US$ 5,9 bilh\u00f5es no acumulado at\u00e9 julho, com varia\u00e7\u00e3o de 240,7% em compara\u00e7\u00e3o aos sete primeiros meses de 2020, quando o saldo negativo ficou em US$ 1,7 bilh\u00e3o. &nbsp; A an\u00e1lise e os n\u00fameros contam\u2026 Leia mais \u00bb","og_url":"https:\/\/dana.com.br\/canaldana\/2021\/08\/24\/deficit-das-autopecas-chega-a-us-59-bilhoes-alta-de-240-no-ano\/","og_site_name":"Canal Dana","article_published_time":"2021-08-24T11:18:05+00:00","author":"Canal Dana","twitter_card":"summary_large_image","twitter_misc":{"Escrito por":"Canal Dana","Est. tempo de leitura":"2 minutos"},"schema":{"@context":"https:\/\/schema.org","@graph":[{"@type":"Article","@id":"https:\/\/dana.com.br\/canaldana\/2021\/08\/24\/deficit-das-autopecas-chega-a-us-59-bilhoes-alta-de-240-no-ano\/#article","isPartOf":{"@id":"https:\/\/dana.com.br\/canaldana\/2021\/08\/24\/deficit-das-autopecas-chega-a-us-59-bilhoes-alta-de-240-no-ano\/"},"author":{"name":"Canal Dana","@id":"https:\/\/dana.com.br\/canaldana\/#\/schema\/person\/3c21f22f56fcf3bc46b94bc60ea4fef6"},"headline":"D\u00e9ficit das autope\u00e7as chega a US$ 5,9 bilh\u00f5es, alta de 240% no ano","datePublished":"2021-08-24T11:18:05+00:00","mainEntityOfPage":{"@id":"https:\/\/dana.com.br\/canaldana\/2021\/08\/24\/deficit-das-autopecas-chega-a-us-59-bilhoes-alta-de-240-no-ano\/"},"wordCount":377,"articleSection":["Destaques"],"inLanguage":"pt-BR"},{"@type":"WebPage","@id":"https:\/\/dana.com.br\/canaldana\/2021\/08\/24\/deficit-das-autopecas-chega-a-us-59-bilhoes-alta-de-240-no-ano\/","url":"https:\/\/dana.com.br\/canaldana\/2021\/08\/24\/deficit-das-autopecas-chega-a-us-59-bilhoes-alta-de-240-no-ano\/","name":"D\u00e9ficit das autope\u00e7as chega a US$ 5,9 bilh\u00f5es, alta de 240% no ano - Canal Dana","isPartOf":{"@id":"https:\/\/dana.com.br\/canaldana\/#website"},"datePublished":"2021-08-24T11:18:05+00:00","author":{"@id":"https:\/\/dana.com.br\/canaldana\/#\/schema\/person\/3c21f22f56fcf3bc46b94bc60ea4fef6"},"breadcrumb":{"@id":"https:\/\/dana.com.br\/canaldana\/2021\/08\/24\/deficit-das-autopecas-chega-a-us-59-bilhoes-alta-de-240-no-ano\/#breadcrumb"},"inLanguage":"pt-BR","potentialAction":[{"@type":"ReadAction","target":["https:\/\/dana.com.br\/canaldana\/2021\/08\/24\/deficit-das-autopecas-chega-a-us-59-bilhoes-alta-de-240-no-ano\/"]}]},{"@type":"BreadcrumbList","@id":"https:\/\/dana.com.br\/canaldana\/2021\/08\/24\/deficit-das-autopecas-chega-a-us-59-bilhoes-alta-de-240-no-ano\/#breadcrumb","itemListElement":[{"@type":"ListItem","position":1,"name":"Home","item":"https:\/\/dana.com.br\/canaldana\/"},{"@type":"ListItem","position":2,"name":"Destaques","item":"https:\/\/dana.com.br\/canaldana\/destaques\/"},{"@type":"ListItem","position":3,"name":"D\u00e9ficit das autope\u00e7as chega a US$ 5,9 bilh\u00f5es, alta de 240% no ano"}]},{"@type":"WebSite","@id":"https:\/\/dana.com.br\/canaldana\/#website","url":"https:\/\/dana.com.br\/canaldana\/","name":"Canal Dana","description":"Informativo com as principais not\u00edcias da ind\u00fastria automotiva","potentialAction":[{"@type":"SearchAction","target":{"@type":"EntryPoint","urlTemplate":"https:\/\/dana.com.br\/canaldana\/?s={search_term_string}"},"query-input":{"@type":"PropertyValueSpecification","valueRequired":true,"valueName":"search_term_string"}}],"inLanguage":"pt-BR"},{"@type":"Person","@id":"https:\/\/dana.com.br\/canaldana\/#\/schema\/person\/3c21f22f56fcf3bc46b94bc60ea4fef6","name":"Canal Dana","image":{"@type":"ImageObject","inLanguage":"pt-BR","@id":"https:\/\/secure.gravatar.com\/avatar\/420aaf9278582877d9018637c6817617705899d2858d7572ef0fe59a6b6454b4?s=96&d=mm&r=g","url":"https:\/\/secure.gravatar.com\/avatar\/420aaf9278582877d9018637c6817617705899d2858d7572ef0fe59a6b6454b4?s=96&d=mm&r=g","contentUrl":"https:\/\/secure.gravatar.com\/avatar\/420aaf9278582877d9018637c6817617705899d2858d7572ef0fe59a6b6454b4?s=96&d=mm&r=g","caption":"Canal Dana"},"url":"https:\/\/dana.com.br\/canaldana\/author\/cdeditor\/"}]}},"_links":{"self":[{"href":"https:\/\/dana.com.br\/canaldana\/wp-json\/wp\/v2\/posts\/52476","targetHints":{"allow":["GET"]}}],"collection":[{"href":"https:\/\/dana.com.br\/canaldana\/wp-json\/wp\/v2\/posts"}],"about":[{"href":"https:\/\/dana.com.br\/canaldana\/wp-json\/wp\/v2\/types\/post"}],"author":[{"embeddable":true,"href":"https:\/\/dana.com.br\/canaldana\/wp-json\/wp\/v2\/users\/3"}],"replies":[{"embeddable":true,"href":"https:\/\/dana.com.br\/canaldana\/wp-json\/wp\/v2\/comments?post=52476"}],"version-history":[{"count":0,"href":"https:\/\/dana.com.br\/canaldana\/wp-json\/wp\/v2\/posts\/52476\/revisions"}],"wp:attachment":[{"href":"https:\/\/dana.com.br\/canaldana\/wp-json\/wp\/v2\/media?parent=52476"}],"wp:term":[{"taxonomy":"category","embeddable":true,"href":"https:\/\/dana.com.br\/canaldana\/wp-json\/wp\/v2\/categories?post=52476"},{"taxonomy":"post_tag","embeddable":true,"href":"https:\/\/dana.com.br\/canaldana\/wp-json\/wp\/v2\/tags?post=52476"}],"curies":[{"name":"wp","href":"https:\/\/api.w.org\/{rel}","templated":true}]}}