{"id":52454,"date":"2021-08-24T08:12:22","date_gmt":"2021-08-24T11:12:22","guid":{"rendered":"https:\/\/dana.com.br\/canaldana\/?p=52454"},"modified":"2021-08-24T08:12:22","modified_gmt":"2021-08-24T11:12:22","slug":"embraer-fecha-acordo-para-carro-voador-na-asia","status":"publish","type":"post","link":"https:\/\/dana.com.br\/canaldana\/2021\/08\/24\/embraer-fecha-acordo-para-carro-voador-na-asia\/","title":{"rendered":"Embraer fecha acordo para &#8220;carro voador&#8221; na \u00c1sia"},"content":{"rendered":"<p><em>O Estado de S. Paulo <\/em><\/p>\n<p>&nbsp;<\/p>\n<p>A Eve Urban Air Mobility, empresa da Embraer, e a Ascent Flights Global, de loca\u00e7\u00e3o de aeronaves, anunciaram ontem o aprofundamento de parceria para desenvolver um \u201cecossistema robusto\u201d de mobilidade a\u00e9rea urbana na regi\u00e3o da \u00c1sia-pac\u00edfico. A partir de 2026, a Eve fornecer\u00e1 \u00e0 Ascent at\u00e9 100 mil horas de voo no ve\u00edculo el\u00e9trico de decolagem e pouso na vertical (EVTOL), o \u201ccarro voador\u201d. A Eve planeja colocar at\u00e9 100 aeronaves para serem comercializadas pela plataforma da Ascent em suas rotas atuais e futuras.<\/p>\n<p>&nbsp;<\/p>\n<p>A empresa de Cingapura, que atua como um aplicativo sob demanda, pagar\u00e1 pelo tempo de voo nas aeronaves da Eve ao mesmo tempo que vai operar em conjunto com outros parceiros na \u00c1sia-pac\u00edfico e em outros mercados. A aeronave ser\u00e1 utilizada em cidades como Bangcoc (Tail\u00e2ndia), Manila (Filipinas), Melbourne (Austr\u00e1lia), T\u00f3quio (Jap\u00e3o) e tamb\u00e9m em Cingapura.<\/p>\n<p>&nbsp;<\/p>\n<p>O acordo \u00e9 parte da estrat\u00e9gia abrangente de mobilidade da Eve para se posicionar como l\u00edder na ind\u00fastria. A implementa\u00e7\u00e3o das aeronaves da Eve na rede da Ascent est\u00e1 sujeita \u00e0 celebra\u00e7\u00e3o de acordos finais entre as partes.<\/p>\n<p>&nbsp;<\/p>\n<p>\u201cA Ascent \u00e9 uma das maiores empresas de mobilidade a\u00e9rea urbana na \u00c1sia-pac\u00edfico, e sua forte presen\u00e7a na regi\u00e3o a torna a parceira ideal para as opera\u00e7\u00f5es da Eve. A regi\u00e3o possui uma enorme demanda por solu\u00e7\u00f5es inovadoras de transporte, que pode ser atendida com nossa aeronave de baixa emiss\u00e3o. Esse \u00e9 o caminho certo para um crescimento sustent\u00e1vel\u201d, disse o presidente e CEO da Eve, Andre Stein, em nota.<\/p>\n<p>&nbsp;<\/p>\n<p>\u201cA tecnologia inovadora de Eve, combinada com sua experi\u00eancia em manufatura e servi\u00e7os de cobertura global por meio da Embraer, nos d\u00e1 a certeza de que teremos uma solu\u00e7\u00e3o adequada aos complexos requisitos da regi\u00e3o\u201d, disse o fundador e presidente da Ascent, Lionel Sinai-sinelnikoff.<\/p>\n<p>&nbsp;<\/p>\n<p>Em comunicado, a fabricante brasileira destaca que a Eve apresenta \u201cproposta de valor \u00fanica\u201d, apoiada em mais de 50 anos de experi\u00eancia da Embraer na fabrica\u00e7\u00e3o de aeronaves e na expertise em certifica\u00e7\u00e3o. De acordo com a companhia, o ve\u00edculo a\u00e9reo de zero emiss\u00f5es e baixo ru\u00eddo, com design simples e intuitivo, continua a atingir marcos relevantes de desenvolvimento, incluindo o primeiro voo do simulador de engenharia, em julho de 2020, e o modelo em escala em outubro de 2020.<\/p>\n<p>&nbsp;<\/p>\n<p>Al\u00e9m disso, o projeto de Gerenciamento de Tr\u00e1fego A\u00e9reo Urbano da Eve atingiu uma nova marca em sua colabora\u00e7\u00e3o com a Autoridade de Avia\u00e7\u00e3o Civil do Reino Unido (CAA, Civil Aviation Authority na sigla em ingl\u00eas), para o desenvolvimento das condi\u00e7\u00f5es necess\u00e1rias para voos UAM com alto potencial de expans\u00e3o.<\/p>\n<p>&nbsp;<\/p>\n<p><strong>Resultado<\/strong><\/p>\n<p>&nbsp;<\/p>\n<p>O an\u00fancio veio depois da divulga\u00e7\u00e3o do resultado da Embraer para o segundo trimestre. A companhia reportou lucro l\u00edquido ajustado de R$ 212,8 milh\u00f5es entre abril e junho, revertendo preju\u00edzo l\u00edquido de R$ 1 bilh\u00e3o no mesmo per\u00edodo do ano passado. Foi o primeiro lucro l\u00edquido ajustado trimestral desde o primeiro trimestre de 2018.<\/p>\n<p>&nbsp;<\/p>\n<p>Em entrevista ao Estad\u00e3o, o presidente da Embraer, Francisco Gomes Neto, afirmou que a fabricante conseguiu \u201cfazer a virada\u201d ap\u00f3s uma s\u00e9rie de reveses, desde a pandemia de covid-19 at\u00e9 o cancelamento da fus\u00e3o com a Boeing na \u00e1rea de jatos comerciais, caso que virou uma disputa entre a empresa brasileira e a americana. (O Estado de S. Paulo\/Juliana Estigarr\u00edbia)<\/p>\n","protected":false},"excerpt":{"rendered":"<p>O Estado de S. Paulo &nbsp; A Eve Urban Air Mobility, empresa da Embraer, e a Ascent Flights Global, de loca\u00e7\u00e3o de aeronaves, anunciaram ontem o aprofundamento de parceria para desenvolver um \u201cecossistema robusto\u201d de mobilidade a\u00e9rea urbana na regi\u00e3o da \u00c1sia-pac\u00edfico. A partir de 2026, a Eve fornecer\u00e1 \u00e0 Ascent at\u00e9 100 mil horas\u2026 <a class=\"readmore\" href=\"https:\/\/dana.com.br\/canaldana\/2021\/08\/24\/embraer-fecha-acordo-para-carro-voador-na-asia\/\">Leia mais \u00bb<\/a><\/p>\n","protected":false},"author":3,"featured_media":0,"comment_status":"closed","ping_status":"closed","sticky":false,"template":"","format":"standard","meta":{"_acf_changed":false,"footnotes":""},"categories":[79],"tags":[],"class_list":["post-52454","post","type-post","status-publish","format-standard","hentry","category-mercado"],"acf":[],"yoast_head":"<!-- This site is optimized with the Yoast SEO plugin v27.3 - https:\/\/yoast.com\/product\/yoast-seo-wordpress\/ -->\n<title>Embraer fecha acordo para &quot;carro voador&quot; na \u00c1sia - Canal Dana<\/title>\n<meta name=\"robots\" content=\"index, follow, max-snippet:-1, max-image-preview:large, max-video-preview:-1\" \/>\n<link rel=\"canonical\" href=\"https:\/\/dana.com.br\/canaldana\/2021\/08\/24\/embraer-fecha-acordo-para-carro-voador-na-asia\/\" \/>\n<meta property=\"og:locale\" content=\"pt_BR\" \/>\n<meta property=\"og:type\" content=\"article\" \/>\n<meta property=\"og:title\" content=\"Embraer fecha acordo para &quot;carro voador&quot; na \u00c1sia - Canal Dana\" \/>\n<meta property=\"og:description\" content=\"O Estado de S. Paulo &nbsp; A Eve Urban Air Mobility, empresa da Embraer, e a Ascent Flights Global, de loca\u00e7\u00e3o de aeronaves, anunciaram ontem o aprofundamento de parceria para desenvolver um \u201cecossistema robusto\u201d de mobilidade a\u00e9rea urbana na regi\u00e3o da \u00c1sia-pac\u00edfico. A partir de 2026, a Eve fornecer\u00e1 \u00e0 Ascent at\u00e9 100 mil horas\u2026 Leia mais \u00bb\" \/>\n<meta property=\"og:url\" content=\"https:\/\/dana.com.br\/canaldana\/2021\/08\/24\/embraer-fecha-acordo-para-carro-voador-na-asia\/\" \/>\n<meta property=\"og:site_name\" content=\"Canal Dana\" \/>\n<meta property=\"article:published_time\" content=\"2021-08-24T11:12:22+00:00\" \/>\n<meta name=\"author\" content=\"Canal Dana\" \/>\n<meta name=\"twitter:card\" content=\"summary_large_image\" \/>\n<meta name=\"twitter:label1\" content=\"Escrito por\" \/>\n\t<meta name=\"twitter:data1\" content=\"Canal Dana\" \/>\n\t<meta name=\"twitter:label2\" content=\"Est. tempo de leitura\" \/>\n\t<meta name=\"twitter:data2\" content=\"3 minutos\" \/>\n<script type=\"application\/ld+json\" class=\"yoast-schema-graph\">{\"@context\":\"https:\\\/\\\/schema.org\",\"@graph\":[{\"@type\":\"Article\",\"@id\":\"https:\\\/\\\/dana.com.br\\\/canaldana\\\/2021\\\/08\\\/24\\\/embraer-fecha-acordo-para-carro-voador-na-asia\\\/#article\",\"isPartOf\":{\"@id\":\"https:\\\/\\\/dana.com.br\\\/canaldana\\\/2021\\\/08\\\/24\\\/embraer-fecha-acordo-para-carro-voador-na-asia\\\/\"},\"author\":{\"name\":\"Canal Dana\",\"@id\":\"https:\\\/\\\/dana.com.br\\\/canaldana\\\/#\\\/schema\\\/person\\\/3c21f22f56fcf3bc46b94bc60ea4fef6\"},\"headline\":\"Embraer fecha acordo para &#8220;carro voador&#8221; na \u00c1sia\",\"datePublished\":\"2021-08-24T11:12:22+00:00\",\"mainEntityOfPage\":{\"@id\":\"https:\\\/\\\/dana.com.br\\\/canaldana\\\/2021\\\/08\\\/24\\\/embraer-fecha-acordo-para-carro-voador-na-asia\\\/\"},\"wordCount\":607,\"articleSection\":[\"Mercado\"],\"inLanguage\":\"pt-BR\"},{\"@type\":\"WebPage\",\"@id\":\"https:\\\/\\\/dana.com.br\\\/canaldana\\\/2021\\\/08\\\/24\\\/embraer-fecha-acordo-para-carro-voador-na-asia\\\/\",\"url\":\"https:\\\/\\\/dana.com.br\\\/canaldana\\\/2021\\\/08\\\/24\\\/embraer-fecha-acordo-para-carro-voador-na-asia\\\/\",\"name\":\"Embraer fecha acordo para \\\"carro voador\\\" na \u00c1sia - Canal Dana\",\"isPartOf\":{\"@id\":\"https:\\\/\\\/dana.com.br\\\/canaldana\\\/#website\"},\"datePublished\":\"2021-08-24T11:12:22+00:00\",\"author\":{\"@id\":\"https:\\\/\\\/dana.com.br\\\/canaldana\\\/#\\\/schema\\\/person\\\/3c21f22f56fcf3bc46b94bc60ea4fef6\"},\"breadcrumb\":{\"@id\":\"https:\\\/\\\/dana.com.br\\\/canaldana\\\/2021\\\/08\\\/24\\\/embraer-fecha-acordo-para-carro-voador-na-asia\\\/#breadcrumb\"},\"inLanguage\":\"pt-BR\",\"potentialAction\":[{\"@type\":\"ReadAction\",\"target\":[\"https:\\\/\\\/dana.com.br\\\/canaldana\\\/2021\\\/08\\\/24\\\/embraer-fecha-acordo-para-carro-voador-na-asia\\\/\"]}]},{\"@type\":\"BreadcrumbList\",\"@id\":\"https:\\\/\\\/dana.com.br\\\/canaldana\\\/2021\\\/08\\\/24\\\/embraer-fecha-acordo-para-carro-voador-na-asia\\\/#breadcrumb\",\"itemListElement\":[{\"@type\":\"ListItem\",\"position\":1,\"name\":\"Home\",\"item\":\"https:\\\/\\\/dana.com.br\\\/canaldana\\\/\"},{\"@type\":\"ListItem\",\"position\":2,\"name\":\"Mercado\",\"item\":\"https:\\\/\\\/dana.com.br\\\/canaldana\\\/mercado\\\/\"},{\"@type\":\"ListItem\",\"position\":3,\"name\":\"Embraer fecha acordo para &#8220;carro voador&#8221; na \u00c1sia\"}]},{\"@type\":\"WebSite\",\"@id\":\"https:\\\/\\\/dana.com.br\\\/canaldana\\\/#website\",\"url\":\"https:\\\/\\\/dana.com.br\\\/canaldana\\\/\",\"name\":\"Canal Dana\",\"description\":\"Informativo com as principais not\u00edcias da ind\u00fastria automotiva\",\"potentialAction\":[{\"@type\":\"SearchAction\",\"target\":{\"@type\":\"EntryPoint\",\"urlTemplate\":\"https:\\\/\\\/dana.com.br\\\/canaldana\\\/?s={search_term_string}\"},\"query-input\":{\"@type\":\"PropertyValueSpecification\",\"valueRequired\":true,\"valueName\":\"search_term_string\"}}],\"inLanguage\":\"pt-BR\"},{\"@type\":\"Person\",\"@id\":\"https:\\\/\\\/dana.com.br\\\/canaldana\\\/#\\\/schema\\\/person\\\/3c21f22f56fcf3bc46b94bc60ea4fef6\",\"name\":\"Canal Dana\",\"image\":{\"@type\":\"ImageObject\",\"inLanguage\":\"pt-BR\",\"@id\":\"https:\\\/\\\/secure.gravatar.com\\\/avatar\\\/420aaf9278582877d9018637c6817617705899d2858d7572ef0fe59a6b6454b4?s=96&d=mm&r=g\",\"url\":\"https:\\\/\\\/secure.gravatar.com\\\/avatar\\\/420aaf9278582877d9018637c6817617705899d2858d7572ef0fe59a6b6454b4?s=96&d=mm&r=g\",\"contentUrl\":\"https:\\\/\\\/secure.gravatar.com\\\/avatar\\\/420aaf9278582877d9018637c6817617705899d2858d7572ef0fe59a6b6454b4?s=96&d=mm&r=g\",\"caption\":\"Canal Dana\"},\"url\":\"https:\\\/\\\/dana.com.br\\\/canaldana\\\/author\\\/cdeditor\\\/\"}]}<\/script>\n<!-- \/ Yoast SEO plugin. -->","yoast_head_json":{"title":"Embraer fecha acordo para \"carro voador\" na \u00c1sia - Canal Dana","robots":{"index":"index","follow":"follow","max-snippet":"max-snippet:-1","max-image-preview":"max-image-preview:large","max-video-preview":"max-video-preview:-1"},"canonical":"https:\/\/dana.com.br\/canaldana\/2021\/08\/24\/embraer-fecha-acordo-para-carro-voador-na-asia\/","og_locale":"pt_BR","og_type":"article","og_title":"Embraer fecha acordo para \"carro voador\" na \u00c1sia - Canal Dana","og_description":"O Estado de S. Paulo &nbsp; A Eve Urban Air Mobility, empresa da Embraer, e a Ascent Flights Global, de loca\u00e7\u00e3o de aeronaves, anunciaram ontem o aprofundamento de parceria para desenvolver um \u201cecossistema robusto\u201d de mobilidade a\u00e9rea urbana na regi\u00e3o da \u00c1sia-pac\u00edfico. A partir de 2026, a Eve fornecer\u00e1 \u00e0 Ascent at\u00e9 100 mil horas\u2026 Leia mais \u00bb","og_url":"https:\/\/dana.com.br\/canaldana\/2021\/08\/24\/embraer-fecha-acordo-para-carro-voador-na-asia\/","og_site_name":"Canal Dana","article_published_time":"2021-08-24T11:12:22+00:00","author":"Canal Dana","twitter_card":"summary_large_image","twitter_misc":{"Escrito por":"Canal Dana","Est. tempo de leitura":"3 minutos"},"schema":{"@context":"https:\/\/schema.org","@graph":[{"@type":"Article","@id":"https:\/\/dana.com.br\/canaldana\/2021\/08\/24\/embraer-fecha-acordo-para-carro-voador-na-asia\/#article","isPartOf":{"@id":"https:\/\/dana.com.br\/canaldana\/2021\/08\/24\/embraer-fecha-acordo-para-carro-voador-na-asia\/"},"author":{"name":"Canal Dana","@id":"https:\/\/dana.com.br\/canaldana\/#\/schema\/person\/3c21f22f56fcf3bc46b94bc60ea4fef6"},"headline":"Embraer fecha acordo para &#8220;carro voador&#8221; na \u00c1sia","datePublished":"2021-08-24T11:12:22+00:00","mainEntityOfPage":{"@id":"https:\/\/dana.com.br\/canaldana\/2021\/08\/24\/embraer-fecha-acordo-para-carro-voador-na-asia\/"},"wordCount":607,"articleSection":["Mercado"],"inLanguage":"pt-BR"},{"@type":"WebPage","@id":"https:\/\/dana.com.br\/canaldana\/2021\/08\/24\/embraer-fecha-acordo-para-carro-voador-na-asia\/","url":"https:\/\/dana.com.br\/canaldana\/2021\/08\/24\/embraer-fecha-acordo-para-carro-voador-na-asia\/","name":"Embraer fecha acordo para \"carro voador\" na \u00c1sia - Canal Dana","isPartOf":{"@id":"https:\/\/dana.com.br\/canaldana\/#website"},"datePublished":"2021-08-24T11:12:22+00:00","author":{"@id":"https:\/\/dana.com.br\/canaldana\/#\/schema\/person\/3c21f22f56fcf3bc46b94bc60ea4fef6"},"breadcrumb":{"@id":"https:\/\/dana.com.br\/canaldana\/2021\/08\/24\/embraer-fecha-acordo-para-carro-voador-na-asia\/#breadcrumb"},"inLanguage":"pt-BR","potentialAction":[{"@type":"ReadAction","target":["https:\/\/dana.com.br\/canaldana\/2021\/08\/24\/embraer-fecha-acordo-para-carro-voador-na-asia\/"]}]},{"@type":"BreadcrumbList","@id":"https:\/\/dana.com.br\/canaldana\/2021\/08\/24\/embraer-fecha-acordo-para-carro-voador-na-asia\/#breadcrumb","itemListElement":[{"@type":"ListItem","position":1,"name":"Home","item":"https:\/\/dana.com.br\/canaldana\/"},{"@type":"ListItem","position":2,"name":"Mercado","item":"https:\/\/dana.com.br\/canaldana\/mercado\/"},{"@type":"ListItem","position":3,"name":"Embraer fecha acordo para &#8220;carro voador&#8221; na \u00c1sia"}]},{"@type":"WebSite","@id":"https:\/\/dana.com.br\/canaldana\/#website","url":"https:\/\/dana.com.br\/canaldana\/","name":"Canal Dana","description":"Informativo com as principais not\u00edcias da ind\u00fastria automotiva","potentialAction":[{"@type":"SearchAction","target":{"@type":"EntryPoint","urlTemplate":"https:\/\/dana.com.br\/canaldana\/?s={search_term_string}"},"query-input":{"@type":"PropertyValueSpecification","valueRequired":true,"valueName":"search_term_string"}}],"inLanguage":"pt-BR"},{"@type":"Person","@id":"https:\/\/dana.com.br\/canaldana\/#\/schema\/person\/3c21f22f56fcf3bc46b94bc60ea4fef6","name":"Canal Dana","image":{"@type":"ImageObject","inLanguage":"pt-BR","@id":"https:\/\/secure.gravatar.com\/avatar\/420aaf9278582877d9018637c6817617705899d2858d7572ef0fe59a6b6454b4?s=96&d=mm&r=g","url":"https:\/\/secure.gravatar.com\/avatar\/420aaf9278582877d9018637c6817617705899d2858d7572ef0fe59a6b6454b4?s=96&d=mm&r=g","contentUrl":"https:\/\/secure.gravatar.com\/avatar\/420aaf9278582877d9018637c6817617705899d2858d7572ef0fe59a6b6454b4?s=96&d=mm&r=g","caption":"Canal Dana"},"url":"https:\/\/dana.com.br\/canaldana\/author\/cdeditor\/"}]}},"_links":{"self":[{"href":"https:\/\/dana.com.br\/canaldana\/wp-json\/wp\/v2\/posts\/52454","targetHints":{"allow":["GET"]}}],"collection":[{"href":"https:\/\/dana.com.br\/canaldana\/wp-json\/wp\/v2\/posts"}],"about":[{"href":"https:\/\/dana.com.br\/canaldana\/wp-json\/wp\/v2\/types\/post"}],"author":[{"embeddable":true,"href":"https:\/\/dana.com.br\/canaldana\/wp-json\/wp\/v2\/users\/3"}],"replies":[{"embeddable":true,"href":"https:\/\/dana.com.br\/canaldana\/wp-json\/wp\/v2\/comments?post=52454"}],"version-history":[{"count":0,"href":"https:\/\/dana.com.br\/canaldana\/wp-json\/wp\/v2\/posts\/52454\/revisions"}],"wp:attachment":[{"href":"https:\/\/dana.com.br\/canaldana\/wp-json\/wp\/v2\/media?parent=52454"}],"wp:term":[{"taxonomy":"category","embeddable":true,"href":"https:\/\/dana.com.br\/canaldana\/wp-json\/wp\/v2\/categories?post=52454"},{"taxonomy":"post_tag","embeddable":true,"href":"https:\/\/dana.com.br\/canaldana\/wp-json\/wp\/v2\/tags?post=52454"}],"curies":[{"name":"wp","href":"https:\/\/api.w.org\/{rel}","templated":true}]}}