{"id":52446,"date":"2021-08-24T08:10:18","date_gmt":"2021-08-24T11:10:18","guid":{"rendered":"https:\/\/dana.com.br\/canaldana\/?p=52446"},"modified":"2021-08-24T08:10:18","modified_gmt":"2021-08-24T11:10:18","slug":"jac-lanca-vuc-eletrico-iev350t-com-pbt-de-37-t-e-preco-competitivo","status":"publish","type":"post","link":"https:\/\/dana.com.br\/canaldana\/2021\/08\/24\/jac-lanca-vuc-eletrico-iev350t-com-pbt-de-37-t-e-preco-competitivo\/","title":{"rendered":"JAC lan\u00e7a VUC el\u00e9trico iEV350T com PBT de 3,7 t e pre\u00e7o competitivo"},"content":{"rendered":"<p><em>Estrad\u00e3o<\/em><\/p>\n<p>&nbsp;<\/p>\n<p>A JAC Motors est\u00e1 lan\u00e7ando no Brasil o VUC iEV350T. Assim como o iEV1200T, que, tem 8,5 t de peso bruto total (PBT), 7,5 t de carga \u00fatil e, segundo a marca, soma mais de 100 unidades vendidas, a novidade \u00e9 100% el\u00e9trica. Por\u00e9m, seu PBT \u00e9 de 3,7 t e a carga \u00fatil, de 1,7 t. Al\u00e9m disso, o pre\u00e7o sugerido, de R$ 220 mil, \u00e9 bastante competitivo.<\/p>\n<p>&nbsp;<\/p>\n<p>Dessa forma, o novo caminh\u00e3o \u00e9 direcionado a opera\u00e7\u00f5es urbanas. Nesse sentido, se enquadra como um Ve\u00edculo Urbano de Carga (VUC). Portanto, pode circular em \u00e1reas restritas a modelos maiores, como os centros de grandes cidades. De acordo com a JAC, as baterias tem 55,3 kW de capacidade. Como resultado, a autonomia pode chegar a 350 km.<\/p>\n<p>&nbsp;<\/p>\n<p>Agora, a JAC passa a oferecer tr\u00eas ve\u00edculos de carga 100% el\u00e9tricos no mercado brasileiro. Ou seja, al\u00e9m do novato e do iEV1200T, lan\u00e7ado em 2020, a marca traz da China o iEV750V. Por\u00e9m, n\u00e3o se trata de um caminh\u00e3o, mas de um furg\u00e3o com capacidade para transportar 12,3 m\u00b3 de carga.<\/p>\n<p>&nbsp;<\/p>\n<p><strong>Vers\u00e3o el\u00e9trica do JAC V260<\/strong><\/p>\n<p>&nbsp;<\/p>\n<p>Seja como for, o VUC \u00e9, basicamente, a vers\u00e3o el\u00e9trica do V260, lan\u00e7ado no Brasil em 2017. Contudo, o veterano tem motor 2.0 a diesel de 103 cv de pot\u00eancia e 26 mkgf de torque. Ao passo que o PBT \u00e9 de 3.200 kg e o pre\u00e7o sugerido \u00e9 de R$ 127.900.<\/p>\n<p>&nbsp;<\/p>\n<p>Al\u00e9m disso, o V260 mede 4,84 metros de comprimento. Por sua vez, o comprimento do iEV350T \u00e9 de 5,6 metros. Al\u00e9m disso, o novo VUC da JAC tem motor el\u00e9trico que gera equivalente a 150 cv de pot\u00eancia e 35,7 mkgf de torque.<\/p>\n<p>&nbsp;<\/p>\n<p>Segundo a JAC, o novo caminh\u00e3o tamb\u00e9m tem boa lista de equipamentos de s\u00e9rie. Por exemplo, o modelo vem com c\u00e2mera na traseira e ar-condicionado. Bem como coluna de dire\u00e7\u00e3o com ajuste de altura e sistema de som.<\/p>\n<p>&nbsp;<\/p>\n<p><strong>Custo reduzido<\/strong><\/p>\n<p>&nbsp;<\/p>\n<p>De acordo com a JAC, o caminh\u00e3o 100% el\u00e9trico tem custo at\u00e9 cinco vezes menor que outro a diesel equivalente. Segundo a empresa, para rodar 100 km a eletricidade necess\u00e1ria custa cerca de R$ 11. Para compara\u00e7\u00e3o, o gasto com diesel para percorrer a mesma dist\u00e2ncia gira em torno de R$ 54.<\/p>\n<p>&nbsp;<\/p>\n<p>Al\u00e9m disso. a JAC ressalta o fato de o iEV350T n\u00e3o ter v\u00e1rios itens que sofrem desgaste acentuado. O seja, como embreagem, filtros de ar, \u00f3leo e combust\u00edvel. Bem como sistema de escapamento, correias, bicos injetores, c\u00e2mbio. etc.<\/p>\n<p>&nbsp;<\/p>\n<p>Segundo o presidente da JAC Motors do Brasil, Sergio Habib, at\u00e9 o fim de 2021 a marca vai ter oito ve\u00edculos 100% el\u00e9tricos \u00e0 venda no Pa\u00eds. \u201cSomando autom\u00f3veis e comerciais leves\u201d, diz. At\u00e9 o momento, h\u00e1 sete. Ou seja, al\u00e9m dos dois caminh\u00f5es e da van, h\u00e1 tr\u00eas SUVs e uma picape m\u00e9dia. (Estrad\u00e3o)<\/p>\n","protected":false},"excerpt":{"rendered":"<p>Estrad\u00e3o &nbsp; A JAC Motors est\u00e1 lan\u00e7ando no Brasil o VUC iEV350T. Assim como o iEV1200T, que, tem 8,5 t de peso bruto total (PBT), 7,5 t de carga \u00fatil e, segundo a marca, soma mais de 100 unidades vendidas, a novidade \u00e9 100% el\u00e9trica. Por\u00e9m, seu PBT \u00e9 de 3,7 t e a carga\u2026 <a class=\"readmore\" href=\"https:\/\/dana.com.br\/canaldana\/2021\/08\/24\/jac-lanca-vuc-eletrico-iev350t-com-pbt-de-37-t-e-preco-competitivo\/\">Leia mais \u00bb<\/a><\/p>\n","protected":false},"author":3,"featured_media":0,"comment_status":"closed","ping_status":"closed","sticky":false,"template":"","format":"standard","meta":{"_acf_changed":false,"footnotes":""},"categories":[110],"tags":[],"class_list":["post-52446","post","type-post","status-publish","format-standard","hentry","category-eletricos"],"acf":[],"yoast_head":"<!-- This site is optimized with the Yoast SEO plugin v27.3 - https:\/\/yoast.com\/product\/yoast-seo-wordpress\/ -->\n<title>JAC lan\u00e7a VUC el\u00e9trico iEV350T com PBT de 3,7 t e pre\u00e7o competitivo - Canal Dana<\/title>\n<meta name=\"robots\" content=\"index, follow, max-snippet:-1, max-image-preview:large, max-video-preview:-1\" \/>\n<link rel=\"canonical\" href=\"https:\/\/dana.com.br\/canaldana\/2021\/08\/24\/jac-lanca-vuc-eletrico-iev350t-com-pbt-de-37-t-e-preco-competitivo\/\" \/>\n<meta property=\"og:locale\" content=\"pt_BR\" \/>\n<meta property=\"og:type\" content=\"article\" \/>\n<meta property=\"og:title\" content=\"JAC lan\u00e7a VUC el\u00e9trico iEV350T com PBT de 3,7 t e pre\u00e7o competitivo - Canal Dana\" \/>\n<meta property=\"og:description\" content=\"Estrad\u00e3o &nbsp; A JAC Motors est\u00e1 lan\u00e7ando no Brasil o VUC iEV350T. Assim como o iEV1200T, que, tem 8,5 t de peso bruto total (PBT), 7,5 t de carga \u00fatil e, segundo a marca, soma mais de 100 unidades vendidas, a novidade \u00e9 100% el\u00e9trica. Por\u00e9m, seu PBT \u00e9 de 3,7 t e a carga\u2026 Leia mais \u00bb\" \/>\n<meta property=\"og:url\" content=\"https:\/\/dana.com.br\/canaldana\/2021\/08\/24\/jac-lanca-vuc-eletrico-iev350t-com-pbt-de-37-t-e-preco-competitivo\/\" \/>\n<meta property=\"og:site_name\" content=\"Canal Dana\" \/>\n<meta property=\"article:published_time\" content=\"2021-08-24T11:10:18+00:00\" \/>\n<meta name=\"author\" content=\"Canal Dana\" \/>\n<meta name=\"twitter:card\" content=\"summary_large_image\" \/>\n<meta name=\"twitter:label1\" content=\"Escrito por\" \/>\n\t<meta name=\"twitter:data1\" content=\"Canal Dana\" \/>\n\t<meta name=\"twitter:label2\" content=\"Est. tempo de leitura\" \/>\n\t<meta name=\"twitter:data2\" content=\"2 minutos\" \/>\n<script type=\"application\/ld+json\" class=\"yoast-schema-graph\">{\"@context\":\"https:\\\/\\\/schema.org\",\"@graph\":[{\"@type\":\"Article\",\"@id\":\"https:\\\/\\\/dana.com.br\\\/canaldana\\\/2021\\\/08\\\/24\\\/jac-lanca-vuc-eletrico-iev350t-com-pbt-de-37-t-e-preco-competitivo\\\/#article\",\"isPartOf\":{\"@id\":\"https:\\\/\\\/dana.com.br\\\/canaldana\\\/2021\\\/08\\\/24\\\/jac-lanca-vuc-eletrico-iev350t-com-pbt-de-37-t-e-preco-competitivo\\\/\"},\"author\":{\"name\":\"Canal Dana\",\"@id\":\"https:\\\/\\\/dana.com.br\\\/canaldana\\\/#\\\/schema\\\/person\\\/3c21f22f56fcf3bc46b94bc60ea4fef6\"},\"headline\":\"JAC lan\u00e7a VUC el\u00e9trico iEV350T com PBT de 3,7 t e pre\u00e7o competitivo\",\"datePublished\":\"2021-08-24T11:10:18+00:00\",\"mainEntityOfPage\":{\"@id\":\"https:\\\/\\\/dana.com.br\\\/canaldana\\\/2021\\\/08\\\/24\\\/jac-lanca-vuc-eletrico-iev350t-com-pbt-de-37-t-e-preco-competitivo\\\/\"},\"wordCount\":513,\"articleSection\":[\"El\u00e9tricos\"],\"inLanguage\":\"pt-BR\"},{\"@type\":\"WebPage\",\"@id\":\"https:\\\/\\\/dana.com.br\\\/canaldana\\\/2021\\\/08\\\/24\\\/jac-lanca-vuc-eletrico-iev350t-com-pbt-de-37-t-e-preco-competitivo\\\/\",\"url\":\"https:\\\/\\\/dana.com.br\\\/canaldana\\\/2021\\\/08\\\/24\\\/jac-lanca-vuc-eletrico-iev350t-com-pbt-de-37-t-e-preco-competitivo\\\/\",\"name\":\"JAC lan\u00e7a VUC el\u00e9trico iEV350T com PBT de 3,7 t e pre\u00e7o competitivo - Canal Dana\",\"isPartOf\":{\"@id\":\"https:\\\/\\\/dana.com.br\\\/canaldana\\\/#website\"},\"datePublished\":\"2021-08-24T11:10:18+00:00\",\"author\":{\"@id\":\"https:\\\/\\\/dana.com.br\\\/canaldana\\\/#\\\/schema\\\/person\\\/3c21f22f56fcf3bc46b94bc60ea4fef6\"},\"breadcrumb\":{\"@id\":\"https:\\\/\\\/dana.com.br\\\/canaldana\\\/2021\\\/08\\\/24\\\/jac-lanca-vuc-eletrico-iev350t-com-pbt-de-37-t-e-preco-competitivo\\\/#breadcrumb\"},\"inLanguage\":\"pt-BR\",\"potentialAction\":[{\"@type\":\"ReadAction\",\"target\":[\"https:\\\/\\\/dana.com.br\\\/canaldana\\\/2021\\\/08\\\/24\\\/jac-lanca-vuc-eletrico-iev350t-com-pbt-de-37-t-e-preco-competitivo\\\/\"]}]},{\"@type\":\"BreadcrumbList\",\"@id\":\"https:\\\/\\\/dana.com.br\\\/canaldana\\\/2021\\\/08\\\/24\\\/jac-lanca-vuc-eletrico-iev350t-com-pbt-de-37-t-e-preco-competitivo\\\/#breadcrumb\",\"itemListElement\":[{\"@type\":\"ListItem\",\"position\":1,\"name\":\"Home\",\"item\":\"https:\\\/\\\/dana.com.br\\\/canaldana\\\/\"},{\"@type\":\"ListItem\",\"position\":2,\"name\":\"El\u00e9tricos\",\"item\":\"https:\\\/\\\/dana.com.br\\\/canaldana\\\/eletricos\\\/\"},{\"@type\":\"ListItem\",\"position\":3,\"name\":\"JAC lan\u00e7a VUC el\u00e9trico iEV350T com PBT de 3,7 t e pre\u00e7o competitivo\"}]},{\"@type\":\"WebSite\",\"@id\":\"https:\\\/\\\/dana.com.br\\\/canaldana\\\/#website\",\"url\":\"https:\\\/\\\/dana.com.br\\\/canaldana\\\/\",\"name\":\"Canal Dana\",\"description\":\"Informativo com as principais not\u00edcias da ind\u00fastria automotiva\",\"potentialAction\":[{\"@type\":\"SearchAction\",\"target\":{\"@type\":\"EntryPoint\",\"urlTemplate\":\"https:\\\/\\\/dana.com.br\\\/canaldana\\\/?s={search_term_string}\"},\"query-input\":{\"@type\":\"PropertyValueSpecification\",\"valueRequired\":true,\"valueName\":\"search_term_string\"}}],\"inLanguage\":\"pt-BR\"},{\"@type\":\"Person\",\"@id\":\"https:\\\/\\\/dana.com.br\\\/canaldana\\\/#\\\/schema\\\/person\\\/3c21f22f56fcf3bc46b94bc60ea4fef6\",\"name\":\"Canal Dana\",\"image\":{\"@type\":\"ImageObject\",\"inLanguage\":\"pt-BR\",\"@id\":\"https:\\\/\\\/secure.gravatar.com\\\/avatar\\\/420aaf9278582877d9018637c6817617705899d2858d7572ef0fe59a6b6454b4?s=96&d=mm&r=g\",\"url\":\"https:\\\/\\\/secure.gravatar.com\\\/avatar\\\/420aaf9278582877d9018637c6817617705899d2858d7572ef0fe59a6b6454b4?s=96&d=mm&r=g\",\"contentUrl\":\"https:\\\/\\\/secure.gravatar.com\\\/avatar\\\/420aaf9278582877d9018637c6817617705899d2858d7572ef0fe59a6b6454b4?s=96&d=mm&r=g\",\"caption\":\"Canal Dana\"},\"url\":\"https:\\\/\\\/dana.com.br\\\/canaldana\\\/author\\\/cdeditor\\\/\"}]}<\/script>\n<!-- \/ Yoast SEO plugin. -->","yoast_head_json":{"title":"JAC lan\u00e7a VUC el\u00e9trico iEV350T com PBT de 3,7 t e pre\u00e7o competitivo - Canal Dana","robots":{"index":"index","follow":"follow","max-snippet":"max-snippet:-1","max-image-preview":"max-image-preview:large","max-video-preview":"max-video-preview:-1"},"canonical":"https:\/\/dana.com.br\/canaldana\/2021\/08\/24\/jac-lanca-vuc-eletrico-iev350t-com-pbt-de-37-t-e-preco-competitivo\/","og_locale":"pt_BR","og_type":"article","og_title":"JAC lan\u00e7a VUC el\u00e9trico iEV350T com PBT de 3,7 t e pre\u00e7o competitivo - Canal Dana","og_description":"Estrad\u00e3o &nbsp; A JAC Motors est\u00e1 lan\u00e7ando no Brasil o VUC iEV350T. Assim como o iEV1200T, que, tem 8,5 t de peso bruto total (PBT), 7,5 t de carga \u00fatil e, segundo a marca, soma mais de 100 unidades vendidas, a novidade \u00e9 100% el\u00e9trica. Por\u00e9m, seu PBT \u00e9 de 3,7 t e a carga\u2026 Leia mais \u00bb","og_url":"https:\/\/dana.com.br\/canaldana\/2021\/08\/24\/jac-lanca-vuc-eletrico-iev350t-com-pbt-de-37-t-e-preco-competitivo\/","og_site_name":"Canal Dana","article_published_time":"2021-08-24T11:10:18+00:00","author":"Canal Dana","twitter_card":"summary_large_image","twitter_misc":{"Escrito por":"Canal Dana","Est. tempo de leitura":"2 minutos"},"schema":{"@context":"https:\/\/schema.org","@graph":[{"@type":"Article","@id":"https:\/\/dana.com.br\/canaldana\/2021\/08\/24\/jac-lanca-vuc-eletrico-iev350t-com-pbt-de-37-t-e-preco-competitivo\/#article","isPartOf":{"@id":"https:\/\/dana.com.br\/canaldana\/2021\/08\/24\/jac-lanca-vuc-eletrico-iev350t-com-pbt-de-37-t-e-preco-competitivo\/"},"author":{"name":"Canal Dana","@id":"https:\/\/dana.com.br\/canaldana\/#\/schema\/person\/3c21f22f56fcf3bc46b94bc60ea4fef6"},"headline":"JAC lan\u00e7a VUC el\u00e9trico iEV350T com PBT de 3,7 t e pre\u00e7o competitivo","datePublished":"2021-08-24T11:10:18+00:00","mainEntityOfPage":{"@id":"https:\/\/dana.com.br\/canaldana\/2021\/08\/24\/jac-lanca-vuc-eletrico-iev350t-com-pbt-de-37-t-e-preco-competitivo\/"},"wordCount":513,"articleSection":["El\u00e9tricos"],"inLanguage":"pt-BR"},{"@type":"WebPage","@id":"https:\/\/dana.com.br\/canaldana\/2021\/08\/24\/jac-lanca-vuc-eletrico-iev350t-com-pbt-de-37-t-e-preco-competitivo\/","url":"https:\/\/dana.com.br\/canaldana\/2021\/08\/24\/jac-lanca-vuc-eletrico-iev350t-com-pbt-de-37-t-e-preco-competitivo\/","name":"JAC lan\u00e7a VUC el\u00e9trico iEV350T com PBT de 3,7 t e pre\u00e7o competitivo - Canal Dana","isPartOf":{"@id":"https:\/\/dana.com.br\/canaldana\/#website"},"datePublished":"2021-08-24T11:10:18+00:00","author":{"@id":"https:\/\/dana.com.br\/canaldana\/#\/schema\/person\/3c21f22f56fcf3bc46b94bc60ea4fef6"},"breadcrumb":{"@id":"https:\/\/dana.com.br\/canaldana\/2021\/08\/24\/jac-lanca-vuc-eletrico-iev350t-com-pbt-de-37-t-e-preco-competitivo\/#breadcrumb"},"inLanguage":"pt-BR","potentialAction":[{"@type":"ReadAction","target":["https:\/\/dana.com.br\/canaldana\/2021\/08\/24\/jac-lanca-vuc-eletrico-iev350t-com-pbt-de-37-t-e-preco-competitivo\/"]}]},{"@type":"BreadcrumbList","@id":"https:\/\/dana.com.br\/canaldana\/2021\/08\/24\/jac-lanca-vuc-eletrico-iev350t-com-pbt-de-37-t-e-preco-competitivo\/#breadcrumb","itemListElement":[{"@type":"ListItem","position":1,"name":"Home","item":"https:\/\/dana.com.br\/canaldana\/"},{"@type":"ListItem","position":2,"name":"El\u00e9tricos","item":"https:\/\/dana.com.br\/canaldana\/eletricos\/"},{"@type":"ListItem","position":3,"name":"JAC lan\u00e7a VUC el\u00e9trico iEV350T com PBT de 3,7 t e pre\u00e7o competitivo"}]},{"@type":"WebSite","@id":"https:\/\/dana.com.br\/canaldana\/#website","url":"https:\/\/dana.com.br\/canaldana\/","name":"Canal Dana","description":"Informativo com as principais not\u00edcias da ind\u00fastria automotiva","potentialAction":[{"@type":"SearchAction","target":{"@type":"EntryPoint","urlTemplate":"https:\/\/dana.com.br\/canaldana\/?s={search_term_string}"},"query-input":{"@type":"PropertyValueSpecification","valueRequired":true,"valueName":"search_term_string"}}],"inLanguage":"pt-BR"},{"@type":"Person","@id":"https:\/\/dana.com.br\/canaldana\/#\/schema\/person\/3c21f22f56fcf3bc46b94bc60ea4fef6","name":"Canal Dana","image":{"@type":"ImageObject","inLanguage":"pt-BR","@id":"https:\/\/secure.gravatar.com\/avatar\/420aaf9278582877d9018637c6817617705899d2858d7572ef0fe59a6b6454b4?s=96&d=mm&r=g","url":"https:\/\/secure.gravatar.com\/avatar\/420aaf9278582877d9018637c6817617705899d2858d7572ef0fe59a6b6454b4?s=96&d=mm&r=g","contentUrl":"https:\/\/secure.gravatar.com\/avatar\/420aaf9278582877d9018637c6817617705899d2858d7572ef0fe59a6b6454b4?s=96&d=mm&r=g","caption":"Canal Dana"},"url":"https:\/\/dana.com.br\/canaldana\/author\/cdeditor\/"}]}},"_links":{"self":[{"href":"https:\/\/dana.com.br\/canaldana\/wp-json\/wp\/v2\/posts\/52446","targetHints":{"allow":["GET"]}}],"collection":[{"href":"https:\/\/dana.com.br\/canaldana\/wp-json\/wp\/v2\/posts"}],"about":[{"href":"https:\/\/dana.com.br\/canaldana\/wp-json\/wp\/v2\/types\/post"}],"author":[{"embeddable":true,"href":"https:\/\/dana.com.br\/canaldana\/wp-json\/wp\/v2\/users\/3"}],"replies":[{"embeddable":true,"href":"https:\/\/dana.com.br\/canaldana\/wp-json\/wp\/v2\/comments?post=52446"}],"version-history":[{"count":0,"href":"https:\/\/dana.com.br\/canaldana\/wp-json\/wp\/v2\/posts\/52446\/revisions"}],"wp:attachment":[{"href":"https:\/\/dana.com.br\/canaldana\/wp-json\/wp\/v2\/media?parent=52446"}],"wp:term":[{"taxonomy":"category","embeddable":true,"href":"https:\/\/dana.com.br\/canaldana\/wp-json\/wp\/v2\/categories?post=52446"},{"taxonomy":"post_tag","embeddable":true,"href":"https:\/\/dana.com.br\/canaldana\/wp-json\/wp\/v2\/tags?post=52446"}],"curies":[{"name":"wp","href":"https:\/\/api.w.org\/{rel}","templated":true}]}}