{"id":52439,"date":"2021-08-23T09:15:51","date_gmt":"2021-08-23T12:15:51","guid":{"rendered":"https:\/\/dana.com.br\/canaldana\/?p=52439"},"modified":"2021-08-23T09:15:51","modified_gmt":"2021-08-23T12:15:51","slug":"anef-revisa-para-cima-projecao-de-crescimento-em-2021","status":"publish","type":"post","link":"https:\/\/dana.com.br\/canaldana\/2021\/08\/23\/anef-revisa-para-cima-projecao-de-crescimento-em-2021\/","title":{"rendered":"Anef revisa para cima proje\u00e7\u00e3o de crescimento em 2021"},"content":{"rendered":"<p><em>AutoInd\u00fastria<\/em><\/p>\n<p>&nbsp;<\/p>\n<p>A partir do desempenho obtido no primeiro semestre, a Anef, Associa\u00e7\u00e3o Nacional das Empresas Financeiras das Montadoras, revisou para cima a proje\u00e7\u00e3o de crescimento para 2021. Conforme balan\u00e7o divulgado nesta sexta-feira, 20, foram liberados R$ 92,6 bilh\u00f5es para a compra de ve\u00edculos no acumulado at\u00e9 junho, o que representou crescimento de 45,2% frente aos R$ 63,8 bilh\u00f5es do mesmo per\u00edodo de 2020.<\/p>\n<p>&nbsp;<\/p>\n<p>A modalidade de cr\u00e9dito CDC \u00e9 a principal respons\u00e1vel pela expans\u00e3o, registrando R$ 92,2 bilh\u00f5es no semestre. Diante do atual panorama, a entidade estima agora que o setor fechar\u00e1 o ano com a libera\u00e7\u00e3o de R$ 180,1 bilh\u00f5es, uma alta de 14,9% em rela\u00e7\u00e3o ao ano passado, ante estimativa anterior de evolu\u00e7\u00e3o de 12,5%.<\/p>\n<p>&nbsp;<\/p>\n<p>A Anef tamb\u00e9m divulgou n\u00famero relativos ao saldo total das carteiras de ve\u00edculos, que teve alta de 16,8% nos primeiros seis meses do ano e chegou a R$ 306 bilh\u00f5es em junho. O presidente da Anef, Paulo Noman, diz que as proje\u00e7\u00f5es positivas para 2021 se confirmaram a partir do balan\u00e7o parcial do ano, instaurando um novo momento para o setor.<\/p>\n<p>&nbsp;<\/p>\n<p>\u201cOs resultados mostram que o total de recursos liberados voltou a atingir n\u00edveis pr\u00e9-pandemia e o saldo das carteiras mant\u00e9m ritmo de alta. No entanto, h\u00e1 muitas vari\u00e1veis agindo sobre a cadeia produtiva do setor, bem como a conjuntura nacional. Os bancos de montadora t\u00eam atuado de forma estrat\u00e9gica, criando solu\u00e7\u00f5es adequadas para cada momento, auxiliando no escoamento da produ\u00e7\u00e3o\u201d, destaca o executivo.<\/p>\n<p>&nbsp;<\/p>\n<p>Enquanto o CDC crescer, o leasing, que acumula perdas significativas em representatividade nos \u00faltimos anos, registrou recuo de 21,6% no semestre, com apenas R$ 2,6 bilh\u00f5es no saldo das carteiras. O pagamento via Finame na categoria de caminh\u00f5es e \u00f4nibus encolheu 12 pontos percentuais no primeiro semestre, chegando aos 20%, mesmo patamar observado no fechamento de 2019. A modalidade encerrou 2020 representando 32% de todos os pagamentos.<\/p>\n<p>&nbsp;<\/p>\n<p>As demais modalidades mantiveram os n\u00edveis observados nos \u00faltimos cinco anos. A m\u00e9dia dos financiamentos para ve\u00edculos e comerciais leves tem permanecido na casa dos 50% e, no caso das motocicletas, em torno de 40%.<\/p>\n<p>&nbsp;<\/p>\n<p>Com rela\u00e7\u00e3o \u00e0s taxas de juros, o movimento de alta se acentuou em mar\u00e7o, quando a Selic sofreu sua primeira eleva\u00e7\u00e3o em sete meses, saindo da m\u00ednima hist\u00f3rica de 2% ao ano em um movimento que deve se estender no curto prazo. \u201cNo cen\u00e1rio de alta da taxa b\u00e1sica de juros, os bancos de montadora assumem posi\u00e7\u00e3o de destaque. Pela natureza do neg\u00f3cio, nesse momento, nossos associados s\u00e3o capazes de trabalhar de forma muito competitiva, oferecendo aos clientes as melhores taxas do mercado\u201d, completa Noman.<\/p>\n<p>&nbsp;<\/p>\n<p>Com planos m\u00e1ximos estendidos para 72 meses, o prazo m\u00e9dio das concess\u00f5es de cr\u00e9dito, ou seja, o per\u00edodo desde a contrata\u00e7\u00e3o at\u00e9 o vencimento da \u00faltima presta\u00e7\u00e3o, confirma previs\u00e3o, tendo subido mais de dois pontos com m\u00e9dia de 46,5 meses registrada em junho deste ano. (AutoInd\u00fastria)<\/p>\n","protected":false},"excerpt":{"rendered":"<p>AutoInd\u00fastria &nbsp; A partir do desempenho obtido no primeiro semestre, a Anef, Associa\u00e7\u00e3o Nacional das Empresas Financeiras das Montadoras, revisou para cima a proje\u00e7\u00e3o de crescimento para 2021. Conforme balan\u00e7o divulgado nesta sexta-feira, 20, foram liberados R$ 92,6 bilh\u00f5es para a compra de ve\u00edculos no acumulado at\u00e9 junho, o que representou crescimento de 45,2% frente\u2026 <a class=\"readmore\" href=\"https:\/\/dana.com.br\/canaldana\/2021\/08\/23\/anef-revisa-para-cima-projecao-de-crescimento-em-2021\/\">Leia mais \u00bb<\/a><\/p>\n","protected":false},"author":3,"featured_media":0,"comment_status":"closed","ping_status":"closed","sticky":false,"template":"","format":"standard","meta":{"_acf_changed":false,"footnotes":""},"categories":[61],"tags":[],"class_list":["post-52439","post","type-post","status-publish","format-standard","hentry","category-destaques"],"acf":[],"yoast_head":"<!-- This site is optimized with the Yoast SEO plugin v27.3 - https:\/\/yoast.com\/product\/yoast-seo-wordpress\/ -->\n<title>Anef revisa para cima proje\u00e7\u00e3o de crescimento em 2021 - Canal Dana<\/title>\n<meta name=\"robots\" content=\"index, follow, max-snippet:-1, max-image-preview:large, max-video-preview:-1\" \/>\n<link rel=\"canonical\" href=\"https:\/\/dana.com.br\/canaldana\/2021\/08\/23\/anef-revisa-para-cima-projecao-de-crescimento-em-2021\/\" \/>\n<meta property=\"og:locale\" content=\"pt_BR\" \/>\n<meta property=\"og:type\" content=\"article\" \/>\n<meta property=\"og:title\" content=\"Anef revisa para cima proje\u00e7\u00e3o de crescimento em 2021 - Canal Dana\" \/>\n<meta property=\"og:description\" content=\"AutoInd\u00fastria &nbsp; A partir do desempenho obtido no primeiro semestre, a Anef, Associa\u00e7\u00e3o Nacional das Empresas Financeiras das Montadoras, revisou para cima a proje\u00e7\u00e3o de crescimento para 2021. Conforme balan\u00e7o divulgado nesta sexta-feira, 20, foram liberados R$ 92,6 bilh\u00f5es para a compra de ve\u00edculos no acumulado at\u00e9 junho, o que representou crescimento de 45,2% frente\u2026 Leia mais \u00bb\" \/>\n<meta property=\"og:url\" content=\"https:\/\/dana.com.br\/canaldana\/2021\/08\/23\/anef-revisa-para-cima-projecao-de-crescimento-em-2021\/\" \/>\n<meta property=\"og:site_name\" content=\"Canal Dana\" \/>\n<meta property=\"article:published_time\" content=\"2021-08-23T12:15:51+00:00\" \/>\n<meta name=\"author\" content=\"Canal Dana\" \/>\n<meta name=\"twitter:card\" content=\"summary_large_image\" \/>\n<meta name=\"twitter:label1\" content=\"Escrito por\" \/>\n\t<meta name=\"twitter:data1\" content=\"Canal Dana\" \/>\n\t<meta name=\"twitter:label2\" content=\"Est. tempo de leitura\" \/>\n\t<meta name=\"twitter:data2\" content=\"3 minutos\" \/>\n<script type=\"application\/ld+json\" class=\"yoast-schema-graph\">{\"@context\":\"https:\\\/\\\/schema.org\",\"@graph\":[{\"@type\":\"Article\",\"@id\":\"https:\\\/\\\/dana.com.br\\\/canaldana\\\/2021\\\/08\\\/23\\\/anef-revisa-para-cima-projecao-de-crescimento-em-2021\\\/#article\",\"isPartOf\":{\"@id\":\"https:\\\/\\\/dana.com.br\\\/canaldana\\\/2021\\\/08\\\/23\\\/anef-revisa-para-cima-projecao-de-crescimento-em-2021\\\/\"},\"author\":{\"name\":\"Canal Dana\",\"@id\":\"https:\\\/\\\/dana.com.br\\\/canaldana\\\/#\\\/schema\\\/person\\\/3c21f22f56fcf3bc46b94bc60ea4fef6\"},\"headline\":\"Anef revisa para cima proje\u00e7\u00e3o de crescimento em 2021\",\"datePublished\":\"2021-08-23T12:15:51+00:00\",\"mainEntityOfPage\":{\"@id\":\"https:\\\/\\\/dana.com.br\\\/canaldana\\\/2021\\\/08\\\/23\\\/anef-revisa-para-cima-projecao-de-crescimento-em-2021\\\/\"},\"wordCount\":520,\"articleSection\":[\"Destaques\"],\"inLanguage\":\"pt-BR\"},{\"@type\":\"WebPage\",\"@id\":\"https:\\\/\\\/dana.com.br\\\/canaldana\\\/2021\\\/08\\\/23\\\/anef-revisa-para-cima-projecao-de-crescimento-em-2021\\\/\",\"url\":\"https:\\\/\\\/dana.com.br\\\/canaldana\\\/2021\\\/08\\\/23\\\/anef-revisa-para-cima-projecao-de-crescimento-em-2021\\\/\",\"name\":\"Anef revisa para cima proje\u00e7\u00e3o de crescimento em 2021 - Canal Dana\",\"isPartOf\":{\"@id\":\"https:\\\/\\\/dana.com.br\\\/canaldana\\\/#website\"},\"datePublished\":\"2021-08-23T12:15:51+00:00\",\"author\":{\"@id\":\"https:\\\/\\\/dana.com.br\\\/canaldana\\\/#\\\/schema\\\/person\\\/3c21f22f56fcf3bc46b94bc60ea4fef6\"},\"breadcrumb\":{\"@id\":\"https:\\\/\\\/dana.com.br\\\/canaldana\\\/2021\\\/08\\\/23\\\/anef-revisa-para-cima-projecao-de-crescimento-em-2021\\\/#breadcrumb\"},\"inLanguage\":\"pt-BR\",\"potentialAction\":[{\"@type\":\"ReadAction\",\"target\":[\"https:\\\/\\\/dana.com.br\\\/canaldana\\\/2021\\\/08\\\/23\\\/anef-revisa-para-cima-projecao-de-crescimento-em-2021\\\/\"]}]},{\"@type\":\"BreadcrumbList\",\"@id\":\"https:\\\/\\\/dana.com.br\\\/canaldana\\\/2021\\\/08\\\/23\\\/anef-revisa-para-cima-projecao-de-crescimento-em-2021\\\/#breadcrumb\",\"itemListElement\":[{\"@type\":\"ListItem\",\"position\":1,\"name\":\"Home\",\"item\":\"https:\\\/\\\/dana.com.br\\\/canaldana\\\/\"},{\"@type\":\"ListItem\",\"position\":2,\"name\":\"Destaques\",\"item\":\"https:\\\/\\\/dana.com.br\\\/canaldana\\\/destaques\\\/\"},{\"@type\":\"ListItem\",\"position\":3,\"name\":\"Anef revisa para cima proje\u00e7\u00e3o de crescimento em 2021\"}]},{\"@type\":\"WebSite\",\"@id\":\"https:\\\/\\\/dana.com.br\\\/canaldana\\\/#website\",\"url\":\"https:\\\/\\\/dana.com.br\\\/canaldana\\\/\",\"name\":\"Canal Dana\",\"description\":\"Informativo com as principais not\u00edcias da ind\u00fastria automotiva\",\"potentialAction\":[{\"@type\":\"SearchAction\",\"target\":{\"@type\":\"EntryPoint\",\"urlTemplate\":\"https:\\\/\\\/dana.com.br\\\/canaldana\\\/?s={search_term_string}\"},\"query-input\":{\"@type\":\"PropertyValueSpecification\",\"valueRequired\":true,\"valueName\":\"search_term_string\"}}],\"inLanguage\":\"pt-BR\"},{\"@type\":\"Person\",\"@id\":\"https:\\\/\\\/dana.com.br\\\/canaldana\\\/#\\\/schema\\\/person\\\/3c21f22f56fcf3bc46b94bc60ea4fef6\",\"name\":\"Canal Dana\",\"image\":{\"@type\":\"ImageObject\",\"inLanguage\":\"pt-BR\",\"@id\":\"https:\\\/\\\/secure.gravatar.com\\\/avatar\\\/420aaf9278582877d9018637c6817617705899d2858d7572ef0fe59a6b6454b4?s=96&d=mm&r=g\",\"url\":\"https:\\\/\\\/secure.gravatar.com\\\/avatar\\\/420aaf9278582877d9018637c6817617705899d2858d7572ef0fe59a6b6454b4?s=96&d=mm&r=g\",\"contentUrl\":\"https:\\\/\\\/secure.gravatar.com\\\/avatar\\\/420aaf9278582877d9018637c6817617705899d2858d7572ef0fe59a6b6454b4?s=96&d=mm&r=g\",\"caption\":\"Canal Dana\"},\"url\":\"https:\\\/\\\/dana.com.br\\\/canaldana\\\/author\\\/cdeditor\\\/\"}]}<\/script>\n<!-- \/ Yoast SEO plugin. -->","yoast_head_json":{"title":"Anef revisa para cima proje\u00e7\u00e3o de crescimento em 2021 - Canal Dana","robots":{"index":"index","follow":"follow","max-snippet":"max-snippet:-1","max-image-preview":"max-image-preview:large","max-video-preview":"max-video-preview:-1"},"canonical":"https:\/\/dana.com.br\/canaldana\/2021\/08\/23\/anef-revisa-para-cima-projecao-de-crescimento-em-2021\/","og_locale":"pt_BR","og_type":"article","og_title":"Anef revisa para cima proje\u00e7\u00e3o de crescimento em 2021 - Canal Dana","og_description":"AutoInd\u00fastria &nbsp; A partir do desempenho obtido no primeiro semestre, a Anef, Associa\u00e7\u00e3o Nacional das Empresas Financeiras das Montadoras, revisou para cima a proje\u00e7\u00e3o de crescimento para 2021. Conforme balan\u00e7o divulgado nesta sexta-feira, 20, foram liberados R$ 92,6 bilh\u00f5es para a compra de ve\u00edculos no acumulado at\u00e9 junho, o que representou crescimento de 45,2% frente\u2026 Leia mais \u00bb","og_url":"https:\/\/dana.com.br\/canaldana\/2021\/08\/23\/anef-revisa-para-cima-projecao-de-crescimento-em-2021\/","og_site_name":"Canal Dana","article_published_time":"2021-08-23T12:15:51+00:00","author":"Canal Dana","twitter_card":"summary_large_image","twitter_misc":{"Escrito por":"Canal Dana","Est. tempo de leitura":"3 minutos"},"schema":{"@context":"https:\/\/schema.org","@graph":[{"@type":"Article","@id":"https:\/\/dana.com.br\/canaldana\/2021\/08\/23\/anef-revisa-para-cima-projecao-de-crescimento-em-2021\/#article","isPartOf":{"@id":"https:\/\/dana.com.br\/canaldana\/2021\/08\/23\/anef-revisa-para-cima-projecao-de-crescimento-em-2021\/"},"author":{"name":"Canal Dana","@id":"https:\/\/dana.com.br\/canaldana\/#\/schema\/person\/3c21f22f56fcf3bc46b94bc60ea4fef6"},"headline":"Anef revisa para cima proje\u00e7\u00e3o de crescimento em 2021","datePublished":"2021-08-23T12:15:51+00:00","mainEntityOfPage":{"@id":"https:\/\/dana.com.br\/canaldana\/2021\/08\/23\/anef-revisa-para-cima-projecao-de-crescimento-em-2021\/"},"wordCount":520,"articleSection":["Destaques"],"inLanguage":"pt-BR"},{"@type":"WebPage","@id":"https:\/\/dana.com.br\/canaldana\/2021\/08\/23\/anef-revisa-para-cima-projecao-de-crescimento-em-2021\/","url":"https:\/\/dana.com.br\/canaldana\/2021\/08\/23\/anef-revisa-para-cima-projecao-de-crescimento-em-2021\/","name":"Anef revisa para cima proje\u00e7\u00e3o de crescimento em 2021 - Canal Dana","isPartOf":{"@id":"https:\/\/dana.com.br\/canaldana\/#website"},"datePublished":"2021-08-23T12:15:51+00:00","author":{"@id":"https:\/\/dana.com.br\/canaldana\/#\/schema\/person\/3c21f22f56fcf3bc46b94bc60ea4fef6"},"breadcrumb":{"@id":"https:\/\/dana.com.br\/canaldana\/2021\/08\/23\/anef-revisa-para-cima-projecao-de-crescimento-em-2021\/#breadcrumb"},"inLanguage":"pt-BR","potentialAction":[{"@type":"ReadAction","target":["https:\/\/dana.com.br\/canaldana\/2021\/08\/23\/anef-revisa-para-cima-projecao-de-crescimento-em-2021\/"]}]},{"@type":"BreadcrumbList","@id":"https:\/\/dana.com.br\/canaldana\/2021\/08\/23\/anef-revisa-para-cima-projecao-de-crescimento-em-2021\/#breadcrumb","itemListElement":[{"@type":"ListItem","position":1,"name":"Home","item":"https:\/\/dana.com.br\/canaldana\/"},{"@type":"ListItem","position":2,"name":"Destaques","item":"https:\/\/dana.com.br\/canaldana\/destaques\/"},{"@type":"ListItem","position":3,"name":"Anef revisa para cima proje\u00e7\u00e3o de crescimento em 2021"}]},{"@type":"WebSite","@id":"https:\/\/dana.com.br\/canaldana\/#website","url":"https:\/\/dana.com.br\/canaldana\/","name":"Canal Dana","description":"Informativo com as principais not\u00edcias da ind\u00fastria automotiva","potentialAction":[{"@type":"SearchAction","target":{"@type":"EntryPoint","urlTemplate":"https:\/\/dana.com.br\/canaldana\/?s={search_term_string}"},"query-input":{"@type":"PropertyValueSpecification","valueRequired":true,"valueName":"search_term_string"}}],"inLanguage":"pt-BR"},{"@type":"Person","@id":"https:\/\/dana.com.br\/canaldana\/#\/schema\/person\/3c21f22f56fcf3bc46b94bc60ea4fef6","name":"Canal Dana","image":{"@type":"ImageObject","inLanguage":"pt-BR","@id":"https:\/\/secure.gravatar.com\/avatar\/420aaf9278582877d9018637c6817617705899d2858d7572ef0fe59a6b6454b4?s=96&d=mm&r=g","url":"https:\/\/secure.gravatar.com\/avatar\/420aaf9278582877d9018637c6817617705899d2858d7572ef0fe59a6b6454b4?s=96&d=mm&r=g","contentUrl":"https:\/\/secure.gravatar.com\/avatar\/420aaf9278582877d9018637c6817617705899d2858d7572ef0fe59a6b6454b4?s=96&d=mm&r=g","caption":"Canal Dana"},"url":"https:\/\/dana.com.br\/canaldana\/author\/cdeditor\/"}]}},"_links":{"self":[{"href":"https:\/\/dana.com.br\/canaldana\/wp-json\/wp\/v2\/posts\/52439","targetHints":{"allow":["GET"]}}],"collection":[{"href":"https:\/\/dana.com.br\/canaldana\/wp-json\/wp\/v2\/posts"}],"about":[{"href":"https:\/\/dana.com.br\/canaldana\/wp-json\/wp\/v2\/types\/post"}],"author":[{"embeddable":true,"href":"https:\/\/dana.com.br\/canaldana\/wp-json\/wp\/v2\/users\/3"}],"replies":[{"embeddable":true,"href":"https:\/\/dana.com.br\/canaldana\/wp-json\/wp\/v2\/comments?post=52439"}],"version-history":[{"count":0,"href":"https:\/\/dana.com.br\/canaldana\/wp-json\/wp\/v2\/posts\/52439\/revisions"}],"wp:attachment":[{"href":"https:\/\/dana.com.br\/canaldana\/wp-json\/wp\/v2\/media?parent=52439"}],"wp:term":[{"taxonomy":"category","embeddable":true,"href":"https:\/\/dana.com.br\/canaldana\/wp-json\/wp\/v2\/categories?post=52439"},{"taxonomy":"post_tag","embeddable":true,"href":"https:\/\/dana.com.br\/canaldana\/wp-json\/wp\/v2\/tags?post=52439"}],"curies":[{"name":"wp","href":"https:\/\/api.w.org\/{rel}","templated":true}]}}