{"id":52410,"date":"2021-08-20T08:30:37","date_gmt":"2021-08-20T11:30:37","guid":{"rendered":"https:\/\/dana.com.br\/canaldana\/?p=52410"},"modified":"2021-08-20T08:30:37","modified_gmt":"2021-08-20T11:30:37","slug":"hyundai-comeca-a-produzir-novo-creta","status":"publish","type":"post","link":"https:\/\/dana.com.br\/canaldana\/2021\/08\/20\/hyundai-comeca-a-produzir-novo-creta\/","title":{"rendered":"Hyundai come\u00e7a a produzir novo Creta"},"content":{"rendered":"<p><em>AutoInd\u00fastria<\/em><\/p>\n<p>&nbsp;<\/p>\n<p>A apresenta\u00e7\u00e3o da nova gera\u00e7\u00e3o do Creta ser\u00e1 no pr\u00f3ximo dia 25.\u00a0 Entretanto, somente, nesta semana a Hyundai deu partida \u00e0 produ\u00e7\u00e3o do SUV em Piracicaba, SP. A solenidade mereceu at\u00e9 foto com Ken Ramirez, presidente da montadora na Am\u00e9rica do Sul desde o come\u00e7o do ano e que ainda n\u00e3o tinha participado de qualquer evento p\u00fablico da montadora.<\/p>\n<p>&nbsp;<\/p>\n<p>Parece estranho t\u00e3o pouco tempo de intervalos, mas lan\u00e7ar \u00e9 uma coisa, chegar \u00e0s m\u00e3os dos consumidores \u00e9 outra bem diferente. Em nota, a pr\u00f3pria Hyundai esclarece que o Creta 2022 come\u00e7ar\u00e1 a ser vendido mesmo \u201cmais para o fim deste ano\u201d, sem dar maior precis\u00e3o de datas. As primeiras unidades da linha 2022 ser\u00e3o destinadas aos eventos de lan\u00e7amento e showrooms de concession\u00e1rias para exposi\u00e7\u00e3o.<\/p>\n<p>&nbsp;<\/p>\n<p>O Creta Nova Gera\u00e7\u00e3o, como a Hyundai prefere chamar a atualiza\u00e7\u00e3o de meia vida do SUV compacto, \u00e9 esteticamente muito diferente da primeira vers\u00e3o lan\u00e7ada em 2017 e que assegurou lugar de destaque no segmento, quase sempre brigando entre os tr\u00eas primeiros colocados em vendas.<\/p>\n<p>&nbsp;<\/p>\n<p>As altera\u00e7\u00f5es na carroceria, contudo, est\u00e3o concentradas na dianteira e principalmente na traseira, que ganhou uma tampa do porta-malas pronunciada e lanternas totalmente novas. Na frente, grade e conjunto de far\u00f3is t\u00eam linhas pouco ortodoxas e que chamar\u00e3o a aten\u00e7\u00e3o dos admiradores e cr\u00edticos.<\/p>\n<p>&nbsp;<\/p>\n<p>O novo Creta ter\u00e1 motor 1.0 turbo flex, al\u00e9m do conhecido 2 litros aspirado. No interior, que ganhou algumas linhas novas, destaques para a central multim\u00eddia de 10,25 polegadas, navega\u00e7\u00e3o embarcada, freio de estacionamento eletr\u00f4nico, painel digital colorido de 7 polegadas, borboletas para troca de marcha no volante e c\u00e2mera de monitoramento de ponto cego.<\/p>\n<p>&nbsp;<\/p>\n<p>Tamb\u00e9m a depender das vers\u00f5es, a Hyundai oferecer\u00e1 o pacote de seguran\u00e7a SmartSense, que re\u00fane sistema de frenagem aut\u00f4nomo, assistente de perman\u00eancia em faixa e controle de velocidade adaptativo.<\/p>\n<p>&nbsp;<\/p>\n<p>Desde que come\u00e7ou a ser fabricado no interior de S\u00e3o Paulo, o Creta j\u00e1 acumula mais de 233 mil unidades vendidas no mercado interno. Em 2018, atingiu seu recorde anual, com 57,5 mil licenciamentos, foi o SUV compacto mais vendido do Brasil e terminou em segundo no ranking geral de utilit\u00e1rios esportivos, perdendo ent\u00e3o somente para o Jeep Compass.<\/p>\n<p>&nbsp;<\/p>\n<p>No acumulado dos primeiros sete meses de 2021, a Hyundai j\u00e1 vendeu 37,8 mil unidades do Creta. E mesmo com sua reestiliza\u00e7\u00e3o pr\u00f3xima, foi o terceiro SUV mais vendido, respondendo por mais de 10% do segmento no per\u00edodo. (AutoInd\u00fastria)<\/p>\n","protected":false},"excerpt":{"rendered":"<p>AutoInd\u00fastria &nbsp; A apresenta\u00e7\u00e3o da nova gera\u00e7\u00e3o do Creta ser\u00e1 no pr\u00f3ximo dia 25.\u00a0 Entretanto, somente, nesta semana a Hyundai deu partida \u00e0 produ\u00e7\u00e3o do SUV em Piracicaba, SP. A solenidade mereceu at\u00e9 foto com Ken Ramirez, presidente da montadora na Am\u00e9rica do Sul desde o come\u00e7o do ano e que ainda n\u00e3o tinha participado\u2026 <a class=\"readmore\" href=\"https:\/\/dana.com.br\/canaldana\/2021\/08\/20\/hyundai-comeca-a-produzir-novo-creta\/\">Leia mais \u00bb<\/a><\/p>\n","protected":false},"author":3,"featured_media":0,"comment_status":"closed","ping_status":"closed","sticky":false,"template":"","format":"standard","meta":{"_acf_changed":false,"footnotes":""},"categories":[61],"tags":[],"class_list":["post-52410","post","type-post","status-publish","format-standard","hentry","category-destaques"],"acf":[],"yoast_head":"<!-- This site is optimized with the Yoast SEO plugin v27.3 - https:\/\/yoast.com\/product\/yoast-seo-wordpress\/ -->\n<title>Hyundai come\u00e7a a produzir novo Creta - Canal Dana<\/title>\n<meta name=\"robots\" content=\"index, follow, max-snippet:-1, max-image-preview:large, max-video-preview:-1\" \/>\n<link rel=\"canonical\" href=\"https:\/\/dana.com.br\/canaldana\/2021\/08\/20\/hyundai-comeca-a-produzir-novo-creta\/\" \/>\n<meta property=\"og:locale\" content=\"pt_BR\" \/>\n<meta property=\"og:type\" content=\"article\" \/>\n<meta property=\"og:title\" content=\"Hyundai come\u00e7a a produzir novo Creta - Canal Dana\" \/>\n<meta property=\"og:description\" content=\"AutoInd\u00fastria &nbsp; A apresenta\u00e7\u00e3o da nova gera\u00e7\u00e3o do Creta ser\u00e1 no pr\u00f3ximo dia 25.\u00a0 Entretanto, somente, nesta semana a Hyundai deu partida \u00e0 produ\u00e7\u00e3o do SUV em Piracicaba, SP. A solenidade mereceu at\u00e9 foto com Ken Ramirez, presidente da montadora na Am\u00e9rica do Sul desde o come\u00e7o do ano e que ainda n\u00e3o tinha participado\u2026 Leia mais \u00bb\" \/>\n<meta property=\"og:url\" content=\"https:\/\/dana.com.br\/canaldana\/2021\/08\/20\/hyundai-comeca-a-produzir-novo-creta\/\" \/>\n<meta property=\"og:site_name\" content=\"Canal Dana\" \/>\n<meta property=\"article:published_time\" content=\"2021-08-20T11:30:37+00:00\" \/>\n<meta name=\"author\" content=\"Canal Dana\" \/>\n<meta name=\"twitter:card\" content=\"summary_large_image\" \/>\n<meta name=\"twitter:label1\" content=\"Escrito por\" \/>\n\t<meta name=\"twitter:data1\" content=\"Canal Dana\" \/>\n\t<meta name=\"twitter:label2\" content=\"Est. tempo de leitura\" \/>\n\t<meta name=\"twitter:data2\" content=\"2 minutos\" \/>\n<script type=\"application\/ld+json\" class=\"yoast-schema-graph\">{\"@context\":\"https:\\\/\\\/schema.org\",\"@graph\":[{\"@type\":\"Article\",\"@id\":\"https:\\\/\\\/dana.com.br\\\/canaldana\\\/2021\\\/08\\\/20\\\/hyundai-comeca-a-produzir-novo-creta\\\/#article\",\"isPartOf\":{\"@id\":\"https:\\\/\\\/dana.com.br\\\/canaldana\\\/2021\\\/08\\\/20\\\/hyundai-comeca-a-produzir-novo-creta\\\/\"},\"author\":{\"name\":\"Canal Dana\",\"@id\":\"https:\\\/\\\/dana.com.br\\\/canaldana\\\/#\\\/schema\\\/person\\\/3c21f22f56fcf3bc46b94bc60ea4fef6\"},\"headline\":\"Hyundai come\u00e7a a produzir novo Creta\",\"datePublished\":\"2021-08-20T11:30:37+00:00\",\"mainEntityOfPage\":{\"@id\":\"https:\\\/\\\/dana.com.br\\\/canaldana\\\/2021\\\/08\\\/20\\\/hyundai-comeca-a-produzir-novo-creta\\\/\"},\"wordCount\":444,\"articleSection\":[\"Destaques\"],\"inLanguage\":\"pt-BR\"},{\"@type\":\"WebPage\",\"@id\":\"https:\\\/\\\/dana.com.br\\\/canaldana\\\/2021\\\/08\\\/20\\\/hyundai-comeca-a-produzir-novo-creta\\\/\",\"url\":\"https:\\\/\\\/dana.com.br\\\/canaldana\\\/2021\\\/08\\\/20\\\/hyundai-comeca-a-produzir-novo-creta\\\/\",\"name\":\"Hyundai come\u00e7a a produzir novo Creta - Canal Dana\",\"isPartOf\":{\"@id\":\"https:\\\/\\\/dana.com.br\\\/canaldana\\\/#website\"},\"datePublished\":\"2021-08-20T11:30:37+00:00\",\"author\":{\"@id\":\"https:\\\/\\\/dana.com.br\\\/canaldana\\\/#\\\/schema\\\/person\\\/3c21f22f56fcf3bc46b94bc60ea4fef6\"},\"breadcrumb\":{\"@id\":\"https:\\\/\\\/dana.com.br\\\/canaldana\\\/2021\\\/08\\\/20\\\/hyundai-comeca-a-produzir-novo-creta\\\/#breadcrumb\"},\"inLanguage\":\"pt-BR\",\"potentialAction\":[{\"@type\":\"ReadAction\",\"target\":[\"https:\\\/\\\/dana.com.br\\\/canaldana\\\/2021\\\/08\\\/20\\\/hyundai-comeca-a-produzir-novo-creta\\\/\"]}]},{\"@type\":\"BreadcrumbList\",\"@id\":\"https:\\\/\\\/dana.com.br\\\/canaldana\\\/2021\\\/08\\\/20\\\/hyundai-comeca-a-produzir-novo-creta\\\/#breadcrumb\",\"itemListElement\":[{\"@type\":\"ListItem\",\"position\":1,\"name\":\"Home\",\"item\":\"https:\\\/\\\/dana.com.br\\\/canaldana\\\/\"},{\"@type\":\"ListItem\",\"position\":2,\"name\":\"Destaques\",\"item\":\"https:\\\/\\\/dana.com.br\\\/canaldana\\\/destaques\\\/\"},{\"@type\":\"ListItem\",\"position\":3,\"name\":\"Hyundai come\u00e7a a produzir novo Creta\"}]},{\"@type\":\"WebSite\",\"@id\":\"https:\\\/\\\/dana.com.br\\\/canaldana\\\/#website\",\"url\":\"https:\\\/\\\/dana.com.br\\\/canaldana\\\/\",\"name\":\"Canal Dana\",\"description\":\"Informativo com as principais not\u00edcias da ind\u00fastria automotiva\",\"potentialAction\":[{\"@type\":\"SearchAction\",\"target\":{\"@type\":\"EntryPoint\",\"urlTemplate\":\"https:\\\/\\\/dana.com.br\\\/canaldana\\\/?s={search_term_string}\"},\"query-input\":{\"@type\":\"PropertyValueSpecification\",\"valueRequired\":true,\"valueName\":\"search_term_string\"}}],\"inLanguage\":\"pt-BR\"},{\"@type\":\"Person\",\"@id\":\"https:\\\/\\\/dana.com.br\\\/canaldana\\\/#\\\/schema\\\/person\\\/3c21f22f56fcf3bc46b94bc60ea4fef6\",\"name\":\"Canal Dana\",\"image\":{\"@type\":\"ImageObject\",\"inLanguage\":\"pt-BR\",\"@id\":\"https:\\\/\\\/secure.gravatar.com\\\/avatar\\\/420aaf9278582877d9018637c6817617705899d2858d7572ef0fe59a6b6454b4?s=96&d=mm&r=g\",\"url\":\"https:\\\/\\\/secure.gravatar.com\\\/avatar\\\/420aaf9278582877d9018637c6817617705899d2858d7572ef0fe59a6b6454b4?s=96&d=mm&r=g\",\"contentUrl\":\"https:\\\/\\\/secure.gravatar.com\\\/avatar\\\/420aaf9278582877d9018637c6817617705899d2858d7572ef0fe59a6b6454b4?s=96&d=mm&r=g\",\"caption\":\"Canal Dana\"},\"url\":\"https:\\\/\\\/dana.com.br\\\/canaldana\\\/author\\\/cdeditor\\\/\"}]}<\/script>\n<!-- \/ Yoast SEO plugin. -->","yoast_head_json":{"title":"Hyundai come\u00e7a a produzir novo Creta - Canal Dana","robots":{"index":"index","follow":"follow","max-snippet":"max-snippet:-1","max-image-preview":"max-image-preview:large","max-video-preview":"max-video-preview:-1"},"canonical":"https:\/\/dana.com.br\/canaldana\/2021\/08\/20\/hyundai-comeca-a-produzir-novo-creta\/","og_locale":"pt_BR","og_type":"article","og_title":"Hyundai come\u00e7a a produzir novo Creta - Canal Dana","og_description":"AutoInd\u00fastria &nbsp; A apresenta\u00e7\u00e3o da nova gera\u00e7\u00e3o do Creta ser\u00e1 no pr\u00f3ximo dia 25.\u00a0 Entretanto, somente, nesta semana a Hyundai deu partida \u00e0 produ\u00e7\u00e3o do SUV em Piracicaba, SP. A solenidade mereceu at\u00e9 foto com Ken Ramirez, presidente da montadora na Am\u00e9rica do Sul desde o come\u00e7o do ano e que ainda n\u00e3o tinha participado\u2026 Leia mais \u00bb","og_url":"https:\/\/dana.com.br\/canaldana\/2021\/08\/20\/hyundai-comeca-a-produzir-novo-creta\/","og_site_name":"Canal Dana","article_published_time":"2021-08-20T11:30:37+00:00","author":"Canal Dana","twitter_card":"summary_large_image","twitter_misc":{"Escrito por":"Canal Dana","Est. tempo de leitura":"2 minutos"},"schema":{"@context":"https:\/\/schema.org","@graph":[{"@type":"Article","@id":"https:\/\/dana.com.br\/canaldana\/2021\/08\/20\/hyundai-comeca-a-produzir-novo-creta\/#article","isPartOf":{"@id":"https:\/\/dana.com.br\/canaldana\/2021\/08\/20\/hyundai-comeca-a-produzir-novo-creta\/"},"author":{"name":"Canal Dana","@id":"https:\/\/dana.com.br\/canaldana\/#\/schema\/person\/3c21f22f56fcf3bc46b94bc60ea4fef6"},"headline":"Hyundai come\u00e7a a produzir novo Creta","datePublished":"2021-08-20T11:30:37+00:00","mainEntityOfPage":{"@id":"https:\/\/dana.com.br\/canaldana\/2021\/08\/20\/hyundai-comeca-a-produzir-novo-creta\/"},"wordCount":444,"articleSection":["Destaques"],"inLanguage":"pt-BR"},{"@type":"WebPage","@id":"https:\/\/dana.com.br\/canaldana\/2021\/08\/20\/hyundai-comeca-a-produzir-novo-creta\/","url":"https:\/\/dana.com.br\/canaldana\/2021\/08\/20\/hyundai-comeca-a-produzir-novo-creta\/","name":"Hyundai come\u00e7a a produzir novo Creta - Canal Dana","isPartOf":{"@id":"https:\/\/dana.com.br\/canaldana\/#website"},"datePublished":"2021-08-20T11:30:37+00:00","author":{"@id":"https:\/\/dana.com.br\/canaldana\/#\/schema\/person\/3c21f22f56fcf3bc46b94bc60ea4fef6"},"breadcrumb":{"@id":"https:\/\/dana.com.br\/canaldana\/2021\/08\/20\/hyundai-comeca-a-produzir-novo-creta\/#breadcrumb"},"inLanguage":"pt-BR","potentialAction":[{"@type":"ReadAction","target":["https:\/\/dana.com.br\/canaldana\/2021\/08\/20\/hyundai-comeca-a-produzir-novo-creta\/"]}]},{"@type":"BreadcrumbList","@id":"https:\/\/dana.com.br\/canaldana\/2021\/08\/20\/hyundai-comeca-a-produzir-novo-creta\/#breadcrumb","itemListElement":[{"@type":"ListItem","position":1,"name":"Home","item":"https:\/\/dana.com.br\/canaldana\/"},{"@type":"ListItem","position":2,"name":"Destaques","item":"https:\/\/dana.com.br\/canaldana\/destaques\/"},{"@type":"ListItem","position":3,"name":"Hyundai come\u00e7a a produzir novo Creta"}]},{"@type":"WebSite","@id":"https:\/\/dana.com.br\/canaldana\/#website","url":"https:\/\/dana.com.br\/canaldana\/","name":"Canal Dana","description":"Informativo com as principais not\u00edcias da ind\u00fastria automotiva","potentialAction":[{"@type":"SearchAction","target":{"@type":"EntryPoint","urlTemplate":"https:\/\/dana.com.br\/canaldana\/?s={search_term_string}"},"query-input":{"@type":"PropertyValueSpecification","valueRequired":true,"valueName":"search_term_string"}}],"inLanguage":"pt-BR"},{"@type":"Person","@id":"https:\/\/dana.com.br\/canaldana\/#\/schema\/person\/3c21f22f56fcf3bc46b94bc60ea4fef6","name":"Canal Dana","image":{"@type":"ImageObject","inLanguage":"pt-BR","@id":"https:\/\/secure.gravatar.com\/avatar\/420aaf9278582877d9018637c6817617705899d2858d7572ef0fe59a6b6454b4?s=96&d=mm&r=g","url":"https:\/\/secure.gravatar.com\/avatar\/420aaf9278582877d9018637c6817617705899d2858d7572ef0fe59a6b6454b4?s=96&d=mm&r=g","contentUrl":"https:\/\/secure.gravatar.com\/avatar\/420aaf9278582877d9018637c6817617705899d2858d7572ef0fe59a6b6454b4?s=96&d=mm&r=g","caption":"Canal Dana"},"url":"https:\/\/dana.com.br\/canaldana\/author\/cdeditor\/"}]}},"_links":{"self":[{"href":"https:\/\/dana.com.br\/canaldana\/wp-json\/wp\/v2\/posts\/52410","targetHints":{"allow":["GET"]}}],"collection":[{"href":"https:\/\/dana.com.br\/canaldana\/wp-json\/wp\/v2\/posts"}],"about":[{"href":"https:\/\/dana.com.br\/canaldana\/wp-json\/wp\/v2\/types\/post"}],"author":[{"embeddable":true,"href":"https:\/\/dana.com.br\/canaldana\/wp-json\/wp\/v2\/users\/3"}],"replies":[{"embeddable":true,"href":"https:\/\/dana.com.br\/canaldana\/wp-json\/wp\/v2\/comments?post=52410"}],"version-history":[{"count":0,"href":"https:\/\/dana.com.br\/canaldana\/wp-json\/wp\/v2\/posts\/52410\/revisions"}],"wp:attachment":[{"href":"https:\/\/dana.com.br\/canaldana\/wp-json\/wp\/v2\/media?parent=52410"}],"wp:term":[{"taxonomy":"category","embeddable":true,"href":"https:\/\/dana.com.br\/canaldana\/wp-json\/wp\/v2\/categories?post=52410"},{"taxonomy":"post_tag","embeddable":true,"href":"https:\/\/dana.com.br\/canaldana\/wp-json\/wp\/v2\/tags?post=52410"}],"curies":[{"name":"wp","href":"https:\/\/api.w.org\/{rel}","templated":true}]}}