{"id":52388,"date":"2021-08-20T08:24:02","date_gmt":"2021-08-20T11:24:02","guid":{"rendered":"https:\/\/dana.com.br\/canaldana\/?p=52388"},"modified":"2021-08-20T08:24:02","modified_gmt":"2021-08-20T11:24:02","slug":"e-commerce-e-energias-alternativas-serao-temas-na-rota-digital-fenatran","status":"publish","type":"post","link":"https:\/\/dana.com.br\/canaldana\/2021\/08\/20\/e-commerce-e-energias-alternativas-serao-temas-na-rota-digital-fenatran\/","title":{"rendered":"E-commerce e energias alternativas ser\u00e3o temas na Rota Digital Fenatran"},"content":{"rendered":"<p><em>Frota &amp; Cia <\/em><\/p>\n<p>&nbsp;<\/p>\n<p>Nos dias 25 e 26 de agosto, a Rota Digital Fenatran abordar\u00e1 as perspectivas do setor, com\u00e9rcio eletr\u00f4nico, energias alternativas e sustentabilidade. Especialistas do mercado se reunir\u00e3o virtualmente para falar sobre as tend\u00eancias no transporte de carga e o impacto no direct to consumer (D2C).<\/p>\n<p>&nbsp;<\/p>\n<p>No dia 25, a partir das 14h30, ser\u00e1 apresentada uma vis\u00e3o estrat\u00e9gica do mercado com an\u00e1lise de desafios e oportunidades para o segundo semestre deste ano. Al\u00e9m disso, as perspectivas para o setor de acordo com as entidades de transporte de cargas e operadores log\u00edsticos. No painel, estar\u00e3o presentes a diretora-presidente da ABOL, Marcella Cunha, e o presidente do SETCESP, Tayguara Helou.<\/p>\n<p>&nbsp;<\/p>\n<p>Na sequ\u00eancia, \u00e0s 16h, o evento tratar\u00e1 da ind\u00fastria direto ao consumidor final, com estrat\u00e9gias e cases sobre como as empresas podem se estruturar para aumento da demanda no com\u00e9rcio eletr\u00f4nico. Os convidados ao painel s\u00e3o F\u00e1bio Fialho, CSO da SYNAPCOM, e Flavia Maffei, Diretora de Vendas da Loggi.<\/p>\n<p>&nbsp;<\/p>\n<p>No segundo dia (26), \u00e0s 14h30, o tema ser\u00e1 a tend\u00eancia e as op\u00e7\u00f5es de matriz energ\u00e9tica, com foco na aplica\u00e7\u00e3o e viabilidade das solu\u00e7\u00f5es de energias alternativas ao diesel dispon\u00edveis hoje no mercado. O painel contar\u00e1 com a participa\u00e7\u00e3o de Daniel Gabriel Lopes, Diretor da HYTRON; Ricardo Rodrigues da Cunha Pinto, Consultor S\u00eanior de Planejamento de Marketing e Intelig\u00eancia de Mercado da PETROBRAS; e Gabriel Kropsch, Presidente da ABIOG\u00c1S.<\/p>\n<p>&nbsp;<\/p>\n<p>E, em seguida, \u00e0s 16h do dia 26, o assunto abordado ser\u00e1 Economia Circular e Sustentabilidade no transporte de cargas. O tema abordar\u00e1 as inova\u00e7\u00f5es tecnol\u00f3gicas que contribuem para a redu\u00e7\u00e3o das emiss\u00f5es de gases de efeito estufa (GEE) e do seu impacto ao meio ambiente. Participar\u00e3o das discuss\u00f5es Alexandre Parker, Diretor de Assuntos Corporativos da Volvo, e Ricardo Blandy, Diretor Comercial da ZEG.<\/p>\n<p>&nbsp;<\/p>\n<p>As inscri\u00e7\u00f5es podem ser feitas no site. (Frota &amp; Cia\/Priscila Ferreira)<\/p>\n","protected":false},"excerpt":{"rendered":"<p>Frota &amp; Cia &nbsp; Nos dias 25 e 26 de agosto, a Rota Digital Fenatran abordar\u00e1 as perspectivas do setor, com\u00e9rcio eletr\u00f4nico, energias alternativas e sustentabilidade. Especialistas do mercado se reunir\u00e3o virtualmente para falar sobre as tend\u00eancias no transporte de carga e o impacto no direct to consumer (D2C). &nbsp; No dia 25, a partir\u2026 <a class=\"readmore\" href=\"https:\/\/dana.com.br\/canaldana\/2021\/08\/20\/e-commerce-e-energias-alternativas-serao-temas-na-rota-digital-fenatran\/\">Leia mais \u00bb<\/a><\/p>\n","protected":false},"author":3,"featured_media":0,"comment_status":"closed","ping_status":"closed","sticky":false,"template":"","format":"standard","meta":{"_acf_changed":false,"footnotes":""},"categories":[82],"tags":[],"class_list":["post-52388","post","type-post","status-publish","format-standard","hentry","category-eventos"],"acf":[],"yoast_head":"<!-- This site is optimized with the Yoast SEO plugin v27.3 - https:\/\/yoast.com\/product\/yoast-seo-wordpress\/ -->\n<title>E-commerce e energias alternativas ser\u00e3o temas na Rota Digital Fenatran - Canal Dana<\/title>\n<meta name=\"robots\" content=\"index, follow, max-snippet:-1, max-image-preview:large, max-video-preview:-1\" \/>\n<link rel=\"canonical\" href=\"https:\/\/dana.com.br\/canaldana\/2021\/08\/20\/e-commerce-e-energias-alternativas-serao-temas-na-rota-digital-fenatran\/\" \/>\n<meta property=\"og:locale\" content=\"pt_BR\" \/>\n<meta property=\"og:type\" content=\"article\" \/>\n<meta property=\"og:title\" content=\"E-commerce e energias alternativas ser\u00e3o temas na Rota Digital Fenatran - Canal Dana\" \/>\n<meta property=\"og:description\" content=\"Frota &amp; Cia &nbsp; Nos dias 25 e 26 de agosto, a Rota Digital Fenatran abordar\u00e1 as perspectivas do setor, com\u00e9rcio eletr\u00f4nico, energias alternativas e sustentabilidade. Especialistas do mercado se reunir\u00e3o virtualmente para falar sobre as tend\u00eancias no transporte de carga e o impacto no direct to consumer (D2C). &nbsp; No dia 25, a partir\u2026 Leia mais \u00bb\" \/>\n<meta property=\"og:url\" content=\"https:\/\/dana.com.br\/canaldana\/2021\/08\/20\/e-commerce-e-energias-alternativas-serao-temas-na-rota-digital-fenatran\/\" \/>\n<meta property=\"og:site_name\" content=\"Canal Dana\" \/>\n<meta property=\"article:published_time\" content=\"2021-08-20T11:24:02+00:00\" \/>\n<meta name=\"author\" content=\"Canal Dana\" \/>\n<meta name=\"twitter:card\" content=\"summary_large_image\" \/>\n<meta name=\"twitter:label1\" content=\"Escrito por\" \/>\n\t<meta name=\"twitter:data1\" content=\"Canal Dana\" \/>\n\t<meta name=\"twitter:label2\" content=\"Est. tempo de leitura\" \/>\n\t<meta name=\"twitter:data2\" content=\"2 minutos\" \/>\n<script type=\"application\/ld+json\" class=\"yoast-schema-graph\">{\"@context\":\"https:\\\/\\\/schema.org\",\"@graph\":[{\"@type\":\"Article\",\"@id\":\"https:\\\/\\\/dana.com.br\\\/canaldana\\\/2021\\\/08\\\/20\\\/e-commerce-e-energias-alternativas-serao-temas-na-rota-digital-fenatran\\\/#article\",\"isPartOf\":{\"@id\":\"https:\\\/\\\/dana.com.br\\\/canaldana\\\/2021\\\/08\\\/20\\\/e-commerce-e-energias-alternativas-serao-temas-na-rota-digital-fenatran\\\/\"},\"author\":{\"name\":\"Canal Dana\",\"@id\":\"https:\\\/\\\/dana.com.br\\\/canaldana\\\/#\\\/schema\\\/person\\\/3c21f22f56fcf3bc46b94bc60ea4fef6\"},\"headline\":\"E-commerce e energias alternativas ser\u00e3o temas na Rota Digital Fenatran\",\"datePublished\":\"2021-08-20T11:24:02+00:00\",\"mainEntityOfPage\":{\"@id\":\"https:\\\/\\\/dana.com.br\\\/canaldana\\\/2021\\\/08\\\/20\\\/e-commerce-e-energias-alternativas-serao-temas-na-rota-digital-fenatran\\\/\"},\"wordCount\":352,\"articleSection\":[\"Eventos\"],\"inLanguage\":\"pt-BR\"},{\"@type\":\"WebPage\",\"@id\":\"https:\\\/\\\/dana.com.br\\\/canaldana\\\/2021\\\/08\\\/20\\\/e-commerce-e-energias-alternativas-serao-temas-na-rota-digital-fenatran\\\/\",\"url\":\"https:\\\/\\\/dana.com.br\\\/canaldana\\\/2021\\\/08\\\/20\\\/e-commerce-e-energias-alternativas-serao-temas-na-rota-digital-fenatran\\\/\",\"name\":\"E-commerce e energias alternativas ser\u00e3o temas na Rota Digital Fenatran - Canal Dana\",\"isPartOf\":{\"@id\":\"https:\\\/\\\/dana.com.br\\\/canaldana\\\/#website\"},\"datePublished\":\"2021-08-20T11:24:02+00:00\",\"author\":{\"@id\":\"https:\\\/\\\/dana.com.br\\\/canaldana\\\/#\\\/schema\\\/person\\\/3c21f22f56fcf3bc46b94bc60ea4fef6\"},\"breadcrumb\":{\"@id\":\"https:\\\/\\\/dana.com.br\\\/canaldana\\\/2021\\\/08\\\/20\\\/e-commerce-e-energias-alternativas-serao-temas-na-rota-digital-fenatran\\\/#breadcrumb\"},\"inLanguage\":\"pt-BR\",\"potentialAction\":[{\"@type\":\"ReadAction\",\"target\":[\"https:\\\/\\\/dana.com.br\\\/canaldana\\\/2021\\\/08\\\/20\\\/e-commerce-e-energias-alternativas-serao-temas-na-rota-digital-fenatran\\\/\"]}]},{\"@type\":\"BreadcrumbList\",\"@id\":\"https:\\\/\\\/dana.com.br\\\/canaldana\\\/2021\\\/08\\\/20\\\/e-commerce-e-energias-alternativas-serao-temas-na-rota-digital-fenatran\\\/#breadcrumb\",\"itemListElement\":[{\"@type\":\"ListItem\",\"position\":1,\"name\":\"Home\",\"item\":\"https:\\\/\\\/dana.com.br\\\/canaldana\\\/\"},{\"@type\":\"ListItem\",\"position\":2,\"name\":\"Eventos\",\"item\":\"https:\\\/\\\/dana.com.br\\\/canaldana\\\/eventos\\\/\"},{\"@type\":\"ListItem\",\"position\":3,\"name\":\"E-commerce e energias alternativas ser\u00e3o temas na Rota Digital Fenatran\"}]},{\"@type\":\"WebSite\",\"@id\":\"https:\\\/\\\/dana.com.br\\\/canaldana\\\/#website\",\"url\":\"https:\\\/\\\/dana.com.br\\\/canaldana\\\/\",\"name\":\"Canal Dana\",\"description\":\"Informativo com as principais not\u00edcias da ind\u00fastria automotiva\",\"potentialAction\":[{\"@type\":\"SearchAction\",\"target\":{\"@type\":\"EntryPoint\",\"urlTemplate\":\"https:\\\/\\\/dana.com.br\\\/canaldana\\\/?s={search_term_string}\"},\"query-input\":{\"@type\":\"PropertyValueSpecification\",\"valueRequired\":true,\"valueName\":\"search_term_string\"}}],\"inLanguage\":\"pt-BR\"},{\"@type\":\"Person\",\"@id\":\"https:\\\/\\\/dana.com.br\\\/canaldana\\\/#\\\/schema\\\/person\\\/3c21f22f56fcf3bc46b94bc60ea4fef6\",\"name\":\"Canal Dana\",\"image\":{\"@type\":\"ImageObject\",\"inLanguage\":\"pt-BR\",\"@id\":\"https:\\\/\\\/secure.gravatar.com\\\/avatar\\\/420aaf9278582877d9018637c6817617705899d2858d7572ef0fe59a6b6454b4?s=96&d=mm&r=g\",\"url\":\"https:\\\/\\\/secure.gravatar.com\\\/avatar\\\/420aaf9278582877d9018637c6817617705899d2858d7572ef0fe59a6b6454b4?s=96&d=mm&r=g\",\"contentUrl\":\"https:\\\/\\\/secure.gravatar.com\\\/avatar\\\/420aaf9278582877d9018637c6817617705899d2858d7572ef0fe59a6b6454b4?s=96&d=mm&r=g\",\"caption\":\"Canal Dana\"},\"url\":\"https:\\\/\\\/dana.com.br\\\/canaldana\\\/author\\\/cdeditor\\\/\"}]}<\/script>\n<!-- \/ Yoast SEO plugin. -->","yoast_head_json":{"title":"E-commerce e energias alternativas ser\u00e3o temas na Rota Digital Fenatran - Canal Dana","robots":{"index":"index","follow":"follow","max-snippet":"max-snippet:-1","max-image-preview":"max-image-preview:large","max-video-preview":"max-video-preview:-1"},"canonical":"https:\/\/dana.com.br\/canaldana\/2021\/08\/20\/e-commerce-e-energias-alternativas-serao-temas-na-rota-digital-fenatran\/","og_locale":"pt_BR","og_type":"article","og_title":"E-commerce e energias alternativas ser\u00e3o temas na Rota Digital Fenatran - Canal Dana","og_description":"Frota &amp; Cia &nbsp; Nos dias 25 e 26 de agosto, a Rota Digital Fenatran abordar\u00e1 as perspectivas do setor, com\u00e9rcio eletr\u00f4nico, energias alternativas e sustentabilidade. Especialistas do mercado se reunir\u00e3o virtualmente para falar sobre as tend\u00eancias no transporte de carga e o impacto no direct to consumer (D2C). &nbsp; No dia 25, a partir\u2026 Leia mais \u00bb","og_url":"https:\/\/dana.com.br\/canaldana\/2021\/08\/20\/e-commerce-e-energias-alternativas-serao-temas-na-rota-digital-fenatran\/","og_site_name":"Canal Dana","article_published_time":"2021-08-20T11:24:02+00:00","author":"Canal Dana","twitter_card":"summary_large_image","twitter_misc":{"Escrito por":"Canal Dana","Est. tempo de leitura":"2 minutos"},"schema":{"@context":"https:\/\/schema.org","@graph":[{"@type":"Article","@id":"https:\/\/dana.com.br\/canaldana\/2021\/08\/20\/e-commerce-e-energias-alternativas-serao-temas-na-rota-digital-fenatran\/#article","isPartOf":{"@id":"https:\/\/dana.com.br\/canaldana\/2021\/08\/20\/e-commerce-e-energias-alternativas-serao-temas-na-rota-digital-fenatran\/"},"author":{"name":"Canal Dana","@id":"https:\/\/dana.com.br\/canaldana\/#\/schema\/person\/3c21f22f56fcf3bc46b94bc60ea4fef6"},"headline":"E-commerce e energias alternativas ser\u00e3o temas na Rota Digital Fenatran","datePublished":"2021-08-20T11:24:02+00:00","mainEntityOfPage":{"@id":"https:\/\/dana.com.br\/canaldana\/2021\/08\/20\/e-commerce-e-energias-alternativas-serao-temas-na-rota-digital-fenatran\/"},"wordCount":352,"articleSection":["Eventos"],"inLanguage":"pt-BR"},{"@type":"WebPage","@id":"https:\/\/dana.com.br\/canaldana\/2021\/08\/20\/e-commerce-e-energias-alternativas-serao-temas-na-rota-digital-fenatran\/","url":"https:\/\/dana.com.br\/canaldana\/2021\/08\/20\/e-commerce-e-energias-alternativas-serao-temas-na-rota-digital-fenatran\/","name":"E-commerce e energias alternativas ser\u00e3o temas na Rota Digital Fenatran - Canal Dana","isPartOf":{"@id":"https:\/\/dana.com.br\/canaldana\/#website"},"datePublished":"2021-08-20T11:24:02+00:00","author":{"@id":"https:\/\/dana.com.br\/canaldana\/#\/schema\/person\/3c21f22f56fcf3bc46b94bc60ea4fef6"},"breadcrumb":{"@id":"https:\/\/dana.com.br\/canaldana\/2021\/08\/20\/e-commerce-e-energias-alternativas-serao-temas-na-rota-digital-fenatran\/#breadcrumb"},"inLanguage":"pt-BR","potentialAction":[{"@type":"ReadAction","target":["https:\/\/dana.com.br\/canaldana\/2021\/08\/20\/e-commerce-e-energias-alternativas-serao-temas-na-rota-digital-fenatran\/"]}]},{"@type":"BreadcrumbList","@id":"https:\/\/dana.com.br\/canaldana\/2021\/08\/20\/e-commerce-e-energias-alternativas-serao-temas-na-rota-digital-fenatran\/#breadcrumb","itemListElement":[{"@type":"ListItem","position":1,"name":"Home","item":"https:\/\/dana.com.br\/canaldana\/"},{"@type":"ListItem","position":2,"name":"Eventos","item":"https:\/\/dana.com.br\/canaldana\/eventos\/"},{"@type":"ListItem","position":3,"name":"E-commerce e energias alternativas ser\u00e3o temas na Rota Digital Fenatran"}]},{"@type":"WebSite","@id":"https:\/\/dana.com.br\/canaldana\/#website","url":"https:\/\/dana.com.br\/canaldana\/","name":"Canal Dana","description":"Informativo com as principais not\u00edcias da ind\u00fastria automotiva","potentialAction":[{"@type":"SearchAction","target":{"@type":"EntryPoint","urlTemplate":"https:\/\/dana.com.br\/canaldana\/?s={search_term_string}"},"query-input":{"@type":"PropertyValueSpecification","valueRequired":true,"valueName":"search_term_string"}}],"inLanguage":"pt-BR"},{"@type":"Person","@id":"https:\/\/dana.com.br\/canaldana\/#\/schema\/person\/3c21f22f56fcf3bc46b94bc60ea4fef6","name":"Canal Dana","image":{"@type":"ImageObject","inLanguage":"pt-BR","@id":"https:\/\/secure.gravatar.com\/avatar\/420aaf9278582877d9018637c6817617705899d2858d7572ef0fe59a6b6454b4?s=96&d=mm&r=g","url":"https:\/\/secure.gravatar.com\/avatar\/420aaf9278582877d9018637c6817617705899d2858d7572ef0fe59a6b6454b4?s=96&d=mm&r=g","contentUrl":"https:\/\/secure.gravatar.com\/avatar\/420aaf9278582877d9018637c6817617705899d2858d7572ef0fe59a6b6454b4?s=96&d=mm&r=g","caption":"Canal Dana"},"url":"https:\/\/dana.com.br\/canaldana\/author\/cdeditor\/"}]}},"_links":{"self":[{"href":"https:\/\/dana.com.br\/canaldana\/wp-json\/wp\/v2\/posts\/52388","targetHints":{"allow":["GET"]}}],"collection":[{"href":"https:\/\/dana.com.br\/canaldana\/wp-json\/wp\/v2\/posts"}],"about":[{"href":"https:\/\/dana.com.br\/canaldana\/wp-json\/wp\/v2\/types\/post"}],"author":[{"embeddable":true,"href":"https:\/\/dana.com.br\/canaldana\/wp-json\/wp\/v2\/users\/3"}],"replies":[{"embeddable":true,"href":"https:\/\/dana.com.br\/canaldana\/wp-json\/wp\/v2\/comments?post=52388"}],"version-history":[{"count":0,"href":"https:\/\/dana.com.br\/canaldana\/wp-json\/wp\/v2\/posts\/52388\/revisions"}],"wp:attachment":[{"href":"https:\/\/dana.com.br\/canaldana\/wp-json\/wp\/v2\/media?parent=52388"}],"wp:term":[{"taxonomy":"category","embeddable":true,"href":"https:\/\/dana.com.br\/canaldana\/wp-json\/wp\/v2\/categories?post=52388"},{"taxonomy":"post_tag","embeddable":true,"href":"https:\/\/dana.com.br\/canaldana\/wp-json\/wp\/v2\/tags?post=52388"}],"curies":[{"name":"wp","href":"https:\/\/api.w.org\/{rel}","templated":true}]}}