{"id":52381,"date":"2021-08-19T08:34:11","date_gmt":"2021-08-19T11:34:11","guid":{"rendered":"https:\/\/dana.com.br\/canaldana\/?p=52381"},"modified":"2021-08-19T08:34:11","modified_gmt":"2021-08-19T11:34:11","slug":"chinesa-great-wall-compra-a-fabrica-da-mercedes-benz-e-planeja-investir-r-4-bilhoes","status":"publish","type":"post","link":"https:\/\/dana.com.br\/canaldana\/2021\/08\/19\/chinesa-great-wall-compra-a-fabrica-da-mercedes-benz-e-planeja-investir-r-4-bilhoes\/","title":{"rendered":"Chinesa Great Wall compra a f\u00e1brica da Mercedes-Benz e planeja investir R$ 4 bilh\u00f5es"},"content":{"rendered":"<p><em>O Estado de S. Paulo <\/em><\/p>\n<p>&nbsp;<\/p>\n<p>A montadora chinesa Great Wall assinou ontem contrato de compra da f\u00e1brica de autom\u00f3veis de luxo da Mercedes-Benz em Iracem\u00e1polis, no interior de S\u00e3o Paulo, ap\u00f3s dez anos planejando a sua entrada no mercado brasileiro. O valor da aquisi\u00e7\u00e3o n\u00e3o foi revelado.<\/p>\n<p>&nbsp;<\/p>\n<p>A empresa desembarcou no Brasil com inten\u00e7\u00e3o de investir cerca de R$ 4 bilh\u00f5es durante cinco anos para erguer um neg\u00f3cio quase do zero: da constru\u00e7\u00e3o de uma marca pouco conhecida pelos brasileiros \u00e0 instala\u00e7\u00e3o de uma rede de concession\u00e1rias. Encurtou o caminho comprando uma f\u00e1brica pronta.<\/p>\n<p>&nbsp;<\/p>\n<p>Maior grupo automotivo privado da China, a Great Wall informa que ampliar\u00e1 a capacidade da f\u00e1brica em cinco vezes, das atuais 20 mil unidades ao ano para 100 mil. Quando atingir esse volume, pretende empregar 2 mil funcion\u00e1rios.<\/p>\n<p>&nbsp;<\/p>\n<p>\u201cEstamos em fechamento do plano de neg\u00f3cios, e estudando oportunidades e segmentos onde temos melhor condi\u00e7\u00e3o de competir\u201d, diz Anderson Suzuki, diretor de produtos e estrat\u00e9gia da Great Wall na Am\u00e9rica do Sul. \u201cNosso plano \u00e9, em cinco anos, investir 5 bilh\u00f5es de renmimbis (moeda oficial da China), o que d\u00e1 cerca de R$ 4 bilh\u00f5es, incluindo a aquisi\u00e7\u00e3o da f\u00e1brica\u201d, acrescenta.<\/p>\n<p>&nbsp;<\/p>\n<p>A empresa informa em nota que o investimento no Brasil trar\u00e1 uma experi\u00eancia de mobilidade inteligente, segura e de alta qualidade aos usu\u00e1rios. Tamb\u00e9m criar\u00e1 mais empregos diretos e indiretos na regi\u00e3o e impulsionar\u00e1 o setor de pesquisa e desenvolvimento local.<\/p>\n<p>&nbsp;<\/p>\n<p>No comunicado, o presidente da Great Wall Motor, Meng Xiangjun, afirma que \u201ca transa\u00e7\u00e3o acelerar\u00e1 o desenvolvimento e a implementa\u00e7\u00e3o estrat\u00e9gica da montadora no mercado sul-americano e promover\u00e1 ainda mais a transforma\u00e7\u00e3o da companhia em uma empresa de mobilidade de tecnologia global\u201d.<\/p>\n<p>&nbsp;<\/p>\n<p>A f\u00e1brica foi inaugurada em 2016, com investimentos de R$ 600 milh\u00f5es. Produzia os modelos Classe C e GLA e foi fechada em dezembro. A Mercedes-Benz alegou dificuldades da economia brasileira, agravadas pela pandemia, e a decis\u00e3o da matriz alem\u00e3 de n\u00e3o produzir no Pa\u00eds carros el\u00e9tricos, maior aposta das marcas europeias nos pr\u00f3ximos anos.<\/p>\n<p>&nbsp;<\/p>\n<p>O neg\u00f3cio envolve a f\u00e1brica de autom\u00f3veis, o terreno de 1,2 milh\u00e3o de metros quadrados, pr\u00e9dios e equipamentos de produ\u00e7\u00e3o. S\u00f3 ficou de fora o campo de provas constru\u00eddo em parceria com a Bosch, que ser\u00e1 mantido pelos grupos. A entrega das instala\u00e7\u00f5es aos novos donos ocorrer\u00e1 antes do fim do ano e a expectativa \u00e9 de que os primeiros autom\u00f3veis sejam produzidos em 2022, provavelmente com muitos itens importados.<\/p>\n<p>&nbsp;<\/p>\n<p><strong>Plano global<\/strong><\/p>\n<p>&nbsp;<\/p>\n<p>O vice-presidente da Great Wall, Liu Xiangshang, explica que a decis\u00e3o, mesmo em per\u00edodo de forte queda nas vendas de ve\u00edculos, \u00e9 porque o Brasil \u00e9 o maior e mais populoso pa\u00eds da Am\u00e9rica Latina, \u00e9 l\u00edder em vendas na regi\u00e3o e, por isso, \u00e9 um mercado estrat\u00e9gico no plano global de sua internacionaliza\u00e7\u00e3o.<\/p>\n<p>&nbsp;<\/p>\n<p>O grupo afirma que as negocia\u00e7\u00f5es n\u00e3o incluem transfer\u00eancia de pessoal \u2013 a Mercedes empregava 370 funcion\u00e1rios.<\/p>\n<p>&nbsp;<\/p>\n<p>Em seu an\u00fancio, a Mercedes-Benz informa que sua rede de concession\u00e1rias seguir\u00e1 funcionando normalmente, com carros importados. Tamb\u00e9m assegura que o encerramento da produ\u00e7\u00e3o de autom\u00f3veis n\u00e3o afeta a produ\u00e7\u00e3o de caminh\u00f5es e chassis de \u00f4nibus nas f\u00e1bricas de S\u00e3o Bernardo do Campo, no ABC paulista, e de Juiz de Fora (MG), assim como o centro log\u00edstico em Campinas (SP).<\/p>\n<p>&nbsp;<\/p>\n<p><strong>F\u00e1bricas \u00e0 venda<\/strong><\/p>\n<p>&nbsp;<\/p>\n<p>O Brasil ainda tem mais tr\u00eas f\u00e1bricas automotivas \u00e0 venda. Uma unidade de carros e outra de motores da Ford em Cama\u00e7ari (BA) e Taubat\u00e9 (SP) est\u00e3o fechadas desde janeiro. A do jipe Troller em Horizonte (CE) encerra atividades em setembro. O grupo americano passa a ser s\u00f3 importador.<\/p>\n<p>&nbsp;<\/p>\n<p>Havia interessados do ramo automotivo na f\u00e1brica cearense, mas, ao anunciar na semana passada que n\u00e3o vender\u00e1 a marca Troller e o direito de produ\u00e7\u00e3o do T4, o interesse pela planta acabou. Agora \u00e9 poss\u00edvel que a unidade tenha destino semelhante ao da f\u00e1brica de S\u00e3o Bernardo do Campo, fechada em 2019, que est\u00e1 sendo transformada em grupo log\u00edstico. (O Estado de S. Paulo\/Eduardo Laguna e Cleide Silva)<\/p>\n","protected":false},"excerpt":{"rendered":"<p>O Estado de S. Paulo &nbsp; A montadora chinesa Great Wall assinou ontem contrato de compra da f\u00e1brica de autom\u00f3veis de luxo da Mercedes-Benz em Iracem\u00e1polis, no interior de S\u00e3o Paulo, ap\u00f3s dez anos planejando a sua entrada no mercado brasileiro. O valor da aquisi\u00e7\u00e3o n\u00e3o foi revelado. &nbsp; A empresa desembarcou no Brasil com\u2026 <a class=\"readmore\" href=\"https:\/\/dana.com.br\/canaldana\/2021\/08\/19\/chinesa-great-wall-compra-a-fabrica-da-mercedes-benz-e-planeja-investir-r-4-bilhoes\/\">Leia mais \u00bb<\/a><\/p>\n","protected":false},"author":3,"featured_media":0,"comment_status":"closed","ping_status":"closed","sticky":false,"template":"","format":"standard","meta":{"_acf_changed":false,"footnotes":""},"categories":[61],"tags":[],"class_list":["post-52381","post","type-post","status-publish","format-standard","hentry","category-destaques"],"acf":[],"yoast_head":"<!-- This site is optimized with the Yoast SEO plugin v27.3 - https:\/\/yoast.com\/product\/yoast-seo-wordpress\/ -->\n<title>Chinesa Great Wall compra a f\u00e1brica da Mercedes-Benz e planeja investir R$ 4 bilh\u00f5es - Canal Dana<\/title>\n<meta name=\"robots\" content=\"index, follow, max-snippet:-1, max-image-preview:large, max-video-preview:-1\" \/>\n<link rel=\"canonical\" href=\"https:\/\/dana.com.br\/canaldana\/2021\/08\/19\/chinesa-great-wall-compra-a-fabrica-da-mercedes-benz-e-planeja-investir-r-4-bilhoes\/\" \/>\n<meta property=\"og:locale\" content=\"pt_BR\" \/>\n<meta property=\"og:type\" content=\"article\" \/>\n<meta property=\"og:title\" content=\"Chinesa Great Wall compra a f\u00e1brica da Mercedes-Benz e planeja investir R$ 4 bilh\u00f5es - Canal Dana\" \/>\n<meta property=\"og:description\" content=\"O Estado de S. Paulo &nbsp; A montadora chinesa Great Wall assinou ontem contrato de compra da f\u00e1brica de autom\u00f3veis de luxo da Mercedes-Benz em Iracem\u00e1polis, no interior de S\u00e3o Paulo, ap\u00f3s dez anos planejando a sua entrada no mercado brasileiro. O valor da aquisi\u00e7\u00e3o n\u00e3o foi revelado. &nbsp; A empresa desembarcou no Brasil com\u2026 Leia mais \u00bb\" \/>\n<meta property=\"og:url\" content=\"https:\/\/dana.com.br\/canaldana\/2021\/08\/19\/chinesa-great-wall-compra-a-fabrica-da-mercedes-benz-e-planeja-investir-r-4-bilhoes\/\" \/>\n<meta property=\"og:site_name\" content=\"Canal Dana\" \/>\n<meta property=\"article:published_time\" content=\"2021-08-19T11:34:11+00:00\" \/>\n<meta name=\"author\" content=\"Canal Dana\" \/>\n<meta name=\"twitter:card\" content=\"summary_large_image\" \/>\n<meta name=\"twitter:label1\" content=\"Escrito por\" \/>\n\t<meta name=\"twitter:data1\" content=\"Canal Dana\" \/>\n\t<meta name=\"twitter:label2\" content=\"Est. tempo de leitura\" \/>\n\t<meta name=\"twitter:data2\" content=\"4 minutos\" \/>\n<script type=\"application\/ld+json\" class=\"yoast-schema-graph\">{\"@context\":\"https:\\\/\\\/schema.org\",\"@graph\":[{\"@type\":\"Article\",\"@id\":\"https:\\\/\\\/dana.com.br\\\/canaldana\\\/2021\\\/08\\\/19\\\/chinesa-great-wall-compra-a-fabrica-da-mercedes-benz-e-planeja-investir-r-4-bilhoes\\\/#article\",\"isPartOf\":{\"@id\":\"https:\\\/\\\/dana.com.br\\\/canaldana\\\/2021\\\/08\\\/19\\\/chinesa-great-wall-compra-a-fabrica-da-mercedes-benz-e-planeja-investir-r-4-bilhoes\\\/\"},\"author\":{\"name\":\"Canal Dana\",\"@id\":\"https:\\\/\\\/dana.com.br\\\/canaldana\\\/#\\\/schema\\\/person\\\/3c21f22f56fcf3bc46b94bc60ea4fef6\"},\"headline\":\"Chinesa Great Wall compra a f\u00e1brica da Mercedes-Benz e planeja investir R$ 4 bilh\u00f5es\",\"datePublished\":\"2021-08-19T11:34:11+00:00\",\"mainEntityOfPage\":{\"@id\":\"https:\\\/\\\/dana.com.br\\\/canaldana\\\/2021\\\/08\\\/19\\\/chinesa-great-wall-compra-a-fabrica-da-mercedes-benz-e-planeja-investir-r-4-bilhoes\\\/\"},\"wordCount\":747,\"articleSection\":[\"Destaques\"],\"inLanguage\":\"pt-BR\"},{\"@type\":\"WebPage\",\"@id\":\"https:\\\/\\\/dana.com.br\\\/canaldana\\\/2021\\\/08\\\/19\\\/chinesa-great-wall-compra-a-fabrica-da-mercedes-benz-e-planeja-investir-r-4-bilhoes\\\/\",\"url\":\"https:\\\/\\\/dana.com.br\\\/canaldana\\\/2021\\\/08\\\/19\\\/chinesa-great-wall-compra-a-fabrica-da-mercedes-benz-e-planeja-investir-r-4-bilhoes\\\/\",\"name\":\"Chinesa Great Wall compra a f\u00e1brica da Mercedes-Benz e planeja investir R$ 4 bilh\u00f5es - Canal Dana\",\"isPartOf\":{\"@id\":\"https:\\\/\\\/dana.com.br\\\/canaldana\\\/#website\"},\"datePublished\":\"2021-08-19T11:34:11+00:00\",\"author\":{\"@id\":\"https:\\\/\\\/dana.com.br\\\/canaldana\\\/#\\\/schema\\\/person\\\/3c21f22f56fcf3bc46b94bc60ea4fef6\"},\"breadcrumb\":{\"@id\":\"https:\\\/\\\/dana.com.br\\\/canaldana\\\/2021\\\/08\\\/19\\\/chinesa-great-wall-compra-a-fabrica-da-mercedes-benz-e-planeja-investir-r-4-bilhoes\\\/#breadcrumb\"},\"inLanguage\":\"pt-BR\",\"potentialAction\":[{\"@type\":\"ReadAction\",\"target\":[\"https:\\\/\\\/dana.com.br\\\/canaldana\\\/2021\\\/08\\\/19\\\/chinesa-great-wall-compra-a-fabrica-da-mercedes-benz-e-planeja-investir-r-4-bilhoes\\\/\"]}]},{\"@type\":\"BreadcrumbList\",\"@id\":\"https:\\\/\\\/dana.com.br\\\/canaldana\\\/2021\\\/08\\\/19\\\/chinesa-great-wall-compra-a-fabrica-da-mercedes-benz-e-planeja-investir-r-4-bilhoes\\\/#breadcrumb\",\"itemListElement\":[{\"@type\":\"ListItem\",\"position\":1,\"name\":\"Home\",\"item\":\"https:\\\/\\\/dana.com.br\\\/canaldana\\\/\"},{\"@type\":\"ListItem\",\"position\":2,\"name\":\"Destaques\",\"item\":\"https:\\\/\\\/dana.com.br\\\/canaldana\\\/destaques\\\/\"},{\"@type\":\"ListItem\",\"position\":3,\"name\":\"Chinesa Great Wall compra a f\u00e1brica da Mercedes-Benz e planeja investir R$ 4 bilh\u00f5es\"}]},{\"@type\":\"WebSite\",\"@id\":\"https:\\\/\\\/dana.com.br\\\/canaldana\\\/#website\",\"url\":\"https:\\\/\\\/dana.com.br\\\/canaldana\\\/\",\"name\":\"Canal Dana\",\"description\":\"Informativo com as principais not\u00edcias da ind\u00fastria automotiva\",\"potentialAction\":[{\"@type\":\"SearchAction\",\"target\":{\"@type\":\"EntryPoint\",\"urlTemplate\":\"https:\\\/\\\/dana.com.br\\\/canaldana\\\/?s={search_term_string}\"},\"query-input\":{\"@type\":\"PropertyValueSpecification\",\"valueRequired\":true,\"valueName\":\"search_term_string\"}}],\"inLanguage\":\"pt-BR\"},{\"@type\":\"Person\",\"@id\":\"https:\\\/\\\/dana.com.br\\\/canaldana\\\/#\\\/schema\\\/person\\\/3c21f22f56fcf3bc46b94bc60ea4fef6\",\"name\":\"Canal Dana\",\"image\":{\"@type\":\"ImageObject\",\"inLanguage\":\"pt-BR\",\"@id\":\"https:\\\/\\\/secure.gravatar.com\\\/avatar\\\/420aaf9278582877d9018637c6817617705899d2858d7572ef0fe59a6b6454b4?s=96&d=mm&r=g\",\"url\":\"https:\\\/\\\/secure.gravatar.com\\\/avatar\\\/420aaf9278582877d9018637c6817617705899d2858d7572ef0fe59a6b6454b4?s=96&d=mm&r=g\",\"contentUrl\":\"https:\\\/\\\/secure.gravatar.com\\\/avatar\\\/420aaf9278582877d9018637c6817617705899d2858d7572ef0fe59a6b6454b4?s=96&d=mm&r=g\",\"caption\":\"Canal Dana\"},\"url\":\"https:\\\/\\\/dana.com.br\\\/canaldana\\\/author\\\/cdeditor\\\/\"}]}<\/script>\n<!-- \/ Yoast SEO plugin. -->","yoast_head_json":{"title":"Chinesa Great Wall compra a f\u00e1brica da Mercedes-Benz e planeja investir R$ 4 bilh\u00f5es - Canal Dana","robots":{"index":"index","follow":"follow","max-snippet":"max-snippet:-1","max-image-preview":"max-image-preview:large","max-video-preview":"max-video-preview:-1"},"canonical":"https:\/\/dana.com.br\/canaldana\/2021\/08\/19\/chinesa-great-wall-compra-a-fabrica-da-mercedes-benz-e-planeja-investir-r-4-bilhoes\/","og_locale":"pt_BR","og_type":"article","og_title":"Chinesa Great Wall compra a f\u00e1brica da Mercedes-Benz e planeja investir R$ 4 bilh\u00f5es - Canal Dana","og_description":"O Estado de S. Paulo &nbsp; A montadora chinesa Great Wall assinou ontem contrato de compra da f\u00e1brica de autom\u00f3veis de luxo da Mercedes-Benz em Iracem\u00e1polis, no interior de S\u00e3o Paulo, ap\u00f3s dez anos planejando a sua entrada no mercado brasileiro. O valor da aquisi\u00e7\u00e3o n\u00e3o foi revelado. &nbsp; A empresa desembarcou no Brasil com\u2026 Leia mais \u00bb","og_url":"https:\/\/dana.com.br\/canaldana\/2021\/08\/19\/chinesa-great-wall-compra-a-fabrica-da-mercedes-benz-e-planeja-investir-r-4-bilhoes\/","og_site_name":"Canal Dana","article_published_time":"2021-08-19T11:34:11+00:00","author":"Canal Dana","twitter_card":"summary_large_image","twitter_misc":{"Escrito por":"Canal Dana","Est. tempo de leitura":"4 minutos"},"schema":{"@context":"https:\/\/schema.org","@graph":[{"@type":"Article","@id":"https:\/\/dana.com.br\/canaldana\/2021\/08\/19\/chinesa-great-wall-compra-a-fabrica-da-mercedes-benz-e-planeja-investir-r-4-bilhoes\/#article","isPartOf":{"@id":"https:\/\/dana.com.br\/canaldana\/2021\/08\/19\/chinesa-great-wall-compra-a-fabrica-da-mercedes-benz-e-planeja-investir-r-4-bilhoes\/"},"author":{"name":"Canal Dana","@id":"https:\/\/dana.com.br\/canaldana\/#\/schema\/person\/3c21f22f56fcf3bc46b94bc60ea4fef6"},"headline":"Chinesa Great Wall compra a f\u00e1brica da Mercedes-Benz e planeja investir R$ 4 bilh\u00f5es","datePublished":"2021-08-19T11:34:11+00:00","mainEntityOfPage":{"@id":"https:\/\/dana.com.br\/canaldana\/2021\/08\/19\/chinesa-great-wall-compra-a-fabrica-da-mercedes-benz-e-planeja-investir-r-4-bilhoes\/"},"wordCount":747,"articleSection":["Destaques"],"inLanguage":"pt-BR"},{"@type":"WebPage","@id":"https:\/\/dana.com.br\/canaldana\/2021\/08\/19\/chinesa-great-wall-compra-a-fabrica-da-mercedes-benz-e-planeja-investir-r-4-bilhoes\/","url":"https:\/\/dana.com.br\/canaldana\/2021\/08\/19\/chinesa-great-wall-compra-a-fabrica-da-mercedes-benz-e-planeja-investir-r-4-bilhoes\/","name":"Chinesa Great Wall compra a f\u00e1brica da Mercedes-Benz e planeja investir R$ 4 bilh\u00f5es - Canal Dana","isPartOf":{"@id":"https:\/\/dana.com.br\/canaldana\/#website"},"datePublished":"2021-08-19T11:34:11+00:00","author":{"@id":"https:\/\/dana.com.br\/canaldana\/#\/schema\/person\/3c21f22f56fcf3bc46b94bc60ea4fef6"},"breadcrumb":{"@id":"https:\/\/dana.com.br\/canaldana\/2021\/08\/19\/chinesa-great-wall-compra-a-fabrica-da-mercedes-benz-e-planeja-investir-r-4-bilhoes\/#breadcrumb"},"inLanguage":"pt-BR","potentialAction":[{"@type":"ReadAction","target":["https:\/\/dana.com.br\/canaldana\/2021\/08\/19\/chinesa-great-wall-compra-a-fabrica-da-mercedes-benz-e-planeja-investir-r-4-bilhoes\/"]}]},{"@type":"BreadcrumbList","@id":"https:\/\/dana.com.br\/canaldana\/2021\/08\/19\/chinesa-great-wall-compra-a-fabrica-da-mercedes-benz-e-planeja-investir-r-4-bilhoes\/#breadcrumb","itemListElement":[{"@type":"ListItem","position":1,"name":"Home","item":"https:\/\/dana.com.br\/canaldana\/"},{"@type":"ListItem","position":2,"name":"Destaques","item":"https:\/\/dana.com.br\/canaldana\/destaques\/"},{"@type":"ListItem","position":3,"name":"Chinesa Great Wall compra a f\u00e1brica da Mercedes-Benz e planeja investir R$ 4 bilh\u00f5es"}]},{"@type":"WebSite","@id":"https:\/\/dana.com.br\/canaldana\/#website","url":"https:\/\/dana.com.br\/canaldana\/","name":"Canal Dana","description":"Informativo com as principais not\u00edcias da ind\u00fastria automotiva","potentialAction":[{"@type":"SearchAction","target":{"@type":"EntryPoint","urlTemplate":"https:\/\/dana.com.br\/canaldana\/?s={search_term_string}"},"query-input":{"@type":"PropertyValueSpecification","valueRequired":true,"valueName":"search_term_string"}}],"inLanguage":"pt-BR"},{"@type":"Person","@id":"https:\/\/dana.com.br\/canaldana\/#\/schema\/person\/3c21f22f56fcf3bc46b94bc60ea4fef6","name":"Canal Dana","image":{"@type":"ImageObject","inLanguage":"pt-BR","@id":"https:\/\/secure.gravatar.com\/avatar\/420aaf9278582877d9018637c6817617705899d2858d7572ef0fe59a6b6454b4?s=96&d=mm&r=g","url":"https:\/\/secure.gravatar.com\/avatar\/420aaf9278582877d9018637c6817617705899d2858d7572ef0fe59a6b6454b4?s=96&d=mm&r=g","contentUrl":"https:\/\/secure.gravatar.com\/avatar\/420aaf9278582877d9018637c6817617705899d2858d7572ef0fe59a6b6454b4?s=96&d=mm&r=g","caption":"Canal Dana"},"url":"https:\/\/dana.com.br\/canaldana\/author\/cdeditor\/"}]}},"_links":{"self":[{"href":"https:\/\/dana.com.br\/canaldana\/wp-json\/wp\/v2\/posts\/52381","targetHints":{"allow":["GET"]}}],"collection":[{"href":"https:\/\/dana.com.br\/canaldana\/wp-json\/wp\/v2\/posts"}],"about":[{"href":"https:\/\/dana.com.br\/canaldana\/wp-json\/wp\/v2\/types\/post"}],"author":[{"embeddable":true,"href":"https:\/\/dana.com.br\/canaldana\/wp-json\/wp\/v2\/users\/3"}],"replies":[{"embeddable":true,"href":"https:\/\/dana.com.br\/canaldana\/wp-json\/wp\/v2\/comments?post=52381"}],"version-history":[{"count":0,"href":"https:\/\/dana.com.br\/canaldana\/wp-json\/wp\/v2\/posts\/52381\/revisions"}],"wp:attachment":[{"href":"https:\/\/dana.com.br\/canaldana\/wp-json\/wp\/v2\/media?parent=52381"}],"wp:term":[{"taxonomy":"category","embeddable":true,"href":"https:\/\/dana.com.br\/canaldana\/wp-json\/wp\/v2\/categories?post=52381"},{"taxonomy":"post_tag","embeddable":true,"href":"https:\/\/dana.com.br\/canaldana\/wp-json\/wp\/v2\/tags?post=52381"}],"curies":[{"name":"wp","href":"https:\/\/api.w.org\/{rel}","templated":true}]}}