{"id":52294,"date":"2021-08-17T08:24:16","date_gmt":"2021-08-17T11:24:16","guid":{"rendered":"https:\/\/dana.com.br\/canaldana\/?p=52294"},"modified":"2021-08-17T08:24:16","modified_gmt":"2021-08-17T11:24:16","slug":"byd-faz-entrega-50-taxis-100-eletricos-em-santiago-no-chile","status":"publish","type":"post","link":"https:\/\/dana.com.br\/canaldana\/2021\/08\/17\/byd-faz-entrega-50-taxis-100-eletricos-em-santiago-no-chile\/","title":{"rendered":"BYD faz entrega 50 T\u00e1xis 100% el\u00e9tricos em Santiago, no Chile"},"content":{"rendered":"<p><em>Revista Torque<\/em><\/p>\n<p>&nbsp;<\/p>\n<p>Recentemente, o Chile celebrou um de seus marcos mais significativos para o transporte p\u00fablico sustent\u00e1vel. Gra\u00e7as ao Programa \u201cMeu T\u00e1xi El\u00e9trico\u201d, uma iniciativa do Minist\u00e9rio da Energia que visa promover os t\u00e1xis el\u00e9tricos no transporte p\u00fablico, foram entregues os primeiros 50 ve\u00edculos el\u00e9tricos BYD e5 para substituir os cl\u00e1ssicos t\u00e1xis pretos de Santiago.<\/p>\n<p>&nbsp;<\/p>\n<p>Durante a cerim\u00f4nia de lan\u00e7amento, chefiada pelo Sr. Juan Carlos Jobet, Ministro de Energia e Minas, e pela Sra. Gloria Hutt, Ministra dos Transportes e Telecomunica\u00e7\u00f5es, os ve\u00edculos BYD foram entregues aos seus propriet\u00e1rios.<\/p>\n<p>&nbsp;<\/p>\n<p>\u201cHoje \u00e9 um dia hist\u00f3rico para o Chile. Os tradicionais t\u00e1xis com teto preto e amarelo ser\u00e3o substitu\u00eddos por carros 100% el\u00e9tricos com teto verde. Essa contribui\u00e7\u00e3o ambiental ser\u00e1 fundamental para descontaminar nossas cidades, tornando-as mais silenciosas e limpas. Isso sem d\u00favida vai melhorar a qualidade de vida das pessoas\u201d, afirma o ministro Jobet. Ele destacou que, \u201ccom este programa, n\u00e3o s\u00f3 reduzimos as barreiras econ\u00f4micas e tecnol\u00f3gicas para que os taxistas tenham acesso aos ve\u00edculos el\u00e9tricos, mas tamb\u00e9m contribuiremos para os nossos objetivos de mobilidade el\u00e9trica. O Chili est\u00e1 empenhado em alcan\u00e7ar transporte p\u00fablico 100% el\u00e9trico at\u00e9 2040\u201d.<\/p>\n<p>&nbsp;<\/p>\n<p>O Ministro Hutt enfatizou que esta valiosa iniciativa \u201csegue o mandato do governo de melhorar o transporte p\u00fablico e facilitar a prote\u00e7\u00e3o do meio ambiente. A mobilidade el\u00e9trica \u00e9 uma tend\u00eancia mundial que, no Chile, avan\u00e7a a passos firmes, principalmente no transporte p\u00fablico, e podemos dizer com orgulho que, nesse sentido, nosso pa\u00eds \u00e9 pioneiro na Am\u00e9rica Latina\u201d.<\/p>\n<p>&nbsp;<\/p>\n<p>As autoridades tamb\u00e9m anunciaram que o programa deve se expandir para outras cidades, come\u00e7ando com a substitui\u00e7\u00e3o dos t\u00e1xis em Valpara\u00edso, Ays\u00e9n e Los R\u00edos. Al\u00e9m disso, a iniciativa continuar\u00e1 a se desenvolver na Regi\u00e3o Metropolitana.<\/p>\n<p>&nbsp;<\/p>\n<p>A primeira vers\u00e3o do Programa \u201cMeu T\u00e1xi El\u00e9trico\u201d beneficiou 50 taxistas, que receberam cofinanciamento de at\u00e9 US$ 10.000 cada um para trocar um t\u00e1xi b\u00e1sico por um BYD e5 el\u00e9trico. Tamb\u00e9m incluiu a instala\u00e7\u00e3o de um carregador el\u00e9trico dom\u00e9stico e o monitoramento do ve\u00edculo el\u00e9trico adquirido por um ano.<\/p>\n<p>&nbsp;<\/p>\n<p>O Sr. Sergio Rivero, benefici\u00e1rio do Programa, agradeceu a iniciativa, comentando: \u201cAgrade\u00e7o a ajuda deste cofinanciamento e espero que todos os outros motoristas possam desfrutar dos t\u00e1xis de emiss\u00e3o zero. Dirigir um carro el\u00e9trico \u00e9 muito confort\u00e1vel e, para os passageiros, tamb\u00e9m ser\u00e1 uma \u00f3tima experi\u00eancia\u201d.<\/p>\n<p>&nbsp;<\/p>\n<p>A Gerente executiva da BYD Chile, Sra. Tamra Berr\u00edos, destacou que \u201co desafio para a dissemina\u00e7\u00e3o da mobilidade el\u00e9trica requer alian\u00e7as e estrat\u00e9gias vinculadas a pol\u00edticas p\u00fablicas. Em linha com o compromisso que a BYD assumiu h\u00e1 4 anos como apoiador da mobilidade el\u00e9trica no Chile, hoje podemos dizer que colaboramos com sucesso com o transporte de emiss\u00e3o zero, n\u00e3o s\u00f3 em frotas de \u00f4nibus, mas tamb\u00e9m com a grande frota inaugural de t\u00e1xis em Santiago. Isso n\u00e3o teria sido poss\u00edvel sem o apoio da Ag\u00eancia de Sustentabilidade Energ\u00e9tica e do governo do Chile, que promoveu os benef\u00edcios da mudan\u00e7a tecnol\u00f3gica para os operadores de t\u00e1xi\u201d.<\/p>\n<p>&nbsp;<\/p>\n<p>Com 455 \u00f4nibus e 50 t\u00e1xis em opera\u00e7\u00e3o na capital chilena, a BYD Chile \u00e9 hoje l\u00edder consolidada em mobilidade el\u00e9trica na Am\u00e9rica Latina. Em abril de 2019, o Presidente do Chile, Sebasti\u00e1n Pi\u00f1era, fez uma visita exclusiva \u00e0 sede global da BYD em Shenzhen como parte de uma visita de estado \u00e0 China, enfatizando as \u201coportunidades ilimitadas\u201d para coopera\u00e7\u00e3o futura entre o Chile e a BYD.<\/p>\n<p>&nbsp;<\/p>\n<p>De acordo com Adalberto Maluf, Diretor de Marketing e Sustentabilidade da BYD, \u201cRecentemente, a BYD comemorou a marca de 1.000.000 de autom\u00f3veis produzidos. Isto representa que a eletromobilidade se consolida como a principal tend\u00eancia do setor automotivo globalmente. A BYD se orgulha de ser pioneira e uma das maiores fabricantes de ve\u00edculos el\u00e9tricos da hist\u00f3ria. Ficamos muito felizes em ver o setor de transporte reduzindo sua pegada de carbono no mundo.\u201d<\/p>\n<p>&nbsp;<\/p>\n<p>Os ve\u00edculos 100% el\u00e9tricos da BYD agora atendem com sucesso os mercados em muitos pa\u00edses da Am\u00e9rica Latina, incluindo Chile, Col\u00f4mbia, Argentina, Brasil, Equador e Uruguai. Globalmente, os \u00f4nibus, t\u00e1xis e outros ve\u00edculos 100% el\u00e9tricos da BYD se espalharam por mais de 300 cidades, em mais de 50 pa\u00edses e regi\u00f5es. (Revista Torque)<\/p>\n","protected":false},"excerpt":{"rendered":"<p>Revista Torque &nbsp; Recentemente, o Chile celebrou um de seus marcos mais significativos para o transporte p\u00fablico sustent\u00e1vel. Gra\u00e7as ao Programa \u201cMeu T\u00e1xi El\u00e9trico\u201d, uma iniciativa do Minist\u00e9rio da Energia que visa promover os t\u00e1xis el\u00e9tricos no transporte p\u00fablico, foram entregues os primeiros 50 ve\u00edculos el\u00e9tricos BYD e5 para substituir os cl\u00e1ssicos t\u00e1xis pretos de\u2026 <a class=\"readmore\" href=\"https:\/\/dana.com.br\/canaldana\/2021\/08\/17\/byd-faz-entrega-50-taxis-100-eletricos-em-santiago-no-chile\/\">Leia mais \u00bb<\/a><\/p>\n","protected":false},"author":3,"featured_media":0,"comment_status":"closed","ping_status":"closed","sticky":false,"template":"","format":"standard","meta":{"_acf_changed":false,"footnotes":""},"categories":[110],"tags":[],"class_list":["post-52294","post","type-post","status-publish","format-standard","hentry","category-eletricos"],"acf":[],"yoast_head":"<!-- This site is optimized with the Yoast SEO plugin v27.3 - https:\/\/yoast.com\/product\/yoast-seo-wordpress\/ -->\n<title>BYD faz entrega 50 T\u00e1xis 100% el\u00e9tricos em Santiago, no Chile - Canal Dana<\/title>\n<meta name=\"robots\" content=\"index, follow, max-snippet:-1, max-image-preview:large, max-video-preview:-1\" \/>\n<link rel=\"canonical\" href=\"https:\/\/dana.com.br\/canaldana\/2021\/08\/17\/byd-faz-entrega-50-taxis-100-eletricos-em-santiago-no-chile\/\" \/>\n<meta property=\"og:locale\" content=\"pt_BR\" \/>\n<meta property=\"og:type\" content=\"article\" \/>\n<meta property=\"og:title\" content=\"BYD faz entrega 50 T\u00e1xis 100% el\u00e9tricos em Santiago, no Chile - Canal Dana\" \/>\n<meta property=\"og:description\" content=\"Revista Torque &nbsp; Recentemente, o Chile celebrou um de seus marcos mais significativos para o transporte p\u00fablico sustent\u00e1vel. Gra\u00e7as ao Programa \u201cMeu T\u00e1xi El\u00e9trico\u201d, uma iniciativa do Minist\u00e9rio da Energia que visa promover os t\u00e1xis el\u00e9tricos no transporte p\u00fablico, foram entregues os primeiros 50 ve\u00edculos el\u00e9tricos BYD e5 para substituir os cl\u00e1ssicos t\u00e1xis pretos de\u2026 Leia mais \u00bb\" \/>\n<meta property=\"og:url\" content=\"https:\/\/dana.com.br\/canaldana\/2021\/08\/17\/byd-faz-entrega-50-taxis-100-eletricos-em-santiago-no-chile\/\" \/>\n<meta property=\"og:site_name\" content=\"Canal Dana\" \/>\n<meta property=\"article:published_time\" content=\"2021-08-17T11:24:16+00:00\" \/>\n<meta name=\"author\" content=\"Canal Dana\" \/>\n<meta name=\"twitter:card\" content=\"summary_large_image\" \/>\n<meta name=\"twitter:label1\" content=\"Escrito por\" \/>\n\t<meta name=\"twitter:data1\" content=\"Canal Dana\" \/>\n\t<meta name=\"twitter:label2\" content=\"Est. tempo de leitura\" \/>\n\t<meta name=\"twitter:data2\" content=\"4 minutos\" \/>\n<script type=\"application\/ld+json\" class=\"yoast-schema-graph\">{\"@context\":\"https:\\\/\\\/schema.org\",\"@graph\":[{\"@type\":\"Article\",\"@id\":\"https:\\\/\\\/dana.com.br\\\/canaldana\\\/2021\\\/08\\\/17\\\/byd-faz-entrega-50-taxis-100-eletricos-em-santiago-no-chile\\\/#article\",\"isPartOf\":{\"@id\":\"https:\\\/\\\/dana.com.br\\\/canaldana\\\/2021\\\/08\\\/17\\\/byd-faz-entrega-50-taxis-100-eletricos-em-santiago-no-chile\\\/\"},\"author\":{\"name\":\"Canal Dana\",\"@id\":\"https:\\\/\\\/dana.com.br\\\/canaldana\\\/#\\\/schema\\\/person\\\/3c21f22f56fcf3bc46b94bc60ea4fef6\"},\"headline\":\"BYD faz entrega 50 T\u00e1xis 100% el\u00e9tricos em Santiago, no Chile\",\"datePublished\":\"2021-08-17T11:24:16+00:00\",\"mainEntityOfPage\":{\"@id\":\"https:\\\/\\\/dana.com.br\\\/canaldana\\\/2021\\\/08\\\/17\\\/byd-faz-entrega-50-taxis-100-eletricos-em-santiago-no-chile\\\/\"},\"wordCount\":789,\"articleSection\":[\"El\u00e9tricos\"],\"inLanguage\":\"pt-BR\"},{\"@type\":\"WebPage\",\"@id\":\"https:\\\/\\\/dana.com.br\\\/canaldana\\\/2021\\\/08\\\/17\\\/byd-faz-entrega-50-taxis-100-eletricos-em-santiago-no-chile\\\/\",\"url\":\"https:\\\/\\\/dana.com.br\\\/canaldana\\\/2021\\\/08\\\/17\\\/byd-faz-entrega-50-taxis-100-eletricos-em-santiago-no-chile\\\/\",\"name\":\"BYD faz entrega 50 T\u00e1xis 100% el\u00e9tricos em Santiago, no Chile - Canal Dana\",\"isPartOf\":{\"@id\":\"https:\\\/\\\/dana.com.br\\\/canaldana\\\/#website\"},\"datePublished\":\"2021-08-17T11:24:16+00:00\",\"author\":{\"@id\":\"https:\\\/\\\/dana.com.br\\\/canaldana\\\/#\\\/schema\\\/person\\\/3c21f22f56fcf3bc46b94bc60ea4fef6\"},\"breadcrumb\":{\"@id\":\"https:\\\/\\\/dana.com.br\\\/canaldana\\\/2021\\\/08\\\/17\\\/byd-faz-entrega-50-taxis-100-eletricos-em-santiago-no-chile\\\/#breadcrumb\"},\"inLanguage\":\"pt-BR\",\"potentialAction\":[{\"@type\":\"ReadAction\",\"target\":[\"https:\\\/\\\/dana.com.br\\\/canaldana\\\/2021\\\/08\\\/17\\\/byd-faz-entrega-50-taxis-100-eletricos-em-santiago-no-chile\\\/\"]}]},{\"@type\":\"BreadcrumbList\",\"@id\":\"https:\\\/\\\/dana.com.br\\\/canaldana\\\/2021\\\/08\\\/17\\\/byd-faz-entrega-50-taxis-100-eletricos-em-santiago-no-chile\\\/#breadcrumb\",\"itemListElement\":[{\"@type\":\"ListItem\",\"position\":1,\"name\":\"Home\",\"item\":\"https:\\\/\\\/dana.com.br\\\/canaldana\\\/\"},{\"@type\":\"ListItem\",\"position\":2,\"name\":\"El\u00e9tricos\",\"item\":\"https:\\\/\\\/dana.com.br\\\/canaldana\\\/eletricos\\\/\"},{\"@type\":\"ListItem\",\"position\":3,\"name\":\"BYD faz entrega 50 T\u00e1xis 100% el\u00e9tricos em Santiago, no Chile\"}]},{\"@type\":\"WebSite\",\"@id\":\"https:\\\/\\\/dana.com.br\\\/canaldana\\\/#website\",\"url\":\"https:\\\/\\\/dana.com.br\\\/canaldana\\\/\",\"name\":\"Canal Dana\",\"description\":\"Informativo com as principais not\u00edcias da ind\u00fastria automotiva\",\"potentialAction\":[{\"@type\":\"SearchAction\",\"target\":{\"@type\":\"EntryPoint\",\"urlTemplate\":\"https:\\\/\\\/dana.com.br\\\/canaldana\\\/?s={search_term_string}\"},\"query-input\":{\"@type\":\"PropertyValueSpecification\",\"valueRequired\":true,\"valueName\":\"search_term_string\"}}],\"inLanguage\":\"pt-BR\"},{\"@type\":\"Person\",\"@id\":\"https:\\\/\\\/dana.com.br\\\/canaldana\\\/#\\\/schema\\\/person\\\/3c21f22f56fcf3bc46b94bc60ea4fef6\",\"name\":\"Canal Dana\",\"image\":{\"@type\":\"ImageObject\",\"inLanguage\":\"pt-BR\",\"@id\":\"https:\\\/\\\/secure.gravatar.com\\\/avatar\\\/420aaf9278582877d9018637c6817617705899d2858d7572ef0fe59a6b6454b4?s=96&d=mm&r=g\",\"url\":\"https:\\\/\\\/secure.gravatar.com\\\/avatar\\\/420aaf9278582877d9018637c6817617705899d2858d7572ef0fe59a6b6454b4?s=96&d=mm&r=g\",\"contentUrl\":\"https:\\\/\\\/secure.gravatar.com\\\/avatar\\\/420aaf9278582877d9018637c6817617705899d2858d7572ef0fe59a6b6454b4?s=96&d=mm&r=g\",\"caption\":\"Canal Dana\"},\"url\":\"https:\\\/\\\/dana.com.br\\\/canaldana\\\/author\\\/cdeditor\\\/\"}]}<\/script>\n<!-- \/ Yoast SEO plugin. -->","yoast_head_json":{"title":"BYD faz entrega 50 T\u00e1xis 100% el\u00e9tricos em Santiago, no Chile - Canal Dana","robots":{"index":"index","follow":"follow","max-snippet":"max-snippet:-1","max-image-preview":"max-image-preview:large","max-video-preview":"max-video-preview:-1"},"canonical":"https:\/\/dana.com.br\/canaldana\/2021\/08\/17\/byd-faz-entrega-50-taxis-100-eletricos-em-santiago-no-chile\/","og_locale":"pt_BR","og_type":"article","og_title":"BYD faz entrega 50 T\u00e1xis 100% el\u00e9tricos em Santiago, no Chile - Canal Dana","og_description":"Revista Torque &nbsp; Recentemente, o Chile celebrou um de seus marcos mais significativos para o transporte p\u00fablico sustent\u00e1vel. Gra\u00e7as ao Programa \u201cMeu T\u00e1xi El\u00e9trico\u201d, uma iniciativa do Minist\u00e9rio da Energia que visa promover os t\u00e1xis el\u00e9tricos no transporte p\u00fablico, foram entregues os primeiros 50 ve\u00edculos el\u00e9tricos BYD e5 para substituir os cl\u00e1ssicos t\u00e1xis pretos de\u2026 Leia mais \u00bb","og_url":"https:\/\/dana.com.br\/canaldana\/2021\/08\/17\/byd-faz-entrega-50-taxis-100-eletricos-em-santiago-no-chile\/","og_site_name":"Canal Dana","article_published_time":"2021-08-17T11:24:16+00:00","author":"Canal Dana","twitter_card":"summary_large_image","twitter_misc":{"Escrito por":"Canal Dana","Est. tempo de leitura":"4 minutos"},"schema":{"@context":"https:\/\/schema.org","@graph":[{"@type":"Article","@id":"https:\/\/dana.com.br\/canaldana\/2021\/08\/17\/byd-faz-entrega-50-taxis-100-eletricos-em-santiago-no-chile\/#article","isPartOf":{"@id":"https:\/\/dana.com.br\/canaldana\/2021\/08\/17\/byd-faz-entrega-50-taxis-100-eletricos-em-santiago-no-chile\/"},"author":{"name":"Canal Dana","@id":"https:\/\/dana.com.br\/canaldana\/#\/schema\/person\/3c21f22f56fcf3bc46b94bc60ea4fef6"},"headline":"BYD faz entrega 50 T\u00e1xis 100% el\u00e9tricos em Santiago, no Chile","datePublished":"2021-08-17T11:24:16+00:00","mainEntityOfPage":{"@id":"https:\/\/dana.com.br\/canaldana\/2021\/08\/17\/byd-faz-entrega-50-taxis-100-eletricos-em-santiago-no-chile\/"},"wordCount":789,"articleSection":["El\u00e9tricos"],"inLanguage":"pt-BR"},{"@type":"WebPage","@id":"https:\/\/dana.com.br\/canaldana\/2021\/08\/17\/byd-faz-entrega-50-taxis-100-eletricos-em-santiago-no-chile\/","url":"https:\/\/dana.com.br\/canaldana\/2021\/08\/17\/byd-faz-entrega-50-taxis-100-eletricos-em-santiago-no-chile\/","name":"BYD faz entrega 50 T\u00e1xis 100% el\u00e9tricos em Santiago, no Chile - Canal Dana","isPartOf":{"@id":"https:\/\/dana.com.br\/canaldana\/#website"},"datePublished":"2021-08-17T11:24:16+00:00","author":{"@id":"https:\/\/dana.com.br\/canaldana\/#\/schema\/person\/3c21f22f56fcf3bc46b94bc60ea4fef6"},"breadcrumb":{"@id":"https:\/\/dana.com.br\/canaldana\/2021\/08\/17\/byd-faz-entrega-50-taxis-100-eletricos-em-santiago-no-chile\/#breadcrumb"},"inLanguage":"pt-BR","potentialAction":[{"@type":"ReadAction","target":["https:\/\/dana.com.br\/canaldana\/2021\/08\/17\/byd-faz-entrega-50-taxis-100-eletricos-em-santiago-no-chile\/"]}]},{"@type":"BreadcrumbList","@id":"https:\/\/dana.com.br\/canaldana\/2021\/08\/17\/byd-faz-entrega-50-taxis-100-eletricos-em-santiago-no-chile\/#breadcrumb","itemListElement":[{"@type":"ListItem","position":1,"name":"Home","item":"https:\/\/dana.com.br\/canaldana\/"},{"@type":"ListItem","position":2,"name":"El\u00e9tricos","item":"https:\/\/dana.com.br\/canaldana\/eletricos\/"},{"@type":"ListItem","position":3,"name":"BYD faz entrega 50 T\u00e1xis 100% el\u00e9tricos em Santiago, no Chile"}]},{"@type":"WebSite","@id":"https:\/\/dana.com.br\/canaldana\/#website","url":"https:\/\/dana.com.br\/canaldana\/","name":"Canal Dana","description":"Informativo com as principais not\u00edcias da ind\u00fastria automotiva","potentialAction":[{"@type":"SearchAction","target":{"@type":"EntryPoint","urlTemplate":"https:\/\/dana.com.br\/canaldana\/?s={search_term_string}"},"query-input":{"@type":"PropertyValueSpecification","valueRequired":true,"valueName":"search_term_string"}}],"inLanguage":"pt-BR"},{"@type":"Person","@id":"https:\/\/dana.com.br\/canaldana\/#\/schema\/person\/3c21f22f56fcf3bc46b94bc60ea4fef6","name":"Canal Dana","image":{"@type":"ImageObject","inLanguage":"pt-BR","@id":"https:\/\/secure.gravatar.com\/avatar\/420aaf9278582877d9018637c6817617705899d2858d7572ef0fe59a6b6454b4?s=96&d=mm&r=g","url":"https:\/\/secure.gravatar.com\/avatar\/420aaf9278582877d9018637c6817617705899d2858d7572ef0fe59a6b6454b4?s=96&d=mm&r=g","contentUrl":"https:\/\/secure.gravatar.com\/avatar\/420aaf9278582877d9018637c6817617705899d2858d7572ef0fe59a6b6454b4?s=96&d=mm&r=g","caption":"Canal Dana"},"url":"https:\/\/dana.com.br\/canaldana\/author\/cdeditor\/"}]}},"_links":{"self":[{"href":"https:\/\/dana.com.br\/canaldana\/wp-json\/wp\/v2\/posts\/52294","targetHints":{"allow":["GET"]}}],"collection":[{"href":"https:\/\/dana.com.br\/canaldana\/wp-json\/wp\/v2\/posts"}],"about":[{"href":"https:\/\/dana.com.br\/canaldana\/wp-json\/wp\/v2\/types\/post"}],"author":[{"embeddable":true,"href":"https:\/\/dana.com.br\/canaldana\/wp-json\/wp\/v2\/users\/3"}],"replies":[{"embeddable":true,"href":"https:\/\/dana.com.br\/canaldana\/wp-json\/wp\/v2\/comments?post=52294"}],"version-history":[{"count":0,"href":"https:\/\/dana.com.br\/canaldana\/wp-json\/wp\/v2\/posts\/52294\/revisions"}],"wp:attachment":[{"href":"https:\/\/dana.com.br\/canaldana\/wp-json\/wp\/v2\/media?parent=52294"}],"wp:term":[{"taxonomy":"category","embeddable":true,"href":"https:\/\/dana.com.br\/canaldana\/wp-json\/wp\/v2\/categories?post=52294"},{"taxonomy":"post_tag","embeddable":true,"href":"https:\/\/dana.com.br\/canaldana\/wp-json\/wp\/v2\/tags?post=52294"}],"curies":[{"name":"wp","href":"https:\/\/api.w.org\/{rel}","templated":true}]}}