{"id":52206,"date":"2021-08-12T09:15:06","date_gmt":"2021-08-12T12:15:06","guid":{"rendered":"https:\/\/dana.com.br\/canaldana\/?p=52206"},"modified":"2021-08-12T09:15:06","modified_gmt":"2021-08-12T12:15:06","slug":"abraciclo-reve-projecao-e-preve-superar-producao-pre-pandemia","status":"publish","type":"post","link":"https:\/\/dana.com.br\/canaldana\/2021\/08\/12\/abraciclo-reve-projecao-e-preve-superar-producao-pre-pandemia\/","title":{"rendered":"Abraciclo rev\u00ea proje\u00e7\u00e3o e prev\u00ea superar produ\u00e7\u00e3o pr\u00e9-pandemia"},"content":{"rendered":"<p><em>AutoInd\u00fastria <\/em><\/p>\n<p>&nbsp;<\/p>\n<p>Apesar de ainda conviver com restri\u00e7\u00f5es por causa das medidas de isolamento social impostas pela pandemia, a ind\u00fastria de motocicletas est\u00e1 comemorando a demanda crescente no mercado brasileiro e prev\u00ea ampliar a produ\u00e7\u00e3o este ano acima do previsto inicialmente.<\/p>\n<p>&nbsp;<\/p>\n<p>Ante proje\u00e7\u00e3o anterior de fabricar 1.060.000 unidades, a Abraciclo programa agora 1.220.000, o que representar\u00e1 crescimento de 26% sobre 2020 (961 mil) e desempenho superior ao de 2019 (1.127.000), superando assim volumes pr\u00e9-pandemia. O setor est\u00e1 ampliando o n\u00edvel de emprego, com 20,1 mil postos de trabalho atualmente, incluindo contratados, terceirizados e tempor\u00e1rios, 3,8 mil a mais do que os 16,3 mil de 2020.<\/p>\n<p>&nbsp;<\/p>\n<p>Assim como os demais segmentos automotivos, o setor enfrenta problemas com falta de pe\u00e7as e insumos, conforme admite o presidente da entidade, Marcos Fermanian. Ele explica, contudo, que a produ\u00e7\u00e3o verticalizada das f\u00e1bricas de Manaus, AM, permite que as empresas \u201cadministrem bem a escassez de componentes\u201d, sem enfrentar problemas de paralisa\u00e7\u00f5es nas linhas como ocorre nas montadoras de autom\u00f3veis.<\/p>\n<p>&nbsp;<\/p>\n<p>A Abraciclo tamb\u00e9m revisou para cima as metas de vendas internas e externas, estimando agora 1.140.000 emplacamentos este ano, alta de 24,6% em rela\u00e7\u00e3o aos 915.157 de 2020. A proje\u00e7\u00e3o anterior era de 180 mil unidades. As exporta\u00e7\u00f5es devem atingir 51 mil unidades, crescimento de 51,1% sobre o ano passado (33.750). Tamb\u00e9m nesses dois casos os volumes est\u00e3o acima dos registrados em 2019.<\/p>\n<p>&nbsp;<\/p>\n<p>O presidente da Abraciclo voltou a lembrar que o mercado de motos acabou sendo favorecido pela pandemia, devido ao aumento dos servi\u00e7os delivey e tamb\u00e9m pela maior procura pelo ve\u00edculo por parte de quem quer evitar o transporte p\u00fablico. Tamb\u00e9m lembrou que os n\u00fameros atuais, apesar de positivo, ainda est\u00e3o vem aqu\u00e9m do recorde de 2011, quando o setor produziu 2 milh\u00f5es de unidades.<\/p>\n<p>&nbsp;<\/p>\n<p><strong>Dados do m\u00eas e do acumulado<\/strong><\/p>\n<p>&nbsp;<\/p>\n<p>Balan\u00e7o divulgado nesta quarta-feira, 11, pela Abraciclo mostra que foram produzidas 95.025 motocicletas em julho, volume 9,9% inferior ao registrado em junho (105.450 unidades) e 3% menor na compara\u00e7\u00e3o com o mesmo m\u00eas do ano passado (97.920 motocicletas).<\/p>\n<p>&nbsp;<\/p>\n<p>Fermanian explica que esse recuo na produ\u00e7\u00e3o j\u00e1 era esperado devido \u00e0s f\u00e9rias coletivas das f\u00e1bricas no per\u00edodo. No acumulado do ano, a ind\u00fastria fabricou 663.888 unidades, alta de 35,4% em rela\u00e7\u00e3o a 2020 (490.137) e o melhor resultado para os primeiros sete meses do ano desde 2015.<\/p>\n<p>&nbsp;<\/p>\n<p>Os emplacamentos em julho somaram 112.538 unidades, com aumento de 5,5% em rela\u00e7\u00e3o ao m\u00eas anterior (106.680 motocicletas) e de 32,2% sobre o mesmo m\u00eas do ano passado (85.148).<\/p>\n<p>&nbsp;<\/p>\n<p>Segundo a entidade, esse foi o melhor resultado para o m\u00eas desde 2014 (121.012 unidades). No acumulado do ano, foram licenciadas 629.692 motos, 44,7% a mais do que as 435.289 unidades emplacadas no mesmo per\u00edodo de 2020. Nesse mesmo comparativo as exporta\u00e7\u00f5es cresceram 115,4%, com 32.286 embarques este ano.<\/p>\n<p>&nbsp;<\/p>\n<p>A Argentina lidera o ranking dos destinos, com 9.445 unidades e 29,7% do volume total exportado. Na sequ\u00eancia, ficaram a Col\u00f4mbia (7.039 unidades e 22,1% das exporta\u00e7\u00f5es) e Estados Unidos (6.570 unidades e 20,7%). (AutoInd\u00fastria\/Alzira Rodrigues)<\/p>\n","protected":false},"excerpt":{"rendered":"<p>AutoInd\u00fastria &nbsp; Apesar de ainda conviver com restri\u00e7\u00f5es por causa das medidas de isolamento social impostas pela pandemia, a ind\u00fastria de motocicletas est\u00e1 comemorando a demanda crescente no mercado brasileiro e prev\u00ea ampliar a produ\u00e7\u00e3o este ano acima do previsto inicialmente. &nbsp; Ante proje\u00e7\u00e3o anterior de fabricar 1.060.000 unidades, a Abraciclo programa agora 1.220.000, o\u2026 <a class=\"readmore\" href=\"https:\/\/dana.com.br\/canaldana\/2021\/08\/12\/abraciclo-reve-projecao-e-preve-superar-producao-pre-pandemia\/\">Leia mais \u00bb<\/a><\/p>\n","protected":false},"author":3,"featured_media":0,"comment_status":"closed","ping_status":"closed","sticky":false,"template":"","format":"standard","meta":{"_acf_changed":false,"footnotes":""},"categories":[79],"tags":[],"class_list":["post-52206","post","type-post","status-publish","format-standard","hentry","category-mercado"],"acf":[],"yoast_head":"<!-- This site is optimized with the Yoast SEO plugin v27.3 - https:\/\/yoast.com\/product\/yoast-seo-wordpress\/ -->\n<title>Abraciclo rev\u00ea proje\u00e7\u00e3o e prev\u00ea superar produ\u00e7\u00e3o pr\u00e9-pandemia - Canal Dana<\/title>\n<meta name=\"robots\" content=\"index, follow, max-snippet:-1, max-image-preview:large, max-video-preview:-1\" \/>\n<link rel=\"canonical\" href=\"https:\/\/dana.com.br\/canaldana\/2021\/08\/12\/abraciclo-reve-projecao-e-preve-superar-producao-pre-pandemia\/\" \/>\n<meta property=\"og:locale\" content=\"pt_BR\" \/>\n<meta property=\"og:type\" content=\"article\" \/>\n<meta property=\"og:title\" content=\"Abraciclo rev\u00ea proje\u00e7\u00e3o e prev\u00ea superar produ\u00e7\u00e3o pr\u00e9-pandemia - Canal Dana\" \/>\n<meta property=\"og:description\" content=\"AutoInd\u00fastria &nbsp; Apesar de ainda conviver com restri\u00e7\u00f5es por causa das medidas de isolamento social impostas pela pandemia, a ind\u00fastria de motocicletas est\u00e1 comemorando a demanda crescente no mercado brasileiro e prev\u00ea ampliar a produ\u00e7\u00e3o este ano acima do previsto inicialmente. &nbsp; Ante proje\u00e7\u00e3o anterior de fabricar 1.060.000 unidades, a Abraciclo programa agora 1.220.000, o\u2026 Leia mais \u00bb\" \/>\n<meta property=\"og:url\" content=\"https:\/\/dana.com.br\/canaldana\/2021\/08\/12\/abraciclo-reve-projecao-e-preve-superar-producao-pre-pandemia\/\" \/>\n<meta property=\"og:site_name\" content=\"Canal Dana\" \/>\n<meta property=\"article:published_time\" content=\"2021-08-12T12:15:06+00:00\" \/>\n<meta name=\"author\" content=\"Canal Dana\" \/>\n<meta name=\"twitter:card\" content=\"summary_large_image\" \/>\n<meta name=\"twitter:label1\" content=\"Escrito por\" \/>\n\t<meta name=\"twitter:data1\" content=\"Canal Dana\" \/>\n\t<meta name=\"twitter:label2\" content=\"Est. tempo de leitura\" \/>\n\t<meta name=\"twitter:data2\" content=\"3 minutos\" \/>\n<script type=\"application\/ld+json\" class=\"yoast-schema-graph\">{\"@context\":\"https:\\\/\\\/schema.org\",\"@graph\":[{\"@type\":\"Article\",\"@id\":\"https:\\\/\\\/dana.com.br\\\/canaldana\\\/2021\\\/08\\\/12\\\/abraciclo-reve-projecao-e-preve-superar-producao-pre-pandemia\\\/#article\",\"isPartOf\":{\"@id\":\"https:\\\/\\\/dana.com.br\\\/canaldana\\\/2021\\\/08\\\/12\\\/abraciclo-reve-projecao-e-preve-superar-producao-pre-pandemia\\\/\"},\"author\":{\"name\":\"Canal Dana\",\"@id\":\"https:\\\/\\\/dana.com.br\\\/canaldana\\\/#\\\/schema\\\/person\\\/3c21f22f56fcf3bc46b94bc60ea4fef6\"},\"headline\":\"Abraciclo rev\u00ea proje\u00e7\u00e3o e prev\u00ea superar produ\u00e7\u00e3o pr\u00e9-pandemia\",\"datePublished\":\"2021-08-12T12:15:06+00:00\",\"mainEntityOfPage\":{\"@id\":\"https:\\\/\\\/dana.com.br\\\/canaldana\\\/2021\\\/08\\\/12\\\/abraciclo-reve-projecao-e-preve-superar-producao-pre-pandemia\\\/\"},\"wordCount\":515,\"articleSection\":[\"Mercado\"],\"inLanguage\":\"pt-BR\"},{\"@type\":\"WebPage\",\"@id\":\"https:\\\/\\\/dana.com.br\\\/canaldana\\\/2021\\\/08\\\/12\\\/abraciclo-reve-projecao-e-preve-superar-producao-pre-pandemia\\\/\",\"url\":\"https:\\\/\\\/dana.com.br\\\/canaldana\\\/2021\\\/08\\\/12\\\/abraciclo-reve-projecao-e-preve-superar-producao-pre-pandemia\\\/\",\"name\":\"Abraciclo rev\u00ea proje\u00e7\u00e3o e prev\u00ea superar produ\u00e7\u00e3o pr\u00e9-pandemia - Canal Dana\",\"isPartOf\":{\"@id\":\"https:\\\/\\\/dana.com.br\\\/canaldana\\\/#website\"},\"datePublished\":\"2021-08-12T12:15:06+00:00\",\"author\":{\"@id\":\"https:\\\/\\\/dana.com.br\\\/canaldana\\\/#\\\/schema\\\/person\\\/3c21f22f56fcf3bc46b94bc60ea4fef6\"},\"breadcrumb\":{\"@id\":\"https:\\\/\\\/dana.com.br\\\/canaldana\\\/2021\\\/08\\\/12\\\/abraciclo-reve-projecao-e-preve-superar-producao-pre-pandemia\\\/#breadcrumb\"},\"inLanguage\":\"pt-BR\",\"potentialAction\":[{\"@type\":\"ReadAction\",\"target\":[\"https:\\\/\\\/dana.com.br\\\/canaldana\\\/2021\\\/08\\\/12\\\/abraciclo-reve-projecao-e-preve-superar-producao-pre-pandemia\\\/\"]}]},{\"@type\":\"BreadcrumbList\",\"@id\":\"https:\\\/\\\/dana.com.br\\\/canaldana\\\/2021\\\/08\\\/12\\\/abraciclo-reve-projecao-e-preve-superar-producao-pre-pandemia\\\/#breadcrumb\",\"itemListElement\":[{\"@type\":\"ListItem\",\"position\":1,\"name\":\"Home\",\"item\":\"https:\\\/\\\/dana.com.br\\\/canaldana\\\/\"},{\"@type\":\"ListItem\",\"position\":2,\"name\":\"Mercado\",\"item\":\"https:\\\/\\\/dana.com.br\\\/canaldana\\\/mercado\\\/\"},{\"@type\":\"ListItem\",\"position\":3,\"name\":\"Abraciclo rev\u00ea proje\u00e7\u00e3o e prev\u00ea superar produ\u00e7\u00e3o pr\u00e9-pandemia\"}]},{\"@type\":\"WebSite\",\"@id\":\"https:\\\/\\\/dana.com.br\\\/canaldana\\\/#website\",\"url\":\"https:\\\/\\\/dana.com.br\\\/canaldana\\\/\",\"name\":\"Canal Dana\",\"description\":\"Informativo com as principais not\u00edcias da ind\u00fastria automotiva\",\"potentialAction\":[{\"@type\":\"SearchAction\",\"target\":{\"@type\":\"EntryPoint\",\"urlTemplate\":\"https:\\\/\\\/dana.com.br\\\/canaldana\\\/?s={search_term_string}\"},\"query-input\":{\"@type\":\"PropertyValueSpecification\",\"valueRequired\":true,\"valueName\":\"search_term_string\"}}],\"inLanguage\":\"pt-BR\"},{\"@type\":\"Person\",\"@id\":\"https:\\\/\\\/dana.com.br\\\/canaldana\\\/#\\\/schema\\\/person\\\/3c21f22f56fcf3bc46b94bc60ea4fef6\",\"name\":\"Canal Dana\",\"image\":{\"@type\":\"ImageObject\",\"inLanguage\":\"pt-BR\",\"@id\":\"https:\\\/\\\/secure.gravatar.com\\\/avatar\\\/420aaf9278582877d9018637c6817617705899d2858d7572ef0fe59a6b6454b4?s=96&d=mm&r=g\",\"url\":\"https:\\\/\\\/secure.gravatar.com\\\/avatar\\\/420aaf9278582877d9018637c6817617705899d2858d7572ef0fe59a6b6454b4?s=96&d=mm&r=g\",\"contentUrl\":\"https:\\\/\\\/secure.gravatar.com\\\/avatar\\\/420aaf9278582877d9018637c6817617705899d2858d7572ef0fe59a6b6454b4?s=96&d=mm&r=g\",\"caption\":\"Canal Dana\"},\"url\":\"https:\\\/\\\/dana.com.br\\\/canaldana\\\/author\\\/cdeditor\\\/\"}]}<\/script>\n<!-- \/ Yoast SEO plugin. -->","yoast_head_json":{"title":"Abraciclo rev\u00ea proje\u00e7\u00e3o e prev\u00ea superar produ\u00e7\u00e3o pr\u00e9-pandemia - Canal Dana","robots":{"index":"index","follow":"follow","max-snippet":"max-snippet:-1","max-image-preview":"max-image-preview:large","max-video-preview":"max-video-preview:-1"},"canonical":"https:\/\/dana.com.br\/canaldana\/2021\/08\/12\/abraciclo-reve-projecao-e-preve-superar-producao-pre-pandemia\/","og_locale":"pt_BR","og_type":"article","og_title":"Abraciclo rev\u00ea proje\u00e7\u00e3o e prev\u00ea superar produ\u00e7\u00e3o pr\u00e9-pandemia - Canal Dana","og_description":"AutoInd\u00fastria &nbsp; Apesar de ainda conviver com restri\u00e7\u00f5es por causa das medidas de isolamento social impostas pela pandemia, a ind\u00fastria de motocicletas est\u00e1 comemorando a demanda crescente no mercado brasileiro e prev\u00ea ampliar a produ\u00e7\u00e3o este ano acima do previsto inicialmente. &nbsp; Ante proje\u00e7\u00e3o anterior de fabricar 1.060.000 unidades, a Abraciclo programa agora 1.220.000, o\u2026 Leia mais \u00bb","og_url":"https:\/\/dana.com.br\/canaldana\/2021\/08\/12\/abraciclo-reve-projecao-e-preve-superar-producao-pre-pandemia\/","og_site_name":"Canal Dana","article_published_time":"2021-08-12T12:15:06+00:00","author":"Canal Dana","twitter_card":"summary_large_image","twitter_misc":{"Escrito por":"Canal Dana","Est. tempo de leitura":"3 minutos"},"schema":{"@context":"https:\/\/schema.org","@graph":[{"@type":"Article","@id":"https:\/\/dana.com.br\/canaldana\/2021\/08\/12\/abraciclo-reve-projecao-e-preve-superar-producao-pre-pandemia\/#article","isPartOf":{"@id":"https:\/\/dana.com.br\/canaldana\/2021\/08\/12\/abraciclo-reve-projecao-e-preve-superar-producao-pre-pandemia\/"},"author":{"name":"Canal Dana","@id":"https:\/\/dana.com.br\/canaldana\/#\/schema\/person\/3c21f22f56fcf3bc46b94bc60ea4fef6"},"headline":"Abraciclo rev\u00ea proje\u00e7\u00e3o e prev\u00ea superar produ\u00e7\u00e3o pr\u00e9-pandemia","datePublished":"2021-08-12T12:15:06+00:00","mainEntityOfPage":{"@id":"https:\/\/dana.com.br\/canaldana\/2021\/08\/12\/abraciclo-reve-projecao-e-preve-superar-producao-pre-pandemia\/"},"wordCount":515,"articleSection":["Mercado"],"inLanguage":"pt-BR"},{"@type":"WebPage","@id":"https:\/\/dana.com.br\/canaldana\/2021\/08\/12\/abraciclo-reve-projecao-e-preve-superar-producao-pre-pandemia\/","url":"https:\/\/dana.com.br\/canaldana\/2021\/08\/12\/abraciclo-reve-projecao-e-preve-superar-producao-pre-pandemia\/","name":"Abraciclo rev\u00ea proje\u00e7\u00e3o e prev\u00ea superar produ\u00e7\u00e3o pr\u00e9-pandemia - Canal Dana","isPartOf":{"@id":"https:\/\/dana.com.br\/canaldana\/#website"},"datePublished":"2021-08-12T12:15:06+00:00","author":{"@id":"https:\/\/dana.com.br\/canaldana\/#\/schema\/person\/3c21f22f56fcf3bc46b94bc60ea4fef6"},"breadcrumb":{"@id":"https:\/\/dana.com.br\/canaldana\/2021\/08\/12\/abraciclo-reve-projecao-e-preve-superar-producao-pre-pandemia\/#breadcrumb"},"inLanguage":"pt-BR","potentialAction":[{"@type":"ReadAction","target":["https:\/\/dana.com.br\/canaldana\/2021\/08\/12\/abraciclo-reve-projecao-e-preve-superar-producao-pre-pandemia\/"]}]},{"@type":"BreadcrumbList","@id":"https:\/\/dana.com.br\/canaldana\/2021\/08\/12\/abraciclo-reve-projecao-e-preve-superar-producao-pre-pandemia\/#breadcrumb","itemListElement":[{"@type":"ListItem","position":1,"name":"Home","item":"https:\/\/dana.com.br\/canaldana\/"},{"@type":"ListItem","position":2,"name":"Mercado","item":"https:\/\/dana.com.br\/canaldana\/mercado\/"},{"@type":"ListItem","position":3,"name":"Abraciclo rev\u00ea proje\u00e7\u00e3o e prev\u00ea superar produ\u00e7\u00e3o pr\u00e9-pandemia"}]},{"@type":"WebSite","@id":"https:\/\/dana.com.br\/canaldana\/#website","url":"https:\/\/dana.com.br\/canaldana\/","name":"Canal Dana","description":"Informativo com as principais not\u00edcias da ind\u00fastria automotiva","potentialAction":[{"@type":"SearchAction","target":{"@type":"EntryPoint","urlTemplate":"https:\/\/dana.com.br\/canaldana\/?s={search_term_string}"},"query-input":{"@type":"PropertyValueSpecification","valueRequired":true,"valueName":"search_term_string"}}],"inLanguage":"pt-BR"},{"@type":"Person","@id":"https:\/\/dana.com.br\/canaldana\/#\/schema\/person\/3c21f22f56fcf3bc46b94bc60ea4fef6","name":"Canal Dana","image":{"@type":"ImageObject","inLanguage":"pt-BR","@id":"https:\/\/secure.gravatar.com\/avatar\/420aaf9278582877d9018637c6817617705899d2858d7572ef0fe59a6b6454b4?s=96&d=mm&r=g","url":"https:\/\/secure.gravatar.com\/avatar\/420aaf9278582877d9018637c6817617705899d2858d7572ef0fe59a6b6454b4?s=96&d=mm&r=g","contentUrl":"https:\/\/secure.gravatar.com\/avatar\/420aaf9278582877d9018637c6817617705899d2858d7572ef0fe59a6b6454b4?s=96&d=mm&r=g","caption":"Canal Dana"},"url":"https:\/\/dana.com.br\/canaldana\/author\/cdeditor\/"}]}},"_links":{"self":[{"href":"https:\/\/dana.com.br\/canaldana\/wp-json\/wp\/v2\/posts\/52206","targetHints":{"allow":["GET"]}}],"collection":[{"href":"https:\/\/dana.com.br\/canaldana\/wp-json\/wp\/v2\/posts"}],"about":[{"href":"https:\/\/dana.com.br\/canaldana\/wp-json\/wp\/v2\/types\/post"}],"author":[{"embeddable":true,"href":"https:\/\/dana.com.br\/canaldana\/wp-json\/wp\/v2\/users\/3"}],"replies":[{"embeddable":true,"href":"https:\/\/dana.com.br\/canaldana\/wp-json\/wp\/v2\/comments?post=52206"}],"version-history":[{"count":0,"href":"https:\/\/dana.com.br\/canaldana\/wp-json\/wp\/v2\/posts\/52206\/revisions"}],"wp:attachment":[{"href":"https:\/\/dana.com.br\/canaldana\/wp-json\/wp\/v2\/media?parent=52206"}],"wp:term":[{"taxonomy":"category","embeddable":true,"href":"https:\/\/dana.com.br\/canaldana\/wp-json\/wp\/v2\/categories?post=52206"},{"taxonomy":"post_tag","embeddable":true,"href":"https:\/\/dana.com.br\/canaldana\/wp-json\/wp\/v2\/tags?post=52206"}],"curies":[{"name":"wp","href":"https:\/\/api.w.org\/{rel}","templated":true}]}}