{"id":52156,"date":"2021-08-11T08:37:52","date_gmt":"2021-08-11T11:37:52","guid":{"rendered":"https:\/\/dana.com.br\/canaldana\/?p=52156"},"modified":"2021-08-11T08:37:52","modified_gmt":"2021-08-11T11:37:52","slug":"por-que-a-industria-automotiva-esta-aprendendo-a-trabalhar-com-servicos-como-o-aluguel","status":"publish","type":"post","link":"https:\/\/dana.com.br\/canaldana\/2021\/08\/11\/por-que-a-industria-automotiva-esta-aprendendo-a-trabalhar-com-servicos-como-o-aluguel\/","title":{"rendered":"Por que a ind\u00fastria automotiva est\u00e1 aprendendo a trabalhar com servi\u00e7os, como o aluguel?"},"content":{"rendered":"<p><em>O Estado de S. Paulo<\/em><\/p>\n<p>&nbsp;<\/p>\n<p>Durante muitos anos, o carro foi um objeto de desejo, um s\u00edmbolo de status para muitas pessoas. Mas essa situa\u00e7\u00e3o est\u00e1 mudando. Uma pesquisa realizada pela Turbi mapeou que 74% dos seis mil entrevistados declararam que o ve\u00edculo passou a ser um servi\u00e7o e n\u00e3o um bem. Entre esse p\u00fablico estavam, inclusive, pessoas que t\u00eam um autom\u00f3vel.<\/p>\n<p>&nbsp;<\/p>\n<p>Essa mudan\u00e7a de pensamento tem provocado impacto negativo nas vendas dos ve\u00edculos e, consequentemente, no faturamento das montadoras. Com a pandemia, que veio acompanhada de necessidade de distanciamento social, incertezas financeiras e promessa de mais flexibilidade quanto ao trabalho presencial, essa situa\u00e7\u00e3o tem se agravado ainda mais.<\/p>\n<p>&nbsp;<\/p>\n<p>No primeiro trimestre de 2021, por exemplo, a queda nas vendas de ve\u00edculos foi de 5,4% em compara\u00e7\u00e3o ao mesmo per\u00edodo do ano passado, de acordo com dados Anfavea. Para ampliar as oportunidades de neg\u00f3cio e se adequar ao novo perfil de consumidor, algumas montadoras criaram suas pr\u00f3prias concession\u00e1rias e divis\u00f5es de aluguel de carros.<\/p>\n<p>&nbsp;<\/p>\n<p>Essa amplia\u00e7\u00e3o de oferta de servi\u00e7os \u00e9 \u00f3tima para o consumidor e para a competitividade do mercado. Mas essas rela\u00e7\u00f5es s\u00f3 ser\u00e3o saud\u00e1veis se houver a devida profissionaliza\u00e7\u00e3o em todos os players, com personaliza\u00e7\u00e3o e qualidade no atendimento. Al\u00e9m, \u00e9 claro, de pol\u00edticas justas e padronizadas aqueles que comprovarem operar com boas pr\u00e1ticas, independentemente de seu porte.<\/p>\n<p>&nbsp;<\/p>\n<p>No segmento de aluguel de ve\u00edculos, a opera\u00e7\u00e3o das grandes locadoras tende a ser mais estruturada. Nelas, por exemplo, existem especialistas e sistemas capazes de prever com bastante anteced\u00eancia as necessidades de reparo ou troca dos autom\u00f3veis da frota. Algo que minimiza as chances de ter dentro de casa carros com condi\u00e7\u00f5es de uso inadequadas.<\/p>\n<p>&nbsp;<\/p>\n<p>Ciente da profissionaliza\u00e7\u00e3o das grandes locadoras e da entrada das montadoras no ramo, a recomenda\u00e7\u00e3o \u00e9 que as pequenas e m\u00e9dias empresas de aluguel de carro partam em busca, tamb\u00e9m, da profissionaliza\u00e7\u00e3o da opera\u00e7\u00e3o. \u00c9 poss\u00edvel fazer isso por conta pr\u00f3pria, mas sempre \u00e9 bom considerar contar com o apoio de uma consultoria.<\/p>\n<p>&nbsp;<\/p>\n<p>Esse apoio especializado \u00e9 \u00fatil tanto para resolver desafios individuais quanto para ter uma melhor representatividade de quest\u00f5es que possam afligir l\u00edderes de neg\u00f3cio das pequenas e m\u00e9dias empresas de aluguel de carros. O que n\u00e3o d\u00e1 \u00e9 para ficar de bra\u00e7os cruzados acompanhando pol\u00edticas de cotas para atender o setor de servi\u00e7os, limitando pedidos de compra para autom\u00f3veis para determinados grupos, enquanto todos j\u00e1 sofrem com s\u00e9rios atrasos nas montadoras.<\/p>\n<p>&nbsp;<\/p>\n<p>A reflex\u00e3o foi lan\u00e7ada, sem o objetivo de polemizar, mas de equiparar os direitos. Acredito que, com bom senso, planejamento e uma boa gest\u00e3o, \u00e9 poss\u00edvel atravessar esse dif\u00edcil momento que o mercado est\u00e1 vivendo e preparar-se para a nova onda de consumidores, cada vez mais interessados no carro como servi\u00e7o. (O Estado de S. Paulo\/Andr\u00e9 Ricardo, Arti CEO da Solution4Fleet)<\/p>\n","protected":false},"excerpt":{"rendered":"<p>O Estado de S. Paulo &nbsp; Durante muitos anos, o carro foi um objeto de desejo, um s\u00edmbolo de status para muitas pessoas. Mas essa situa\u00e7\u00e3o est\u00e1 mudando. Uma pesquisa realizada pela Turbi mapeou que 74% dos seis mil entrevistados declararam que o ve\u00edculo passou a ser um servi\u00e7o e n\u00e3o um bem. Entre esse\u2026 <a class=\"readmore\" href=\"https:\/\/dana.com.br\/canaldana\/2021\/08\/11\/por-que-a-industria-automotiva-esta-aprendendo-a-trabalhar-com-servicos-como-o-aluguel\/\">Leia mais \u00bb<\/a><\/p>\n","protected":false},"author":3,"featured_media":0,"comment_status":"closed","ping_status":"closed","sticky":false,"template":"","format":"standard","meta":{"_acf_changed":false,"footnotes":""},"categories":[100],"tags":[],"class_list":["post-52156","post","type-post","status-publish","format-standard","hentry","category-artigo"],"acf":[],"yoast_head":"<!-- This site is optimized with the Yoast SEO plugin v27.3 - https:\/\/yoast.com\/product\/yoast-seo-wordpress\/ -->\n<title>Por que a ind\u00fastria automotiva est\u00e1 aprendendo a trabalhar com servi\u00e7os, como o aluguel? - Canal Dana<\/title>\n<meta name=\"robots\" content=\"index, follow, max-snippet:-1, max-image-preview:large, max-video-preview:-1\" \/>\n<link rel=\"canonical\" href=\"https:\/\/dana.com.br\/canaldana\/2021\/08\/11\/por-que-a-industria-automotiva-esta-aprendendo-a-trabalhar-com-servicos-como-o-aluguel\/\" \/>\n<meta property=\"og:locale\" content=\"pt_BR\" \/>\n<meta property=\"og:type\" content=\"article\" \/>\n<meta property=\"og:title\" content=\"Por que a ind\u00fastria automotiva est\u00e1 aprendendo a trabalhar com servi\u00e7os, como o aluguel? - Canal Dana\" \/>\n<meta property=\"og:description\" content=\"O Estado de S. Paulo &nbsp; Durante muitos anos, o carro foi um objeto de desejo, um s\u00edmbolo de status para muitas pessoas. Mas essa situa\u00e7\u00e3o est\u00e1 mudando. Uma pesquisa realizada pela Turbi mapeou que 74% dos seis mil entrevistados declararam que o ve\u00edculo passou a ser um servi\u00e7o e n\u00e3o um bem. Entre esse\u2026 Leia mais \u00bb\" \/>\n<meta property=\"og:url\" content=\"https:\/\/dana.com.br\/canaldana\/2021\/08\/11\/por-que-a-industria-automotiva-esta-aprendendo-a-trabalhar-com-servicos-como-o-aluguel\/\" \/>\n<meta property=\"og:site_name\" content=\"Canal Dana\" \/>\n<meta property=\"article:published_time\" content=\"2021-08-11T11:37:52+00:00\" \/>\n<meta name=\"author\" content=\"Canal Dana\" \/>\n<meta name=\"twitter:card\" content=\"summary_large_image\" \/>\n<meta name=\"twitter:label1\" content=\"Escrito por\" \/>\n\t<meta name=\"twitter:data1\" content=\"Canal Dana\" \/>\n\t<meta name=\"twitter:label2\" content=\"Est. tempo de leitura\" \/>\n\t<meta name=\"twitter:data2\" content=\"3 minutos\" \/>\n<script type=\"application\/ld+json\" class=\"yoast-schema-graph\">{\"@context\":\"https:\\\/\\\/schema.org\",\"@graph\":[{\"@type\":\"Article\",\"@id\":\"https:\\\/\\\/dana.com.br\\\/canaldana\\\/2021\\\/08\\\/11\\\/por-que-a-industria-automotiva-esta-aprendendo-a-trabalhar-com-servicos-como-o-aluguel\\\/#article\",\"isPartOf\":{\"@id\":\"https:\\\/\\\/dana.com.br\\\/canaldana\\\/2021\\\/08\\\/11\\\/por-que-a-industria-automotiva-esta-aprendendo-a-trabalhar-com-servicos-como-o-aluguel\\\/\"},\"author\":{\"name\":\"Canal Dana\",\"@id\":\"https:\\\/\\\/dana.com.br\\\/canaldana\\\/#\\\/schema\\\/person\\\/3c21f22f56fcf3bc46b94bc60ea4fef6\"},\"headline\":\"Por que a ind\u00fastria automotiva est\u00e1 aprendendo a trabalhar com servi\u00e7os, como o aluguel?\",\"datePublished\":\"2021-08-11T11:37:52+00:00\",\"mainEntityOfPage\":{\"@id\":\"https:\\\/\\\/dana.com.br\\\/canaldana\\\/2021\\\/08\\\/11\\\/por-que-a-industria-automotiva-esta-aprendendo-a-trabalhar-com-servicos-como-o-aluguel\\\/\"},\"wordCount\":533,\"articleSection\":[\"Artigo\"],\"inLanguage\":\"pt-BR\"},{\"@type\":\"WebPage\",\"@id\":\"https:\\\/\\\/dana.com.br\\\/canaldana\\\/2021\\\/08\\\/11\\\/por-que-a-industria-automotiva-esta-aprendendo-a-trabalhar-com-servicos-como-o-aluguel\\\/\",\"url\":\"https:\\\/\\\/dana.com.br\\\/canaldana\\\/2021\\\/08\\\/11\\\/por-que-a-industria-automotiva-esta-aprendendo-a-trabalhar-com-servicos-como-o-aluguel\\\/\",\"name\":\"Por que a ind\u00fastria automotiva est\u00e1 aprendendo a trabalhar com servi\u00e7os, como o aluguel? - Canal Dana\",\"isPartOf\":{\"@id\":\"https:\\\/\\\/dana.com.br\\\/canaldana\\\/#website\"},\"datePublished\":\"2021-08-11T11:37:52+00:00\",\"author\":{\"@id\":\"https:\\\/\\\/dana.com.br\\\/canaldana\\\/#\\\/schema\\\/person\\\/3c21f22f56fcf3bc46b94bc60ea4fef6\"},\"breadcrumb\":{\"@id\":\"https:\\\/\\\/dana.com.br\\\/canaldana\\\/2021\\\/08\\\/11\\\/por-que-a-industria-automotiva-esta-aprendendo-a-trabalhar-com-servicos-como-o-aluguel\\\/#breadcrumb\"},\"inLanguage\":\"pt-BR\",\"potentialAction\":[{\"@type\":\"ReadAction\",\"target\":[\"https:\\\/\\\/dana.com.br\\\/canaldana\\\/2021\\\/08\\\/11\\\/por-que-a-industria-automotiva-esta-aprendendo-a-trabalhar-com-servicos-como-o-aluguel\\\/\"]}]},{\"@type\":\"BreadcrumbList\",\"@id\":\"https:\\\/\\\/dana.com.br\\\/canaldana\\\/2021\\\/08\\\/11\\\/por-que-a-industria-automotiva-esta-aprendendo-a-trabalhar-com-servicos-como-o-aluguel\\\/#breadcrumb\",\"itemListElement\":[{\"@type\":\"ListItem\",\"position\":1,\"name\":\"Home\",\"item\":\"https:\\\/\\\/dana.com.br\\\/canaldana\\\/\"},{\"@type\":\"ListItem\",\"position\":2,\"name\":\"Artigo\",\"item\":\"https:\\\/\\\/dana.com.br\\\/canaldana\\\/artigo\\\/\"},{\"@type\":\"ListItem\",\"position\":3,\"name\":\"Por que a ind\u00fastria automotiva est\u00e1 aprendendo a trabalhar com servi\u00e7os, como o aluguel?\"}]},{\"@type\":\"WebSite\",\"@id\":\"https:\\\/\\\/dana.com.br\\\/canaldana\\\/#website\",\"url\":\"https:\\\/\\\/dana.com.br\\\/canaldana\\\/\",\"name\":\"Canal Dana\",\"description\":\"Informativo com as principais not\u00edcias da ind\u00fastria automotiva\",\"potentialAction\":[{\"@type\":\"SearchAction\",\"target\":{\"@type\":\"EntryPoint\",\"urlTemplate\":\"https:\\\/\\\/dana.com.br\\\/canaldana\\\/?s={search_term_string}\"},\"query-input\":{\"@type\":\"PropertyValueSpecification\",\"valueRequired\":true,\"valueName\":\"search_term_string\"}}],\"inLanguage\":\"pt-BR\"},{\"@type\":\"Person\",\"@id\":\"https:\\\/\\\/dana.com.br\\\/canaldana\\\/#\\\/schema\\\/person\\\/3c21f22f56fcf3bc46b94bc60ea4fef6\",\"name\":\"Canal Dana\",\"image\":{\"@type\":\"ImageObject\",\"inLanguage\":\"pt-BR\",\"@id\":\"https:\\\/\\\/secure.gravatar.com\\\/avatar\\\/420aaf9278582877d9018637c6817617705899d2858d7572ef0fe59a6b6454b4?s=96&d=mm&r=g\",\"url\":\"https:\\\/\\\/secure.gravatar.com\\\/avatar\\\/420aaf9278582877d9018637c6817617705899d2858d7572ef0fe59a6b6454b4?s=96&d=mm&r=g\",\"contentUrl\":\"https:\\\/\\\/secure.gravatar.com\\\/avatar\\\/420aaf9278582877d9018637c6817617705899d2858d7572ef0fe59a6b6454b4?s=96&d=mm&r=g\",\"caption\":\"Canal Dana\"},\"url\":\"https:\\\/\\\/dana.com.br\\\/canaldana\\\/author\\\/cdeditor\\\/\"}]}<\/script>\n<!-- \/ Yoast SEO plugin. -->","yoast_head_json":{"title":"Por que a ind\u00fastria automotiva est\u00e1 aprendendo a trabalhar com servi\u00e7os, como o aluguel? - Canal Dana","robots":{"index":"index","follow":"follow","max-snippet":"max-snippet:-1","max-image-preview":"max-image-preview:large","max-video-preview":"max-video-preview:-1"},"canonical":"https:\/\/dana.com.br\/canaldana\/2021\/08\/11\/por-que-a-industria-automotiva-esta-aprendendo-a-trabalhar-com-servicos-como-o-aluguel\/","og_locale":"pt_BR","og_type":"article","og_title":"Por que a ind\u00fastria automotiva est\u00e1 aprendendo a trabalhar com servi\u00e7os, como o aluguel? - Canal Dana","og_description":"O Estado de S. Paulo &nbsp; Durante muitos anos, o carro foi um objeto de desejo, um s\u00edmbolo de status para muitas pessoas. Mas essa situa\u00e7\u00e3o est\u00e1 mudando. Uma pesquisa realizada pela Turbi mapeou que 74% dos seis mil entrevistados declararam que o ve\u00edculo passou a ser um servi\u00e7o e n\u00e3o um bem. Entre esse\u2026 Leia mais \u00bb","og_url":"https:\/\/dana.com.br\/canaldana\/2021\/08\/11\/por-que-a-industria-automotiva-esta-aprendendo-a-trabalhar-com-servicos-como-o-aluguel\/","og_site_name":"Canal Dana","article_published_time":"2021-08-11T11:37:52+00:00","author":"Canal Dana","twitter_card":"summary_large_image","twitter_misc":{"Escrito por":"Canal Dana","Est. tempo de leitura":"3 minutos"},"schema":{"@context":"https:\/\/schema.org","@graph":[{"@type":"Article","@id":"https:\/\/dana.com.br\/canaldana\/2021\/08\/11\/por-que-a-industria-automotiva-esta-aprendendo-a-trabalhar-com-servicos-como-o-aluguel\/#article","isPartOf":{"@id":"https:\/\/dana.com.br\/canaldana\/2021\/08\/11\/por-que-a-industria-automotiva-esta-aprendendo-a-trabalhar-com-servicos-como-o-aluguel\/"},"author":{"name":"Canal Dana","@id":"https:\/\/dana.com.br\/canaldana\/#\/schema\/person\/3c21f22f56fcf3bc46b94bc60ea4fef6"},"headline":"Por que a ind\u00fastria automotiva est\u00e1 aprendendo a trabalhar com servi\u00e7os, como o aluguel?","datePublished":"2021-08-11T11:37:52+00:00","mainEntityOfPage":{"@id":"https:\/\/dana.com.br\/canaldana\/2021\/08\/11\/por-que-a-industria-automotiva-esta-aprendendo-a-trabalhar-com-servicos-como-o-aluguel\/"},"wordCount":533,"articleSection":["Artigo"],"inLanguage":"pt-BR"},{"@type":"WebPage","@id":"https:\/\/dana.com.br\/canaldana\/2021\/08\/11\/por-que-a-industria-automotiva-esta-aprendendo-a-trabalhar-com-servicos-como-o-aluguel\/","url":"https:\/\/dana.com.br\/canaldana\/2021\/08\/11\/por-que-a-industria-automotiva-esta-aprendendo-a-trabalhar-com-servicos-como-o-aluguel\/","name":"Por que a ind\u00fastria automotiva est\u00e1 aprendendo a trabalhar com servi\u00e7os, como o aluguel? - Canal Dana","isPartOf":{"@id":"https:\/\/dana.com.br\/canaldana\/#website"},"datePublished":"2021-08-11T11:37:52+00:00","author":{"@id":"https:\/\/dana.com.br\/canaldana\/#\/schema\/person\/3c21f22f56fcf3bc46b94bc60ea4fef6"},"breadcrumb":{"@id":"https:\/\/dana.com.br\/canaldana\/2021\/08\/11\/por-que-a-industria-automotiva-esta-aprendendo-a-trabalhar-com-servicos-como-o-aluguel\/#breadcrumb"},"inLanguage":"pt-BR","potentialAction":[{"@type":"ReadAction","target":["https:\/\/dana.com.br\/canaldana\/2021\/08\/11\/por-que-a-industria-automotiva-esta-aprendendo-a-trabalhar-com-servicos-como-o-aluguel\/"]}]},{"@type":"BreadcrumbList","@id":"https:\/\/dana.com.br\/canaldana\/2021\/08\/11\/por-que-a-industria-automotiva-esta-aprendendo-a-trabalhar-com-servicos-como-o-aluguel\/#breadcrumb","itemListElement":[{"@type":"ListItem","position":1,"name":"Home","item":"https:\/\/dana.com.br\/canaldana\/"},{"@type":"ListItem","position":2,"name":"Artigo","item":"https:\/\/dana.com.br\/canaldana\/artigo\/"},{"@type":"ListItem","position":3,"name":"Por que a ind\u00fastria automotiva est\u00e1 aprendendo a trabalhar com servi\u00e7os, como o aluguel?"}]},{"@type":"WebSite","@id":"https:\/\/dana.com.br\/canaldana\/#website","url":"https:\/\/dana.com.br\/canaldana\/","name":"Canal Dana","description":"Informativo com as principais not\u00edcias da ind\u00fastria automotiva","potentialAction":[{"@type":"SearchAction","target":{"@type":"EntryPoint","urlTemplate":"https:\/\/dana.com.br\/canaldana\/?s={search_term_string}"},"query-input":{"@type":"PropertyValueSpecification","valueRequired":true,"valueName":"search_term_string"}}],"inLanguage":"pt-BR"},{"@type":"Person","@id":"https:\/\/dana.com.br\/canaldana\/#\/schema\/person\/3c21f22f56fcf3bc46b94bc60ea4fef6","name":"Canal Dana","image":{"@type":"ImageObject","inLanguage":"pt-BR","@id":"https:\/\/secure.gravatar.com\/avatar\/420aaf9278582877d9018637c6817617705899d2858d7572ef0fe59a6b6454b4?s=96&d=mm&r=g","url":"https:\/\/secure.gravatar.com\/avatar\/420aaf9278582877d9018637c6817617705899d2858d7572ef0fe59a6b6454b4?s=96&d=mm&r=g","contentUrl":"https:\/\/secure.gravatar.com\/avatar\/420aaf9278582877d9018637c6817617705899d2858d7572ef0fe59a6b6454b4?s=96&d=mm&r=g","caption":"Canal Dana"},"url":"https:\/\/dana.com.br\/canaldana\/author\/cdeditor\/"}]}},"_links":{"self":[{"href":"https:\/\/dana.com.br\/canaldana\/wp-json\/wp\/v2\/posts\/52156","targetHints":{"allow":["GET"]}}],"collection":[{"href":"https:\/\/dana.com.br\/canaldana\/wp-json\/wp\/v2\/posts"}],"about":[{"href":"https:\/\/dana.com.br\/canaldana\/wp-json\/wp\/v2\/types\/post"}],"author":[{"embeddable":true,"href":"https:\/\/dana.com.br\/canaldana\/wp-json\/wp\/v2\/users\/3"}],"replies":[{"embeddable":true,"href":"https:\/\/dana.com.br\/canaldana\/wp-json\/wp\/v2\/comments?post=52156"}],"version-history":[{"count":0,"href":"https:\/\/dana.com.br\/canaldana\/wp-json\/wp\/v2\/posts\/52156\/revisions"}],"wp:attachment":[{"href":"https:\/\/dana.com.br\/canaldana\/wp-json\/wp\/v2\/media?parent=52156"}],"wp:term":[{"taxonomy":"category","embeddable":true,"href":"https:\/\/dana.com.br\/canaldana\/wp-json\/wp\/v2\/categories?post=52156"},{"taxonomy":"post_tag","embeddable":true,"href":"https:\/\/dana.com.br\/canaldana\/wp-json\/wp\/v2\/tags?post=52156"}],"curies":[{"name":"wp","href":"https:\/\/api.w.org\/{rel}","templated":true}]}}