{"id":52127,"date":"2021-08-10T08:06:54","date_gmt":"2021-08-10T11:06:54","guid":{"rendered":"https:\/\/dana.com.br\/canaldana\/?p=52127"},"modified":"2021-08-10T08:06:54","modified_gmt":"2021-08-10T11:06:54","slug":"celula-a-combustivel-com-uso-de-etanol-deve-ser-o-caminho-do-veiculo-eletrico-no-brasil","status":"publish","type":"post","link":"https:\/\/dana.com.br\/canaldana\/2021\/08\/10\/celula-a-combustivel-com-uso-de-etanol-deve-ser-o-caminho-do-veiculo-eletrico-no-brasil\/","title":{"rendered":"C\u00e9lula a combust\u00edvel com uso de etanol deve ser o caminho do ve\u00edculo el\u00e9trico no Brasil"},"content":{"rendered":"<p><em>M\u00eddia Truck Brasil<\/em><\/p>\n<p>&nbsp;<\/p>\n<p>A China est\u00e1 na vanguarda dos ve\u00edculos el\u00e9tricos no mundo, com algumas marcas ofertando diversos modelos de carros com essa tecnologia. Os pa\u00edses europeus, Jap\u00e3o e Estados Unidos tamb\u00e9m s\u00e3o destaques nessa \u00e1rea. No caso do Brasil, segundo o jornalista Boris Feldman, uma proposta difundida \u00e9 o uso do etanol em c\u00e9lulas a combust\u00edvel a hidrog\u00eanio, produzindo energia para movimenta\u00e7\u00e3o do carro e liberando \u00e1gua pelo escapamento. \u201c\u00c9 um caminho interessante para a realidade de nosso pa\u00eds\u201d, disse durante o BW Talks Ve\u00edculo El\u00e9trico: Vai Pegar? promovido pelo Movimento BW, iniciativa da Associa\u00e7\u00e3o Brasileira de Tecnologia para Constru\u00e7\u00e3o e Minera\u00e7\u00e3o (Sobratema), no dia 5 de agosto.<\/p>\n<p>&nbsp;<\/p>\n<p>De acordo com o produtor e apresentador do programa Auto Papo, existem montadoras brasileiras que est\u00e3o realizando parcerias com universidades para o desenvolvimento de c\u00e9lula a combust\u00edvel com etanol. Ele ponderou sobre os benef\u00edcios trazidos pela produ\u00e7\u00e3o da cana, como por exemplo, estar em locais onde antes havia \u00e1reas degradadas e distantes do bioma amaz\u00f4nico. \u201cA \u00cdndia tem interesse em desenvolver um carro flex nos moldes feitos pelo Brasil\u201d.<\/p>\n<p>&nbsp;<\/p>\n<p>Uma das quest\u00f5es que precisam ser sanadas quanto ao ve\u00edculo el\u00e9trico, explicou Feldman, \u00e9 a autonomia, ou seja, a necessidade de uma infraestrutura b\u00e1sica com eletropostos e\/ou locais para recarga de ve\u00edculos, al\u00e9m do desenvolvimento de baterias ainda mais leves e com pot\u00eancias espec\u00edficas. Ele avaliou que diversos fatores influenciam na autonomia estimada pelos fabricantes, como a topografia irregular, o uso do ar-condicionado e de far\u00f3is, entre outros.\u00a0 O recarregamento da bateria varia de acordo com a voltagem, podendo ser de 30 minutos para 80% da bateria em um eletroposto, e at\u00e9 8 horas para a recarga completa em um domic\u00edlio.<\/p>\n<p>&nbsp;<\/p>\n<p>Sobre a quest\u00e3o ambiental, Feldman ponderou que o ve\u00edculo el\u00e9trico pode poluir menos, mas \u00e9 importante olhar o ciclo completo, isto \u00e9, qual \u00e9 o tipo de energia que vai abastecer o carro ou recarregar a bateria. \u201cO ve\u00edculo em si pode n\u00e3o poluir, mas se a fonte energ\u00e9tica for poluidora, o ponto de emiss\u00e3o estar\u00e1 apenas mudando de local e o planeta continuar\u00e1 sofrendo\u201d, ressaltou.<\/p>\n<p>&nbsp;<\/p>\n<p>Para Feldman, o desenvolvimento dos el\u00e9tricos \u00e9 um caminho sem volta, ainda mais com as montadoras incentivando essa rota. Al\u00e9m da quest\u00e3o ambiental, o motor el\u00e9trico tem uma efici\u00eancia entre 90% a 95%, enquanto o motor a combust\u00e3o chega a 45%. \u201c\u00c9 uma nova era e a ind\u00fastria est\u00e1 se adaptando\u201d, pontuou.<\/p>\n<p>&nbsp;<\/p>\n<p>Uma tend\u00eancia trazida por ele foi que o ve\u00edculo migrar de posse para uso, especialmente, pela nova gera\u00e7\u00e3o que possui outro comportamento de consumo. \u201cNos Estados Unidos, houve uma redu\u00e7\u00e3o entre 30% a 40% de jovens em busca de habilita\u00e7\u00e3o\u201d, exemplificou. \u201cAs alternativas s\u00e3o imensas para essa nova era do autom\u00f3vel\u201d, finalizou.<\/p>\n<p>&nbsp;<\/p>\n<p>O BW Talks Ve\u00edculo El\u00e9trico: Vai Pegar? est\u00e1 dispon\u00edvel no site oficial do Movimento BW. (M\u00eddia Truck Brasil\/\u00c9rico Pimenta)<\/p>\n","protected":false},"excerpt":{"rendered":"<p>M\u00eddia Truck Brasil &nbsp; A China est\u00e1 na vanguarda dos ve\u00edculos el\u00e9tricos no mundo, com algumas marcas ofertando diversos modelos de carros com essa tecnologia. Os pa\u00edses europeus, Jap\u00e3o e Estados Unidos tamb\u00e9m s\u00e3o destaques nessa \u00e1rea. No caso do Brasil, segundo o jornalista Boris Feldman, uma proposta difundida \u00e9 o uso do etanol em\u2026 <a class=\"readmore\" href=\"https:\/\/dana.com.br\/canaldana\/2021\/08\/10\/celula-a-combustivel-com-uso-de-etanol-deve-ser-o-caminho-do-veiculo-eletrico-no-brasil\/\">Leia mais \u00bb<\/a><\/p>\n","protected":false},"author":3,"featured_media":0,"comment_status":"closed","ping_status":"closed","sticky":false,"template":"","format":"standard","meta":{"_acf_changed":false,"footnotes":""},"categories":[110],"tags":[],"class_list":["post-52127","post","type-post","status-publish","format-standard","hentry","category-eletricos"],"acf":[],"yoast_head":"<!-- This site is optimized with the Yoast SEO plugin v27.3 - https:\/\/yoast.com\/product\/yoast-seo-wordpress\/ -->\n<title>C\u00e9lula a combust\u00edvel com uso de etanol deve ser o caminho do ve\u00edculo el\u00e9trico no Brasil - Canal Dana<\/title>\n<meta name=\"robots\" content=\"index, follow, max-snippet:-1, max-image-preview:large, max-video-preview:-1\" \/>\n<link rel=\"canonical\" href=\"https:\/\/dana.com.br\/canaldana\/2021\/08\/10\/celula-a-combustivel-com-uso-de-etanol-deve-ser-o-caminho-do-veiculo-eletrico-no-brasil\/\" \/>\n<meta property=\"og:locale\" content=\"pt_BR\" \/>\n<meta property=\"og:type\" content=\"article\" \/>\n<meta property=\"og:title\" content=\"C\u00e9lula a combust\u00edvel com uso de etanol deve ser o caminho do ve\u00edculo el\u00e9trico no Brasil - Canal Dana\" \/>\n<meta property=\"og:description\" content=\"M\u00eddia Truck Brasil &nbsp; A China est\u00e1 na vanguarda dos ve\u00edculos el\u00e9tricos no mundo, com algumas marcas ofertando diversos modelos de carros com essa tecnologia. Os pa\u00edses europeus, Jap\u00e3o e Estados Unidos tamb\u00e9m s\u00e3o destaques nessa \u00e1rea. No caso do Brasil, segundo o jornalista Boris Feldman, uma proposta difundida \u00e9 o uso do etanol em\u2026 Leia mais \u00bb\" \/>\n<meta property=\"og:url\" content=\"https:\/\/dana.com.br\/canaldana\/2021\/08\/10\/celula-a-combustivel-com-uso-de-etanol-deve-ser-o-caminho-do-veiculo-eletrico-no-brasil\/\" \/>\n<meta property=\"og:site_name\" content=\"Canal Dana\" \/>\n<meta property=\"article:published_time\" content=\"2021-08-10T11:06:54+00:00\" \/>\n<meta name=\"author\" content=\"Canal Dana\" \/>\n<meta name=\"twitter:card\" content=\"summary_large_image\" \/>\n<meta name=\"twitter:label1\" content=\"Escrito por\" \/>\n\t<meta name=\"twitter:data1\" content=\"Canal Dana\" \/>\n\t<meta name=\"twitter:label2\" content=\"Est. tempo de leitura\" \/>\n\t<meta name=\"twitter:data2\" content=\"3 minutos\" \/>\n<script type=\"application\/ld+json\" class=\"yoast-schema-graph\">{\"@context\":\"https:\\\/\\\/schema.org\",\"@graph\":[{\"@type\":\"Article\",\"@id\":\"https:\\\/\\\/dana.com.br\\\/canaldana\\\/2021\\\/08\\\/10\\\/celula-a-combustivel-com-uso-de-etanol-deve-ser-o-caminho-do-veiculo-eletrico-no-brasil\\\/#article\",\"isPartOf\":{\"@id\":\"https:\\\/\\\/dana.com.br\\\/canaldana\\\/2021\\\/08\\\/10\\\/celula-a-combustivel-com-uso-de-etanol-deve-ser-o-caminho-do-veiculo-eletrico-no-brasil\\\/\"},\"author\":{\"name\":\"Canal Dana\",\"@id\":\"https:\\\/\\\/dana.com.br\\\/canaldana\\\/#\\\/schema\\\/person\\\/3c21f22f56fcf3bc46b94bc60ea4fef6\"},\"headline\":\"C\u00e9lula a combust\u00edvel com uso de etanol deve ser o caminho do ve\u00edculo el\u00e9trico no Brasil\",\"datePublished\":\"2021-08-10T11:06:54+00:00\",\"mainEntityOfPage\":{\"@id\":\"https:\\\/\\\/dana.com.br\\\/canaldana\\\/2021\\\/08\\\/10\\\/celula-a-combustivel-com-uso-de-etanol-deve-ser-o-caminho-do-veiculo-eletrico-no-brasil\\\/\"},\"wordCount\":538,\"articleSection\":[\"El\u00e9tricos\"],\"inLanguage\":\"pt-BR\"},{\"@type\":\"WebPage\",\"@id\":\"https:\\\/\\\/dana.com.br\\\/canaldana\\\/2021\\\/08\\\/10\\\/celula-a-combustivel-com-uso-de-etanol-deve-ser-o-caminho-do-veiculo-eletrico-no-brasil\\\/\",\"url\":\"https:\\\/\\\/dana.com.br\\\/canaldana\\\/2021\\\/08\\\/10\\\/celula-a-combustivel-com-uso-de-etanol-deve-ser-o-caminho-do-veiculo-eletrico-no-brasil\\\/\",\"name\":\"C\u00e9lula a combust\u00edvel com uso de etanol deve ser o caminho do ve\u00edculo el\u00e9trico no Brasil - Canal Dana\",\"isPartOf\":{\"@id\":\"https:\\\/\\\/dana.com.br\\\/canaldana\\\/#website\"},\"datePublished\":\"2021-08-10T11:06:54+00:00\",\"author\":{\"@id\":\"https:\\\/\\\/dana.com.br\\\/canaldana\\\/#\\\/schema\\\/person\\\/3c21f22f56fcf3bc46b94bc60ea4fef6\"},\"breadcrumb\":{\"@id\":\"https:\\\/\\\/dana.com.br\\\/canaldana\\\/2021\\\/08\\\/10\\\/celula-a-combustivel-com-uso-de-etanol-deve-ser-o-caminho-do-veiculo-eletrico-no-brasil\\\/#breadcrumb\"},\"inLanguage\":\"pt-BR\",\"potentialAction\":[{\"@type\":\"ReadAction\",\"target\":[\"https:\\\/\\\/dana.com.br\\\/canaldana\\\/2021\\\/08\\\/10\\\/celula-a-combustivel-com-uso-de-etanol-deve-ser-o-caminho-do-veiculo-eletrico-no-brasil\\\/\"]}]},{\"@type\":\"BreadcrumbList\",\"@id\":\"https:\\\/\\\/dana.com.br\\\/canaldana\\\/2021\\\/08\\\/10\\\/celula-a-combustivel-com-uso-de-etanol-deve-ser-o-caminho-do-veiculo-eletrico-no-brasil\\\/#breadcrumb\",\"itemListElement\":[{\"@type\":\"ListItem\",\"position\":1,\"name\":\"Home\",\"item\":\"https:\\\/\\\/dana.com.br\\\/canaldana\\\/\"},{\"@type\":\"ListItem\",\"position\":2,\"name\":\"El\u00e9tricos\",\"item\":\"https:\\\/\\\/dana.com.br\\\/canaldana\\\/eletricos\\\/\"},{\"@type\":\"ListItem\",\"position\":3,\"name\":\"C\u00e9lula a combust\u00edvel com uso de etanol deve ser o caminho do ve\u00edculo el\u00e9trico no Brasil\"}]},{\"@type\":\"WebSite\",\"@id\":\"https:\\\/\\\/dana.com.br\\\/canaldana\\\/#website\",\"url\":\"https:\\\/\\\/dana.com.br\\\/canaldana\\\/\",\"name\":\"Canal Dana\",\"description\":\"Informativo com as principais not\u00edcias da ind\u00fastria automotiva\",\"potentialAction\":[{\"@type\":\"SearchAction\",\"target\":{\"@type\":\"EntryPoint\",\"urlTemplate\":\"https:\\\/\\\/dana.com.br\\\/canaldana\\\/?s={search_term_string}\"},\"query-input\":{\"@type\":\"PropertyValueSpecification\",\"valueRequired\":true,\"valueName\":\"search_term_string\"}}],\"inLanguage\":\"pt-BR\"},{\"@type\":\"Person\",\"@id\":\"https:\\\/\\\/dana.com.br\\\/canaldana\\\/#\\\/schema\\\/person\\\/3c21f22f56fcf3bc46b94bc60ea4fef6\",\"name\":\"Canal Dana\",\"image\":{\"@type\":\"ImageObject\",\"inLanguage\":\"pt-BR\",\"@id\":\"https:\\\/\\\/secure.gravatar.com\\\/avatar\\\/420aaf9278582877d9018637c6817617705899d2858d7572ef0fe59a6b6454b4?s=96&d=mm&r=g\",\"url\":\"https:\\\/\\\/secure.gravatar.com\\\/avatar\\\/420aaf9278582877d9018637c6817617705899d2858d7572ef0fe59a6b6454b4?s=96&d=mm&r=g\",\"contentUrl\":\"https:\\\/\\\/secure.gravatar.com\\\/avatar\\\/420aaf9278582877d9018637c6817617705899d2858d7572ef0fe59a6b6454b4?s=96&d=mm&r=g\",\"caption\":\"Canal Dana\"},\"url\":\"https:\\\/\\\/dana.com.br\\\/canaldana\\\/author\\\/cdeditor\\\/\"}]}<\/script>\n<!-- \/ Yoast SEO plugin. -->","yoast_head_json":{"title":"C\u00e9lula a combust\u00edvel com uso de etanol deve ser o caminho do ve\u00edculo el\u00e9trico no Brasil - Canal Dana","robots":{"index":"index","follow":"follow","max-snippet":"max-snippet:-1","max-image-preview":"max-image-preview:large","max-video-preview":"max-video-preview:-1"},"canonical":"https:\/\/dana.com.br\/canaldana\/2021\/08\/10\/celula-a-combustivel-com-uso-de-etanol-deve-ser-o-caminho-do-veiculo-eletrico-no-brasil\/","og_locale":"pt_BR","og_type":"article","og_title":"C\u00e9lula a combust\u00edvel com uso de etanol deve ser o caminho do ve\u00edculo el\u00e9trico no Brasil - Canal Dana","og_description":"M\u00eddia Truck Brasil &nbsp; A China est\u00e1 na vanguarda dos ve\u00edculos el\u00e9tricos no mundo, com algumas marcas ofertando diversos modelos de carros com essa tecnologia. Os pa\u00edses europeus, Jap\u00e3o e Estados Unidos tamb\u00e9m s\u00e3o destaques nessa \u00e1rea. No caso do Brasil, segundo o jornalista Boris Feldman, uma proposta difundida \u00e9 o uso do etanol em\u2026 Leia mais \u00bb","og_url":"https:\/\/dana.com.br\/canaldana\/2021\/08\/10\/celula-a-combustivel-com-uso-de-etanol-deve-ser-o-caminho-do-veiculo-eletrico-no-brasil\/","og_site_name":"Canal Dana","article_published_time":"2021-08-10T11:06:54+00:00","author":"Canal Dana","twitter_card":"summary_large_image","twitter_misc":{"Escrito por":"Canal Dana","Est. tempo de leitura":"3 minutos"},"schema":{"@context":"https:\/\/schema.org","@graph":[{"@type":"Article","@id":"https:\/\/dana.com.br\/canaldana\/2021\/08\/10\/celula-a-combustivel-com-uso-de-etanol-deve-ser-o-caminho-do-veiculo-eletrico-no-brasil\/#article","isPartOf":{"@id":"https:\/\/dana.com.br\/canaldana\/2021\/08\/10\/celula-a-combustivel-com-uso-de-etanol-deve-ser-o-caminho-do-veiculo-eletrico-no-brasil\/"},"author":{"name":"Canal Dana","@id":"https:\/\/dana.com.br\/canaldana\/#\/schema\/person\/3c21f22f56fcf3bc46b94bc60ea4fef6"},"headline":"C\u00e9lula a combust\u00edvel com uso de etanol deve ser o caminho do ve\u00edculo el\u00e9trico no Brasil","datePublished":"2021-08-10T11:06:54+00:00","mainEntityOfPage":{"@id":"https:\/\/dana.com.br\/canaldana\/2021\/08\/10\/celula-a-combustivel-com-uso-de-etanol-deve-ser-o-caminho-do-veiculo-eletrico-no-brasil\/"},"wordCount":538,"articleSection":["El\u00e9tricos"],"inLanguage":"pt-BR"},{"@type":"WebPage","@id":"https:\/\/dana.com.br\/canaldana\/2021\/08\/10\/celula-a-combustivel-com-uso-de-etanol-deve-ser-o-caminho-do-veiculo-eletrico-no-brasil\/","url":"https:\/\/dana.com.br\/canaldana\/2021\/08\/10\/celula-a-combustivel-com-uso-de-etanol-deve-ser-o-caminho-do-veiculo-eletrico-no-brasil\/","name":"C\u00e9lula a combust\u00edvel com uso de etanol deve ser o caminho do ve\u00edculo el\u00e9trico no Brasil - Canal Dana","isPartOf":{"@id":"https:\/\/dana.com.br\/canaldana\/#website"},"datePublished":"2021-08-10T11:06:54+00:00","author":{"@id":"https:\/\/dana.com.br\/canaldana\/#\/schema\/person\/3c21f22f56fcf3bc46b94bc60ea4fef6"},"breadcrumb":{"@id":"https:\/\/dana.com.br\/canaldana\/2021\/08\/10\/celula-a-combustivel-com-uso-de-etanol-deve-ser-o-caminho-do-veiculo-eletrico-no-brasil\/#breadcrumb"},"inLanguage":"pt-BR","potentialAction":[{"@type":"ReadAction","target":["https:\/\/dana.com.br\/canaldana\/2021\/08\/10\/celula-a-combustivel-com-uso-de-etanol-deve-ser-o-caminho-do-veiculo-eletrico-no-brasil\/"]}]},{"@type":"BreadcrumbList","@id":"https:\/\/dana.com.br\/canaldana\/2021\/08\/10\/celula-a-combustivel-com-uso-de-etanol-deve-ser-o-caminho-do-veiculo-eletrico-no-brasil\/#breadcrumb","itemListElement":[{"@type":"ListItem","position":1,"name":"Home","item":"https:\/\/dana.com.br\/canaldana\/"},{"@type":"ListItem","position":2,"name":"El\u00e9tricos","item":"https:\/\/dana.com.br\/canaldana\/eletricos\/"},{"@type":"ListItem","position":3,"name":"C\u00e9lula a combust\u00edvel com uso de etanol deve ser o caminho do ve\u00edculo el\u00e9trico no Brasil"}]},{"@type":"WebSite","@id":"https:\/\/dana.com.br\/canaldana\/#website","url":"https:\/\/dana.com.br\/canaldana\/","name":"Canal Dana","description":"Informativo com as principais not\u00edcias da ind\u00fastria automotiva","potentialAction":[{"@type":"SearchAction","target":{"@type":"EntryPoint","urlTemplate":"https:\/\/dana.com.br\/canaldana\/?s={search_term_string}"},"query-input":{"@type":"PropertyValueSpecification","valueRequired":true,"valueName":"search_term_string"}}],"inLanguage":"pt-BR"},{"@type":"Person","@id":"https:\/\/dana.com.br\/canaldana\/#\/schema\/person\/3c21f22f56fcf3bc46b94bc60ea4fef6","name":"Canal Dana","image":{"@type":"ImageObject","inLanguage":"pt-BR","@id":"https:\/\/secure.gravatar.com\/avatar\/420aaf9278582877d9018637c6817617705899d2858d7572ef0fe59a6b6454b4?s=96&d=mm&r=g","url":"https:\/\/secure.gravatar.com\/avatar\/420aaf9278582877d9018637c6817617705899d2858d7572ef0fe59a6b6454b4?s=96&d=mm&r=g","contentUrl":"https:\/\/secure.gravatar.com\/avatar\/420aaf9278582877d9018637c6817617705899d2858d7572ef0fe59a6b6454b4?s=96&d=mm&r=g","caption":"Canal Dana"},"url":"https:\/\/dana.com.br\/canaldana\/author\/cdeditor\/"}]}},"_links":{"self":[{"href":"https:\/\/dana.com.br\/canaldana\/wp-json\/wp\/v2\/posts\/52127","targetHints":{"allow":["GET"]}}],"collection":[{"href":"https:\/\/dana.com.br\/canaldana\/wp-json\/wp\/v2\/posts"}],"about":[{"href":"https:\/\/dana.com.br\/canaldana\/wp-json\/wp\/v2\/types\/post"}],"author":[{"embeddable":true,"href":"https:\/\/dana.com.br\/canaldana\/wp-json\/wp\/v2\/users\/3"}],"replies":[{"embeddable":true,"href":"https:\/\/dana.com.br\/canaldana\/wp-json\/wp\/v2\/comments?post=52127"}],"version-history":[{"count":0,"href":"https:\/\/dana.com.br\/canaldana\/wp-json\/wp\/v2\/posts\/52127\/revisions"}],"wp:attachment":[{"href":"https:\/\/dana.com.br\/canaldana\/wp-json\/wp\/v2\/media?parent=52127"}],"wp:term":[{"taxonomy":"category","embeddable":true,"href":"https:\/\/dana.com.br\/canaldana\/wp-json\/wp\/v2\/categories?post=52127"},{"taxonomy":"post_tag","embeddable":true,"href":"https:\/\/dana.com.br\/canaldana\/wp-json\/wp\/v2\/tags?post=52127"}],"curies":[{"name":"wp","href":"https:\/\/api.w.org\/{rel}","templated":true}]}}