{"id":52125,"date":"2021-08-10T08:06:26","date_gmt":"2021-08-10T11:06:26","guid":{"rendered":"https:\/\/dana.com.br\/canaldana\/?p=52125"},"modified":"2021-08-10T08:06:26","modified_gmt":"2021-08-10T11:06:26","slug":"gm-sinaliza-que-entrara-no-negocio-de-onibus-escolar-eletrico-nos-eua","status":"publish","type":"post","link":"https:\/\/dana.com.br\/canaldana\/2021\/08\/10\/gm-sinaliza-que-entrara-no-negocio-de-onibus-escolar-eletrico-nos-eua\/","title":{"rendered":"GM sinaliza que entrar\u00e1 no neg\u00f3cio de \u00f4nibus escolar el\u00e9trico nos EUA"},"content":{"rendered":"<p><em>Di\u00e1rio do Transporte<\/em><\/p>\n<p>&nbsp;<\/p>\n<p>A General Motors (GM) est\u00e1 entrando no neg\u00f3cio de \u00f4nibus escolares. Mas aten\u00e7\u00e3o: isso nos Estados Unidos, onde a fabricante constr\u00f3i uma nova plataforma para caminh\u00f5es el\u00e9tricos m\u00e9dios que pode ser usada para \u00f4nibus escolares e outros ve\u00edculos de servi\u00e7o, como caminh\u00f5es ca\u00e7amba.<\/p>\n<p>&nbsp;<\/p>\n<p>A informa\u00e7\u00e3o foi confirmada pela CEO da empresa, Mary Barra, nessa quarta-feira, 04 de agosto de 2021.<\/p>\n<p>&nbsp;<\/p>\n<p>Ela informou que a montadora est\u00e1 desenvolvendo uma plataforma para caminh\u00f5es el\u00e9tricos de m\u00e9dia carga, totalmente el\u00e9tricos ou com c\u00e9lula de combust\u00edvel de hidrog\u00eanio. Essa plataforma poder\u00e1 ser usada para construir \u00f4nibus, guinchos e outros ve\u00edculos de servi\u00e7o.<\/p>\n<p>&nbsp;<\/p>\n<p>Al\u00e9m disso, a GM vai produzir uma van el\u00e9trica com bateria de tamanho normal para a Chevrolet.<\/p>\n<p>&nbsp;<\/p>\n<p>Mary Barra fez a declara\u00e7\u00e3o numa reuni\u00e3o com investidores durante uma teleconfer\u00eancia para apresentar resultados.<\/p>\n<p>&nbsp;<\/p>\n<p>Ela informou que a GM vai manter crescente a participa\u00e7\u00e3o no mercado de frota comercial, e prometeu compartilhar mais detalhes sobre esses produtos \u00e0 medida que a pesquisa e cria\u00e7\u00e3o dos modelos e plataformas avan\u00e7ar.<\/p>\n<p>&nbsp;<\/p>\n<p>Barra n\u00e3o divulgou prazo nem detalhes sobre os ve\u00edculos, mas a GM \u00e9 a primeira das tr\u00eas grandes montadoras americanas a sair na frente no segmento de ve\u00edculos comerciais el\u00e9tricos.<\/p>\n<p>&nbsp;<\/p>\n<p>Esses novos produtos fazem parte de um investimento da empresa para aumentar os gastos com ve\u00edculos el\u00e9tricos e aut\u00f4nomos em 30%, saltando para US$ 35 bilh\u00f5es at\u00e9 2025.<\/p>\n<p>&nbsp;<\/p>\n<p>O caminh\u00e3o m\u00e9dio ser\u00e1 oferecido na vers\u00e3o el\u00e9trica com baterias Ultium Cells da GM e tamb\u00e9m c\u00e9lulas de combust\u00edvel Hydrotec. A van, segundo Mary Barra, \u201csuperar\u00e1 as expectativas\u201d de seus clientes que compraram pequenas vans da GM nos \u00faltimos anos.<\/p>\n<p>&nbsp;<\/p>\n<p>A expectativa nos EUA \u00e9 que o mercado comercial seja uma \u00e1rea de grande crescimento para Ve\u00edculos El\u00e9tricos. E a GM n\u00e3o est\u00e1 sozinha: a Rivian, empresa com apoio da Amazon, faz parte desse esfor\u00e7o, ao lado de fabricantes automotivos tradicionais, como a Ford Motor e a Daimler, que anunciaram planos de entrar no segmento.<\/p>\n<p>&nbsp;<\/p>\n<p>Por fim, Mary Barra garantiu que a falta de chips n\u00e3o atrasar\u00e1 a produ\u00e7\u00e3o de ve\u00edculos el\u00e9tricos nos EUA.<\/p>\n<p>&nbsp;<\/p>\n<p><strong>Proterra <\/strong><\/p>\n<p>&nbsp;<\/p>\n<p>Interessante lembrar que a GM, em 2011, forneceu parte do capital em um investimento de risco conjunto de 30 milh\u00f5es de d\u00f3lares em uma empresa produtora de \u00f4nibus el\u00e9tricos. A parte da GM foi de 6 milh\u00f5es de d\u00f3lares, e o interesse da fabricante era apoiar tecnologias que apoiassem a inova\u00e7\u00e3o na ind\u00fastria de transporte global.<\/p>\n<p>&nbsp;<\/p>\n<p>Por outro lado, \u00e9 curioso ver hoje o interesse da GM em \u00f4nibus el\u00e9tricos. Afinal, a montadora foi a principal for\u00e7a por tr\u00e1s de um esquema que comprava bondes el\u00e9tricos nas cidades dos Estados Unidos para substitu\u00ed-los por \u00f4nibus com motor de combust\u00e3o interna.<\/p>\n<p>&nbsp;<\/p>\n<p>Documentos da justi\u00e7a americana mostram que em meados dos anos 1950, agentes da GM haviam comprado mais de mil bondes, substituindo 90% do total por \u00f4nibus fabricados pela empresa, movidos a combust\u00edvel f\u00f3ssil. (Di\u00e1rio do Transporte\/Alexandre Pelegi)<\/p>\n","protected":false},"excerpt":{"rendered":"<p>Di\u00e1rio do Transporte &nbsp; A General Motors (GM) est\u00e1 entrando no neg\u00f3cio de \u00f4nibus escolares. Mas aten\u00e7\u00e3o: isso nos Estados Unidos, onde a fabricante constr\u00f3i uma nova plataforma para caminh\u00f5es el\u00e9tricos m\u00e9dios que pode ser usada para \u00f4nibus escolares e outros ve\u00edculos de servi\u00e7o, como caminh\u00f5es ca\u00e7amba. &nbsp; A informa\u00e7\u00e3o foi confirmada pela CEO da\u2026 <a class=\"readmore\" href=\"https:\/\/dana.com.br\/canaldana\/2021\/08\/10\/gm-sinaliza-que-entrara-no-negocio-de-onibus-escolar-eletrico-nos-eua\/\">Leia mais \u00bb<\/a><\/p>\n","protected":false},"author":3,"featured_media":0,"comment_status":"closed","ping_status":"closed","sticky":false,"template":"","format":"standard","meta":{"_acf_changed":false,"footnotes":""},"categories":[110],"tags":[],"class_list":["post-52125","post","type-post","status-publish","format-standard","hentry","category-eletricos"],"acf":[],"yoast_head":"<!-- This site is optimized with the Yoast SEO plugin v27.3 - https:\/\/yoast.com\/product\/yoast-seo-wordpress\/ -->\n<title>GM sinaliza que entrar\u00e1 no neg\u00f3cio de \u00f4nibus escolar el\u00e9trico nos EUA - Canal Dana<\/title>\n<meta name=\"robots\" content=\"index, follow, max-snippet:-1, max-image-preview:large, max-video-preview:-1\" \/>\n<link rel=\"canonical\" href=\"https:\/\/dana.com.br\/canaldana\/2021\/08\/10\/gm-sinaliza-que-entrara-no-negocio-de-onibus-escolar-eletrico-nos-eua\/\" \/>\n<meta property=\"og:locale\" content=\"pt_BR\" \/>\n<meta property=\"og:type\" content=\"article\" \/>\n<meta property=\"og:title\" content=\"GM sinaliza que entrar\u00e1 no neg\u00f3cio de \u00f4nibus escolar el\u00e9trico nos EUA - Canal Dana\" \/>\n<meta property=\"og:description\" content=\"Di\u00e1rio do Transporte &nbsp; A General Motors (GM) est\u00e1 entrando no neg\u00f3cio de \u00f4nibus escolares. Mas aten\u00e7\u00e3o: isso nos Estados Unidos, onde a fabricante constr\u00f3i uma nova plataforma para caminh\u00f5es el\u00e9tricos m\u00e9dios que pode ser usada para \u00f4nibus escolares e outros ve\u00edculos de servi\u00e7o, como caminh\u00f5es ca\u00e7amba. &nbsp; A informa\u00e7\u00e3o foi confirmada pela CEO da\u2026 Leia mais \u00bb\" \/>\n<meta property=\"og:url\" content=\"https:\/\/dana.com.br\/canaldana\/2021\/08\/10\/gm-sinaliza-que-entrara-no-negocio-de-onibus-escolar-eletrico-nos-eua\/\" \/>\n<meta property=\"og:site_name\" content=\"Canal Dana\" \/>\n<meta property=\"article:published_time\" content=\"2021-08-10T11:06:26+00:00\" \/>\n<meta name=\"author\" content=\"Canal Dana\" \/>\n<meta name=\"twitter:card\" content=\"summary_large_image\" \/>\n<meta name=\"twitter:label1\" content=\"Escrito por\" \/>\n\t<meta name=\"twitter:data1\" content=\"Canal Dana\" \/>\n\t<meta name=\"twitter:label2\" content=\"Est. tempo de leitura\" \/>\n\t<meta name=\"twitter:data2\" content=\"3 minutos\" \/>\n<script type=\"application\/ld+json\" class=\"yoast-schema-graph\">{\"@context\":\"https:\\\/\\\/schema.org\",\"@graph\":[{\"@type\":\"Article\",\"@id\":\"https:\\\/\\\/dana.com.br\\\/canaldana\\\/2021\\\/08\\\/10\\\/gm-sinaliza-que-entrara-no-negocio-de-onibus-escolar-eletrico-nos-eua\\\/#article\",\"isPartOf\":{\"@id\":\"https:\\\/\\\/dana.com.br\\\/canaldana\\\/2021\\\/08\\\/10\\\/gm-sinaliza-que-entrara-no-negocio-de-onibus-escolar-eletrico-nos-eua\\\/\"},\"author\":{\"name\":\"Canal Dana\",\"@id\":\"https:\\\/\\\/dana.com.br\\\/canaldana\\\/#\\\/schema\\\/person\\\/3c21f22f56fcf3bc46b94bc60ea4fef6\"},\"headline\":\"GM sinaliza que entrar\u00e1 no neg\u00f3cio de \u00f4nibus escolar el\u00e9trico nos EUA\",\"datePublished\":\"2021-08-10T11:06:26+00:00\",\"mainEntityOfPage\":{\"@id\":\"https:\\\/\\\/dana.com.br\\\/canaldana\\\/2021\\\/08\\\/10\\\/gm-sinaliza-que-entrara-no-negocio-de-onibus-escolar-eletrico-nos-eua\\\/\"},\"wordCount\":564,\"articleSection\":[\"El\u00e9tricos\"],\"inLanguage\":\"pt-BR\"},{\"@type\":\"WebPage\",\"@id\":\"https:\\\/\\\/dana.com.br\\\/canaldana\\\/2021\\\/08\\\/10\\\/gm-sinaliza-que-entrara-no-negocio-de-onibus-escolar-eletrico-nos-eua\\\/\",\"url\":\"https:\\\/\\\/dana.com.br\\\/canaldana\\\/2021\\\/08\\\/10\\\/gm-sinaliza-que-entrara-no-negocio-de-onibus-escolar-eletrico-nos-eua\\\/\",\"name\":\"GM sinaliza que entrar\u00e1 no neg\u00f3cio de \u00f4nibus escolar el\u00e9trico nos EUA - Canal Dana\",\"isPartOf\":{\"@id\":\"https:\\\/\\\/dana.com.br\\\/canaldana\\\/#website\"},\"datePublished\":\"2021-08-10T11:06:26+00:00\",\"author\":{\"@id\":\"https:\\\/\\\/dana.com.br\\\/canaldana\\\/#\\\/schema\\\/person\\\/3c21f22f56fcf3bc46b94bc60ea4fef6\"},\"breadcrumb\":{\"@id\":\"https:\\\/\\\/dana.com.br\\\/canaldana\\\/2021\\\/08\\\/10\\\/gm-sinaliza-que-entrara-no-negocio-de-onibus-escolar-eletrico-nos-eua\\\/#breadcrumb\"},\"inLanguage\":\"pt-BR\",\"potentialAction\":[{\"@type\":\"ReadAction\",\"target\":[\"https:\\\/\\\/dana.com.br\\\/canaldana\\\/2021\\\/08\\\/10\\\/gm-sinaliza-que-entrara-no-negocio-de-onibus-escolar-eletrico-nos-eua\\\/\"]}]},{\"@type\":\"BreadcrumbList\",\"@id\":\"https:\\\/\\\/dana.com.br\\\/canaldana\\\/2021\\\/08\\\/10\\\/gm-sinaliza-que-entrara-no-negocio-de-onibus-escolar-eletrico-nos-eua\\\/#breadcrumb\",\"itemListElement\":[{\"@type\":\"ListItem\",\"position\":1,\"name\":\"Home\",\"item\":\"https:\\\/\\\/dana.com.br\\\/canaldana\\\/\"},{\"@type\":\"ListItem\",\"position\":2,\"name\":\"El\u00e9tricos\",\"item\":\"https:\\\/\\\/dana.com.br\\\/canaldana\\\/eletricos\\\/\"},{\"@type\":\"ListItem\",\"position\":3,\"name\":\"GM sinaliza que entrar\u00e1 no neg\u00f3cio de \u00f4nibus escolar el\u00e9trico nos EUA\"}]},{\"@type\":\"WebSite\",\"@id\":\"https:\\\/\\\/dana.com.br\\\/canaldana\\\/#website\",\"url\":\"https:\\\/\\\/dana.com.br\\\/canaldana\\\/\",\"name\":\"Canal Dana\",\"description\":\"Informativo com as principais not\u00edcias da ind\u00fastria automotiva\",\"potentialAction\":[{\"@type\":\"SearchAction\",\"target\":{\"@type\":\"EntryPoint\",\"urlTemplate\":\"https:\\\/\\\/dana.com.br\\\/canaldana\\\/?s={search_term_string}\"},\"query-input\":{\"@type\":\"PropertyValueSpecification\",\"valueRequired\":true,\"valueName\":\"search_term_string\"}}],\"inLanguage\":\"pt-BR\"},{\"@type\":\"Person\",\"@id\":\"https:\\\/\\\/dana.com.br\\\/canaldana\\\/#\\\/schema\\\/person\\\/3c21f22f56fcf3bc46b94bc60ea4fef6\",\"name\":\"Canal Dana\",\"image\":{\"@type\":\"ImageObject\",\"inLanguage\":\"pt-BR\",\"@id\":\"https:\\\/\\\/secure.gravatar.com\\\/avatar\\\/420aaf9278582877d9018637c6817617705899d2858d7572ef0fe59a6b6454b4?s=96&d=mm&r=g\",\"url\":\"https:\\\/\\\/secure.gravatar.com\\\/avatar\\\/420aaf9278582877d9018637c6817617705899d2858d7572ef0fe59a6b6454b4?s=96&d=mm&r=g\",\"contentUrl\":\"https:\\\/\\\/secure.gravatar.com\\\/avatar\\\/420aaf9278582877d9018637c6817617705899d2858d7572ef0fe59a6b6454b4?s=96&d=mm&r=g\",\"caption\":\"Canal Dana\"},\"url\":\"https:\\\/\\\/dana.com.br\\\/canaldana\\\/author\\\/cdeditor\\\/\"}]}<\/script>\n<!-- \/ Yoast SEO plugin. -->","yoast_head_json":{"title":"GM sinaliza que entrar\u00e1 no neg\u00f3cio de \u00f4nibus escolar el\u00e9trico nos EUA - Canal Dana","robots":{"index":"index","follow":"follow","max-snippet":"max-snippet:-1","max-image-preview":"max-image-preview:large","max-video-preview":"max-video-preview:-1"},"canonical":"https:\/\/dana.com.br\/canaldana\/2021\/08\/10\/gm-sinaliza-que-entrara-no-negocio-de-onibus-escolar-eletrico-nos-eua\/","og_locale":"pt_BR","og_type":"article","og_title":"GM sinaliza que entrar\u00e1 no neg\u00f3cio de \u00f4nibus escolar el\u00e9trico nos EUA - Canal Dana","og_description":"Di\u00e1rio do Transporte &nbsp; A General Motors (GM) est\u00e1 entrando no neg\u00f3cio de \u00f4nibus escolares. Mas aten\u00e7\u00e3o: isso nos Estados Unidos, onde a fabricante constr\u00f3i uma nova plataforma para caminh\u00f5es el\u00e9tricos m\u00e9dios que pode ser usada para \u00f4nibus escolares e outros ve\u00edculos de servi\u00e7o, como caminh\u00f5es ca\u00e7amba. &nbsp; A informa\u00e7\u00e3o foi confirmada pela CEO da\u2026 Leia mais \u00bb","og_url":"https:\/\/dana.com.br\/canaldana\/2021\/08\/10\/gm-sinaliza-que-entrara-no-negocio-de-onibus-escolar-eletrico-nos-eua\/","og_site_name":"Canal Dana","article_published_time":"2021-08-10T11:06:26+00:00","author":"Canal Dana","twitter_card":"summary_large_image","twitter_misc":{"Escrito por":"Canal Dana","Est. tempo de leitura":"3 minutos"},"schema":{"@context":"https:\/\/schema.org","@graph":[{"@type":"Article","@id":"https:\/\/dana.com.br\/canaldana\/2021\/08\/10\/gm-sinaliza-que-entrara-no-negocio-de-onibus-escolar-eletrico-nos-eua\/#article","isPartOf":{"@id":"https:\/\/dana.com.br\/canaldana\/2021\/08\/10\/gm-sinaliza-que-entrara-no-negocio-de-onibus-escolar-eletrico-nos-eua\/"},"author":{"name":"Canal Dana","@id":"https:\/\/dana.com.br\/canaldana\/#\/schema\/person\/3c21f22f56fcf3bc46b94bc60ea4fef6"},"headline":"GM sinaliza que entrar\u00e1 no neg\u00f3cio de \u00f4nibus escolar el\u00e9trico nos EUA","datePublished":"2021-08-10T11:06:26+00:00","mainEntityOfPage":{"@id":"https:\/\/dana.com.br\/canaldana\/2021\/08\/10\/gm-sinaliza-que-entrara-no-negocio-de-onibus-escolar-eletrico-nos-eua\/"},"wordCount":564,"articleSection":["El\u00e9tricos"],"inLanguage":"pt-BR"},{"@type":"WebPage","@id":"https:\/\/dana.com.br\/canaldana\/2021\/08\/10\/gm-sinaliza-que-entrara-no-negocio-de-onibus-escolar-eletrico-nos-eua\/","url":"https:\/\/dana.com.br\/canaldana\/2021\/08\/10\/gm-sinaliza-que-entrara-no-negocio-de-onibus-escolar-eletrico-nos-eua\/","name":"GM sinaliza que entrar\u00e1 no neg\u00f3cio de \u00f4nibus escolar el\u00e9trico nos EUA - Canal Dana","isPartOf":{"@id":"https:\/\/dana.com.br\/canaldana\/#website"},"datePublished":"2021-08-10T11:06:26+00:00","author":{"@id":"https:\/\/dana.com.br\/canaldana\/#\/schema\/person\/3c21f22f56fcf3bc46b94bc60ea4fef6"},"breadcrumb":{"@id":"https:\/\/dana.com.br\/canaldana\/2021\/08\/10\/gm-sinaliza-que-entrara-no-negocio-de-onibus-escolar-eletrico-nos-eua\/#breadcrumb"},"inLanguage":"pt-BR","potentialAction":[{"@type":"ReadAction","target":["https:\/\/dana.com.br\/canaldana\/2021\/08\/10\/gm-sinaliza-que-entrara-no-negocio-de-onibus-escolar-eletrico-nos-eua\/"]}]},{"@type":"BreadcrumbList","@id":"https:\/\/dana.com.br\/canaldana\/2021\/08\/10\/gm-sinaliza-que-entrara-no-negocio-de-onibus-escolar-eletrico-nos-eua\/#breadcrumb","itemListElement":[{"@type":"ListItem","position":1,"name":"Home","item":"https:\/\/dana.com.br\/canaldana\/"},{"@type":"ListItem","position":2,"name":"El\u00e9tricos","item":"https:\/\/dana.com.br\/canaldana\/eletricos\/"},{"@type":"ListItem","position":3,"name":"GM sinaliza que entrar\u00e1 no neg\u00f3cio de \u00f4nibus escolar el\u00e9trico nos EUA"}]},{"@type":"WebSite","@id":"https:\/\/dana.com.br\/canaldana\/#website","url":"https:\/\/dana.com.br\/canaldana\/","name":"Canal Dana","description":"Informativo com as principais not\u00edcias da ind\u00fastria automotiva","potentialAction":[{"@type":"SearchAction","target":{"@type":"EntryPoint","urlTemplate":"https:\/\/dana.com.br\/canaldana\/?s={search_term_string}"},"query-input":{"@type":"PropertyValueSpecification","valueRequired":true,"valueName":"search_term_string"}}],"inLanguage":"pt-BR"},{"@type":"Person","@id":"https:\/\/dana.com.br\/canaldana\/#\/schema\/person\/3c21f22f56fcf3bc46b94bc60ea4fef6","name":"Canal Dana","image":{"@type":"ImageObject","inLanguage":"pt-BR","@id":"https:\/\/secure.gravatar.com\/avatar\/420aaf9278582877d9018637c6817617705899d2858d7572ef0fe59a6b6454b4?s=96&d=mm&r=g","url":"https:\/\/secure.gravatar.com\/avatar\/420aaf9278582877d9018637c6817617705899d2858d7572ef0fe59a6b6454b4?s=96&d=mm&r=g","contentUrl":"https:\/\/secure.gravatar.com\/avatar\/420aaf9278582877d9018637c6817617705899d2858d7572ef0fe59a6b6454b4?s=96&d=mm&r=g","caption":"Canal Dana"},"url":"https:\/\/dana.com.br\/canaldana\/author\/cdeditor\/"}]}},"_links":{"self":[{"href":"https:\/\/dana.com.br\/canaldana\/wp-json\/wp\/v2\/posts\/52125","targetHints":{"allow":["GET"]}}],"collection":[{"href":"https:\/\/dana.com.br\/canaldana\/wp-json\/wp\/v2\/posts"}],"about":[{"href":"https:\/\/dana.com.br\/canaldana\/wp-json\/wp\/v2\/types\/post"}],"author":[{"embeddable":true,"href":"https:\/\/dana.com.br\/canaldana\/wp-json\/wp\/v2\/users\/3"}],"replies":[{"embeddable":true,"href":"https:\/\/dana.com.br\/canaldana\/wp-json\/wp\/v2\/comments?post=52125"}],"version-history":[{"count":0,"href":"https:\/\/dana.com.br\/canaldana\/wp-json\/wp\/v2\/posts\/52125\/revisions"}],"wp:attachment":[{"href":"https:\/\/dana.com.br\/canaldana\/wp-json\/wp\/v2\/media?parent=52125"}],"wp:term":[{"taxonomy":"category","embeddable":true,"href":"https:\/\/dana.com.br\/canaldana\/wp-json\/wp\/v2\/categories?post=52125"},{"taxonomy":"post_tag","embeddable":true,"href":"https:\/\/dana.com.br\/canaldana\/wp-json\/wp\/v2\/tags?post=52125"}],"curies":[{"name":"wp","href":"https:\/\/api.w.org\/{rel}","templated":true}]}}