{"id":52096,"date":"2021-08-09T08:31:25","date_gmt":"2021-08-09T11:31:25","guid":{"rendered":"https:\/\/dana.com.br\/canaldana\/?p=52096"},"modified":"2021-08-09T08:31:25","modified_gmt":"2021-08-09T11:31:25","slug":"jeep-atinge-participacao-de-mercado-historica-em-julho-no-brasil","status":"publish","type":"post","link":"https:\/\/dana.com.br\/canaldana\/2021\/08\/09\/jeep-atinge-participacao-de-mercado-historica-em-julho-no-brasil\/","title":{"rendered":"Jeep atinge participa\u00e7\u00e3o de mercado hist\u00f3rica em julho no Brasil"},"content":{"rendered":"<p><em>Revista Torque<\/em><\/p>\n<p>&nbsp;<\/p>\n<p>O ano de 2021 j\u00e1 seria importante para a Jeep\u00ae por marcar suas oito d\u00e9cadas e pelos importantes lan\u00e7amentos que est\u00e3o sendo apresentados. No entanto, os n\u00fameros alcan\u00e7ados pela marca tamb\u00e9m est\u00e3o sendo de grande destaque e colocando de vez esse ano como ponto alto na hist\u00f3ria da marca. A Jeep alcan\u00e7ou mais uma vez um recorde em sua participa\u00e7\u00e3o de mercado entre os ve\u00edculos leves, com 8,3% e 13.546 carros emplacados. Vale dizer que em junho a Jeep j\u00e1 havia batido seu maior market share na ind\u00fastria.<\/p>\n<p>&nbsp;<\/p>\n<p>\u201cEstamos batendo recorde atr\u00e1s de recorde e conseguimos manter a quinta coloca\u00e7\u00e3o no ranking geral de marcas, sendo que a Jeep \u00e9 a \u00fanica do mercado que comercializa somente Sport Utility Vehicles. E, nesta categoria especificamente, conseguimos conquistar, pela segunda vez no ano, o feito de ter um a cada quatro SUVs da marca, com 25,1% de participa\u00e7\u00e3o. Ou seja, dominamos um quarto do segmento que mais cresce em relev\u00e2ncia e competi\u00e7\u00e3o no Brasil. N\u00e3o ating\u00edamos esse \u00edndice desde janeiro de 2017, que veio em decorr\u00eancia do grande sucesso do lan\u00e7amento do Compass\u201d, comenta Everton Kurdejak, diretor de Opera\u00e7\u00f5es Comerciais da Jeep no Brasil.<\/p>\n<p>&nbsp;<\/p>\n<p>A Jeep ainda garantiu mais uma vez os dois primeiros lugares no ranking de SUVs, com Renegade em primeiro lugar e Compass em segundo. No mercado total, ambos os modelos est\u00e3o entre os dez mais vendidos: o Renegade em sexto e o Compass em s\u00e9timo.<\/p>\n<p>&nbsp;<\/p>\n<p>O Compass atingiu seu segundo melhor emplacamento da hist\u00f3ria em julho, com 6.670 unidades emplacadas e 4,1% de participa\u00e7\u00e3o de mercado no total da ind\u00fastria, seu maior n\u00famero percentual at\u00e9 hoje. J\u00e1 em rela\u00e7\u00e3o aos SUVs m\u00e9dios, o modelo rec\u00e9m-renovado permanece na primeira posi\u00e7\u00e3o, com diferen\u00e7a de mais de 10 pontos percentuais em rela\u00e7\u00e3o ao segundo colocado.<\/p>\n<p>&nbsp;<\/p>\n<p>J\u00e1 o Renegade teve 6.854 unidades comercializadas em julho, com 4,2% de participa\u00e7\u00e3o na ind\u00fastria total. Em SUVs compactos segue sendo o l\u00edder, com 21,1% do segmento. Essa lideran\u00e7a garante ao modelo o topo do ranking de SUVs em geral.<\/p>\n<p>&nbsp;<\/p>\n<p>\u201cEsses resultados dos dois modelos Jeep produzidos no Brasil mostram o quanto acertamos com as novidades que trouxemos para ambos em 2021. O Compass traz muito conforto, tecnologia, performance e sofistica\u00e7\u00e3o, qualidades que ficaram ainda mais evidentes na renova\u00e7\u00e3o do modelo que chegou recentemente. J\u00e1 o Jeep Renegade foi o modelo escolhido para estrear a nova plataforma Adventure Intelligence e, assim, foi o primeiro carro conectado da Stellantis por aqui. Cada um ao seu jeito, os dois est\u00e3o preparados para qualquer aventura, seja para chegar ao topo de uma montanha ou para alcan\u00e7ar e manter a lideran\u00e7a de seus segmentos. E em breve lan\u00e7aremos o Commander, mais um modelo feito em Goiana e que ir\u00e1 revolucionar o mercado. Tudo isso s\u00f3 comprova a pot\u00eancia que a Jeep \u00e9 no segmento de SUVs\u201d, comenta Alexandre Aquino, diretor do Brand Jeep para a Am\u00e9rica Latina. (Revista Torque)<\/p>\n","protected":false},"excerpt":{"rendered":"<p>Revista Torque &nbsp; O ano de 2021 j\u00e1 seria importante para a Jeep\u00ae por marcar suas oito d\u00e9cadas e pelos importantes lan\u00e7amentos que est\u00e3o sendo apresentados. No entanto, os n\u00fameros alcan\u00e7ados pela marca tamb\u00e9m est\u00e3o sendo de grande destaque e colocando de vez esse ano como ponto alto na hist\u00f3ria da marca. A Jeep alcan\u00e7ou\u2026 <a class=\"readmore\" href=\"https:\/\/dana.com.br\/canaldana\/2021\/08\/09\/jeep-atinge-participacao-de-mercado-historica-em-julho-no-brasil\/\">Leia mais \u00bb<\/a><\/p>\n","protected":false},"author":3,"featured_media":0,"comment_status":"closed","ping_status":"closed","sticky":false,"template":"","format":"standard","meta":{"_acf_changed":false,"footnotes":""},"categories":[79],"tags":[],"class_list":["post-52096","post","type-post","status-publish","format-standard","hentry","category-mercado"],"acf":[],"yoast_head":"<!-- This site is optimized with the Yoast SEO plugin v27.3 - https:\/\/yoast.com\/product\/yoast-seo-wordpress\/ -->\n<title>Jeep atinge participa\u00e7\u00e3o de mercado hist\u00f3rica em julho no Brasil - Canal Dana<\/title>\n<meta name=\"robots\" content=\"index, follow, max-snippet:-1, max-image-preview:large, max-video-preview:-1\" \/>\n<link rel=\"canonical\" href=\"https:\/\/dana.com.br\/canaldana\/2021\/08\/09\/jeep-atinge-participacao-de-mercado-historica-em-julho-no-brasil\/\" \/>\n<meta property=\"og:locale\" content=\"pt_BR\" \/>\n<meta property=\"og:type\" content=\"article\" \/>\n<meta property=\"og:title\" content=\"Jeep atinge participa\u00e7\u00e3o de mercado hist\u00f3rica em julho no Brasil - Canal Dana\" \/>\n<meta property=\"og:description\" content=\"Revista Torque &nbsp; O ano de 2021 j\u00e1 seria importante para a Jeep\u00ae por marcar suas oito d\u00e9cadas e pelos importantes lan\u00e7amentos que est\u00e3o sendo apresentados. No entanto, os n\u00fameros alcan\u00e7ados pela marca tamb\u00e9m est\u00e3o sendo de grande destaque e colocando de vez esse ano como ponto alto na hist\u00f3ria da marca. A Jeep alcan\u00e7ou\u2026 Leia mais \u00bb\" \/>\n<meta property=\"og:url\" content=\"https:\/\/dana.com.br\/canaldana\/2021\/08\/09\/jeep-atinge-participacao-de-mercado-historica-em-julho-no-brasil\/\" \/>\n<meta property=\"og:site_name\" content=\"Canal Dana\" \/>\n<meta property=\"article:published_time\" content=\"2021-08-09T11:31:25+00:00\" \/>\n<meta name=\"author\" content=\"Canal Dana\" \/>\n<meta name=\"twitter:card\" content=\"summary_large_image\" \/>\n<meta name=\"twitter:label1\" content=\"Escrito por\" \/>\n\t<meta name=\"twitter:data1\" content=\"Canal Dana\" \/>\n\t<meta name=\"twitter:label2\" content=\"Est. tempo de leitura\" \/>\n\t<meta name=\"twitter:data2\" content=\"3 minutos\" \/>\n<script type=\"application\/ld+json\" class=\"yoast-schema-graph\">{\"@context\":\"https:\\\/\\\/schema.org\",\"@graph\":[{\"@type\":\"Article\",\"@id\":\"https:\\\/\\\/dana.com.br\\\/canaldana\\\/2021\\\/08\\\/09\\\/jeep-atinge-participacao-de-mercado-historica-em-julho-no-brasil\\\/#article\",\"isPartOf\":{\"@id\":\"https:\\\/\\\/dana.com.br\\\/canaldana\\\/2021\\\/08\\\/09\\\/jeep-atinge-participacao-de-mercado-historica-em-julho-no-brasil\\\/\"},\"author\":{\"name\":\"Canal Dana\",\"@id\":\"https:\\\/\\\/dana.com.br\\\/canaldana\\\/#\\\/schema\\\/person\\\/3c21f22f56fcf3bc46b94bc60ea4fef6\"},\"headline\":\"Jeep atinge participa\u00e7\u00e3o de mercado hist\u00f3rica em julho no Brasil\",\"datePublished\":\"2021-08-09T11:31:25+00:00\",\"mainEntityOfPage\":{\"@id\":\"https:\\\/\\\/dana.com.br\\\/canaldana\\\/2021\\\/08\\\/09\\\/jeep-atinge-participacao-de-mercado-historica-em-julho-no-brasil\\\/\"},\"wordCount\":531,\"articleSection\":[\"Mercado\"],\"inLanguage\":\"pt-BR\"},{\"@type\":\"WebPage\",\"@id\":\"https:\\\/\\\/dana.com.br\\\/canaldana\\\/2021\\\/08\\\/09\\\/jeep-atinge-participacao-de-mercado-historica-em-julho-no-brasil\\\/\",\"url\":\"https:\\\/\\\/dana.com.br\\\/canaldana\\\/2021\\\/08\\\/09\\\/jeep-atinge-participacao-de-mercado-historica-em-julho-no-brasil\\\/\",\"name\":\"Jeep atinge participa\u00e7\u00e3o de mercado hist\u00f3rica em julho no Brasil - Canal Dana\",\"isPartOf\":{\"@id\":\"https:\\\/\\\/dana.com.br\\\/canaldana\\\/#website\"},\"datePublished\":\"2021-08-09T11:31:25+00:00\",\"author\":{\"@id\":\"https:\\\/\\\/dana.com.br\\\/canaldana\\\/#\\\/schema\\\/person\\\/3c21f22f56fcf3bc46b94bc60ea4fef6\"},\"breadcrumb\":{\"@id\":\"https:\\\/\\\/dana.com.br\\\/canaldana\\\/2021\\\/08\\\/09\\\/jeep-atinge-participacao-de-mercado-historica-em-julho-no-brasil\\\/#breadcrumb\"},\"inLanguage\":\"pt-BR\",\"potentialAction\":[{\"@type\":\"ReadAction\",\"target\":[\"https:\\\/\\\/dana.com.br\\\/canaldana\\\/2021\\\/08\\\/09\\\/jeep-atinge-participacao-de-mercado-historica-em-julho-no-brasil\\\/\"]}]},{\"@type\":\"BreadcrumbList\",\"@id\":\"https:\\\/\\\/dana.com.br\\\/canaldana\\\/2021\\\/08\\\/09\\\/jeep-atinge-participacao-de-mercado-historica-em-julho-no-brasil\\\/#breadcrumb\",\"itemListElement\":[{\"@type\":\"ListItem\",\"position\":1,\"name\":\"Home\",\"item\":\"https:\\\/\\\/dana.com.br\\\/canaldana\\\/\"},{\"@type\":\"ListItem\",\"position\":2,\"name\":\"Mercado\",\"item\":\"https:\\\/\\\/dana.com.br\\\/canaldana\\\/mercado\\\/\"},{\"@type\":\"ListItem\",\"position\":3,\"name\":\"Jeep atinge participa\u00e7\u00e3o de mercado hist\u00f3rica em julho no Brasil\"}]},{\"@type\":\"WebSite\",\"@id\":\"https:\\\/\\\/dana.com.br\\\/canaldana\\\/#website\",\"url\":\"https:\\\/\\\/dana.com.br\\\/canaldana\\\/\",\"name\":\"Canal Dana\",\"description\":\"Informativo com as principais not\u00edcias da ind\u00fastria automotiva\",\"potentialAction\":[{\"@type\":\"SearchAction\",\"target\":{\"@type\":\"EntryPoint\",\"urlTemplate\":\"https:\\\/\\\/dana.com.br\\\/canaldana\\\/?s={search_term_string}\"},\"query-input\":{\"@type\":\"PropertyValueSpecification\",\"valueRequired\":true,\"valueName\":\"search_term_string\"}}],\"inLanguage\":\"pt-BR\"},{\"@type\":\"Person\",\"@id\":\"https:\\\/\\\/dana.com.br\\\/canaldana\\\/#\\\/schema\\\/person\\\/3c21f22f56fcf3bc46b94bc60ea4fef6\",\"name\":\"Canal Dana\",\"image\":{\"@type\":\"ImageObject\",\"inLanguage\":\"pt-BR\",\"@id\":\"https:\\\/\\\/secure.gravatar.com\\\/avatar\\\/420aaf9278582877d9018637c6817617705899d2858d7572ef0fe59a6b6454b4?s=96&d=mm&r=g\",\"url\":\"https:\\\/\\\/secure.gravatar.com\\\/avatar\\\/420aaf9278582877d9018637c6817617705899d2858d7572ef0fe59a6b6454b4?s=96&d=mm&r=g\",\"contentUrl\":\"https:\\\/\\\/secure.gravatar.com\\\/avatar\\\/420aaf9278582877d9018637c6817617705899d2858d7572ef0fe59a6b6454b4?s=96&d=mm&r=g\",\"caption\":\"Canal Dana\"},\"url\":\"https:\\\/\\\/dana.com.br\\\/canaldana\\\/author\\\/cdeditor\\\/\"}]}<\/script>\n<!-- \/ Yoast SEO plugin. -->","yoast_head_json":{"title":"Jeep atinge participa\u00e7\u00e3o de mercado hist\u00f3rica em julho no Brasil - Canal Dana","robots":{"index":"index","follow":"follow","max-snippet":"max-snippet:-1","max-image-preview":"max-image-preview:large","max-video-preview":"max-video-preview:-1"},"canonical":"https:\/\/dana.com.br\/canaldana\/2021\/08\/09\/jeep-atinge-participacao-de-mercado-historica-em-julho-no-brasil\/","og_locale":"pt_BR","og_type":"article","og_title":"Jeep atinge participa\u00e7\u00e3o de mercado hist\u00f3rica em julho no Brasil - Canal Dana","og_description":"Revista Torque &nbsp; O ano de 2021 j\u00e1 seria importante para a Jeep\u00ae por marcar suas oito d\u00e9cadas e pelos importantes lan\u00e7amentos que est\u00e3o sendo apresentados. No entanto, os n\u00fameros alcan\u00e7ados pela marca tamb\u00e9m est\u00e3o sendo de grande destaque e colocando de vez esse ano como ponto alto na hist\u00f3ria da marca. A Jeep alcan\u00e7ou\u2026 Leia mais \u00bb","og_url":"https:\/\/dana.com.br\/canaldana\/2021\/08\/09\/jeep-atinge-participacao-de-mercado-historica-em-julho-no-brasil\/","og_site_name":"Canal Dana","article_published_time":"2021-08-09T11:31:25+00:00","author":"Canal Dana","twitter_card":"summary_large_image","twitter_misc":{"Escrito por":"Canal Dana","Est. tempo de leitura":"3 minutos"},"schema":{"@context":"https:\/\/schema.org","@graph":[{"@type":"Article","@id":"https:\/\/dana.com.br\/canaldana\/2021\/08\/09\/jeep-atinge-participacao-de-mercado-historica-em-julho-no-brasil\/#article","isPartOf":{"@id":"https:\/\/dana.com.br\/canaldana\/2021\/08\/09\/jeep-atinge-participacao-de-mercado-historica-em-julho-no-brasil\/"},"author":{"name":"Canal Dana","@id":"https:\/\/dana.com.br\/canaldana\/#\/schema\/person\/3c21f22f56fcf3bc46b94bc60ea4fef6"},"headline":"Jeep atinge participa\u00e7\u00e3o de mercado hist\u00f3rica em julho no Brasil","datePublished":"2021-08-09T11:31:25+00:00","mainEntityOfPage":{"@id":"https:\/\/dana.com.br\/canaldana\/2021\/08\/09\/jeep-atinge-participacao-de-mercado-historica-em-julho-no-brasil\/"},"wordCount":531,"articleSection":["Mercado"],"inLanguage":"pt-BR"},{"@type":"WebPage","@id":"https:\/\/dana.com.br\/canaldana\/2021\/08\/09\/jeep-atinge-participacao-de-mercado-historica-em-julho-no-brasil\/","url":"https:\/\/dana.com.br\/canaldana\/2021\/08\/09\/jeep-atinge-participacao-de-mercado-historica-em-julho-no-brasil\/","name":"Jeep atinge participa\u00e7\u00e3o de mercado hist\u00f3rica em julho no Brasil - Canal Dana","isPartOf":{"@id":"https:\/\/dana.com.br\/canaldana\/#website"},"datePublished":"2021-08-09T11:31:25+00:00","author":{"@id":"https:\/\/dana.com.br\/canaldana\/#\/schema\/person\/3c21f22f56fcf3bc46b94bc60ea4fef6"},"breadcrumb":{"@id":"https:\/\/dana.com.br\/canaldana\/2021\/08\/09\/jeep-atinge-participacao-de-mercado-historica-em-julho-no-brasil\/#breadcrumb"},"inLanguage":"pt-BR","potentialAction":[{"@type":"ReadAction","target":["https:\/\/dana.com.br\/canaldana\/2021\/08\/09\/jeep-atinge-participacao-de-mercado-historica-em-julho-no-brasil\/"]}]},{"@type":"BreadcrumbList","@id":"https:\/\/dana.com.br\/canaldana\/2021\/08\/09\/jeep-atinge-participacao-de-mercado-historica-em-julho-no-brasil\/#breadcrumb","itemListElement":[{"@type":"ListItem","position":1,"name":"Home","item":"https:\/\/dana.com.br\/canaldana\/"},{"@type":"ListItem","position":2,"name":"Mercado","item":"https:\/\/dana.com.br\/canaldana\/mercado\/"},{"@type":"ListItem","position":3,"name":"Jeep atinge participa\u00e7\u00e3o de mercado hist\u00f3rica em julho no Brasil"}]},{"@type":"WebSite","@id":"https:\/\/dana.com.br\/canaldana\/#website","url":"https:\/\/dana.com.br\/canaldana\/","name":"Canal Dana","description":"Informativo com as principais not\u00edcias da ind\u00fastria automotiva","potentialAction":[{"@type":"SearchAction","target":{"@type":"EntryPoint","urlTemplate":"https:\/\/dana.com.br\/canaldana\/?s={search_term_string}"},"query-input":{"@type":"PropertyValueSpecification","valueRequired":true,"valueName":"search_term_string"}}],"inLanguage":"pt-BR"},{"@type":"Person","@id":"https:\/\/dana.com.br\/canaldana\/#\/schema\/person\/3c21f22f56fcf3bc46b94bc60ea4fef6","name":"Canal Dana","image":{"@type":"ImageObject","inLanguage":"pt-BR","@id":"https:\/\/secure.gravatar.com\/avatar\/420aaf9278582877d9018637c6817617705899d2858d7572ef0fe59a6b6454b4?s=96&d=mm&r=g","url":"https:\/\/secure.gravatar.com\/avatar\/420aaf9278582877d9018637c6817617705899d2858d7572ef0fe59a6b6454b4?s=96&d=mm&r=g","contentUrl":"https:\/\/secure.gravatar.com\/avatar\/420aaf9278582877d9018637c6817617705899d2858d7572ef0fe59a6b6454b4?s=96&d=mm&r=g","caption":"Canal Dana"},"url":"https:\/\/dana.com.br\/canaldana\/author\/cdeditor\/"}]}},"_links":{"self":[{"href":"https:\/\/dana.com.br\/canaldana\/wp-json\/wp\/v2\/posts\/52096","targetHints":{"allow":["GET"]}}],"collection":[{"href":"https:\/\/dana.com.br\/canaldana\/wp-json\/wp\/v2\/posts"}],"about":[{"href":"https:\/\/dana.com.br\/canaldana\/wp-json\/wp\/v2\/types\/post"}],"author":[{"embeddable":true,"href":"https:\/\/dana.com.br\/canaldana\/wp-json\/wp\/v2\/users\/3"}],"replies":[{"embeddable":true,"href":"https:\/\/dana.com.br\/canaldana\/wp-json\/wp\/v2\/comments?post=52096"}],"version-history":[{"count":0,"href":"https:\/\/dana.com.br\/canaldana\/wp-json\/wp\/v2\/posts\/52096\/revisions"}],"wp:attachment":[{"href":"https:\/\/dana.com.br\/canaldana\/wp-json\/wp\/v2\/media?parent=52096"}],"wp:term":[{"taxonomy":"category","embeddable":true,"href":"https:\/\/dana.com.br\/canaldana\/wp-json\/wp\/v2\/categories?post=52096"},{"taxonomy":"post_tag","embeddable":true,"href":"https:\/\/dana.com.br\/canaldana\/wp-json\/wp\/v2\/tags?post=52096"}],"curies":[{"name":"wp","href":"https:\/\/api.w.org\/{rel}","templated":true}]}}