{"id":52084,"date":"2021-08-06T08:45:27","date_gmt":"2021-08-06T11:45:27","guid":{"rendered":"https:\/\/dana.com.br\/canaldana\/?p=52084"},"modified":"2021-08-06T08:45:27","modified_gmt":"2021-08-06T11:45:27","slug":"venda-de-autopecas-cresce-40-em-12-meses","status":"publish","type":"post","link":"https:\/\/dana.com.br\/canaldana\/2021\/08\/06\/venda-de-autopecas-cresce-40-em-12-meses\/","title":{"rendered":"Venda de autope\u00e7as cresce 40% em 12 meses"},"content":{"rendered":"<p><em>AutoInd\u00fastria <\/em><\/p>\n<p>&nbsp;<\/p>\n<p>Apesar da retra\u00e7\u00e3o das vendas em junho sobre maio tanto para as montadoras como para o mercado de reposi\u00e7\u00e3o, a ind\u00fastria de autope\u00e7as registra crescimento de 40% no acumulado de 12 meses em rela\u00e7\u00e3o ao mesmo intervalo anterior. \u00c9 o indicativo, segundo o Sindipe\u00e7as, que melhor retrata o desempenho do setor, visto que o comparativo semestral \u00e9 distorcido pelo colapso verificado entre abril e junho do ano passado, com o fechamento de plantas industriais e o isolamento social nas grandes cidades.<\/p>\n<p>&nbsp;<\/p>\n<p>A utiliza\u00e7\u00e3o da capacidade instalada manteve-se em 75% em junho e a cria\u00e7\u00e3o de empregos exibiu varia\u00e7\u00e3o positiva de 0,8% em rela\u00e7\u00e3o a maio, com aumento de 12,1% em base interanual. Para os \u00faltimos 12 meses, no entanto, a varia\u00e7\u00e3o segue negativa em 2,9%, conforme pesquisa conjuntural divulgada pelo Sindipe\u00e7as em seu site esta semana.<\/p>\n<p>&nbsp;<\/p>\n<p>\u201cApesar da persist\u00eancia da pandemia e da escassez dos insumos, sem ignorar os elevados pre\u00e7os das mat\u00e9rias-primas, a ind\u00fastria de autope\u00e7as vem preservando bons resultados\u201d, avalia a entidade em sua an\u00e1lise do balan\u00e7o semestral do setor.<\/p>\n<p>&nbsp;<\/p>\n<p>Se forem considerados os primeiros seis meses do ano, a alta em rela\u00e7\u00e3o \u00e0 id\u00eantico per\u00edodo de 2020 chega a 96,8%%, com as vendas para as montadoras, que respondem por 60% do faturamento das autope\u00e7as, registrando crescimento de 112%.<\/p>\n<p>&nbsp;<\/p>\n<p>\u201cAs dificuldades para importa\u00e7\u00e3o de componentes eletr\u00f4nicos, especialmente semicondutores, que est\u00e3o provocando interrup\u00e7\u00e3o de turnos e paralisa\u00e7\u00e3o de plantas automotivas, contribui para uma retra\u00e7\u00e3o de 2,9% nas entregas para as montadoras no comparativo de junho com maio\u201d, informa o Sindipe\u00e7as.<\/p>\n<p>&nbsp;<\/p>\n<p>O mercado de reposi\u00e7\u00e3o tamb\u00e9m teve retra\u00e7\u00e3o de 4,9% no comparativo mensal, enquanto as exporta\u00e7\u00f5es em d\u00f3lares aumentaram 12,7%, compensando, com folga, a diminui\u00e7\u00e3o sofrida em maio, que foi de 4,8%. \u201cEsse aumento expressa o gradual retorno \u00e0 normalidade dos mercados externos, apesar da amea\u00e7a trazida pela variante Delta da Covid-19, bem como a posi\u00e7\u00e3o m\u00e9dia da taxa de c\u00e2mbio acima de R$\/US$ 5 na transcurs\u00e3o do primeiro semestre\u201d, avalia o Sindipe\u00e7as. (AutoInd\u00fastria\/Alzira Rodrigues)<\/p>\n","protected":false},"excerpt":{"rendered":"<p>AutoInd\u00fastria &nbsp; Apesar da retra\u00e7\u00e3o das vendas em junho sobre maio tanto para as montadoras como para o mercado de reposi\u00e7\u00e3o, a ind\u00fastria de autope\u00e7as registra crescimento de 40% no acumulado de 12 meses em rela\u00e7\u00e3o ao mesmo intervalo anterior. \u00c9 o indicativo, segundo o Sindipe\u00e7as, que melhor retrata o desempenho do setor, visto que\u2026 <a class=\"readmore\" href=\"https:\/\/dana.com.br\/canaldana\/2021\/08\/06\/venda-de-autopecas-cresce-40-em-12-meses\/\">Leia mais \u00bb<\/a><\/p>\n","protected":false},"author":3,"featured_media":0,"comment_status":"closed","ping_status":"closed","sticky":false,"template":"","format":"standard","meta":{"_acf_changed":false,"footnotes":""},"categories":[61],"tags":[],"class_list":["post-52084","post","type-post","status-publish","format-standard","hentry","category-destaques"],"acf":[],"yoast_head":"<!-- This site is optimized with the Yoast SEO plugin v27.3 - https:\/\/yoast.com\/product\/yoast-seo-wordpress\/ -->\n<title>Venda de autope\u00e7as cresce 40% em 12 meses - Canal Dana<\/title>\n<meta name=\"robots\" content=\"index, follow, max-snippet:-1, max-image-preview:large, max-video-preview:-1\" \/>\n<link rel=\"canonical\" href=\"https:\/\/dana.com.br\/canaldana\/2021\/08\/06\/venda-de-autopecas-cresce-40-em-12-meses\/\" \/>\n<meta property=\"og:locale\" content=\"pt_BR\" \/>\n<meta property=\"og:type\" content=\"article\" \/>\n<meta property=\"og:title\" content=\"Venda de autope\u00e7as cresce 40% em 12 meses - Canal Dana\" \/>\n<meta property=\"og:description\" content=\"AutoInd\u00fastria &nbsp; Apesar da retra\u00e7\u00e3o das vendas em junho sobre maio tanto para as montadoras como para o mercado de reposi\u00e7\u00e3o, a ind\u00fastria de autope\u00e7as registra crescimento de 40% no acumulado de 12 meses em rela\u00e7\u00e3o ao mesmo intervalo anterior. \u00c9 o indicativo, segundo o Sindipe\u00e7as, que melhor retrata o desempenho do setor, visto que\u2026 Leia mais \u00bb\" \/>\n<meta property=\"og:url\" content=\"https:\/\/dana.com.br\/canaldana\/2021\/08\/06\/venda-de-autopecas-cresce-40-em-12-meses\/\" \/>\n<meta property=\"og:site_name\" content=\"Canal Dana\" \/>\n<meta property=\"article:published_time\" content=\"2021-08-06T11:45:27+00:00\" \/>\n<meta name=\"author\" content=\"Canal Dana\" \/>\n<meta name=\"twitter:card\" content=\"summary_large_image\" \/>\n<meta name=\"twitter:label1\" content=\"Escrito por\" \/>\n\t<meta name=\"twitter:data1\" content=\"Canal Dana\" \/>\n\t<meta name=\"twitter:label2\" content=\"Est. tempo de leitura\" \/>\n\t<meta name=\"twitter:data2\" content=\"2 minutos\" \/>\n<script type=\"application\/ld+json\" class=\"yoast-schema-graph\">{\"@context\":\"https:\\\/\\\/schema.org\",\"@graph\":[{\"@type\":\"Article\",\"@id\":\"https:\\\/\\\/dana.com.br\\\/canaldana\\\/2021\\\/08\\\/06\\\/venda-de-autopecas-cresce-40-em-12-meses\\\/#article\",\"isPartOf\":{\"@id\":\"https:\\\/\\\/dana.com.br\\\/canaldana\\\/2021\\\/08\\\/06\\\/venda-de-autopecas-cresce-40-em-12-meses\\\/\"},\"author\":{\"name\":\"Canal Dana\",\"@id\":\"https:\\\/\\\/dana.com.br\\\/canaldana\\\/#\\\/schema\\\/person\\\/3c21f22f56fcf3bc46b94bc60ea4fef6\"},\"headline\":\"Venda de autope\u00e7as cresce 40% em 12 meses\",\"datePublished\":\"2021-08-06T11:45:27+00:00\",\"mainEntityOfPage\":{\"@id\":\"https:\\\/\\\/dana.com.br\\\/canaldana\\\/2021\\\/08\\\/06\\\/venda-de-autopecas-cresce-40-em-12-meses\\\/\"},\"wordCount\":365,\"articleSection\":[\"Destaques\"],\"inLanguage\":\"pt-BR\"},{\"@type\":\"WebPage\",\"@id\":\"https:\\\/\\\/dana.com.br\\\/canaldana\\\/2021\\\/08\\\/06\\\/venda-de-autopecas-cresce-40-em-12-meses\\\/\",\"url\":\"https:\\\/\\\/dana.com.br\\\/canaldana\\\/2021\\\/08\\\/06\\\/venda-de-autopecas-cresce-40-em-12-meses\\\/\",\"name\":\"Venda de autope\u00e7as cresce 40% em 12 meses - Canal Dana\",\"isPartOf\":{\"@id\":\"https:\\\/\\\/dana.com.br\\\/canaldana\\\/#website\"},\"datePublished\":\"2021-08-06T11:45:27+00:00\",\"author\":{\"@id\":\"https:\\\/\\\/dana.com.br\\\/canaldana\\\/#\\\/schema\\\/person\\\/3c21f22f56fcf3bc46b94bc60ea4fef6\"},\"breadcrumb\":{\"@id\":\"https:\\\/\\\/dana.com.br\\\/canaldana\\\/2021\\\/08\\\/06\\\/venda-de-autopecas-cresce-40-em-12-meses\\\/#breadcrumb\"},\"inLanguage\":\"pt-BR\",\"potentialAction\":[{\"@type\":\"ReadAction\",\"target\":[\"https:\\\/\\\/dana.com.br\\\/canaldana\\\/2021\\\/08\\\/06\\\/venda-de-autopecas-cresce-40-em-12-meses\\\/\"]}]},{\"@type\":\"BreadcrumbList\",\"@id\":\"https:\\\/\\\/dana.com.br\\\/canaldana\\\/2021\\\/08\\\/06\\\/venda-de-autopecas-cresce-40-em-12-meses\\\/#breadcrumb\",\"itemListElement\":[{\"@type\":\"ListItem\",\"position\":1,\"name\":\"Home\",\"item\":\"https:\\\/\\\/dana.com.br\\\/canaldana\\\/\"},{\"@type\":\"ListItem\",\"position\":2,\"name\":\"Destaques\",\"item\":\"https:\\\/\\\/dana.com.br\\\/canaldana\\\/destaques\\\/\"},{\"@type\":\"ListItem\",\"position\":3,\"name\":\"Venda de autope\u00e7as cresce 40% em 12 meses\"}]},{\"@type\":\"WebSite\",\"@id\":\"https:\\\/\\\/dana.com.br\\\/canaldana\\\/#website\",\"url\":\"https:\\\/\\\/dana.com.br\\\/canaldana\\\/\",\"name\":\"Canal Dana\",\"description\":\"Informativo com as principais not\u00edcias da ind\u00fastria automotiva\",\"potentialAction\":[{\"@type\":\"SearchAction\",\"target\":{\"@type\":\"EntryPoint\",\"urlTemplate\":\"https:\\\/\\\/dana.com.br\\\/canaldana\\\/?s={search_term_string}\"},\"query-input\":{\"@type\":\"PropertyValueSpecification\",\"valueRequired\":true,\"valueName\":\"search_term_string\"}}],\"inLanguage\":\"pt-BR\"},{\"@type\":\"Person\",\"@id\":\"https:\\\/\\\/dana.com.br\\\/canaldana\\\/#\\\/schema\\\/person\\\/3c21f22f56fcf3bc46b94bc60ea4fef6\",\"name\":\"Canal Dana\",\"image\":{\"@type\":\"ImageObject\",\"inLanguage\":\"pt-BR\",\"@id\":\"https:\\\/\\\/secure.gravatar.com\\\/avatar\\\/420aaf9278582877d9018637c6817617705899d2858d7572ef0fe59a6b6454b4?s=96&d=mm&r=g\",\"url\":\"https:\\\/\\\/secure.gravatar.com\\\/avatar\\\/420aaf9278582877d9018637c6817617705899d2858d7572ef0fe59a6b6454b4?s=96&d=mm&r=g\",\"contentUrl\":\"https:\\\/\\\/secure.gravatar.com\\\/avatar\\\/420aaf9278582877d9018637c6817617705899d2858d7572ef0fe59a6b6454b4?s=96&d=mm&r=g\",\"caption\":\"Canal Dana\"},\"url\":\"https:\\\/\\\/dana.com.br\\\/canaldana\\\/author\\\/cdeditor\\\/\"}]}<\/script>\n<!-- \/ Yoast SEO plugin. -->","yoast_head_json":{"title":"Venda de autope\u00e7as cresce 40% em 12 meses - Canal Dana","robots":{"index":"index","follow":"follow","max-snippet":"max-snippet:-1","max-image-preview":"max-image-preview:large","max-video-preview":"max-video-preview:-1"},"canonical":"https:\/\/dana.com.br\/canaldana\/2021\/08\/06\/venda-de-autopecas-cresce-40-em-12-meses\/","og_locale":"pt_BR","og_type":"article","og_title":"Venda de autope\u00e7as cresce 40% em 12 meses - Canal Dana","og_description":"AutoInd\u00fastria &nbsp; Apesar da retra\u00e7\u00e3o das vendas em junho sobre maio tanto para as montadoras como para o mercado de reposi\u00e7\u00e3o, a ind\u00fastria de autope\u00e7as registra crescimento de 40% no acumulado de 12 meses em rela\u00e7\u00e3o ao mesmo intervalo anterior. \u00c9 o indicativo, segundo o Sindipe\u00e7as, que melhor retrata o desempenho do setor, visto que\u2026 Leia mais \u00bb","og_url":"https:\/\/dana.com.br\/canaldana\/2021\/08\/06\/venda-de-autopecas-cresce-40-em-12-meses\/","og_site_name":"Canal Dana","article_published_time":"2021-08-06T11:45:27+00:00","author":"Canal Dana","twitter_card":"summary_large_image","twitter_misc":{"Escrito por":"Canal Dana","Est. tempo de leitura":"2 minutos"},"schema":{"@context":"https:\/\/schema.org","@graph":[{"@type":"Article","@id":"https:\/\/dana.com.br\/canaldana\/2021\/08\/06\/venda-de-autopecas-cresce-40-em-12-meses\/#article","isPartOf":{"@id":"https:\/\/dana.com.br\/canaldana\/2021\/08\/06\/venda-de-autopecas-cresce-40-em-12-meses\/"},"author":{"name":"Canal Dana","@id":"https:\/\/dana.com.br\/canaldana\/#\/schema\/person\/3c21f22f56fcf3bc46b94bc60ea4fef6"},"headline":"Venda de autope\u00e7as cresce 40% em 12 meses","datePublished":"2021-08-06T11:45:27+00:00","mainEntityOfPage":{"@id":"https:\/\/dana.com.br\/canaldana\/2021\/08\/06\/venda-de-autopecas-cresce-40-em-12-meses\/"},"wordCount":365,"articleSection":["Destaques"],"inLanguage":"pt-BR"},{"@type":"WebPage","@id":"https:\/\/dana.com.br\/canaldana\/2021\/08\/06\/venda-de-autopecas-cresce-40-em-12-meses\/","url":"https:\/\/dana.com.br\/canaldana\/2021\/08\/06\/venda-de-autopecas-cresce-40-em-12-meses\/","name":"Venda de autope\u00e7as cresce 40% em 12 meses - Canal Dana","isPartOf":{"@id":"https:\/\/dana.com.br\/canaldana\/#website"},"datePublished":"2021-08-06T11:45:27+00:00","author":{"@id":"https:\/\/dana.com.br\/canaldana\/#\/schema\/person\/3c21f22f56fcf3bc46b94bc60ea4fef6"},"breadcrumb":{"@id":"https:\/\/dana.com.br\/canaldana\/2021\/08\/06\/venda-de-autopecas-cresce-40-em-12-meses\/#breadcrumb"},"inLanguage":"pt-BR","potentialAction":[{"@type":"ReadAction","target":["https:\/\/dana.com.br\/canaldana\/2021\/08\/06\/venda-de-autopecas-cresce-40-em-12-meses\/"]}]},{"@type":"BreadcrumbList","@id":"https:\/\/dana.com.br\/canaldana\/2021\/08\/06\/venda-de-autopecas-cresce-40-em-12-meses\/#breadcrumb","itemListElement":[{"@type":"ListItem","position":1,"name":"Home","item":"https:\/\/dana.com.br\/canaldana\/"},{"@type":"ListItem","position":2,"name":"Destaques","item":"https:\/\/dana.com.br\/canaldana\/destaques\/"},{"@type":"ListItem","position":3,"name":"Venda de autope\u00e7as cresce 40% em 12 meses"}]},{"@type":"WebSite","@id":"https:\/\/dana.com.br\/canaldana\/#website","url":"https:\/\/dana.com.br\/canaldana\/","name":"Canal Dana","description":"Informativo com as principais not\u00edcias da ind\u00fastria automotiva","potentialAction":[{"@type":"SearchAction","target":{"@type":"EntryPoint","urlTemplate":"https:\/\/dana.com.br\/canaldana\/?s={search_term_string}"},"query-input":{"@type":"PropertyValueSpecification","valueRequired":true,"valueName":"search_term_string"}}],"inLanguage":"pt-BR"},{"@type":"Person","@id":"https:\/\/dana.com.br\/canaldana\/#\/schema\/person\/3c21f22f56fcf3bc46b94bc60ea4fef6","name":"Canal Dana","image":{"@type":"ImageObject","inLanguage":"pt-BR","@id":"https:\/\/secure.gravatar.com\/avatar\/420aaf9278582877d9018637c6817617705899d2858d7572ef0fe59a6b6454b4?s=96&d=mm&r=g","url":"https:\/\/secure.gravatar.com\/avatar\/420aaf9278582877d9018637c6817617705899d2858d7572ef0fe59a6b6454b4?s=96&d=mm&r=g","contentUrl":"https:\/\/secure.gravatar.com\/avatar\/420aaf9278582877d9018637c6817617705899d2858d7572ef0fe59a6b6454b4?s=96&d=mm&r=g","caption":"Canal Dana"},"url":"https:\/\/dana.com.br\/canaldana\/author\/cdeditor\/"}]}},"_links":{"self":[{"href":"https:\/\/dana.com.br\/canaldana\/wp-json\/wp\/v2\/posts\/52084","targetHints":{"allow":["GET"]}}],"collection":[{"href":"https:\/\/dana.com.br\/canaldana\/wp-json\/wp\/v2\/posts"}],"about":[{"href":"https:\/\/dana.com.br\/canaldana\/wp-json\/wp\/v2\/types\/post"}],"author":[{"embeddable":true,"href":"https:\/\/dana.com.br\/canaldana\/wp-json\/wp\/v2\/users\/3"}],"replies":[{"embeddable":true,"href":"https:\/\/dana.com.br\/canaldana\/wp-json\/wp\/v2\/comments?post=52084"}],"version-history":[{"count":0,"href":"https:\/\/dana.com.br\/canaldana\/wp-json\/wp\/v2\/posts\/52084\/revisions"}],"wp:attachment":[{"href":"https:\/\/dana.com.br\/canaldana\/wp-json\/wp\/v2\/media?parent=52084"}],"wp:term":[{"taxonomy":"category","embeddable":true,"href":"https:\/\/dana.com.br\/canaldana\/wp-json\/wp\/v2\/categories?post=52084"},{"taxonomy":"post_tag","embeddable":true,"href":"https:\/\/dana.com.br\/canaldana\/wp-json\/wp\/v2\/tags?post=52084"}],"curies":[{"name":"wp","href":"https:\/\/api.w.org\/{rel}","templated":true}]}}