{"id":51954,"date":"2021-08-02T08:41:16","date_gmt":"2021-08-02T11:41:16","guid":{"rendered":"https:\/\/dana.com.br\/canaldana\/?p=51954"},"modified":"2021-08-02T08:41:16","modified_gmt":"2021-08-02T11:41:16","slug":"paccar-parts-celebra-crescimento-de-120-no-brasil","status":"publish","type":"post","link":"https:\/\/dana.com.br\/canaldana\/2021\/08\/02\/paccar-parts-celebra-crescimento-de-120-no-brasil\/","title":{"rendered":"Paccar Parts celebra crescimento de 120% no Brasil"},"content":{"rendered":"<p><em>Estrad\u00e3o <\/em><\/p>\n<p>&nbsp;<\/p>\n<p>A Paccar Parts comemora o crescimento de 120% no faturamento de seu Centro de Distribui\u00e7\u00e3o. O novo CD foi inaugurado em 2020 em Ponta Grossa (PR). Contudo, a companhia n\u00e3o releva os valores de faturamento em reais. Segundo a empresa, isso porque est\u00e1 listada na Bolsa de Valores.<\/p>\n<p>&nbsp;<\/p>\n<p>Seja como for, tamb\u00e9m houve o alta de 100% no n\u00famero de pe\u00e7as comercializadas. Assim como de 60% na amplia\u00e7\u00e3o do invent\u00e1rio de produtos. Todos os dados s\u00e3o da Paccar Parts.<\/p>\n<p>&nbsp;<\/p>\n<p>De acordo com a empresa, alguns fatores impulsionaram os n\u00fameros. Por exemplo, houve aumento das vendas de pe\u00e7as DAF e Paccar, voltadas aos caminh\u00f5es DAF que est\u00e3o em garantia. Assim, a marca j\u00e1 tem quase 15 mil caminh\u00f5es rodando no Brasil. Ou seja, entre as linhas XF e CF.<\/p>\n<p>&nbsp;<\/p>\n<p><strong>Centro de Distribui\u00e7\u00e3o da Paccar Parts no Brasil<\/strong><\/p>\n<p>&nbsp;<\/p>\n<p>Em julho de 2020, a Paccar Parts inaugurou o Centro de Distribui\u00e7\u00e3o. O espa\u00e7o ocupa uma \u00e1rea de 16 mil m\u00b2. E \u00e9 fruto de investimentos de R$ 200 milh\u00f5es. Dos quais, R$ 100 milh\u00f5es foram investidos no estoque de pe\u00e7as.<\/p>\n<p>&nbsp;<\/p>\n<p>Como resultado, a empresa informa que a taxa de disponibilidade de itens passa dos 98%. Vale ressaltar, que, al\u00e9m do CD do Brasil, a Paccar Parts tem outros 18 no mundo.<\/p>\n<p>&nbsp;<\/p>\n<p>Diretor executivo da Paccar Parts, Carlos Tavares diz que o CD contribuiu para o crescimento da marca no Brasil. Nesse sentido, permitiu ao grupo melhorar o atendimento aos clientes.<\/p>\n<p>&nbsp;<\/p>\n<p><strong>Aposta no aumento da demanda<\/strong><\/p>\n<p>&nbsp;<\/p>\n<p>\u201cA capacidade instalada est\u00e1 muito acima do que precisamos\u201d, diz Tavares. Segundo ele, a empresa est\u00e1 preparada para os pr\u00f3ximos 10 anos. Isso considera que vamos continuar crescendo ao ritmo de tr\u00eas d\u00edgitos todos os anos\u201d, afirma o executivo.<\/p>\n<p>&nbsp;<\/p>\n<p>Nesse sentido, a Paccar Parts garante que entrega pe\u00e7as \u00e0 rede a cada tr\u00eas dias. Para compara\u00e7\u00e3o, antes da inaugura\u00e7\u00e3o do novo CD o prazo m\u00e9dio era de cinco.<\/p>\n<p>&nbsp;<\/p>\n<p>Segundo a empresa, mais de 500 linhas de pe\u00e7as podem ser entregues por dia. Assim. isso \u00e9 resultado de investimentos tecnologia, log\u00edstica e treinamento de colaboradores.<\/p>\n<p>&nbsp;<\/p>\n<p><strong>TRP representa 30% dos neg\u00f3cios<\/strong><\/p>\n<p>&nbsp;<\/p>\n<p>Nesse sentido, contribui a TRP. Ou seja, as pe\u00e7as focadas no mercado de multimarcas. Assim, isso inclui caminh\u00f5es e implementos rodovi\u00e1rios.<\/p>\n<p>&nbsp;<\/p>\n<p>Segundo a Paccar Parts, a linha TRP j\u00e1 representa 30% das opera\u00e7\u00f5es da empresa. De acordo com Tavares, o volume de neg\u00f3cios continuar\u00e1 crescendo. Como resultado, a alta em 2021 dever\u00e1 ser de 32%.<\/p>\n<p>&nbsp;<\/p>\n<p>Nesse sentido, o Grupo Paccar foi o primeiro a lan\u00e7ar no Pa\u00eds uma divis\u00e3o de pe\u00e7as multimarcas para caminh\u00f5es. Portanto, o atendimento \u00e9 feito pela pr\u00f3pria rede de concession\u00e1rias DAF.<\/p>\n<p>&nbsp;<\/p>\n<p><strong>Mais 3 revendas TRP no Brasil<\/strong><\/p>\n<p>&nbsp;<\/p>\n<p>Nesse sentido, a rede de distribui\u00e7\u00e3o ser\u00e1 ampliada. Ou seja, passar\u00e1 dos atuais cinco para oito pontos de atendimento at\u00e9 fim de 2021. Segundo a Paccar, as novas lojas ser\u00e3o em \u00c1gua Boa (MT), Vit\u00f3ria da Conquista (BA) e Candeias do Jamari (RO).<\/p>\n<p>&nbsp;<\/p>\n<p>Segundo Tavares, as lojas ficam a, no m\u00e1ximo 600 km de dist\u00e2ncia de uma autorizada da DAF. \u201cDessa forma, o cliente pode fazer o servi\u00e7o em uma autorizada pr\u00f3xima. Ou seja, de forma r\u00e1pida, sem atrapalhar sua opera\u00e7\u00e3o\u201d.<\/p>\n<p>&nbsp;<\/p>\n<p>Al\u00e9m disso, empresa est\u00e1 investindo nas vendas online. Assim, pelo Webshop d\u00e1 para conferir o cat\u00e1logo completo de pe\u00e7as.<\/p>\n<p>&nbsp;<\/p>\n<p>Bem como escolher entre itens da DAF ou da TRP. No cat\u00e1logo \u00e9 poss\u00edvel checar informa\u00e7\u00f5es como pre\u00e7o e disponibilidade. Al\u00e9m de prazo de entrega.<\/p>\n<p>&nbsp;<\/p>\n<p>Tudo em tempo real. segundo a empresa. Como resultado, a empresa espera fechar 2021 com crescimento de 150% no volume de neg\u00f3cios no Brasil. (Estrad\u00e3o)<\/p>\n","protected":false},"excerpt":{"rendered":"<p>Estrad\u00e3o &nbsp; A Paccar Parts comemora o crescimento de 120% no faturamento de seu Centro de Distribui\u00e7\u00e3o. O novo CD foi inaugurado em 2020 em Ponta Grossa (PR). Contudo, a companhia n\u00e3o releva os valores de faturamento em reais. Segundo a empresa, isso porque est\u00e1 listada na Bolsa de Valores. &nbsp; Seja como for, tamb\u00e9m\u2026 <a class=\"readmore\" href=\"https:\/\/dana.com.br\/canaldana\/2021\/08\/02\/paccar-parts-celebra-crescimento-de-120-no-brasil\/\">Leia mais \u00bb<\/a><\/p>\n","protected":false},"author":3,"featured_media":0,"comment_status":"closed","ping_status":"closed","sticky":false,"template":"","format":"standard","meta":{"_acf_changed":false,"footnotes":""},"categories":[61],"tags":[],"class_list":["post-51954","post","type-post","status-publish","format-standard","hentry","category-destaques"],"acf":[],"yoast_head":"<!-- This site is optimized with the Yoast SEO plugin v27.3 - https:\/\/yoast.com\/product\/yoast-seo-wordpress\/ -->\n<title>Paccar Parts celebra crescimento de 120% no Brasil - Canal Dana<\/title>\n<meta name=\"robots\" content=\"index, follow, max-snippet:-1, max-image-preview:large, max-video-preview:-1\" \/>\n<link rel=\"canonical\" href=\"https:\/\/dana.com.br\/canaldana\/2021\/08\/02\/paccar-parts-celebra-crescimento-de-120-no-brasil\/\" \/>\n<meta property=\"og:locale\" content=\"pt_BR\" \/>\n<meta property=\"og:type\" content=\"article\" \/>\n<meta property=\"og:title\" content=\"Paccar Parts celebra crescimento de 120% no Brasil - Canal Dana\" \/>\n<meta property=\"og:description\" content=\"Estrad\u00e3o &nbsp; A Paccar Parts comemora o crescimento de 120% no faturamento de seu Centro de Distribui\u00e7\u00e3o. O novo CD foi inaugurado em 2020 em Ponta Grossa (PR). Contudo, a companhia n\u00e3o releva os valores de faturamento em reais. Segundo a empresa, isso porque est\u00e1 listada na Bolsa de Valores. &nbsp; Seja como for, tamb\u00e9m\u2026 Leia mais \u00bb\" \/>\n<meta property=\"og:url\" content=\"https:\/\/dana.com.br\/canaldana\/2021\/08\/02\/paccar-parts-celebra-crescimento-de-120-no-brasil\/\" \/>\n<meta property=\"og:site_name\" content=\"Canal Dana\" \/>\n<meta property=\"article:published_time\" content=\"2021-08-02T11:41:16+00:00\" \/>\n<meta name=\"author\" content=\"Canal Dana\" \/>\n<meta name=\"twitter:card\" content=\"summary_large_image\" \/>\n<meta name=\"twitter:label1\" content=\"Escrito por\" \/>\n\t<meta name=\"twitter:data1\" content=\"Canal Dana\" \/>\n\t<meta name=\"twitter:label2\" content=\"Est. tempo de leitura\" \/>\n\t<meta name=\"twitter:data2\" content=\"3 minutos\" \/>\n<script type=\"application\/ld+json\" class=\"yoast-schema-graph\">{\"@context\":\"https:\\\/\\\/schema.org\",\"@graph\":[{\"@type\":\"Article\",\"@id\":\"https:\\\/\\\/dana.com.br\\\/canaldana\\\/2021\\\/08\\\/02\\\/paccar-parts-celebra-crescimento-de-120-no-brasil\\\/#article\",\"isPartOf\":{\"@id\":\"https:\\\/\\\/dana.com.br\\\/canaldana\\\/2021\\\/08\\\/02\\\/paccar-parts-celebra-crescimento-de-120-no-brasil\\\/\"},\"author\":{\"name\":\"Canal Dana\",\"@id\":\"https:\\\/\\\/dana.com.br\\\/canaldana\\\/#\\\/schema\\\/person\\\/3c21f22f56fcf3bc46b94bc60ea4fef6\"},\"headline\":\"Paccar Parts celebra crescimento de 120% no Brasil\",\"datePublished\":\"2021-08-02T11:41:16+00:00\",\"mainEntityOfPage\":{\"@id\":\"https:\\\/\\\/dana.com.br\\\/canaldana\\\/2021\\\/08\\\/02\\\/paccar-parts-celebra-crescimento-de-120-no-brasil\\\/\"},\"wordCount\":647,\"articleSection\":[\"Destaques\"],\"inLanguage\":\"pt-BR\"},{\"@type\":\"WebPage\",\"@id\":\"https:\\\/\\\/dana.com.br\\\/canaldana\\\/2021\\\/08\\\/02\\\/paccar-parts-celebra-crescimento-de-120-no-brasil\\\/\",\"url\":\"https:\\\/\\\/dana.com.br\\\/canaldana\\\/2021\\\/08\\\/02\\\/paccar-parts-celebra-crescimento-de-120-no-brasil\\\/\",\"name\":\"Paccar Parts celebra crescimento de 120% no Brasil - Canal Dana\",\"isPartOf\":{\"@id\":\"https:\\\/\\\/dana.com.br\\\/canaldana\\\/#website\"},\"datePublished\":\"2021-08-02T11:41:16+00:00\",\"author\":{\"@id\":\"https:\\\/\\\/dana.com.br\\\/canaldana\\\/#\\\/schema\\\/person\\\/3c21f22f56fcf3bc46b94bc60ea4fef6\"},\"breadcrumb\":{\"@id\":\"https:\\\/\\\/dana.com.br\\\/canaldana\\\/2021\\\/08\\\/02\\\/paccar-parts-celebra-crescimento-de-120-no-brasil\\\/#breadcrumb\"},\"inLanguage\":\"pt-BR\",\"potentialAction\":[{\"@type\":\"ReadAction\",\"target\":[\"https:\\\/\\\/dana.com.br\\\/canaldana\\\/2021\\\/08\\\/02\\\/paccar-parts-celebra-crescimento-de-120-no-brasil\\\/\"]}]},{\"@type\":\"BreadcrumbList\",\"@id\":\"https:\\\/\\\/dana.com.br\\\/canaldana\\\/2021\\\/08\\\/02\\\/paccar-parts-celebra-crescimento-de-120-no-brasil\\\/#breadcrumb\",\"itemListElement\":[{\"@type\":\"ListItem\",\"position\":1,\"name\":\"Home\",\"item\":\"https:\\\/\\\/dana.com.br\\\/canaldana\\\/\"},{\"@type\":\"ListItem\",\"position\":2,\"name\":\"Destaques\",\"item\":\"https:\\\/\\\/dana.com.br\\\/canaldana\\\/destaques\\\/\"},{\"@type\":\"ListItem\",\"position\":3,\"name\":\"Paccar Parts celebra crescimento de 120% no Brasil\"}]},{\"@type\":\"WebSite\",\"@id\":\"https:\\\/\\\/dana.com.br\\\/canaldana\\\/#website\",\"url\":\"https:\\\/\\\/dana.com.br\\\/canaldana\\\/\",\"name\":\"Canal Dana\",\"description\":\"Informativo com as principais not\u00edcias da ind\u00fastria automotiva\",\"potentialAction\":[{\"@type\":\"SearchAction\",\"target\":{\"@type\":\"EntryPoint\",\"urlTemplate\":\"https:\\\/\\\/dana.com.br\\\/canaldana\\\/?s={search_term_string}\"},\"query-input\":{\"@type\":\"PropertyValueSpecification\",\"valueRequired\":true,\"valueName\":\"search_term_string\"}}],\"inLanguage\":\"pt-BR\"},{\"@type\":\"Person\",\"@id\":\"https:\\\/\\\/dana.com.br\\\/canaldana\\\/#\\\/schema\\\/person\\\/3c21f22f56fcf3bc46b94bc60ea4fef6\",\"name\":\"Canal Dana\",\"image\":{\"@type\":\"ImageObject\",\"inLanguage\":\"pt-BR\",\"@id\":\"https:\\\/\\\/secure.gravatar.com\\\/avatar\\\/420aaf9278582877d9018637c6817617705899d2858d7572ef0fe59a6b6454b4?s=96&d=mm&r=g\",\"url\":\"https:\\\/\\\/secure.gravatar.com\\\/avatar\\\/420aaf9278582877d9018637c6817617705899d2858d7572ef0fe59a6b6454b4?s=96&d=mm&r=g\",\"contentUrl\":\"https:\\\/\\\/secure.gravatar.com\\\/avatar\\\/420aaf9278582877d9018637c6817617705899d2858d7572ef0fe59a6b6454b4?s=96&d=mm&r=g\",\"caption\":\"Canal Dana\"},\"url\":\"https:\\\/\\\/dana.com.br\\\/canaldana\\\/author\\\/cdeditor\\\/\"}]}<\/script>\n<!-- \/ Yoast SEO plugin. -->","yoast_head_json":{"title":"Paccar Parts celebra crescimento de 120% no Brasil - Canal Dana","robots":{"index":"index","follow":"follow","max-snippet":"max-snippet:-1","max-image-preview":"max-image-preview:large","max-video-preview":"max-video-preview:-1"},"canonical":"https:\/\/dana.com.br\/canaldana\/2021\/08\/02\/paccar-parts-celebra-crescimento-de-120-no-brasil\/","og_locale":"pt_BR","og_type":"article","og_title":"Paccar Parts celebra crescimento de 120% no Brasil - Canal Dana","og_description":"Estrad\u00e3o &nbsp; A Paccar Parts comemora o crescimento de 120% no faturamento de seu Centro de Distribui\u00e7\u00e3o. O novo CD foi inaugurado em 2020 em Ponta Grossa (PR). Contudo, a companhia n\u00e3o releva os valores de faturamento em reais. Segundo a empresa, isso porque est\u00e1 listada na Bolsa de Valores. &nbsp; Seja como for, tamb\u00e9m\u2026 Leia mais \u00bb","og_url":"https:\/\/dana.com.br\/canaldana\/2021\/08\/02\/paccar-parts-celebra-crescimento-de-120-no-brasil\/","og_site_name":"Canal Dana","article_published_time":"2021-08-02T11:41:16+00:00","author":"Canal Dana","twitter_card":"summary_large_image","twitter_misc":{"Escrito por":"Canal Dana","Est. tempo de leitura":"3 minutos"},"schema":{"@context":"https:\/\/schema.org","@graph":[{"@type":"Article","@id":"https:\/\/dana.com.br\/canaldana\/2021\/08\/02\/paccar-parts-celebra-crescimento-de-120-no-brasil\/#article","isPartOf":{"@id":"https:\/\/dana.com.br\/canaldana\/2021\/08\/02\/paccar-parts-celebra-crescimento-de-120-no-brasil\/"},"author":{"name":"Canal Dana","@id":"https:\/\/dana.com.br\/canaldana\/#\/schema\/person\/3c21f22f56fcf3bc46b94bc60ea4fef6"},"headline":"Paccar Parts celebra crescimento de 120% no Brasil","datePublished":"2021-08-02T11:41:16+00:00","mainEntityOfPage":{"@id":"https:\/\/dana.com.br\/canaldana\/2021\/08\/02\/paccar-parts-celebra-crescimento-de-120-no-brasil\/"},"wordCount":647,"articleSection":["Destaques"],"inLanguage":"pt-BR"},{"@type":"WebPage","@id":"https:\/\/dana.com.br\/canaldana\/2021\/08\/02\/paccar-parts-celebra-crescimento-de-120-no-brasil\/","url":"https:\/\/dana.com.br\/canaldana\/2021\/08\/02\/paccar-parts-celebra-crescimento-de-120-no-brasil\/","name":"Paccar Parts celebra crescimento de 120% no Brasil - Canal Dana","isPartOf":{"@id":"https:\/\/dana.com.br\/canaldana\/#website"},"datePublished":"2021-08-02T11:41:16+00:00","author":{"@id":"https:\/\/dana.com.br\/canaldana\/#\/schema\/person\/3c21f22f56fcf3bc46b94bc60ea4fef6"},"breadcrumb":{"@id":"https:\/\/dana.com.br\/canaldana\/2021\/08\/02\/paccar-parts-celebra-crescimento-de-120-no-brasil\/#breadcrumb"},"inLanguage":"pt-BR","potentialAction":[{"@type":"ReadAction","target":["https:\/\/dana.com.br\/canaldana\/2021\/08\/02\/paccar-parts-celebra-crescimento-de-120-no-brasil\/"]}]},{"@type":"BreadcrumbList","@id":"https:\/\/dana.com.br\/canaldana\/2021\/08\/02\/paccar-parts-celebra-crescimento-de-120-no-brasil\/#breadcrumb","itemListElement":[{"@type":"ListItem","position":1,"name":"Home","item":"https:\/\/dana.com.br\/canaldana\/"},{"@type":"ListItem","position":2,"name":"Destaques","item":"https:\/\/dana.com.br\/canaldana\/destaques\/"},{"@type":"ListItem","position":3,"name":"Paccar Parts celebra crescimento de 120% no Brasil"}]},{"@type":"WebSite","@id":"https:\/\/dana.com.br\/canaldana\/#website","url":"https:\/\/dana.com.br\/canaldana\/","name":"Canal Dana","description":"Informativo com as principais not\u00edcias da ind\u00fastria automotiva","potentialAction":[{"@type":"SearchAction","target":{"@type":"EntryPoint","urlTemplate":"https:\/\/dana.com.br\/canaldana\/?s={search_term_string}"},"query-input":{"@type":"PropertyValueSpecification","valueRequired":true,"valueName":"search_term_string"}}],"inLanguage":"pt-BR"},{"@type":"Person","@id":"https:\/\/dana.com.br\/canaldana\/#\/schema\/person\/3c21f22f56fcf3bc46b94bc60ea4fef6","name":"Canal Dana","image":{"@type":"ImageObject","inLanguage":"pt-BR","@id":"https:\/\/secure.gravatar.com\/avatar\/420aaf9278582877d9018637c6817617705899d2858d7572ef0fe59a6b6454b4?s=96&d=mm&r=g","url":"https:\/\/secure.gravatar.com\/avatar\/420aaf9278582877d9018637c6817617705899d2858d7572ef0fe59a6b6454b4?s=96&d=mm&r=g","contentUrl":"https:\/\/secure.gravatar.com\/avatar\/420aaf9278582877d9018637c6817617705899d2858d7572ef0fe59a6b6454b4?s=96&d=mm&r=g","caption":"Canal Dana"},"url":"https:\/\/dana.com.br\/canaldana\/author\/cdeditor\/"}]}},"_links":{"self":[{"href":"https:\/\/dana.com.br\/canaldana\/wp-json\/wp\/v2\/posts\/51954","targetHints":{"allow":["GET"]}}],"collection":[{"href":"https:\/\/dana.com.br\/canaldana\/wp-json\/wp\/v2\/posts"}],"about":[{"href":"https:\/\/dana.com.br\/canaldana\/wp-json\/wp\/v2\/types\/post"}],"author":[{"embeddable":true,"href":"https:\/\/dana.com.br\/canaldana\/wp-json\/wp\/v2\/users\/3"}],"replies":[{"embeddable":true,"href":"https:\/\/dana.com.br\/canaldana\/wp-json\/wp\/v2\/comments?post=51954"}],"version-history":[{"count":0,"href":"https:\/\/dana.com.br\/canaldana\/wp-json\/wp\/v2\/posts\/51954\/revisions"}],"wp:attachment":[{"href":"https:\/\/dana.com.br\/canaldana\/wp-json\/wp\/v2\/media?parent=51954"}],"wp:term":[{"taxonomy":"category","embeddable":true,"href":"https:\/\/dana.com.br\/canaldana\/wp-json\/wp\/v2\/categories?post=51954"},{"taxonomy":"post_tag","embeddable":true,"href":"https:\/\/dana.com.br\/canaldana\/wp-json\/wp\/v2\/tags?post=51954"}],"curies":[{"name":"wp","href":"https:\/\/api.w.org\/{rel}","templated":true}]}}