{"id":51923,"date":"2021-07-30T08:51:52","date_gmt":"2021-07-30T11:51:52","guid":{"rendered":"https:\/\/dana.com.br\/canaldana\/?p=51923"},"modified":"2021-07-30T08:51:52","modified_gmt":"2021-07-30T11:51:52","slug":"mercedes-benz-celebra-a-presenca-dos-automoveis-e-da-linha-sprinter-nos-65-anos-da-marca-no-brasil","status":"publish","type":"post","link":"https:\/\/dana.com.br\/canaldana\/2021\/07\/30\/mercedes-benz-celebra-a-presenca-dos-automoveis-e-da-linha-sprinter-nos-65-anos-da-marca-no-brasil\/","title":{"rendered":"Mercedes-Benz celebra a presen\u00e7a dos autom\u00f3veis e da linha Sprinter nos 65 anos da marca no Brasil"},"content":{"rendered":"<p><em>Revista Torque<\/em><\/p>\n<p>&nbsp;<\/p>\n<p>Prestes a completar 65 anos no dia 28 de setembro, a Mercedes-Benz construiu sua marca no pa\u00eds sobre os pilares de pioneirismo, inova\u00e7\u00e3o e qualidade. Ao longo de sua trajet\u00f3ria, a fabricante foi incorporando ao portf\u00f3lio brasileiro diversos produtos mundialmente consagrados para oferecer a linha mais completa de ve\u00edculos de passeio ou para o transporte, como os autom\u00f3veis de luxo e a moderna linha Sprinter de ve\u00edculos comerciais leves. Esses ve\u00edculos completam as solu\u00e7\u00f5es de mobilidade oferecidas pela Empresa aos clientes do Brasil e que j\u00e1 est\u00e3o em novos patamares de tecnologia e de sofistica\u00e7\u00e3o.<\/p>\n<p>&nbsp;<\/p>\n<p>\u201cCom nossos ve\u00edculos do segmento de luxo e com a linha Sprinter, refor\u00e7amos o posicionamento da marca para atender os mais diversos perfis de clientes no mercado brasileiro\u201d, afirma o Presidente e CEO da Mercedes-Benz Cars &amp; Vans Brasil, Jefferson Ferrarez.<\/p>\n<p>&nbsp;<\/p>\n<p><strong>Seis d\u00e9cadas de atendimento a clientes de autom\u00f3veis<\/strong><\/p>\n<p>&nbsp;<\/p>\n<p>Na d\u00e9cada de 1960, a marca Mercedes-Benz j\u00e1 comercializava seus autom\u00f3veis luxuosos no Brasil para uso de diplomatas, assegurando tamb\u00e9m a manuten\u00e7\u00e3o e assist\u00eancia t\u00e9cnica. Ali\u00e1s, a oficina mec\u00e2nica de importados, montada na f\u00e1brica de S\u00e3o Bernardo do Campo, no ABC Paulista, consolidou uma imagem de extremo rigor com a presta\u00e7\u00e3o de servi\u00e7os e com a aten\u00e7\u00e3o aos clientes, dando contribui\u00e7\u00e3o muito importante para a preserva\u00e7\u00e3o do alto padr\u00e3o mundial de qualidade dos sofisticados ve\u00edculos Mercedes-Benz.<\/p>\n<p>&nbsp;<\/p>\n<p>A partir da d\u00e9cada de 1990, com a abertura do mercado brasileiro \u00e0s importa\u00e7\u00f5es de autom\u00f3veis, a Mercedes-Benz do Brasil criou a Starauto, unidade de neg\u00f3cios espec\u00edfica para comercializar os desejados autom\u00f3veis de luxo da marca no pa\u00eds. Nessa d\u00e9cada, junto com a nova conjuntura econ\u00f4mica, houve um grande salto de vendas, saindo de 500 unidades por ano para cerca de 5 mil autom\u00f3veis no final da d\u00e9cada.<\/p>\n<p>&nbsp;<\/p>\n<p>Junto com esse volume de vendas crescente, foi desenvolvida tamb\u00e9m uma completa rede de concession\u00e1rios com foco em oferecer a melhor experi\u00eancia durante a compra e servi\u00e7os altamente especializados de P\u00f3s-Venda. E essa expans\u00e3o continuou tamb\u00e9m nas d\u00e9cadas seguintes, estabelecendo novos n\u00edveis de vendas ano ap\u00f3s ano. E em 2015 foi estabelecido o recorde de vendas ainda n\u00e3o superado de 17,5 mil ve\u00edculos emplacados em um ano.<\/p>\n<p>&nbsp;<\/p>\n<p>Ao longo de todo o tempo, a oferta de modelos foi aumentando, acompanhando as tend\u00eancias de mercado e as prefer\u00eancias dos consumidores. Hoje, o portf\u00f3lio no pa\u00eds inclui mais de 40 vers\u00f5es entre sedans, hatch, coup\u00e9, SUV, cabriolet, roadster e os exclusivos Mercedes-AMG. A linha atual j\u00e1 inclui o EQC, o primeiro carro el\u00e9trico da marca e est\u00e1 alinhada com o objetivo claro de ser uma marca 100% el\u00e9trica at\u00e9 2030, al\u00e9m de ter o processo de produ\u00e7\u00e3o livre da emiss\u00e3o de CO2 at\u00e9 2039. Mais de 40 bilh\u00f5es de euros ser\u00e3o investidos nos pr\u00f3ximos anos para tornar esses objetivos uma realidade.<\/p>\n<p>&nbsp;<\/p>\n<p>Alguns modelos tamb\u00e9m foram produzidos no pa\u00eds: a primeira gera\u00e7\u00e3o da Classe A, o exclusivo duas portas CLC 200, o sedan de luxo Classe C e o SUV Premium GLA marcaram a hist\u00f3ria das cidades de Juiz de Fora em Minas Gerais e Iracem\u00e1polis em S\u00e3o Paulo. Agora, em um novo momento da estrat\u00e9gia mundial de atua\u00e7\u00e3o, a empresa atende o mercado brasileiro somente com modelos importados.<\/p>\n<p>&nbsp;<\/p>\n<p>Desde o in\u00edcio, o atendimento especializado e customizado a clientes de autom\u00f3veis \u00e9 um diferencial de mercado da Mercedes-Benz, o que fez da marca uma das mais desejadas tamb\u00e9m por grandes celebridades. Pel\u00e9, Hebe Camargo, Ronaldo Naz\u00e1rio e Faust\u00e3o, por exemplo, j\u00e1 visitaram a f\u00e1brica em S\u00e3o Bernardo do Campo para conferirem os processos que fazem da marca um \u00edcone no atendimento. Os modelos luxuosos Mercedes-Benz fizeram parte tamb\u00e9m das turn\u00eas de m\u00fasicos internacionais no Brasil, a servi\u00e7o de astros como Paul McCartney, Madonna, U2 e Rolling Stones.<\/p>\n<p>&nbsp;<\/p>\n<p>A\u00e7\u00f5es de marketing inovadoras como o Mercedes-Benz Night, que abre a temporada nacional de \u201cfashion\u201d e as experi\u00eancias de condu\u00e7\u00e3o esportiva oferecidas nos principais aut\u00f3dromos do pa\u00eds em cada AMG Week realizado oferecem aos clientes e admiradores da marca novas experi\u00eancias com a marca e os produtos que at\u00e9 ent\u00e3o s\u00f3 existiam apenas na Europa.<\/p>\n<p>&nbsp;<\/p>\n<p><strong>Sprinter, sin\u00f4nimo de categoria e refer\u00eancia de mercado<\/strong><\/p>\n<p>&nbsp;<\/p>\n<p>A Sprinter estreou em 1995 na Alemanha e fez parte de um marco hist\u00f3rico da marca ao ser o primeiro ve\u00edculo de transporte da Mercedes-Benz a receber oficialmente seu nome pr\u00f3prio. Essa designa\u00e7\u00e3o hoje representa uma categoria inteira de ve\u00edculos.<\/p>\n<p>&nbsp;<\/p>\n<p>No Brasil, o lan\u00e7amento do produto ocorreu em 1997, contando com op\u00e7\u00f5es de vans de passageiros, furg\u00f5es e chassis para transporte de carga, distribui\u00e7\u00e3o urbana e presta\u00e7\u00e3o de servi\u00e7os. Com a Sprinter, a Empresa criava no pa\u00eds o segmento de Large Vans, categoria de ve\u00edculos comerciais leves com peso bruto total entre 3,5 e 5 toneladas. Ela foi a sucessora do MB 180, primeira fam\u00edlia de modelos da marca nesse segmento no Brasil, importado da Espanha entre 1994 e 1997.<\/p>\n<p>&nbsp;<\/p>\n<p>Em quase 25 anos de forte presen\u00e7a no mercado brasileiro, foram vendidas mais de 150 mil unidades da linha, consolidando sua lideran\u00e7a em vendas e confirmando a Sprinter como o ve\u00edculo mais desejado da categoria.<\/p>\n<p>&nbsp;<\/p>\n<p>Em 2012, uma nova gera\u00e7\u00e3o da Sprinter chegou ao mercado brasileiro, trazendo padr\u00f5es ainda mais elevados de tecnologia, seguran\u00e7a, conforto e capacidade de transporte. Destaque para o motor OM 651 com tecnologia BlueEFFICIENCY, que assegura mais pot\u00eancia e torque, com menores emiss\u00f5es; al\u00e9m do exclusivo sistema ESP Adaptativo \u00ae e novos airbags. O design moderno e arrojado agregou ainda mais eleg\u00e2ncia \u00e0 Sprinter.<\/p>\n<p>&nbsp;<\/p>\n<p>A atual gera\u00e7\u00e3o dessa linha de ve\u00edculos fez sua estreia no pa\u00eds no final de 2019. \u201cSprinter \u2013 100 % PRA VOC\u00ca\u201d \u00e9 o posicionamento mundial do produto, o que se estende ao mercado brasileiro, destacando mais valor agregado aos clientes em tecnologia, interatividade, seguran\u00e7a, conforto e performance. Como resultado, a Sprinter oferece o melhor custo\/benef\u00edcio da categoria.<\/p>\n<p>&nbsp;<\/p>\n<p>\u201cCada vez mais, a Sprinter se consolida no nosso pa\u00eds pela completa oferta de solu\u00e7\u00f5es de mobilidade para pessoas e cargas\u201d, afirma Jefferson Ferrarez. \u201cCom sua agilidade e conforto de dirigibilidade, ela \u00e9 ideal para entregas r\u00e1pidas especialmente nos centros urbanos, cada vez mais congestionados e com circula\u00e7\u00e3o limitada para ve\u00edculos de entregas. A Sprinter assegura facilidade dentro dessa complexidade, circulando com desenvoltura e versatilidade em todas as situa\u00e7\u00f5es, seja nas vias centrais, no interior dos bairros, ladeiras e tamb\u00e9m nas curtas dist\u00e2ncias\u201d.<\/p>\n<p>&nbsp;<\/p>\n<p>Com portf\u00f3lio atual, novamente a Mercedes-Benz trouxe para o segmento de comerciais leves inova\u00e7\u00f5es tecnol\u00f3gicas e exclusividades como o Assistente Ativo de Frenagem (ABA), que detecta obst\u00e1culos a frente, alerta o motorista e at\u00e9 inicia a frenagem de forma aut\u00f4noma, caso o motorista n\u00e3o atue; e o ESP Adaptativo 9I\u00ae, o mais completo da categoria. Outro item exclusivo da marca \u00e9 a dire\u00e7\u00e3o el\u00e9trica que oferece mais conforto e facilidade para manobrar em qualquer lugar. O sistema multim\u00eddia MBUX com espelhamento de smartphone, piloto autom\u00e1tico e volante multifuncional, trazem ainda mais praticidade e comodidade. Com todos estes diferenciais, a linha Sprinter alcan\u00e7a o n\u00edvel mais alto da categoria de Large Vans e evidencia o seu pioneirismo no segmento.<\/p>\n<p>&nbsp;<\/p>\n<p>A Sprinter oferece a maior linha de ve\u00edculos comerciais leves em sua vasta rede de concession\u00e1rios para atender todas as demandas do mercado com seu amplo portf\u00f3lio e servi\u00e7os qualificados de P\u00f3s-Venda. S\u00e3o mais de 100 configura\u00e7\u00f5es \u00e0 disposi\u00e7\u00e3o dos clientes, entre vans de passageiros, para transporte escolar, turismo, traslados e fretamento, como furg\u00f5es e chassis com cabina para distribui\u00e7\u00e3o urbana e transporte de carga e produtos, al\u00e9m da presta\u00e7\u00e3o de servi\u00e7os e neg\u00f3cios sobre rodas para empreendedores. A Sprinter tamb\u00e9m se tornou refer\u00eancia no segmento de Motorhome, devido ao seu alto padr\u00e3o de qualidade e equipamentos dispon\u00edveis, segmento este que teve um grande crescimento nestes \u00faltimos anos.<\/p>\n<p>&nbsp;<\/p>\n<p><strong>Uma hist\u00f3ria que est\u00e1 sempre em evolu\u00e7\u00e3o<\/strong><\/p>\n<p>&nbsp;<\/p>\n<p>A Mercedes-Benz Cars &amp; Vans \u00e9 uma empresa do Grupo Daimler, um dos principais fabricantes mundiais de autom\u00f3veis de luxo e um dos maiores produtores mundiais de ve\u00edculos comerciais.<\/p>\n<p>&nbsp;<\/p>\n<p>Como pioneira da engenharia automotiva, a marca v\u00ea a proje\u00e7\u00e3o do futuro da mobilidade de maneira segura e sustent\u00e1vel. Portanto, o foco da Empresa permanece em tecnologias inovadoras e ecol\u00f3gicas, bem como em ve\u00edculos seguros e de alta qualidade que encantam.<\/p>\n<p>&nbsp;<\/p>\n<p>A Companhia continua investindo sistematicamente no desenvolvimento de transmiss\u00f5es eficientes \u2013 desde motores \u00e0 combust\u00e3o de alta tecnologia e ve\u00edculos h\u00edbridos at\u00e9 modelos totalmente el\u00e9tricos, com o objetivo de tornar poss\u00edvel a mobilidade livre de emiss\u00f5es no longo prazo.<\/p>\n<p>&nbsp;<\/p>\n<p>Os esfor\u00e7os da marca tamb\u00e9m est\u00e3o focados na conectividade inteligente de seus ve\u00edculos, assist\u00eancia \u00e0 condu\u00e7\u00e3o, dire\u00e7\u00e3o aut\u00f4noma e novos conceitos de mobilidade.<\/p>\n<p>&nbsp;<\/p>\n<p>A Mercedes-Benz, marca automotiva de luxo mais valiosa do mundo segundo o estudo da Interbrand, em 2020, comercializa seus ve\u00edculos e servi\u00e7os em quase todos os pa\u00edses do mundo e possui instala\u00e7\u00f5es de produ\u00e7\u00e3o na Europa, Am\u00e9rica do Norte e do Sul, \u00c1sia e \u00c1frica. Al\u00e9m disso, em junho deste ano, a marca foi considerada a mais valiosa da Europa pelo segundo ano seguido, de acordo com a consultoria Brand Finance, especializada em avalia\u00e7\u00e3o de marcas. Durante sua trajet\u00f3ria no Brasil, a Mercedes-Benz Cars &amp; Vans tem expandido, de forma consistente, sua atua\u00e7\u00e3o, investindo sempre em tecnologia, com o objetivo de atender \u00e0s expectativas de seus clientes por meio de produtos, servi\u00e7os de alta qualidade e experi\u00eancias, al\u00e9m de desenvolvimento social.<\/p>\n<p>&nbsp;<\/p>\n<p>\u201cNossa hist\u00f3ria est\u00e1 em constante evolu\u00e7\u00e3o\u201d, afirma Jefferson Ferrarez. \u201cTemos muito ch\u00e3o pela frente e queremos estar sempre na posi\u00e7\u00e3o de vanguarda na gera\u00e7\u00e3o de solu\u00e7\u00f5es de mobilidade e sustentabilidade, para hoje e para o futuro. A chave do nosso sucesso \u00e9 o foco constante da marca nas necessidades dos clientes, para quem sempre criamos experi\u00eancias extraordin\u00e1rias de produtos e de marca, buscando o encontro perfeito entre intelig\u00eancia e emo\u00e7\u00e3o\u201d. (Revista Torque)<\/p>\n","protected":false},"excerpt":{"rendered":"<p>Revista Torque &nbsp; Prestes a completar 65 anos no dia 28 de setembro, a Mercedes-Benz construiu sua marca no pa\u00eds sobre os pilares de pioneirismo, inova\u00e7\u00e3o e qualidade. Ao longo de sua trajet\u00f3ria, a fabricante foi incorporando ao portf\u00f3lio brasileiro diversos produtos mundialmente consagrados para oferecer a linha mais completa de ve\u00edculos de passeio ou\u2026 <a class=\"readmore\" href=\"https:\/\/dana.com.br\/canaldana\/2021\/07\/30\/mercedes-benz-celebra-a-presenca-dos-automoveis-e-da-linha-sprinter-nos-65-anos-da-marca-no-brasil\/\">Leia mais \u00bb<\/a><\/p>\n","protected":false},"author":3,"featured_media":0,"comment_status":"closed","ping_status":"closed","sticky":false,"template":"","format":"standard","meta":{"_acf_changed":false,"footnotes":""},"categories":[61],"tags":[],"class_list":["post-51923","post","type-post","status-publish","format-standard","hentry","category-destaques"],"acf":[],"yoast_head":"<!-- This site is optimized with the Yoast SEO plugin v27.3 - https:\/\/yoast.com\/product\/yoast-seo-wordpress\/ -->\n<title>Mercedes-Benz celebra a presen\u00e7a dos autom\u00f3veis e da linha Sprinter nos 65 anos da marca no Brasil - Canal Dana<\/title>\n<meta name=\"robots\" content=\"index, follow, max-snippet:-1, max-image-preview:large, max-video-preview:-1\" \/>\n<link rel=\"canonical\" href=\"https:\/\/dana.com.br\/canaldana\/2021\/07\/30\/mercedes-benz-celebra-a-presenca-dos-automoveis-e-da-linha-sprinter-nos-65-anos-da-marca-no-brasil\/\" \/>\n<meta property=\"og:locale\" content=\"pt_BR\" \/>\n<meta property=\"og:type\" content=\"article\" \/>\n<meta property=\"og:title\" content=\"Mercedes-Benz celebra a presen\u00e7a dos autom\u00f3veis e da linha Sprinter nos 65 anos da marca no Brasil - Canal Dana\" \/>\n<meta property=\"og:description\" content=\"Revista Torque &nbsp; Prestes a completar 65 anos no dia 28 de setembro, a Mercedes-Benz construiu sua marca no pa\u00eds sobre os pilares de pioneirismo, inova\u00e7\u00e3o e qualidade. Ao longo de sua trajet\u00f3ria, a fabricante foi incorporando ao portf\u00f3lio brasileiro diversos produtos mundialmente consagrados para oferecer a linha mais completa de ve\u00edculos de passeio ou\u2026 Leia mais \u00bb\" \/>\n<meta property=\"og:url\" content=\"https:\/\/dana.com.br\/canaldana\/2021\/07\/30\/mercedes-benz-celebra-a-presenca-dos-automoveis-e-da-linha-sprinter-nos-65-anos-da-marca-no-brasil\/\" \/>\n<meta property=\"og:site_name\" content=\"Canal Dana\" \/>\n<meta property=\"article:published_time\" content=\"2021-07-30T11:51:52+00:00\" \/>\n<meta name=\"author\" content=\"Canal Dana\" \/>\n<meta name=\"twitter:card\" content=\"summary_large_image\" \/>\n<meta name=\"twitter:label1\" content=\"Escrito por\" \/>\n\t<meta name=\"twitter:data1\" content=\"Canal Dana\" \/>\n\t<meta name=\"twitter:label2\" content=\"Est. tempo de leitura\" \/>\n\t<meta name=\"twitter:data2\" content=\"9 minutos\" \/>\n<script type=\"application\/ld+json\" class=\"yoast-schema-graph\">{\"@context\":\"https:\\\/\\\/schema.org\",\"@graph\":[{\"@type\":\"Article\",\"@id\":\"https:\\\/\\\/dana.com.br\\\/canaldana\\\/2021\\\/07\\\/30\\\/mercedes-benz-celebra-a-presenca-dos-automoveis-e-da-linha-sprinter-nos-65-anos-da-marca-no-brasil\\\/#article\",\"isPartOf\":{\"@id\":\"https:\\\/\\\/dana.com.br\\\/canaldana\\\/2021\\\/07\\\/30\\\/mercedes-benz-celebra-a-presenca-dos-automoveis-e-da-linha-sprinter-nos-65-anos-da-marca-no-brasil\\\/\"},\"author\":{\"name\":\"Canal Dana\",\"@id\":\"https:\\\/\\\/dana.com.br\\\/canaldana\\\/#\\\/schema\\\/person\\\/3c21f22f56fcf3bc46b94bc60ea4fef6\"},\"headline\":\"Mercedes-Benz celebra a presen\u00e7a dos autom\u00f3veis e da linha Sprinter nos 65 anos da marca no Brasil\",\"datePublished\":\"2021-07-30T11:51:52+00:00\",\"mainEntityOfPage\":{\"@id\":\"https:\\\/\\\/dana.com.br\\\/canaldana\\\/2021\\\/07\\\/30\\\/mercedes-benz-celebra-a-presenca-dos-automoveis-e-da-linha-sprinter-nos-65-anos-da-marca-no-brasil\\\/\"},\"wordCount\":1805,\"articleSection\":[\"Destaques\"],\"inLanguage\":\"pt-BR\"},{\"@type\":\"WebPage\",\"@id\":\"https:\\\/\\\/dana.com.br\\\/canaldana\\\/2021\\\/07\\\/30\\\/mercedes-benz-celebra-a-presenca-dos-automoveis-e-da-linha-sprinter-nos-65-anos-da-marca-no-brasil\\\/\",\"url\":\"https:\\\/\\\/dana.com.br\\\/canaldana\\\/2021\\\/07\\\/30\\\/mercedes-benz-celebra-a-presenca-dos-automoveis-e-da-linha-sprinter-nos-65-anos-da-marca-no-brasil\\\/\",\"name\":\"Mercedes-Benz celebra a presen\u00e7a dos autom\u00f3veis e da linha Sprinter nos 65 anos da marca no Brasil - Canal Dana\",\"isPartOf\":{\"@id\":\"https:\\\/\\\/dana.com.br\\\/canaldana\\\/#website\"},\"datePublished\":\"2021-07-30T11:51:52+00:00\",\"author\":{\"@id\":\"https:\\\/\\\/dana.com.br\\\/canaldana\\\/#\\\/schema\\\/person\\\/3c21f22f56fcf3bc46b94bc60ea4fef6\"},\"breadcrumb\":{\"@id\":\"https:\\\/\\\/dana.com.br\\\/canaldana\\\/2021\\\/07\\\/30\\\/mercedes-benz-celebra-a-presenca-dos-automoveis-e-da-linha-sprinter-nos-65-anos-da-marca-no-brasil\\\/#breadcrumb\"},\"inLanguage\":\"pt-BR\",\"potentialAction\":[{\"@type\":\"ReadAction\",\"target\":[\"https:\\\/\\\/dana.com.br\\\/canaldana\\\/2021\\\/07\\\/30\\\/mercedes-benz-celebra-a-presenca-dos-automoveis-e-da-linha-sprinter-nos-65-anos-da-marca-no-brasil\\\/\"]}]},{\"@type\":\"BreadcrumbList\",\"@id\":\"https:\\\/\\\/dana.com.br\\\/canaldana\\\/2021\\\/07\\\/30\\\/mercedes-benz-celebra-a-presenca-dos-automoveis-e-da-linha-sprinter-nos-65-anos-da-marca-no-brasil\\\/#breadcrumb\",\"itemListElement\":[{\"@type\":\"ListItem\",\"position\":1,\"name\":\"Home\",\"item\":\"https:\\\/\\\/dana.com.br\\\/canaldana\\\/\"},{\"@type\":\"ListItem\",\"position\":2,\"name\":\"Destaques\",\"item\":\"https:\\\/\\\/dana.com.br\\\/canaldana\\\/destaques\\\/\"},{\"@type\":\"ListItem\",\"position\":3,\"name\":\"Mercedes-Benz celebra a presen\u00e7a dos autom\u00f3veis e da linha Sprinter nos 65 anos da marca no Brasil\"}]},{\"@type\":\"WebSite\",\"@id\":\"https:\\\/\\\/dana.com.br\\\/canaldana\\\/#website\",\"url\":\"https:\\\/\\\/dana.com.br\\\/canaldana\\\/\",\"name\":\"Canal Dana\",\"description\":\"Informativo com as principais not\u00edcias da ind\u00fastria automotiva\",\"potentialAction\":[{\"@type\":\"SearchAction\",\"target\":{\"@type\":\"EntryPoint\",\"urlTemplate\":\"https:\\\/\\\/dana.com.br\\\/canaldana\\\/?s={search_term_string}\"},\"query-input\":{\"@type\":\"PropertyValueSpecification\",\"valueRequired\":true,\"valueName\":\"search_term_string\"}}],\"inLanguage\":\"pt-BR\"},{\"@type\":\"Person\",\"@id\":\"https:\\\/\\\/dana.com.br\\\/canaldana\\\/#\\\/schema\\\/person\\\/3c21f22f56fcf3bc46b94bc60ea4fef6\",\"name\":\"Canal Dana\",\"image\":{\"@type\":\"ImageObject\",\"inLanguage\":\"pt-BR\",\"@id\":\"https:\\\/\\\/secure.gravatar.com\\\/avatar\\\/420aaf9278582877d9018637c6817617705899d2858d7572ef0fe59a6b6454b4?s=96&d=mm&r=g\",\"url\":\"https:\\\/\\\/secure.gravatar.com\\\/avatar\\\/420aaf9278582877d9018637c6817617705899d2858d7572ef0fe59a6b6454b4?s=96&d=mm&r=g\",\"contentUrl\":\"https:\\\/\\\/secure.gravatar.com\\\/avatar\\\/420aaf9278582877d9018637c6817617705899d2858d7572ef0fe59a6b6454b4?s=96&d=mm&r=g\",\"caption\":\"Canal Dana\"},\"url\":\"https:\\\/\\\/dana.com.br\\\/canaldana\\\/author\\\/cdeditor\\\/\"}]}<\/script>\n<!-- \/ Yoast SEO plugin. -->","yoast_head_json":{"title":"Mercedes-Benz celebra a presen\u00e7a dos autom\u00f3veis e da linha Sprinter nos 65 anos da marca no Brasil - Canal Dana","robots":{"index":"index","follow":"follow","max-snippet":"max-snippet:-1","max-image-preview":"max-image-preview:large","max-video-preview":"max-video-preview:-1"},"canonical":"https:\/\/dana.com.br\/canaldana\/2021\/07\/30\/mercedes-benz-celebra-a-presenca-dos-automoveis-e-da-linha-sprinter-nos-65-anos-da-marca-no-brasil\/","og_locale":"pt_BR","og_type":"article","og_title":"Mercedes-Benz celebra a presen\u00e7a dos autom\u00f3veis e da linha Sprinter nos 65 anos da marca no Brasil - Canal Dana","og_description":"Revista Torque &nbsp; Prestes a completar 65 anos no dia 28 de setembro, a Mercedes-Benz construiu sua marca no pa\u00eds sobre os pilares de pioneirismo, inova\u00e7\u00e3o e qualidade. Ao longo de sua trajet\u00f3ria, a fabricante foi incorporando ao portf\u00f3lio brasileiro diversos produtos mundialmente consagrados para oferecer a linha mais completa de ve\u00edculos de passeio ou\u2026 Leia mais \u00bb","og_url":"https:\/\/dana.com.br\/canaldana\/2021\/07\/30\/mercedes-benz-celebra-a-presenca-dos-automoveis-e-da-linha-sprinter-nos-65-anos-da-marca-no-brasil\/","og_site_name":"Canal Dana","article_published_time":"2021-07-30T11:51:52+00:00","author":"Canal Dana","twitter_card":"summary_large_image","twitter_misc":{"Escrito por":"Canal Dana","Est. tempo de leitura":"9 minutos"},"schema":{"@context":"https:\/\/schema.org","@graph":[{"@type":"Article","@id":"https:\/\/dana.com.br\/canaldana\/2021\/07\/30\/mercedes-benz-celebra-a-presenca-dos-automoveis-e-da-linha-sprinter-nos-65-anos-da-marca-no-brasil\/#article","isPartOf":{"@id":"https:\/\/dana.com.br\/canaldana\/2021\/07\/30\/mercedes-benz-celebra-a-presenca-dos-automoveis-e-da-linha-sprinter-nos-65-anos-da-marca-no-brasil\/"},"author":{"name":"Canal Dana","@id":"https:\/\/dana.com.br\/canaldana\/#\/schema\/person\/3c21f22f56fcf3bc46b94bc60ea4fef6"},"headline":"Mercedes-Benz celebra a presen\u00e7a dos autom\u00f3veis e da linha Sprinter nos 65 anos da marca no Brasil","datePublished":"2021-07-30T11:51:52+00:00","mainEntityOfPage":{"@id":"https:\/\/dana.com.br\/canaldana\/2021\/07\/30\/mercedes-benz-celebra-a-presenca-dos-automoveis-e-da-linha-sprinter-nos-65-anos-da-marca-no-brasil\/"},"wordCount":1805,"articleSection":["Destaques"],"inLanguage":"pt-BR"},{"@type":"WebPage","@id":"https:\/\/dana.com.br\/canaldana\/2021\/07\/30\/mercedes-benz-celebra-a-presenca-dos-automoveis-e-da-linha-sprinter-nos-65-anos-da-marca-no-brasil\/","url":"https:\/\/dana.com.br\/canaldana\/2021\/07\/30\/mercedes-benz-celebra-a-presenca-dos-automoveis-e-da-linha-sprinter-nos-65-anos-da-marca-no-brasil\/","name":"Mercedes-Benz celebra a presen\u00e7a dos autom\u00f3veis e da linha Sprinter nos 65 anos da marca no Brasil - Canal Dana","isPartOf":{"@id":"https:\/\/dana.com.br\/canaldana\/#website"},"datePublished":"2021-07-30T11:51:52+00:00","author":{"@id":"https:\/\/dana.com.br\/canaldana\/#\/schema\/person\/3c21f22f56fcf3bc46b94bc60ea4fef6"},"breadcrumb":{"@id":"https:\/\/dana.com.br\/canaldana\/2021\/07\/30\/mercedes-benz-celebra-a-presenca-dos-automoveis-e-da-linha-sprinter-nos-65-anos-da-marca-no-brasil\/#breadcrumb"},"inLanguage":"pt-BR","potentialAction":[{"@type":"ReadAction","target":["https:\/\/dana.com.br\/canaldana\/2021\/07\/30\/mercedes-benz-celebra-a-presenca-dos-automoveis-e-da-linha-sprinter-nos-65-anos-da-marca-no-brasil\/"]}]},{"@type":"BreadcrumbList","@id":"https:\/\/dana.com.br\/canaldana\/2021\/07\/30\/mercedes-benz-celebra-a-presenca-dos-automoveis-e-da-linha-sprinter-nos-65-anos-da-marca-no-brasil\/#breadcrumb","itemListElement":[{"@type":"ListItem","position":1,"name":"Home","item":"https:\/\/dana.com.br\/canaldana\/"},{"@type":"ListItem","position":2,"name":"Destaques","item":"https:\/\/dana.com.br\/canaldana\/destaques\/"},{"@type":"ListItem","position":3,"name":"Mercedes-Benz celebra a presen\u00e7a dos autom\u00f3veis e da linha Sprinter nos 65 anos da marca no Brasil"}]},{"@type":"WebSite","@id":"https:\/\/dana.com.br\/canaldana\/#website","url":"https:\/\/dana.com.br\/canaldana\/","name":"Canal Dana","description":"Informativo com as principais not\u00edcias da ind\u00fastria automotiva","potentialAction":[{"@type":"SearchAction","target":{"@type":"EntryPoint","urlTemplate":"https:\/\/dana.com.br\/canaldana\/?s={search_term_string}"},"query-input":{"@type":"PropertyValueSpecification","valueRequired":true,"valueName":"search_term_string"}}],"inLanguage":"pt-BR"},{"@type":"Person","@id":"https:\/\/dana.com.br\/canaldana\/#\/schema\/person\/3c21f22f56fcf3bc46b94bc60ea4fef6","name":"Canal Dana","image":{"@type":"ImageObject","inLanguage":"pt-BR","@id":"https:\/\/secure.gravatar.com\/avatar\/420aaf9278582877d9018637c6817617705899d2858d7572ef0fe59a6b6454b4?s=96&d=mm&r=g","url":"https:\/\/secure.gravatar.com\/avatar\/420aaf9278582877d9018637c6817617705899d2858d7572ef0fe59a6b6454b4?s=96&d=mm&r=g","contentUrl":"https:\/\/secure.gravatar.com\/avatar\/420aaf9278582877d9018637c6817617705899d2858d7572ef0fe59a6b6454b4?s=96&d=mm&r=g","caption":"Canal Dana"},"url":"https:\/\/dana.com.br\/canaldana\/author\/cdeditor\/"}]}},"_links":{"self":[{"href":"https:\/\/dana.com.br\/canaldana\/wp-json\/wp\/v2\/posts\/51923","targetHints":{"allow":["GET"]}}],"collection":[{"href":"https:\/\/dana.com.br\/canaldana\/wp-json\/wp\/v2\/posts"}],"about":[{"href":"https:\/\/dana.com.br\/canaldana\/wp-json\/wp\/v2\/types\/post"}],"author":[{"embeddable":true,"href":"https:\/\/dana.com.br\/canaldana\/wp-json\/wp\/v2\/users\/3"}],"replies":[{"embeddable":true,"href":"https:\/\/dana.com.br\/canaldana\/wp-json\/wp\/v2\/comments?post=51923"}],"version-history":[{"count":0,"href":"https:\/\/dana.com.br\/canaldana\/wp-json\/wp\/v2\/posts\/51923\/revisions"}],"wp:attachment":[{"href":"https:\/\/dana.com.br\/canaldana\/wp-json\/wp\/v2\/media?parent=51923"}],"wp:term":[{"taxonomy":"category","embeddable":true,"href":"https:\/\/dana.com.br\/canaldana\/wp-json\/wp\/v2\/categories?post=51923"},{"taxonomy":"post_tag","embeddable":true,"href":"https:\/\/dana.com.br\/canaldana\/wp-json\/wp\/v2\/tags?post=51923"}],"curies":[{"name":"wp","href":"https:\/\/api.w.org\/{rel}","templated":true}]}}