{"id":51921,"date":"2021-07-30T08:51:09","date_gmt":"2021-07-30T11:51:09","guid":{"rendered":"https:\/\/dana.com.br\/canaldana\/?p=51921"},"modified":"2021-07-30T08:51:09","modified_gmt":"2021-07-30T11:51:09","slug":"cnh-industrial-cria-oficina-movel-para-atender-agricultores","status":"publish","type":"post","link":"https:\/\/dana.com.br\/canaldana\/2021\/07\/30\/cnh-industrial-cria-oficina-movel-para-atender-agricultores\/","title":{"rendered":"CNH Industrial cria oficina m\u00f3vel para atender agricultores"},"content":{"rendered":"<p><em>Agro Planning<\/em><\/p>\n<p>&nbsp;<\/p>\n<p>Empenhada em oferecer um atendimento de qualidade e efici\u00eancia aos agricultores, a CNH Industrial, por meio da \u00e1rea de Servi\u00e7os, criou a Van de P\u00f3s-Vendas, uma oficina m\u00f3vel montada dentro de um IVECO Daily Furg\u00e3o para levar solu\u00e7\u00f5es de diagn\u00f3sticos e manuten\u00e7\u00e3o aos clientes Case IH e New Holland Agriculture.<\/p>\n<p>&nbsp;<\/p>\n<p>A proposta tem como objetivo garantir maior assertividade na avalia\u00e7\u00e3o e servi\u00e7os das m\u00e1quinas e assim, proporcionar a maior disponibilidade dos equipamentos e diminuir o tempo de parada.<\/p>\n<p>&nbsp;<\/p>\n<p>Marcos Guerra, Gerente de Suporte T\u00e9cnico da CNH Industrial explica o funcionamento do servi\u00e7o.<\/p>\n<p>&nbsp;<\/p>\n<p>\u201cQuando um concession\u00e1rio tem dificuldades t\u00e9cnicas para diagnosticar um problema em uma m\u00e1quina, ele aciona a \u00e1rea de suporte t\u00e9cnico da CNH Industrial, que agenda uma visita no local. Essa pr\u00e1tica j\u00e1 existia, mas com um ve\u00edculo normal, sem nenhum tipo de equipamento e, \u00e9 a\u00ed que est\u00e1 a vantagem da Van de P\u00f3s-Vendas, ela traz mais agilidade nos processos de assist\u00eancia e reparos pois conta com ferramentas avan\u00e7adas em sua oficina m\u00f3vel\u201d. esclarece<\/p>\n<p>&nbsp;<\/p>\n<p>A oficina m\u00f3vel \u00e9 equipada com ferramentas especiais de diagn\u00f3sticos como DATAR, C\u00e2mera t\u00e9rmica, an\u00e1lise de flu\u00eddos, Lastragem, entre outras. Segundo Guerra, a proposta \u00e9 que o ve\u00edculo sirva tamb\u00e9m de inspira\u00e7\u00e3o para que as redes de concession\u00e1rias possam replicar em suas unidades.<\/p>\n<p>&nbsp;<\/p>\n<p>O Daily Furg\u00e3o est\u00e1 dispon\u00edvel para atender em todo o territ\u00f3rio nacional, nos pontos de atendimento das marcas agr\u00edcolas, com suporte e acompanhamento das m\u00e1quinas nos per\u00edodos do plantio a colheita. (Agro Planning)<\/p>\n","protected":false},"excerpt":{"rendered":"<p>Agro Planning &nbsp; Empenhada em oferecer um atendimento de qualidade e efici\u00eancia aos agricultores, a CNH Industrial, por meio da \u00e1rea de Servi\u00e7os, criou a Van de P\u00f3s-Vendas, uma oficina m\u00f3vel montada dentro de um IVECO Daily Furg\u00e3o para levar solu\u00e7\u00f5es de diagn\u00f3sticos e manuten\u00e7\u00e3o aos clientes Case IH e New Holland Agriculture. &nbsp; A\u2026 <a class=\"readmore\" href=\"https:\/\/dana.com.br\/canaldana\/2021\/07\/30\/cnh-industrial-cria-oficina-movel-para-atender-agricultores\/\">Leia mais \u00bb<\/a><\/p>\n","protected":false},"author":3,"featured_media":0,"comment_status":"closed","ping_status":"closed","sticky":false,"template":"","format":"standard","meta":{"_acf_changed":false,"footnotes":""},"categories":[61],"tags":[],"class_list":["post-51921","post","type-post","status-publish","format-standard","hentry","category-destaques"],"acf":[],"yoast_head":"<!-- This site is optimized with the Yoast SEO plugin v27.3 - https:\/\/yoast.com\/product\/yoast-seo-wordpress\/ -->\n<title>CNH Industrial cria oficina m\u00f3vel para atender agricultores - Canal Dana<\/title>\n<meta name=\"robots\" content=\"index, follow, max-snippet:-1, max-image-preview:large, max-video-preview:-1\" \/>\n<link rel=\"canonical\" href=\"https:\/\/dana.com.br\/canaldana\/2021\/07\/30\/cnh-industrial-cria-oficina-movel-para-atender-agricultores\/\" \/>\n<meta property=\"og:locale\" content=\"pt_BR\" \/>\n<meta property=\"og:type\" content=\"article\" \/>\n<meta property=\"og:title\" content=\"CNH Industrial cria oficina m\u00f3vel para atender agricultores - Canal Dana\" \/>\n<meta property=\"og:description\" content=\"Agro Planning &nbsp; Empenhada em oferecer um atendimento de qualidade e efici\u00eancia aos agricultores, a CNH Industrial, por meio da \u00e1rea de Servi\u00e7os, criou a Van de P\u00f3s-Vendas, uma oficina m\u00f3vel montada dentro de um IVECO Daily Furg\u00e3o para levar solu\u00e7\u00f5es de diagn\u00f3sticos e manuten\u00e7\u00e3o aos clientes Case IH e New Holland Agriculture. &nbsp; A\u2026 Leia mais \u00bb\" \/>\n<meta property=\"og:url\" content=\"https:\/\/dana.com.br\/canaldana\/2021\/07\/30\/cnh-industrial-cria-oficina-movel-para-atender-agricultores\/\" \/>\n<meta property=\"og:site_name\" content=\"Canal Dana\" \/>\n<meta property=\"article:published_time\" content=\"2021-07-30T11:51:09+00:00\" \/>\n<meta name=\"author\" content=\"Canal Dana\" \/>\n<meta name=\"twitter:card\" content=\"summary_large_image\" \/>\n<meta name=\"twitter:label1\" content=\"Escrito por\" \/>\n\t<meta name=\"twitter:data1\" content=\"Canal Dana\" \/>\n\t<meta name=\"twitter:label2\" content=\"Est. tempo de leitura\" \/>\n\t<meta name=\"twitter:data2\" content=\"1 minuto\" \/>\n<script type=\"application\/ld+json\" class=\"yoast-schema-graph\">{\"@context\":\"https:\\\/\\\/schema.org\",\"@graph\":[{\"@type\":\"Article\",\"@id\":\"https:\\\/\\\/dana.com.br\\\/canaldana\\\/2021\\\/07\\\/30\\\/cnh-industrial-cria-oficina-movel-para-atender-agricultores\\\/#article\",\"isPartOf\":{\"@id\":\"https:\\\/\\\/dana.com.br\\\/canaldana\\\/2021\\\/07\\\/30\\\/cnh-industrial-cria-oficina-movel-para-atender-agricultores\\\/\"},\"author\":{\"name\":\"Canal Dana\",\"@id\":\"https:\\\/\\\/dana.com.br\\\/canaldana\\\/#\\\/schema\\\/person\\\/3c21f22f56fcf3bc46b94bc60ea4fef6\"},\"headline\":\"CNH Industrial cria oficina m\u00f3vel para atender agricultores\",\"datePublished\":\"2021-07-30T11:51:09+00:00\",\"mainEntityOfPage\":{\"@id\":\"https:\\\/\\\/dana.com.br\\\/canaldana\\\/2021\\\/07\\\/30\\\/cnh-industrial-cria-oficina-movel-para-atender-agricultores\\\/\"},\"wordCount\":295,\"articleSection\":[\"Destaques\"],\"inLanguage\":\"pt-BR\"},{\"@type\":\"WebPage\",\"@id\":\"https:\\\/\\\/dana.com.br\\\/canaldana\\\/2021\\\/07\\\/30\\\/cnh-industrial-cria-oficina-movel-para-atender-agricultores\\\/\",\"url\":\"https:\\\/\\\/dana.com.br\\\/canaldana\\\/2021\\\/07\\\/30\\\/cnh-industrial-cria-oficina-movel-para-atender-agricultores\\\/\",\"name\":\"CNH Industrial cria oficina m\u00f3vel para atender agricultores - Canal Dana\",\"isPartOf\":{\"@id\":\"https:\\\/\\\/dana.com.br\\\/canaldana\\\/#website\"},\"datePublished\":\"2021-07-30T11:51:09+00:00\",\"author\":{\"@id\":\"https:\\\/\\\/dana.com.br\\\/canaldana\\\/#\\\/schema\\\/person\\\/3c21f22f56fcf3bc46b94bc60ea4fef6\"},\"breadcrumb\":{\"@id\":\"https:\\\/\\\/dana.com.br\\\/canaldana\\\/2021\\\/07\\\/30\\\/cnh-industrial-cria-oficina-movel-para-atender-agricultores\\\/#breadcrumb\"},\"inLanguage\":\"pt-BR\",\"potentialAction\":[{\"@type\":\"ReadAction\",\"target\":[\"https:\\\/\\\/dana.com.br\\\/canaldana\\\/2021\\\/07\\\/30\\\/cnh-industrial-cria-oficina-movel-para-atender-agricultores\\\/\"]}]},{\"@type\":\"BreadcrumbList\",\"@id\":\"https:\\\/\\\/dana.com.br\\\/canaldana\\\/2021\\\/07\\\/30\\\/cnh-industrial-cria-oficina-movel-para-atender-agricultores\\\/#breadcrumb\",\"itemListElement\":[{\"@type\":\"ListItem\",\"position\":1,\"name\":\"Home\",\"item\":\"https:\\\/\\\/dana.com.br\\\/canaldana\\\/\"},{\"@type\":\"ListItem\",\"position\":2,\"name\":\"Destaques\",\"item\":\"https:\\\/\\\/dana.com.br\\\/canaldana\\\/destaques\\\/\"},{\"@type\":\"ListItem\",\"position\":3,\"name\":\"CNH Industrial cria oficina m\u00f3vel para atender agricultores\"}]},{\"@type\":\"WebSite\",\"@id\":\"https:\\\/\\\/dana.com.br\\\/canaldana\\\/#website\",\"url\":\"https:\\\/\\\/dana.com.br\\\/canaldana\\\/\",\"name\":\"Canal Dana\",\"description\":\"Informativo com as principais not\u00edcias da ind\u00fastria automotiva\",\"potentialAction\":[{\"@type\":\"SearchAction\",\"target\":{\"@type\":\"EntryPoint\",\"urlTemplate\":\"https:\\\/\\\/dana.com.br\\\/canaldana\\\/?s={search_term_string}\"},\"query-input\":{\"@type\":\"PropertyValueSpecification\",\"valueRequired\":true,\"valueName\":\"search_term_string\"}}],\"inLanguage\":\"pt-BR\"},{\"@type\":\"Person\",\"@id\":\"https:\\\/\\\/dana.com.br\\\/canaldana\\\/#\\\/schema\\\/person\\\/3c21f22f56fcf3bc46b94bc60ea4fef6\",\"name\":\"Canal Dana\",\"image\":{\"@type\":\"ImageObject\",\"inLanguage\":\"pt-BR\",\"@id\":\"https:\\\/\\\/secure.gravatar.com\\\/avatar\\\/420aaf9278582877d9018637c6817617705899d2858d7572ef0fe59a6b6454b4?s=96&d=mm&r=g\",\"url\":\"https:\\\/\\\/secure.gravatar.com\\\/avatar\\\/420aaf9278582877d9018637c6817617705899d2858d7572ef0fe59a6b6454b4?s=96&d=mm&r=g\",\"contentUrl\":\"https:\\\/\\\/secure.gravatar.com\\\/avatar\\\/420aaf9278582877d9018637c6817617705899d2858d7572ef0fe59a6b6454b4?s=96&d=mm&r=g\",\"caption\":\"Canal Dana\"},\"url\":\"https:\\\/\\\/dana.com.br\\\/canaldana\\\/author\\\/cdeditor\\\/\"}]}<\/script>\n<!-- \/ Yoast SEO plugin. -->","yoast_head_json":{"title":"CNH Industrial cria oficina m\u00f3vel para atender agricultores - Canal Dana","robots":{"index":"index","follow":"follow","max-snippet":"max-snippet:-1","max-image-preview":"max-image-preview:large","max-video-preview":"max-video-preview:-1"},"canonical":"https:\/\/dana.com.br\/canaldana\/2021\/07\/30\/cnh-industrial-cria-oficina-movel-para-atender-agricultores\/","og_locale":"pt_BR","og_type":"article","og_title":"CNH Industrial cria oficina m\u00f3vel para atender agricultores - Canal Dana","og_description":"Agro Planning &nbsp; Empenhada em oferecer um atendimento de qualidade e efici\u00eancia aos agricultores, a CNH Industrial, por meio da \u00e1rea de Servi\u00e7os, criou a Van de P\u00f3s-Vendas, uma oficina m\u00f3vel montada dentro de um IVECO Daily Furg\u00e3o para levar solu\u00e7\u00f5es de diagn\u00f3sticos e manuten\u00e7\u00e3o aos clientes Case IH e New Holland Agriculture. &nbsp; A\u2026 Leia mais \u00bb","og_url":"https:\/\/dana.com.br\/canaldana\/2021\/07\/30\/cnh-industrial-cria-oficina-movel-para-atender-agricultores\/","og_site_name":"Canal Dana","article_published_time":"2021-07-30T11:51:09+00:00","author":"Canal Dana","twitter_card":"summary_large_image","twitter_misc":{"Escrito por":"Canal Dana","Est. tempo de leitura":"1 minuto"},"schema":{"@context":"https:\/\/schema.org","@graph":[{"@type":"Article","@id":"https:\/\/dana.com.br\/canaldana\/2021\/07\/30\/cnh-industrial-cria-oficina-movel-para-atender-agricultores\/#article","isPartOf":{"@id":"https:\/\/dana.com.br\/canaldana\/2021\/07\/30\/cnh-industrial-cria-oficina-movel-para-atender-agricultores\/"},"author":{"name":"Canal Dana","@id":"https:\/\/dana.com.br\/canaldana\/#\/schema\/person\/3c21f22f56fcf3bc46b94bc60ea4fef6"},"headline":"CNH Industrial cria oficina m\u00f3vel para atender agricultores","datePublished":"2021-07-30T11:51:09+00:00","mainEntityOfPage":{"@id":"https:\/\/dana.com.br\/canaldana\/2021\/07\/30\/cnh-industrial-cria-oficina-movel-para-atender-agricultores\/"},"wordCount":295,"articleSection":["Destaques"],"inLanguage":"pt-BR"},{"@type":"WebPage","@id":"https:\/\/dana.com.br\/canaldana\/2021\/07\/30\/cnh-industrial-cria-oficina-movel-para-atender-agricultores\/","url":"https:\/\/dana.com.br\/canaldana\/2021\/07\/30\/cnh-industrial-cria-oficina-movel-para-atender-agricultores\/","name":"CNH Industrial cria oficina m\u00f3vel para atender agricultores - Canal Dana","isPartOf":{"@id":"https:\/\/dana.com.br\/canaldana\/#website"},"datePublished":"2021-07-30T11:51:09+00:00","author":{"@id":"https:\/\/dana.com.br\/canaldana\/#\/schema\/person\/3c21f22f56fcf3bc46b94bc60ea4fef6"},"breadcrumb":{"@id":"https:\/\/dana.com.br\/canaldana\/2021\/07\/30\/cnh-industrial-cria-oficina-movel-para-atender-agricultores\/#breadcrumb"},"inLanguage":"pt-BR","potentialAction":[{"@type":"ReadAction","target":["https:\/\/dana.com.br\/canaldana\/2021\/07\/30\/cnh-industrial-cria-oficina-movel-para-atender-agricultores\/"]}]},{"@type":"BreadcrumbList","@id":"https:\/\/dana.com.br\/canaldana\/2021\/07\/30\/cnh-industrial-cria-oficina-movel-para-atender-agricultores\/#breadcrumb","itemListElement":[{"@type":"ListItem","position":1,"name":"Home","item":"https:\/\/dana.com.br\/canaldana\/"},{"@type":"ListItem","position":2,"name":"Destaques","item":"https:\/\/dana.com.br\/canaldana\/destaques\/"},{"@type":"ListItem","position":3,"name":"CNH Industrial cria oficina m\u00f3vel para atender agricultores"}]},{"@type":"WebSite","@id":"https:\/\/dana.com.br\/canaldana\/#website","url":"https:\/\/dana.com.br\/canaldana\/","name":"Canal Dana","description":"Informativo com as principais not\u00edcias da ind\u00fastria automotiva","potentialAction":[{"@type":"SearchAction","target":{"@type":"EntryPoint","urlTemplate":"https:\/\/dana.com.br\/canaldana\/?s={search_term_string}"},"query-input":{"@type":"PropertyValueSpecification","valueRequired":true,"valueName":"search_term_string"}}],"inLanguage":"pt-BR"},{"@type":"Person","@id":"https:\/\/dana.com.br\/canaldana\/#\/schema\/person\/3c21f22f56fcf3bc46b94bc60ea4fef6","name":"Canal Dana","image":{"@type":"ImageObject","inLanguage":"pt-BR","@id":"https:\/\/secure.gravatar.com\/avatar\/420aaf9278582877d9018637c6817617705899d2858d7572ef0fe59a6b6454b4?s=96&d=mm&r=g","url":"https:\/\/secure.gravatar.com\/avatar\/420aaf9278582877d9018637c6817617705899d2858d7572ef0fe59a6b6454b4?s=96&d=mm&r=g","contentUrl":"https:\/\/secure.gravatar.com\/avatar\/420aaf9278582877d9018637c6817617705899d2858d7572ef0fe59a6b6454b4?s=96&d=mm&r=g","caption":"Canal Dana"},"url":"https:\/\/dana.com.br\/canaldana\/author\/cdeditor\/"}]}},"_links":{"self":[{"href":"https:\/\/dana.com.br\/canaldana\/wp-json\/wp\/v2\/posts\/51921","targetHints":{"allow":["GET"]}}],"collection":[{"href":"https:\/\/dana.com.br\/canaldana\/wp-json\/wp\/v2\/posts"}],"about":[{"href":"https:\/\/dana.com.br\/canaldana\/wp-json\/wp\/v2\/types\/post"}],"author":[{"embeddable":true,"href":"https:\/\/dana.com.br\/canaldana\/wp-json\/wp\/v2\/users\/3"}],"replies":[{"embeddable":true,"href":"https:\/\/dana.com.br\/canaldana\/wp-json\/wp\/v2\/comments?post=51921"}],"version-history":[{"count":0,"href":"https:\/\/dana.com.br\/canaldana\/wp-json\/wp\/v2\/posts\/51921\/revisions"}],"wp:attachment":[{"href":"https:\/\/dana.com.br\/canaldana\/wp-json\/wp\/v2\/media?parent=51921"}],"wp:term":[{"taxonomy":"category","embeddable":true,"href":"https:\/\/dana.com.br\/canaldana\/wp-json\/wp\/v2\/categories?post=51921"},{"taxonomy":"post_tag","embeddable":true,"href":"https:\/\/dana.com.br\/canaldana\/wp-json\/wp\/v2\/tags?post=51921"}],"curies":[{"name":"wp","href":"https:\/\/api.w.org\/{rel}","templated":true}]}}