{"id":51771,"date":"2021-07-26T08:20:48","date_gmt":"2021-07-26T11:20:48","guid":{"rendered":"https:\/\/dana.com.br\/canaldana\/?p=51771"},"modified":"2021-07-26T08:20:48","modified_gmt":"2021-07-26T11:20:48","slug":"ebusco-da-holanda-vence-licitacao-para-39-onibus-eletricos-feitos-com-material-sustentavel","status":"publish","type":"post","link":"https:\/\/dana.com.br\/canaldana\/2021\/07\/26\/ebusco-da-holanda-vence-licitacao-para-39-onibus-eletricos-feitos-com-material-sustentavel\/","title":{"rendered":"Ebusco, da Holanda, vence licita\u00e7\u00e3o para 39 \u00f4nibus el\u00e9tricos feitos com material sustent\u00e1vel"},"content":{"rendered":"<p><em>Di\u00e1rio do Transporte<\/em><\/p>\n<p>&nbsp;<\/p>\n<p>A Ebusco, empresa fabricante de \u00f4nibus da Holanda, vai fornecer em 2022 os primeiros \u00f4nibus el\u00e9tricos totalmente montados com pe\u00e7as feitas por comp\u00f3sito.<\/p>\n<p>&nbsp;<\/p>\n<p>Em comunicado da empresa nessa sexta-feira, 23 de julho de 2021, a fabricante informa ter vencido uma concorr\u00eancia feita pela operadora holandesa Transdev Nederland.<\/p>\n<p>&nbsp;<\/p>\n<p>A novidade do modelo \u00e9 a tecnologia utilizada na fabrica\u00e7\u00e3o da carroceria: ao inv\u00e9s de a\u00e7o, s\u00e3o usados diferentes materiais com distintas propriedades f\u00edsicas ou qu\u00edmicas (comp\u00f3sitos). Isso tornou o peso do \u00f4nibus Ebusco 3.0 um ter\u00e7o mais leve que a vers\u00e3o anterior, e at\u00e9 25% mais leve do que os \u00f4nibus urbanos e intermunicipais regulares.<\/p>\n<p>&nbsp;<\/p>\n<p>A Transdev Nederland que utilizar\u00e1 os ve\u00edculos a partir de abril de 2022 em suas rotas urbanas e intermunicipais na regi\u00e3o de Gooi e Vecht.<\/p>\n<p>&nbsp;<\/p>\n<p>Mais leves, a Ebusco afirma que estes \u00f4nibus percorrer\u00e3o uma m\u00e9dia de 110.000 quil\u00f4metros por ano em uma base de carregamento plug-in.<\/p>\n<p>&nbsp;<\/p>\n<p>A principal vantagem \u00e9 o consumo de energia. Por ser muito menor, aumenta a capacidade de rodar muito mais quil\u00f4metros com apenas uma carga. Al\u00e9m disso, o comp\u00f3sito tem a vantagem de ser extremamente forte e, portanto, possibilita uma vida \u00fatil muito mais longa, o que permite que esses \u00f4nibus novos possam ser usados por muitos anos.<\/p>\n<p>&nbsp;<\/p>\n<p>A estimativa \u00e9 que cada \u00f4nibus reduzir\u00e1 a polui\u00e7\u00e3o de CO2 em aproximadamente 1 kg por quil\u00f4metro rodado. Com base na encomenda feita pela Transdev, os 39 \u00f4nibus Edusco 3.0 possibilitar\u00e3o uma redu\u00e7\u00e3o de mais de 30 milh\u00f5es de kg de CO2 ao longo de todo o per\u00edodo do contrato.<\/p>\n<p>&nbsp;<\/p>\n<p>Al\u00e9m da carroceria montada com pe\u00e7as compostas, h\u00e1 outras novidades. As baterias est\u00e3o localizadas no piso, o que torna o \u00f4nibus muito mais est\u00e1vel e confort\u00e1vel para dirigir.<\/p>\n<p>&nbsp;<\/p>\n<p>Al\u00e9m disso, em lugar de espelhos nos retrovisores, os \u00f4nibus s\u00e3o equipados com c\u00e2meras, o que aumenta a seguran\u00e7a.<\/p>\n<p>&nbsp;<\/p>\n<p>Internamente, o Edusco 3.0 est\u00e1 mais espa\u00e7oso do que antes, com portas USB em todos os lugares, com ar-condicionado e wi-fi.<\/p>\n<p>&nbsp;<\/p>\n<p>Com o baixo consumo de energia, a autonomia do Ebusco 3.0 n\u00e3o exige o carregamento provis\u00f3rio da bateria na maioria dos casos. Isso faz uma diferen\u00e7a consider\u00e1vel nos custos associados \u00e0 infraestrutura de carregamento e ao tempo de carregamento. \u201cComo empresa, agora ganhamos mais de nove anos de experi\u00eancia com \u00f4nibus el\u00e9tricos e carregadores, ent\u00e3o sabemos exatamente o que estamos fazendo\u201d, disse o CEO da Ebusco, Peter Bijvelds.<\/p>\n<p>&nbsp;<\/p>\n<p>O CEO acredita que a bateria com tecnologia LFP usada nesses \u00f4nibus \u00e9 a melhor e mais segura do mercado. \u201cGra\u00e7as \u00e0 combina\u00e7\u00e3o de todas as inova\u00e7\u00f5es que aplicamos, esses \u00f4nibus podem viajar at\u00e9 575 km com uma \u00fanica carga; o que \u00e9 realmente \u00fanico para o transporte coletivo\u201d.<\/p>\n<p>&nbsp;<\/p>\n<p>O Ebusco 3.0 foi produzido inteiramente na Holanda; em Deurne. (Di\u00e1rio do Transporte\/Alexandre Pelegi)<\/p>\n","protected":false},"excerpt":{"rendered":"<p>Di\u00e1rio do Transporte &nbsp; A Ebusco, empresa fabricante de \u00f4nibus da Holanda, vai fornecer em 2022 os primeiros \u00f4nibus el\u00e9tricos totalmente montados com pe\u00e7as feitas por comp\u00f3sito. &nbsp; Em comunicado da empresa nessa sexta-feira, 23 de julho de 2021, a fabricante informa ter vencido uma concorr\u00eancia feita pela operadora holandesa Transdev Nederland. &nbsp; A novidade\u2026 <a class=\"readmore\" href=\"https:\/\/dana.com.br\/canaldana\/2021\/07\/26\/ebusco-da-holanda-vence-licitacao-para-39-onibus-eletricos-feitos-com-material-sustentavel\/\">Leia mais \u00bb<\/a><\/p>\n","protected":false},"author":3,"featured_media":0,"comment_status":"closed","ping_status":"closed","sticky":false,"template":"","format":"standard","meta":{"_acf_changed":false,"footnotes":""},"categories":[110],"tags":[],"class_list":["post-51771","post","type-post","status-publish","format-standard","hentry","category-eletricos"],"acf":[],"yoast_head":"<!-- This site is optimized with the Yoast SEO plugin v27.3 - https:\/\/yoast.com\/product\/yoast-seo-wordpress\/ -->\n<title>Ebusco, da Holanda, vence licita\u00e7\u00e3o para 39 \u00f4nibus el\u00e9tricos feitos com material sustent\u00e1vel - Canal Dana<\/title>\n<meta name=\"robots\" content=\"index, follow, max-snippet:-1, max-image-preview:large, max-video-preview:-1\" \/>\n<link rel=\"canonical\" href=\"https:\/\/dana.com.br\/canaldana\/2021\/07\/26\/ebusco-da-holanda-vence-licitacao-para-39-onibus-eletricos-feitos-com-material-sustentavel\/\" \/>\n<meta property=\"og:locale\" content=\"pt_BR\" \/>\n<meta property=\"og:type\" content=\"article\" \/>\n<meta property=\"og:title\" content=\"Ebusco, da Holanda, vence licita\u00e7\u00e3o para 39 \u00f4nibus el\u00e9tricos feitos com material sustent\u00e1vel - Canal Dana\" \/>\n<meta property=\"og:description\" content=\"Di\u00e1rio do Transporte &nbsp; A Ebusco, empresa fabricante de \u00f4nibus da Holanda, vai fornecer em 2022 os primeiros \u00f4nibus el\u00e9tricos totalmente montados com pe\u00e7as feitas por comp\u00f3sito. &nbsp; Em comunicado da empresa nessa sexta-feira, 23 de julho de 2021, a fabricante informa ter vencido uma concorr\u00eancia feita pela operadora holandesa Transdev Nederland. &nbsp; A novidade\u2026 Leia mais \u00bb\" \/>\n<meta property=\"og:url\" content=\"https:\/\/dana.com.br\/canaldana\/2021\/07\/26\/ebusco-da-holanda-vence-licitacao-para-39-onibus-eletricos-feitos-com-material-sustentavel\/\" \/>\n<meta property=\"og:site_name\" content=\"Canal Dana\" \/>\n<meta property=\"article:published_time\" content=\"2021-07-26T11:20:48+00:00\" \/>\n<meta name=\"author\" content=\"Canal Dana\" \/>\n<meta name=\"twitter:card\" content=\"summary_large_image\" \/>\n<meta name=\"twitter:label1\" content=\"Escrito por\" \/>\n\t<meta name=\"twitter:data1\" content=\"Canal Dana\" \/>\n\t<meta name=\"twitter:label2\" content=\"Est. tempo de leitura\" \/>\n\t<meta name=\"twitter:data2\" content=\"3 minutos\" \/>\n<script type=\"application\/ld+json\" class=\"yoast-schema-graph\">{\"@context\":\"https:\\\/\\\/schema.org\",\"@graph\":[{\"@type\":\"Article\",\"@id\":\"https:\\\/\\\/dana.com.br\\\/canaldana\\\/2021\\\/07\\\/26\\\/ebusco-da-holanda-vence-licitacao-para-39-onibus-eletricos-feitos-com-material-sustentavel\\\/#article\",\"isPartOf\":{\"@id\":\"https:\\\/\\\/dana.com.br\\\/canaldana\\\/2021\\\/07\\\/26\\\/ebusco-da-holanda-vence-licitacao-para-39-onibus-eletricos-feitos-com-material-sustentavel\\\/\"},\"author\":{\"name\":\"Canal Dana\",\"@id\":\"https:\\\/\\\/dana.com.br\\\/canaldana\\\/#\\\/schema\\\/person\\\/3c21f22f56fcf3bc46b94bc60ea4fef6\"},\"headline\":\"Ebusco, da Holanda, vence licita\u00e7\u00e3o para 39 \u00f4nibus el\u00e9tricos feitos com material sustent\u00e1vel\",\"datePublished\":\"2021-07-26T11:20:48+00:00\",\"mainEntityOfPage\":{\"@id\":\"https:\\\/\\\/dana.com.br\\\/canaldana\\\/2021\\\/07\\\/26\\\/ebusco-da-holanda-vence-licitacao-para-39-onibus-eletricos-feitos-com-material-sustentavel\\\/\"},\"wordCount\":515,\"articleSection\":[\"El\u00e9tricos\"],\"inLanguage\":\"pt-BR\"},{\"@type\":\"WebPage\",\"@id\":\"https:\\\/\\\/dana.com.br\\\/canaldana\\\/2021\\\/07\\\/26\\\/ebusco-da-holanda-vence-licitacao-para-39-onibus-eletricos-feitos-com-material-sustentavel\\\/\",\"url\":\"https:\\\/\\\/dana.com.br\\\/canaldana\\\/2021\\\/07\\\/26\\\/ebusco-da-holanda-vence-licitacao-para-39-onibus-eletricos-feitos-com-material-sustentavel\\\/\",\"name\":\"Ebusco, da Holanda, vence licita\u00e7\u00e3o para 39 \u00f4nibus el\u00e9tricos feitos com material sustent\u00e1vel - Canal Dana\",\"isPartOf\":{\"@id\":\"https:\\\/\\\/dana.com.br\\\/canaldana\\\/#website\"},\"datePublished\":\"2021-07-26T11:20:48+00:00\",\"author\":{\"@id\":\"https:\\\/\\\/dana.com.br\\\/canaldana\\\/#\\\/schema\\\/person\\\/3c21f22f56fcf3bc46b94bc60ea4fef6\"},\"breadcrumb\":{\"@id\":\"https:\\\/\\\/dana.com.br\\\/canaldana\\\/2021\\\/07\\\/26\\\/ebusco-da-holanda-vence-licitacao-para-39-onibus-eletricos-feitos-com-material-sustentavel\\\/#breadcrumb\"},\"inLanguage\":\"pt-BR\",\"potentialAction\":[{\"@type\":\"ReadAction\",\"target\":[\"https:\\\/\\\/dana.com.br\\\/canaldana\\\/2021\\\/07\\\/26\\\/ebusco-da-holanda-vence-licitacao-para-39-onibus-eletricos-feitos-com-material-sustentavel\\\/\"]}]},{\"@type\":\"BreadcrumbList\",\"@id\":\"https:\\\/\\\/dana.com.br\\\/canaldana\\\/2021\\\/07\\\/26\\\/ebusco-da-holanda-vence-licitacao-para-39-onibus-eletricos-feitos-com-material-sustentavel\\\/#breadcrumb\",\"itemListElement\":[{\"@type\":\"ListItem\",\"position\":1,\"name\":\"Home\",\"item\":\"https:\\\/\\\/dana.com.br\\\/canaldana\\\/\"},{\"@type\":\"ListItem\",\"position\":2,\"name\":\"El\u00e9tricos\",\"item\":\"https:\\\/\\\/dana.com.br\\\/canaldana\\\/eletricos\\\/\"},{\"@type\":\"ListItem\",\"position\":3,\"name\":\"Ebusco, da Holanda, vence licita\u00e7\u00e3o para 39 \u00f4nibus el\u00e9tricos feitos com material sustent\u00e1vel\"}]},{\"@type\":\"WebSite\",\"@id\":\"https:\\\/\\\/dana.com.br\\\/canaldana\\\/#website\",\"url\":\"https:\\\/\\\/dana.com.br\\\/canaldana\\\/\",\"name\":\"Canal Dana\",\"description\":\"Informativo com as principais not\u00edcias da ind\u00fastria automotiva\",\"potentialAction\":[{\"@type\":\"SearchAction\",\"target\":{\"@type\":\"EntryPoint\",\"urlTemplate\":\"https:\\\/\\\/dana.com.br\\\/canaldana\\\/?s={search_term_string}\"},\"query-input\":{\"@type\":\"PropertyValueSpecification\",\"valueRequired\":true,\"valueName\":\"search_term_string\"}}],\"inLanguage\":\"pt-BR\"},{\"@type\":\"Person\",\"@id\":\"https:\\\/\\\/dana.com.br\\\/canaldana\\\/#\\\/schema\\\/person\\\/3c21f22f56fcf3bc46b94bc60ea4fef6\",\"name\":\"Canal Dana\",\"image\":{\"@type\":\"ImageObject\",\"inLanguage\":\"pt-BR\",\"@id\":\"https:\\\/\\\/secure.gravatar.com\\\/avatar\\\/420aaf9278582877d9018637c6817617705899d2858d7572ef0fe59a6b6454b4?s=96&d=mm&r=g\",\"url\":\"https:\\\/\\\/secure.gravatar.com\\\/avatar\\\/420aaf9278582877d9018637c6817617705899d2858d7572ef0fe59a6b6454b4?s=96&d=mm&r=g\",\"contentUrl\":\"https:\\\/\\\/secure.gravatar.com\\\/avatar\\\/420aaf9278582877d9018637c6817617705899d2858d7572ef0fe59a6b6454b4?s=96&d=mm&r=g\",\"caption\":\"Canal Dana\"},\"url\":\"https:\\\/\\\/dana.com.br\\\/canaldana\\\/author\\\/cdeditor\\\/\"}]}<\/script>\n<!-- \/ Yoast SEO plugin. -->","yoast_head_json":{"title":"Ebusco, da Holanda, vence licita\u00e7\u00e3o para 39 \u00f4nibus el\u00e9tricos feitos com material sustent\u00e1vel - Canal Dana","robots":{"index":"index","follow":"follow","max-snippet":"max-snippet:-1","max-image-preview":"max-image-preview:large","max-video-preview":"max-video-preview:-1"},"canonical":"https:\/\/dana.com.br\/canaldana\/2021\/07\/26\/ebusco-da-holanda-vence-licitacao-para-39-onibus-eletricos-feitos-com-material-sustentavel\/","og_locale":"pt_BR","og_type":"article","og_title":"Ebusco, da Holanda, vence licita\u00e7\u00e3o para 39 \u00f4nibus el\u00e9tricos feitos com material sustent\u00e1vel - Canal Dana","og_description":"Di\u00e1rio do Transporte &nbsp; A Ebusco, empresa fabricante de \u00f4nibus da Holanda, vai fornecer em 2022 os primeiros \u00f4nibus el\u00e9tricos totalmente montados com pe\u00e7as feitas por comp\u00f3sito. &nbsp; Em comunicado da empresa nessa sexta-feira, 23 de julho de 2021, a fabricante informa ter vencido uma concorr\u00eancia feita pela operadora holandesa Transdev Nederland. &nbsp; A novidade\u2026 Leia mais \u00bb","og_url":"https:\/\/dana.com.br\/canaldana\/2021\/07\/26\/ebusco-da-holanda-vence-licitacao-para-39-onibus-eletricos-feitos-com-material-sustentavel\/","og_site_name":"Canal Dana","article_published_time":"2021-07-26T11:20:48+00:00","author":"Canal Dana","twitter_card":"summary_large_image","twitter_misc":{"Escrito por":"Canal Dana","Est. tempo de leitura":"3 minutos"},"schema":{"@context":"https:\/\/schema.org","@graph":[{"@type":"Article","@id":"https:\/\/dana.com.br\/canaldana\/2021\/07\/26\/ebusco-da-holanda-vence-licitacao-para-39-onibus-eletricos-feitos-com-material-sustentavel\/#article","isPartOf":{"@id":"https:\/\/dana.com.br\/canaldana\/2021\/07\/26\/ebusco-da-holanda-vence-licitacao-para-39-onibus-eletricos-feitos-com-material-sustentavel\/"},"author":{"name":"Canal Dana","@id":"https:\/\/dana.com.br\/canaldana\/#\/schema\/person\/3c21f22f56fcf3bc46b94bc60ea4fef6"},"headline":"Ebusco, da Holanda, vence licita\u00e7\u00e3o para 39 \u00f4nibus el\u00e9tricos feitos com material sustent\u00e1vel","datePublished":"2021-07-26T11:20:48+00:00","mainEntityOfPage":{"@id":"https:\/\/dana.com.br\/canaldana\/2021\/07\/26\/ebusco-da-holanda-vence-licitacao-para-39-onibus-eletricos-feitos-com-material-sustentavel\/"},"wordCount":515,"articleSection":["El\u00e9tricos"],"inLanguage":"pt-BR"},{"@type":"WebPage","@id":"https:\/\/dana.com.br\/canaldana\/2021\/07\/26\/ebusco-da-holanda-vence-licitacao-para-39-onibus-eletricos-feitos-com-material-sustentavel\/","url":"https:\/\/dana.com.br\/canaldana\/2021\/07\/26\/ebusco-da-holanda-vence-licitacao-para-39-onibus-eletricos-feitos-com-material-sustentavel\/","name":"Ebusco, da Holanda, vence licita\u00e7\u00e3o para 39 \u00f4nibus el\u00e9tricos feitos com material sustent\u00e1vel - Canal Dana","isPartOf":{"@id":"https:\/\/dana.com.br\/canaldana\/#website"},"datePublished":"2021-07-26T11:20:48+00:00","author":{"@id":"https:\/\/dana.com.br\/canaldana\/#\/schema\/person\/3c21f22f56fcf3bc46b94bc60ea4fef6"},"breadcrumb":{"@id":"https:\/\/dana.com.br\/canaldana\/2021\/07\/26\/ebusco-da-holanda-vence-licitacao-para-39-onibus-eletricos-feitos-com-material-sustentavel\/#breadcrumb"},"inLanguage":"pt-BR","potentialAction":[{"@type":"ReadAction","target":["https:\/\/dana.com.br\/canaldana\/2021\/07\/26\/ebusco-da-holanda-vence-licitacao-para-39-onibus-eletricos-feitos-com-material-sustentavel\/"]}]},{"@type":"BreadcrumbList","@id":"https:\/\/dana.com.br\/canaldana\/2021\/07\/26\/ebusco-da-holanda-vence-licitacao-para-39-onibus-eletricos-feitos-com-material-sustentavel\/#breadcrumb","itemListElement":[{"@type":"ListItem","position":1,"name":"Home","item":"https:\/\/dana.com.br\/canaldana\/"},{"@type":"ListItem","position":2,"name":"El\u00e9tricos","item":"https:\/\/dana.com.br\/canaldana\/eletricos\/"},{"@type":"ListItem","position":3,"name":"Ebusco, da Holanda, vence licita\u00e7\u00e3o para 39 \u00f4nibus el\u00e9tricos feitos com material sustent\u00e1vel"}]},{"@type":"WebSite","@id":"https:\/\/dana.com.br\/canaldana\/#website","url":"https:\/\/dana.com.br\/canaldana\/","name":"Canal Dana","description":"Informativo com as principais not\u00edcias da ind\u00fastria automotiva","potentialAction":[{"@type":"SearchAction","target":{"@type":"EntryPoint","urlTemplate":"https:\/\/dana.com.br\/canaldana\/?s={search_term_string}"},"query-input":{"@type":"PropertyValueSpecification","valueRequired":true,"valueName":"search_term_string"}}],"inLanguage":"pt-BR"},{"@type":"Person","@id":"https:\/\/dana.com.br\/canaldana\/#\/schema\/person\/3c21f22f56fcf3bc46b94bc60ea4fef6","name":"Canal Dana","image":{"@type":"ImageObject","inLanguage":"pt-BR","@id":"https:\/\/secure.gravatar.com\/avatar\/420aaf9278582877d9018637c6817617705899d2858d7572ef0fe59a6b6454b4?s=96&d=mm&r=g","url":"https:\/\/secure.gravatar.com\/avatar\/420aaf9278582877d9018637c6817617705899d2858d7572ef0fe59a6b6454b4?s=96&d=mm&r=g","contentUrl":"https:\/\/secure.gravatar.com\/avatar\/420aaf9278582877d9018637c6817617705899d2858d7572ef0fe59a6b6454b4?s=96&d=mm&r=g","caption":"Canal Dana"},"url":"https:\/\/dana.com.br\/canaldana\/author\/cdeditor\/"}]}},"_links":{"self":[{"href":"https:\/\/dana.com.br\/canaldana\/wp-json\/wp\/v2\/posts\/51771","targetHints":{"allow":["GET"]}}],"collection":[{"href":"https:\/\/dana.com.br\/canaldana\/wp-json\/wp\/v2\/posts"}],"about":[{"href":"https:\/\/dana.com.br\/canaldana\/wp-json\/wp\/v2\/types\/post"}],"author":[{"embeddable":true,"href":"https:\/\/dana.com.br\/canaldana\/wp-json\/wp\/v2\/users\/3"}],"replies":[{"embeddable":true,"href":"https:\/\/dana.com.br\/canaldana\/wp-json\/wp\/v2\/comments?post=51771"}],"version-history":[{"count":0,"href":"https:\/\/dana.com.br\/canaldana\/wp-json\/wp\/v2\/posts\/51771\/revisions"}],"wp:attachment":[{"href":"https:\/\/dana.com.br\/canaldana\/wp-json\/wp\/v2\/media?parent=51771"}],"wp:term":[{"taxonomy":"category","embeddable":true,"href":"https:\/\/dana.com.br\/canaldana\/wp-json\/wp\/v2\/categories?post=51771"},{"taxonomy":"post_tag","embeddable":true,"href":"https:\/\/dana.com.br\/canaldana\/wp-json\/wp\/v2\/tags?post=51771"}],"curies":[{"name":"wp","href":"https:\/\/api.w.org\/{rel}","templated":true}]}}