{"id":51769,"date":"2021-07-26T08:20:01","date_gmt":"2021-07-26T11:20:01","guid":{"rendered":"https:\/\/dana.com.br\/canaldana\/?p=51769"},"modified":"2021-07-26T08:20:01","modified_gmt":"2021-07-26T11:20:01","slug":"mercedes-benz-se-prepara-para-ser-totalmente-eletrica-ate-o-final-da-decada","status":"publish","type":"post","link":"https:\/\/dana.com.br\/canaldana\/2021\/07\/26\/mercedes-benz-se-prepara-para-ser-totalmente-eletrica-ate-o-final-da-decada\/","title":{"rendered":"Mercedes-Benz se prepara para ser totalmente el\u00e9trica at\u00e9 o final da d\u00e9cada"},"content":{"rendered":"<p><em>Coisas de Agora<\/em><\/p>\n<p>&nbsp;<\/p>\n<p>A Mercedes-Benz est\u00e1 mudando de \u201cprimeiro el\u00e9trico\u201d para \u201csomente el\u00e9trico\u201d, acelerando em dire\u00e7\u00e3o a um futuro sustent\u00e1vel e digitalizado at\u00e9 o final da d\u00e9cada, naqueles mercados que apresentarem as condi\u00e7\u00f5es para isso. At\u00e9 2022, a Mercedes-Benz ter\u00e1 ve\u00edculos el\u00e9tricos a bateria (BEV) em todos os segmentos que a empresa atua. E a partir de 2025, todas as novas arquiteturas de ve\u00edculos ser\u00e3o prioritariamente el\u00e9tricas e assim os clientes ter\u00e3o sempre uma alternativa totalmente el\u00e9trica para cada modelo que a marca produz.<\/p>\n<p>&nbsp;<\/p>\n<p>\u201cA mudan\u00e7a EV est\u00e1 ganhando velocidade \u2013 especialmente no segmento de luxo, onde a Mercedes-Benz atua. O ponto de inflex\u00e3o est\u00e1 se aproximando e estaremos prontos \u00e0 medida que os mercados mudarem para a eletricidade at\u00e9 o final desta d\u00e9cada\u201d, disse Ola K\u00e4llenius, CEO da Mercedes-Benz AG.<\/p>\n<p>&nbsp;<\/p>\n<p>No total, os investimentos em ve\u00edculos el\u00e9tricos a bateria entre 2022 e 2030 totalizar\u00e3o mais de \u20ac 40 bilh\u00f5es. A acelera\u00e7\u00e3o e o avan\u00e7o do plano de portf\u00f3lio EV est\u00e3o baseados em uma estrat\u00e9gia com os seguintes pontos principais: tecnologia, produ\u00e7\u00e3o, pessoas e financeiro.<\/p>\n<p>&nbsp;<\/p>\n<p><strong>Tecnologia<\/strong><\/p>\n<p>&nbsp;<\/p>\n<p>Em 2025, a Mercedes-Benz lan\u00e7ar\u00e1 tr\u00eas novas arquiteturas exclusivamente el\u00e9tricas:<\/p>\n<p>&nbsp;<\/p>\n<ul>\n<li>MB.EA cobrir\u00e1 todos os autom\u00f3veis de passageiros de m\u00e9dio a grande porte, estabelecendo um sistema modular escal\u00e1vel como a espinha dorsal el\u00e9trica para o futuro portf\u00f3lio de EV<\/li>\n<li>AMG.EA ser\u00e1 uma plataforma de ve\u00edculos el\u00e9tricos de alto desempenho voltada para clientes da Mercedes-AMG voltados para tecnologia e desempenho<\/li>\n<li>VAN.EA inaugura uma nova era para vans el\u00e9tricas e ve\u00edculos comerciais leves feitos sob medida, que contribuir\u00e3o para o transporte e as cidades livres de emiss\u00f5es no futuro.<\/li>\n<\/ul>\n<p>&nbsp;<\/p>\n<p>Ap\u00f3s reorganizar suas atividades para colocar planejamento, desenvolvimento, compras e produ\u00e7\u00e3o, a Mercedes-Benz ir\u00e1 aprofundar o n\u00edvel de integra\u00e7\u00e3o vertical na fabrica\u00e7\u00e3o e desenvolvimento, e internalizar a tecnologia de condu\u00e7\u00e3o el\u00e9trica.<\/p>\n<p>&nbsp;<\/p>\n<p>Esta etapa inclui a aquisi\u00e7\u00e3o da YASA, empresa de motores el\u00e9tricos sediada no Reino Unido. Com este acordo, a Mercedes-Benz obt\u00e9m acesso a tecnologia exclusiva de motores de fluxo axial e experi\u00eancia para desenvolver motores de alto desempenho para as pr\u00f3ximas gera\u00e7\u00f5es.<\/p>\n<p>&nbsp;<\/p>\n<p>Os motores el\u00e9tricos internos, como o eATS 2.0, s\u00e3o uma parte fundamental da estrat\u00e9gia com um foco claro na efici\u00eancia e no custo geral de todo o sistema, incluindo inversores e softwares. Espera-se que a China, o maior mercado de ve\u00edculos el\u00e9tricos (NEV) do mundo, que abriga centenas de empresas e fornecedores especializados em componentes de EV e tecnologias de software, desempenhe um papel fundamental na acelera\u00e7\u00e3o da estrat\u00e9gia de eletrifica\u00e7\u00e3o da Mercedes-Benz.<\/p>\n<p>&nbsp;<\/p>\n<p>A Mercedes-Benz est\u00e1 desenvolvendo atualmente o Vision EQXX, um autom\u00f3vel el\u00e9trico com uma autonomia real de mais de 1.000 quil\u00f4metros, visando um n\u00famero de um d\u00edgito para Kwh por 100 quil\u00f4metros (mais de 9,6 km por Kwh) em velocidades normais de condu\u00e7\u00e3o. Uma equipe multidisciplinar, incluindo especialistas da divis\u00e3o F1 High Performance Powertrain (HPP) da Mercedes-Benz, est\u00e1 progredindo rapidamente em dire\u00e7\u00e3o aos objetivos ambiciosos do projeto. A apresenta\u00e7\u00e3o mundial ser\u00e1 em 2022 e os avan\u00e7os tecnol\u00f3gicos obtidos com Vision EQXX ser\u00e3o adaptados e aplicados para uso potencial em novas arquiteturas el\u00e9tricas.<\/p>\n<p>&nbsp;<\/p>\n<p>Baterias: a Mercedes-Benz planeja instalar oito giga f\u00e1bricas para a produ\u00e7\u00e3o de c\u00e9lulas, junto com seus parceiros ao redor do mundo. Isso se soma \u00e0 j\u00e1 planejada rede de nove f\u00e1bricas dedicadas \u00e0 constru\u00e7\u00e3o de sistemas de baterias. As baterias da pr\u00f3xima gera\u00e7\u00e3o ser\u00e3o altamente padronizadas e adequadas para uso em mais de 90% de todos os autom\u00f3veis e vans da Mercedes-Benz, al\u00e9m de serem flex\u00edveis o suficiente para oferecer solu\u00e7\u00f5es individuais a todos os clientes.<\/p>\n<p>&nbsp;<\/p>\n<p>Com a pr\u00f3xima gera\u00e7\u00e3o de baterias, a Mercedes-Benz trabalhar\u00e1 com parceiros como SilaNano para aumentar ainda mais a densidade de energia usando compostos de sil\u00edcio-carbono por exemplo. Isso permitir\u00e1 uma autonomia sem precedentes e tempos de carregamento mais curtos.<\/p>\n<p>&nbsp;<\/p>\n<p>Al\u00e9m desses avan\u00e7os, a Mercedes-Benz est\u00e1 em negocia\u00e7\u00f5es com parceiros para desenvolver baterias de estado s\u00f3lido, com densidade de energia e seguran\u00e7a ainda maiores.<\/p>\n<p>&nbsp;<\/p>\n<p>Carregamento: a Mercedes-Benz tamb\u00e9m est\u00e1 trabalhando na defini\u00e7\u00e3o de novos padr\u00f5es de carregamento: \u201cPlug &amp; Charge\u201d permitir\u00e1 que os clientes conectem, carreguem e desconectem sem a necessidade de etapas extras para autentica\u00e7\u00e3o e processamento de pagamento. O Plug &amp; Charge entrar\u00e1 em opera\u00e7\u00e3o com o lan\u00e7amento do EQS no mercado ainda este ano na Europa.<\/p>\n<p>&nbsp;<\/p>\n<p>Al\u00e9m disso, a Mercedes-Benz est\u00e1 trabalhando com a Shell na expans\u00e3o da rede de recarga. Os clientes ter\u00e3o acesso aprimorado \u00e0 rede de recarga da Shell, que consiste em mais de 30.000 pontos de carga at\u00e9 2025 na Europa, China e Am\u00e9rica do Norte \u2013 incluindo mais de 10.000 carregadores r\u00e1pidos em todo o mundo.<\/p>\n<p>&nbsp;<\/p>\n<p>A Mercedes-Benz est\u00e1 atualmente preparando sua rede de produ\u00e7\u00e3o global para uma futura produ\u00e7\u00e3o exclusivamente el\u00e9trica. Gra\u00e7as aos investimentos em manufatura flex\u00edvel e ao sistema \u201cMO360\u201d de produ\u00e7\u00e3o de \u00faltima gera\u00e7\u00e3o, a marca j\u00e1 pode produzir BEVs em larga escala.<\/p>\n<p>&nbsp;<\/p>\n<p>Em 2022, oito ve\u00edculos el\u00e9tricos Mercedes-Benz ser\u00e3o produzidos em sete locais em tr\u00eas continentes diferentes. Todos os locais de montagem de autom\u00f3veis e baterias administrados pela Mercedes-Benz AG mudar\u00e3o para uma produ\u00e7\u00e3o neutra em carbono tamb\u00e9m at\u00e9 2022.<\/p>\n<p>&nbsp;<\/p>\n<p>Para melhorar a efici\u00eancia de fabrica\u00e7\u00e3o, a Mercedes-Benz est\u00e1 unindo for\u00e7as com a GROB, l\u00edder global alem\u00e3o em sistemas de automa\u00e7\u00e3o e produ\u00e7\u00e3o de baterias altamente inovadores, fortalecendo assim sua capacidade de produ\u00e7\u00e3o de baterias e know-how. A Mercedes-Benz tamb\u00e9m planeja instalar uma nova f\u00e1brica de reciclagem de baterias em Kuppenheim, Alemanha, para desenvolver e garantir a capacidade de reciclagem e know-how, com o in\u00edcio das opera\u00e7\u00f5es planejado para 2023.<\/p>\n<p>&nbsp;<\/p>\n<p>Al\u00e9m da transi\u00e7\u00e3o dos motores de combust\u00e3o interna para os el\u00e9tricos a Mercedes-Benz transformar\u00e1 sua for\u00e7a de trabalho. S\u00f3 em 2020, cerca de 20.000 funcion\u00e1rios na Alemanha foram treinados em temas de e-mobilidade. Para cumprir os planos de desenvolvimento do sistema operacional MB.OS, 3.000 novos empregos de engenharia de software ser\u00e3o criados em todo o mundo.<\/p>\n<p>&nbsp;<\/p>\n<p>A meta atual da marca \u00e9 ter vendas em xEV (h\u00edbridos e totalmente el\u00e9tricos) de at\u00e9 50% do mix de produtos at\u00e9 2025. Novos servi\u00e7os digitais e o lan\u00e7amento de mais modelos em segmentos de alto luxo como Mercedes-Maybach e Mercedes-AMG ter\u00e3o papel fundamental nesse processo.<\/p>\n<p>&nbsp;<\/p>\n<p>A marca est\u00e1 trabalhando tamb\u00e9m para reduzir ainda mais os custos fixos e vari\u00e1veis. O uso de plataformas de bateria comuns e arquiteturas el\u00e9tricas escalon\u00e1veis combinadas com avan\u00e7os na tecnologia das baterias trar\u00e3o graus mais altos de padroniza\u00e7\u00e3o e custos mais baixos. Espera-se que a propor\u00e7\u00e3o dos custos da bateria dentro do ve\u00edculo caia significativamente at\u00e9 o final da d\u00e9cada. Em compara\u00e7\u00e3o com 2019, os investimentos em motores \u00e0 combust\u00e3o e tecnologias h\u00edbridas plug-in cair\u00e3o 80% at\u00e9 2026.<\/p>\n<p>&nbsp;<\/p>\n<p>\u201cNosso principal dever nessa transforma\u00e7\u00e3o \u00e9 convencer os clientes a fazer a mudan\u00e7a com produtos cada vez mais atraentes. Para a Mercedes-Benz, o novo EQS \u00e9 apenas o come\u00e7o desta nova era \u201c, afirma K\u00e4llenius.<\/p>\n<p>&nbsp;<\/p>\n<p>Conhe\u00e7a mais detalhes sobre a estrat\u00e9gia de eletrifica\u00e7\u00e3o da Mercedes-Benz no v\u00eddeo de apresenta\u00e7\u00e3o (material original em ingl\u00eas). Acesse: <a href=\"https:\/\/media.mercedes-benz.com\/mbsu\" target=\"_blank\" rel=\"noopener noreferrer\">https:\/\/media.mercedes-benz.com\/mbsu<\/a>. (Coisas de Agora)<\/p>\n","protected":false},"excerpt":{"rendered":"<p>Coisas de Agora &nbsp; A Mercedes-Benz est\u00e1 mudando de \u201cprimeiro el\u00e9trico\u201d para \u201csomente el\u00e9trico\u201d, acelerando em dire\u00e7\u00e3o a um futuro sustent\u00e1vel e digitalizado at\u00e9 o final da d\u00e9cada, naqueles mercados que apresentarem as condi\u00e7\u00f5es para isso. At\u00e9 2022, a Mercedes-Benz ter\u00e1 ve\u00edculos el\u00e9tricos a bateria (BEV) em todos os segmentos que a empresa atua. E\u2026 <a class=\"readmore\" href=\"https:\/\/dana.com.br\/canaldana\/2021\/07\/26\/mercedes-benz-se-prepara-para-ser-totalmente-eletrica-ate-o-final-da-decada\/\">Leia mais \u00bb<\/a><\/p>\n","protected":false},"author":3,"featured_media":0,"comment_status":"closed","ping_status":"closed","sticky":false,"template":"","format":"standard","meta":{"_acf_changed":false,"footnotes":""},"categories":[110],"tags":[],"class_list":["post-51769","post","type-post","status-publish","format-standard","hentry","category-eletricos"],"acf":[],"yoast_head":"<!-- This site is optimized with the Yoast SEO plugin v27.3 - https:\/\/yoast.com\/product\/yoast-seo-wordpress\/ -->\n<title>Mercedes-Benz se prepara para ser totalmente el\u00e9trica at\u00e9 o final da d\u00e9cada - Canal Dana<\/title>\n<meta name=\"robots\" content=\"index, follow, max-snippet:-1, max-image-preview:large, max-video-preview:-1\" \/>\n<link rel=\"canonical\" href=\"https:\/\/dana.com.br\/canaldana\/2021\/07\/26\/mercedes-benz-se-prepara-para-ser-totalmente-eletrica-ate-o-final-da-decada\/\" \/>\n<meta property=\"og:locale\" content=\"pt_BR\" \/>\n<meta property=\"og:type\" content=\"article\" \/>\n<meta property=\"og:title\" content=\"Mercedes-Benz se prepara para ser totalmente el\u00e9trica at\u00e9 o final da d\u00e9cada - Canal Dana\" \/>\n<meta property=\"og:description\" content=\"Coisas de Agora &nbsp; A Mercedes-Benz est\u00e1 mudando de \u201cprimeiro el\u00e9trico\u201d para \u201csomente el\u00e9trico\u201d, acelerando em dire\u00e7\u00e3o a um futuro sustent\u00e1vel e digitalizado at\u00e9 o final da d\u00e9cada, naqueles mercados que apresentarem as condi\u00e7\u00f5es para isso. At\u00e9 2022, a Mercedes-Benz ter\u00e1 ve\u00edculos el\u00e9tricos a bateria (BEV) em todos os segmentos que a empresa atua. E\u2026 Leia mais \u00bb\" \/>\n<meta property=\"og:url\" content=\"https:\/\/dana.com.br\/canaldana\/2021\/07\/26\/mercedes-benz-se-prepara-para-ser-totalmente-eletrica-ate-o-final-da-decada\/\" \/>\n<meta property=\"og:site_name\" content=\"Canal Dana\" \/>\n<meta property=\"article:published_time\" content=\"2021-07-26T11:20:01+00:00\" \/>\n<meta name=\"author\" content=\"Canal Dana\" \/>\n<meta name=\"twitter:card\" content=\"summary_large_image\" \/>\n<meta name=\"twitter:label1\" content=\"Escrito por\" \/>\n\t<meta name=\"twitter:data1\" content=\"Canal Dana\" \/>\n\t<meta name=\"twitter:label2\" content=\"Est. tempo de leitura\" \/>\n\t<meta name=\"twitter:data2\" content=\"6 minutos\" \/>\n<script type=\"application\/ld+json\" class=\"yoast-schema-graph\">{\"@context\":\"https:\\\/\\\/schema.org\",\"@graph\":[{\"@type\":\"Article\",\"@id\":\"https:\\\/\\\/dana.com.br\\\/canaldana\\\/2021\\\/07\\\/26\\\/mercedes-benz-se-prepara-para-ser-totalmente-eletrica-ate-o-final-da-decada\\\/#article\",\"isPartOf\":{\"@id\":\"https:\\\/\\\/dana.com.br\\\/canaldana\\\/2021\\\/07\\\/26\\\/mercedes-benz-se-prepara-para-ser-totalmente-eletrica-ate-o-final-da-decada\\\/\"},\"author\":{\"name\":\"Canal Dana\",\"@id\":\"https:\\\/\\\/dana.com.br\\\/canaldana\\\/#\\\/schema\\\/person\\\/3c21f22f56fcf3bc46b94bc60ea4fef6\"},\"headline\":\"Mercedes-Benz se prepara para ser totalmente el\u00e9trica at\u00e9 o final da d\u00e9cada\",\"datePublished\":\"2021-07-26T11:20:01+00:00\",\"mainEntityOfPage\":{\"@id\":\"https:\\\/\\\/dana.com.br\\\/canaldana\\\/2021\\\/07\\\/26\\\/mercedes-benz-se-prepara-para-ser-totalmente-eletrica-ate-o-final-da-decada\\\/\"},\"wordCount\":1312,\"articleSection\":[\"El\u00e9tricos\"],\"inLanguage\":\"pt-BR\"},{\"@type\":\"WebPage\",\"@id\":\"https:\\\/\\\/dana.com.br\\\/canaldana\\\/2021\\\/07\\\/26\\\/mercedes-benz-se-prepara-para-ser-totalmente-eletrica-ate-o-final-da-decada\\\/\",\"url\":\"https:\\\/\\\/dana.com.br\\\/canaldana\\\/2021\\\/07\\\/26\\\/mercedes-benz-se-prepara-para-ser-totalmente-eletrica-ate-o-final-da-decada\\\/\",\"name\":\"Mercedes-Benz se prepara para ser totalmente el\u00e9trica at\u00e9 o final da d\u00e9cada - Canal Dana\",\"isPartOf\":{\"@id\":\"https:\\\/\\\/dana.com.br\\\/canaldana\\\/#website\"},\"datePublished\":\"2021-07-26T11:20:01+00:00\",\"author\":{\"@id\":\"https:\\\/\\\/dana.com.br\\\/canaldana\\\/#\\\/schema\\\/person\\\/3c21f22f56fcf3bc46b94bc60ea4fef6\"},\"breadcrumb\":{\"@id\":\"https:\\\/\\\/dana.com.br\\\/canaldana\\\/2021\\\/07\\\/26\\\/mercedes-benz-se-prepara-para-ser-totalmente-eletrica-ate-o-final-da-decada\\\/#breadcrumb\"},\"inLanguage\":\"pt-BR\",\"potentialAction\":[{\"@type\":\"ReadAction\",\"target\":[\"https:\\\/\\\/dana.com.br\\\/canaldana\\\/2021\\\/07\\\/26\\\/mercedes-benz-se-prepara-para-ser-totalmente-eletrica-ate-o-final-da-decada\\\/\"]}]},{\"@type\":\"BreadcrumbList\",\"@id\":\"https:\\\/\\\/dana.com.br\\\/canaldana\\\/2021\\\/07\\\/26\\\/mercedes-benz-se-prepara-para-ser-totalmente-eletrica-ate-o-final-da-decada\\\/#breadcrumb\",\"itemListElement\":[{\"@type\":\"ListItem\",\"position\":1,\"name\":\"Home\",\"item\":\"https:\\\/\\\/dana.com.br\\\/canaldana\\\/\"},{\"@type\":\"ListItem\",\"position\":2,\"name\":\"El\u00e9tricos\",\"item\":\"https:\\\/\\\/dana.com.br\\\/canaldana\\\/eletricos\\\/\"},{\"@type\":\"ListItem\",\"position\":3,\"name\":\"Mercedes-Benz se prepara para ser totalmente el\u00e9trica at\u00e9 o final da d\u00e9cada\"}]},{\"@type\":\"WebSite\",\"@id\":\"https:\\\/\\\/dana.com.br\\\/canaldana\\\/#website\",\"url\":\"https:\\\/\\\/dana.com.br\\\/canaldana\\\/\",\"name\":\"Canal Dana\",\"description\":\"Informativo com as principais not\u00edcias da ind\u00fastria automotiva\",\"potentialAction\":[{\"@type\":\"SearchAction\",\"target\":{\"@type\":\"EntryPoint\",\"urlTemplate\":\"https:\\\/\\\/dana.com.br\\\/canaldana\\\/?s={search_term_string}\"},\"query-input\":{\"@type\":\"PropertyValueSpecification\",\"valueRequired\":true,\"valueName\":\"search_term_string\"}}],\"inLanguage\":\"pt-BR\"},{\"@type\":\"Person\",\"@id\":\"https:\\\/\\\/dana.com.br\\\/canaldana\\\/#\\\/schema\\\/person\\\/3c21f22f56fcf3bc46b94bc60ea4fef6\",\"name\":\"Canal Dana\",\"image\":{\"@type\":\"ImageObject\",\"inLanguage\":\"pt-BR\",\"@id\":\"https:\\\/\\\/secure.gravatar.com\\\/avatar\\\/420aaf9278582877d9018637c6817617705899d2858d7572ef0fe59a6b6454b4?s=96&d=mm&r=g\",\"url\":\"https:\\\/\\\/secure.gravatar.com\\\/avatar\\\/420aaf9278582877d9018637c6817617705899d2858d7572ef0fe59a6b6454b4?s=96&d=mm&r=g\",\"contentUrl\":\"https:\\\/\\\/secure.gravatar.com\\\/avatar\\\/420aaf9278582877d9018637c6817617705899d2858d7572ef0fe59a6b6454b4?s=96&d=mm&r=g\",\"caption\":\"Canal Dana\"},\"url\":\"https:\\\/\\\/dana.com.br\\\/canaldana\\\/author\\\/cdeditor\\\/\"}]}<\/script>\n<!-- \/ Yoast SEO plugin. -->","yoast_head_json":{"title":"Mercedes-Benz se prepara para ser totalmente el\u00e9trica at\u00e9 o final da d\u00e9cada - Canal Dana","robots":{"index":"index","follow":"follow","max-snippet":"max-snippet:-1","max-image-preview":"max-image-preview:large","max-video-preview":"max-video-preview:-1"},"canonical":"https:\/\/dana.com.br\/canaldana\/2021\/07\/26\/mercedes-benz-se-prepara-para-ser-totalmente-eletrica-ate-o-final-da-decada\/","og_locale":"pt_BR","og_type":"article","og_title":"Mercedes-Benz se prepara para ser totalmente el\u00e9trica at\u00e9 o final da d\u00e9cada - Canal Dana","og_description":"Coisas de Agora &nbsp; A Mercedes-Benz est\u00e1 mudando de \u201cprimeiro el\u00e9trico\u201d para \u201csomente el\u00e9trico\u201d, acelerando em dire\u00e7\u00e3o a um futuro sustent\u00e1vel e digitalizado at\u00e9 o final da d\u00e9cada, naqueles mercados que apresentarem as condi\u00e7\u00f5es para isso. At\u00e9 2022, a Mercedes-Benz ter\u00e1 ve\u00edculos el\u00e9tricos a bateria (BEV) em todos os segmentos que a empresa atua. E\u2026 Leia mais \u00bb","og_url":"https:\/\/dana.com.br\/canaldana\/2021\/07\/26\/mercedes-benz-se-prepara-para-ser-totalmente-eletrica-ate-o-final-da-decada\/","og_site_name":"Canal Dana","article_published_time":"2021-07-26T11:20:01+00:00","author":"Canal Dana","twitter_card":"summary_large_image","twitter_misc":{"Escrito por":"Canal Dana","Est. tempo de leitura":"6 minutos"},"schema":{"@context":"https:\/\/schema.org","@graph":[{"@type":"Article","@id":"https:\/\/dana.com.br\/canaldana\/2021\/07\/26\/mercedes-benz-se-prepara-para-ser-totalmente-eletrica-ate-o-final-da-decada\/#article","isPartOf":{"@id":"https:\/\/dana.com.br\/canaldana\/2021\/07\/26\/mercedes-benz-se-prepara-para-ser-totalmente-eletrica-ate-o-final-da-decada\/"},"author":{"name":"Canal Dana","@id":"https:\/\/dana.com.br\/canaldana\/#\/schema\/person\/3c21f22f56fcf3bc46b94bc60ea4fef6"},"headline":"Mercedes-Benz se prepara para ser totalmente el\u00e9trica at\u00e9 o final da d\u00e9cada","datePublished":"2021-07-26T11:20:01+00:00","mainEntityOfPage":{"@id":"https:\/\/dana.com.br\/canaldana\/2021\/07\/26\/mercedes-benz-se-prepara-para-ser-totalmente-eletrica-ate-o-final-da-decada\/"},"wordCount":1312,"articleSection":["El\u00e9tricos"],"inLanguage":"pt-BR"},{"@type":"WebPage","@id":"https:\/\/dana.com.br\/canaldana\/2021\/07\/26\/mercedes-benz-se-prepara-para-ser-totalmente-eletrica-ate-o-final-da-decada\/","url":"https:\/\/dana.com.br\/canaldana\/2021\/07\/26\/mercedes-benz-se-prepara-para-ser-totalmente-eletrica-ate-o-final-da-decada\/","name":"Mercedes-Benz se prepara para ser totalmente el\u00e9trica at\u00e9 o final da d\u00e9cada - Canal Dana","isPartOf":{"@id":"https:\/\/dana.com.br\/canaldana\/#website"},"datePublished":"2021-07-26T11:20:01+00:00","author":{"@id":"https:\/\/dana.com.br\/canaldana\/#\/schema\/person\/3c21f22f56fcf3bc46b94bc60ea4fef6"},"breadcrumb":{"@id":"https:\/\/dana.com.br\/canaldana\/2021\/07\/26\/mercedes-benz-se-prepara-para-ser-totalmente-eletrica-ate-o-final-da-decada\/#breadcrumb"},"inLanguage":"pt-BR","potentialAction":[{"@type":"ReadAction","target":["https:\/\/dana.com.br\/canaldana\/2021\/07\/26\/mercedes-benz-se-prepara-para-ser-totalmente-eletrica-ate-o-final-da-decada\/"]}]},{"@type":"BreadcrumbList","@id":"https:\/\/dana.com.br\/canaldana\/2021\/07\/26\/mercedes-benz-se-prepara-para-ser-totalmente-eletrica-ate-o-final-da-decada\/#breadcrumb","itemListElement":[{"@type":"ListItem","position":1,"name":"Home","item":"https:\/\/dana.com.br\/canaldana\/"},{"@type":"ListItem","position":2,"name":"El\u00e9tricos","item":"https:\/\/dana.com.br\/canaldana\/eletricos\/"},{"@type":"ListItem","position":3,"name":"Mercedes-Benz se prepara para ser totalmente el\u00e9trica at\u00e9 o final da d\u00e9cada"}]},{"@type":"WebSite","@id":"https:\/\/dana.com.br\/canaldana\/#website","url":"https:\/\/dana.com.br\/canaldana\/","name":"Canal Dana","description":"Informativo com as principais not\u00edcias da ind\u00fastria automotiva","potentialAction":[{"@type":"SearchAction","target":{"@type":"EntryPoint","urlTemplate":"https:\/\/dana.com.br\/canaldana\/?s={search_term_string}"},"query-input":{"@type":"PropertyValueSpecification","valueRequired":true,"valueName":"search_term_string"}}],"inLanguage":"pt-BR"},{"@type":"Person","@id":"https:\/\/dana.com.br\/canaldana\/#\/schema\/person\/3c21f22f56fcf3bc46b94bc60ea4fef6","name":"Canal Dana","image":{"@type":"ImageObject","inLanguage":"pt-BR","@id":"https:\/\/secure.gravatar.com\/avatar\/420aaf9278582877d9018637c6817617705899d2858d7572ef0fe59a6b6454b4?s=96&d=mm&r=g","url":"https:\/\/secure.gravatar.com\/avatar\/420aaf9278582877d9018637c6817617705899d2858d7572ef0fe59a6b6454b4?s=96&d=mm&r=g","contentUrl":"https:\/\/secure.gravatar.com\/avatar\/420aaf9278582877d9018637c6817617705899d2858d7572ef0fe59a6b6454b4?s=96&d=mm&r=g","caption":"Canal Dana"},"url":"https:\/\/dana.com.br\/canaldana\/author\/cdeditor\/"}]}},"_links":{"self":[{"href":"https:\/\/dana.com.br\/canaldana\/wp-json\/wp\/v2\/posts\/51769","targetHints":{"allow":["GET"]}}],"collection":[{"href":"https:\/\/dana.com.br\/canaldana\/wp-json\/wp\/v2\/posts"}],"about":[{"href":"https:\/\/dana.com.br\/canaldana\/wp-json\/wp\/v2\/types\/post"}],"author":[{"embeddable":true,"href":"https:\/\/dana.com.br\/canaldana\/wp-json\/wp\/v2\/users\/3"}],"replies":[{"embeddable":true,"href":"https:\/\/dana.com.br\/canaldana\/wp-json\/wp\/v2\/comments?post=51769"}],"version-history":[{"count":0,"href":"https:\/\/dana.com.br\/canaldana\/wp-json\/wp\/v2\/posts\/51769\/revisions"}],"wp:attachment":[{"href":"https:\/\/dana.com.br\/canaldana\/wp-json\/wp\/v2\/media?parent=51769"}],"wp:term":[{"taxonomy":"category","embeddable":true,"href":"https:\/\/dana.com.br\/canaldana\/wp-json\/wp\/v2\/categories?post=51769"},{"taxonomy":"post_tag","embeddable":true,"href":"https:\/\/dana.com.br\/canaldana\/wp-json\/wp\/v2\/tags?post=51769"}],"curies":[{"name":"wp","href":"https:\/\/api.w.org\/{rel}","templated":true}]}}