{"id":51717,"date":"2021-07-22T08:09:25","date_gmt":"2021-07-22T11:09:25","guid":{"rendered":"https:\/\/dana.com.br\/canaldana\/?p=51717"},"modified":"2021-07-22T08:09:25","modified_gmt":"2021-07-22T11:09:25","slug":"decreto-de-joao-doria-determina-adesao-de-sao-paulo-a-campanhas-da-onu-para-reducao-de-emissoes-de-poluentes-e-combate-a-efeitos-das-mudancas-climaticas","status":"publish","type":"post","link":"https:\/\/dana.com.br\/canaldana\/2021\/07\/22\/decreto-de-joao-doria-determina-adesao-de-sao-paulo-a-campanhas-da-onu-para-reducao-de-emissoes-de-poluentes-e-combate-a-efeitos-das-mudancas-climaticas\/","title":{"rendered":"Decreto de Jo\u00e3o Doria determina ades\u00e3o de S\u00e3o Paulo a campanhas da ONU para redu\u00e7\u00e3o de emiss\u00f5es de poluentes e combate a efeitos das mudan\u00e7as clim\u00e1ticas"},"content":{"rendered":"<p><em>Di\u00e1rio do Transporte<\/em><\/p>\n<p>&nbsp;<\/p>\n<p>O Governador Jo\u00e3o Doria participou nessa ter\u00e7a-feira, 20 de julho de 2021, da cerim\u00f4nia de ades\u00e3o do Estado de S\u00e3o Paulo \u00e0 campanha da ONU (Organiza\u00e7\u00e3o das Na\u00e7\u00f5es Unidas) destinada \u00e0 redu\u00e7\u00e3o de emiss\u00f5es de poluentes e \u00e0 resili\u00eancia clim\u00e1tica.<\/p>\n<p>&nbsp;<\/p>\n<p>O decreto governamental formalizando a participa\u00e7\u00e3o de S\u00e3o Paulo foi assinado na ocasi\u00e3o e publicado nesta quarta-feira (21), no Di\u00e1rio Oficial.<\/p>\n<p>&nbsp;<\/p>\n<p>Na cerim\u00f4nia realizada ontem, o governador destacou que o decreto marcava a ades\u00e3o definitiva de S\u00e3o Paulo \u00e0 campanha mundial Race to Zero (Corrida para Zero) e estabelece que o Estado tem um plano de a\u00e7\u00e3o clim\u00e1tica at\u00e9 2050 para ser obedecido. \u201cNeste plano n\u00f3s estabelecemos metas intermedi\u00e1rias para o per\u00edodo de 2030 a 2040, avan\u00e7ando de forma escalonada e previs\u00edvel com as medidas de redu\u00e7\u00e3o de emiss\u00e3o de carbono no Estado de S\u00e3o Paulo\u201d, afirmou o governador paulista.<\/p>\n<p>&nbsp;<\/p>\n<p>As campanhas Race to Zero e Race to Resilience (Corrida para a resili\u00eancia) buscam zerar as emiss\u00f5es l\u00edquidas de gases de efeito estufa at\u00e9 2050 pelo engajamento de governos, empresas, investidores, acad\u00eamicos e lideran\u00e7as da sociedade civil.<\/p>\n<p>&nbsp;<\/p>\n<p>O objetivo \u00e9 catalisar uma mudan\u00e7a radical na ambi\u00e7\u00e3o global de resili\u00eancia clim\u00e1tica, colocando as pessoas e a natureza em primeiro lugar na busca por um mundo resiliente onde n\u00e3o apenas o mundo sobreviva a choques e tens\u00f5es clim\u00e1ticas, mas prospere apesar deles.<\/p>\n<p>&nbsp;<\/p>\n<p>Em comunicado, o governo de S\u00e3o Paulo informou que as a\u00e7\u00f5es do estado tamb\u00e9m ser\u00e3o destaque na pr\u00f3xima Confedera\u00e7\u00e3o Clim\u00e1tica da ONU, a COP 26, na cidade escocesa de Glasgow, no Reino Unido, em novembro.<\/p>\n<p>&nbsp;<\/p>\n<p>A ades\u00e3o ao programa da ONU implica a fixa\u00e7\u00e3o de novas metas e solu\u00e7\u00f5es para energias renov\u00e1veis, restaura\u00e7\u00e3o florestal, agricultura de baixo carbono, bioeconomia, prote\u00e7\u00e3o da biodiversidade, controle e preven\u00e7\u00e3o da polui\u00e7\u00e3o, qualidade do ar, transportes sustent\u00e1veis, seguran\u00e7a h\u00eddrica, saneamento ambiental, munic\u00edpios resilientes e cidades sustent\u00e1veis.<\/p>\n<p>&nbsp;<\/p>\n<p>A cerim\u00f4nia dessa ter\u00e7a-feira foi realizada por v\u00eddeo confer\u00eancia e reuniu ambientalistas, organiza\u00e7\u00f5es internacionais e o Embaixador do Reino Unido no Brasil, Peter Wilson.<\/p>\n<p>&nbsp;<\/p>\n<p>O Governo do Estado elaborou o relat\u00f3rio \u201cA\u00e7\u00f5es Priorit\u00e1rias da Trajet\u00f3ria de Descarboniza\u00e7\u00e3o de S\u00e3o Paulo\u201d, em parceria com a Coaliz\u00e3o Under 2, comunidade global de governos comprometidos com a\u00e7\u00f5es clim\u00e1ticas alinhadas ao Acordo de Paris. Em at\u00e9 12 meses o grupo dever\u00e1 publicar um documento chamado \u201cPlano de A\u00e7\u00e3o Clim\u00e1tica Net Zero 2050\u201d.<\/p>\n<p>&nbsp;<\/p>\n<p>\u201cA ades\u00e3o do Governo de S\u00e3o Paulo \u00e0 Campanha Race to Resilience firma o compromisso para elabora\u00e7\u00e3o da An\u00e1lise de Riscos e Vulnerabilidade Clim\u00e1tica, que ser\u00e1 detalhada no Plano de Adapta\u00e7\u00e3o Clim\u00e1tica, com previs\u00e3o de entrega em 18 meses\u201d, diz o comunicado. (Di\u00e1rio do Transporte\/Alexandre Pelegi)<\/p>\n","protected":false},"excerpt":{"rendered":"<p>Di\u00e1rio do Transporte &nbsp; O Governador Jo\u00e3o Doria participou nessa ter\u00e7a-feira, 20 de julho de 2021, da cerim\u00f4nia de ades\u00e3o do Estado de S\u00e3o Paulo \u00e0 campanha da ONU (Organiza\u00e7\u00e3o das Na\u00e7\u00f5es Unidas) destinada \u00e0 redu\u00e7\u00e3o de emiss\u00f5es de poluentes e \u00e0 resili\u00eancia clim\u00e1tica. &nbsp; O decreto governamental formalizando a participa\u00e7\u00e3o de S\u00e3o Paulo foi\u2026 <a class=\"readmore\" href=\"https:\/\/dana.com.br\/canaldana\/2021\/07\/22\/decreto-de-joao-doria-determina-adesao-de-sao-paulo-a-campanhas-da-onu-para-reducao-de-emissoes-de-poluentes-e-combate-a-efeitos-das-mudancas-climaticas\/\">Leia mais \u00bb<\/a><\/p>\n","protected":false},"author":3,"featured_media":0,"comment_status":"closed","ping_status":"closed","sticky":false,"template":"","format":"standard","meta":{"_acf_changed":false,"footnotes":""},"categories":[63],"tags":[],"class_list":["post-51717","post","type-post","status-publish","format-standard","hentry","category-meio-ambiente"],"acf":[],"yoast_head":"<!-- This site is optimized with the Yoast SEO plugin v27.3 - https:\/\/yoast.com\/product\/yoast-seo-wordpress\/ -->\n<title>Decreto de Jo\u00e3o Doria determina ades\u00e3o de S\u00e3o Paulo a campanhas da ONU para redu\u00e7\u00e3o de emiss\u00f5es de poluentes e combate a efeitos das mudan\u00e7as clim\u00e1ticas - Canal Dana<\/title>\n<meta name=\"robots\" content=\"index, follow, max-snippet:-1, max-image-preview:large, max-video-preview:-1\" \/>\n<link rel=\"canonical\" href=\"https:\/\/dana.com.br\/canaldana\/2021\/07\/22\/decreto-de-joao-doria-determina-adesao-de-sao-paulo-a-campanhas-da-onu-para-reducao-de-emissoes-de-poluentes-e-combate-a-efeitos-das-mudancas-climaticas\/\" \/>\n<meta property=\"og:locale\" content=\"pt_BR\" \/>\n<meta property=\"og:type\" content=\"article\" \/>\n<meta property=\"og:title\" content=\"Decreto de Jo\u00e3o Doria determina ades\u00e3o de S\u00e3o Paulo a campanhas da ONU para redu\u00e7\u00e3o de emiss\u00f5es de poluentes e combate a efeitos das mudan\u00e7as clim\u00e1ticas - Canal Dana\" \/>\n<meta property=\"og:description\" content=\"Di\u00e1rio do Transporte &nbsp; O Governador Jo\u00e3o Doria participou nessa ter\u00e7a-feira, 20 de julho de 2021, da cerim\u00f4nia de ades\u00e3o do Estado de S\u00e3o Paulo \u00e0 campanha da ONU (Organiza\u00e7\u00e3o das Na\u00e7\u00f5es Unidas) destinada \u00e0 redu\u00e7\u00e3o de emiss\u00f5es de poluentes e \u00e0 resili\u00eancia clim\u00e1tica. &nbsp; O decreto governamental formalizando a participa\u00e7\u00e3o de S\u00e3o Paulo foi\u2026 Leia mais \u00bb\" \/>\n<meta property=\"og:url\" content=\"https:\/\/dana.com.br\/canaldana\/2021\/07\/22\/decreto-de-joao-doria-determina-adesao-de-sao-paulo-a-campanhas-da-onu-para-reducao-de-emissoes-de-poluentes-e-combate-a-efeitos-das-mudancas-climaticas\/\" \/>\n<meta property=\"og:site_name\" content=\"Canal Dana\" \/>\n<meta property=\"article:published_time\" content=\"2021-07-22T11:09:25+00:00\" \/>\n<meta name=\"author\" content=\"Canal Dana\" \/>\n<meta name=\"twitter:card\" content=\"summary_large_image\" \/>\n<meta name=\"twitter:label1\" content=\"Escrito por\" \/>\n\t<meta name=\"twitter:data1\" content=\"Canal Dana\" \/>\n\t<meta name=\"twitter:label2\" content=\"Est. tempo de leitura\" \/>\n\t<meta name=\"twitter:data2\" content=\"3 minutos\" \/>\n<script type=\"application\/ld+json\" class=\"yoast-schema-graph\">{\"@context\":\"https:\\\/\\\/schema.org\",\"@graph\":[{\"@type\":\"Article\",\"@id\":\"https:\\\/\\\/dana.com.br\\\/canaldana\\\/2021\\\/07\\\/22\\\/decreto-de-joao-doria-determina-adesao-de-sao-paulo-a-campanhas-da-onu-para-reducao-de-emissoes-de-poluentes-e-combate-a-efeitos-das-mudancas-climaticas\\\/#article\",\"isPartOf\":{\"@id\":\"https:\\\/\\\/dana.com.br\\\/canaldana\\\/2021\\\/07\\\/22\\\/decreto-de-joao-doria-determina-adesao-de-sao-paulo-a-campanhas-da-onu-para-reducao-de-emissoes-de-poluentes-e-combate-a-efeitos-das-mudancas-climaticas\\\/\"},\"author\":{\"name\":\"Canal Dana\",\"@id\":\"https:\\\/\\\/dana.com.br\\\/canaldana\\\/#\\\/schema\\\/person\\\/3c21f22f56fcf3bc46b94bc60ea4fef6\"},\"headline\":\"Decreto de Jo\u00e3o Doria determina ades\u00e3o de S\u00e3o Paulo a campanhas da ONU para redu\u00e7\u00e3o de emiss\u00f5es de poluentes e combate a efeitos das mudan\u00e7as clim\u00e1ticas\",\"datePublished\":\"2021-07-22T11:09:25+00:00\",\"mainEntityOfPage\":{\"@id\":\"https:\\\/\\\/dana.com.br\\\/canaldana\\\/2021\\\/07\\\/22\\\/decreto-de-joao-doria-determina-adesao-de-sao-paulo-a-campanhas-da-onu-para-reducao-de-emissoes-de-poluentes-e-combate-a-efeitos-das-mudancas-climaticas\\\/\"},\"wordCount\":540,\"articleSection\":[\"Meio Ambiente\"],\"inLanguage\":\"pt-BR\"},{\"@type\":\"WebPage\",\"@id\":\"https:\\\/\\\/dana.com.br\\\/canaldana\\\/2021\\\/07\\\/22\\\/decreto-de-joao-doria-determina-adesao-de-sao-paulo-a-campanhas-da-onu-para-reducao-de-emissoes-de-poluentes-e-combate-a-efeitos-das-mudancas-climaticas\\\/\",\"url\":\"https:\\\/\\\/dana.com.br\\\/canaldana\\\/2021\\\/07\\\/22\\\/decreto-de-joao-doria-determina-adesao-de-sao-paulo-a-campanhas-da-onu-para-reducao-de-emissoes-de-poluentes-e-combate-a-efeitos-das-mudancas-climaticas\\\/\",\"name\":\"Decreto de Jo\u00e3o Doria determina ades\u00e3o de S\u00e3o Paulo a campanhas da ONU para redu\u00e7\u00e3o de emiss\u00f5es de poluentes e combate a efeitos das mudan\u00e7as clim\u00e1ticas - Canal Dana\",\"isPartOf\":{\"@id\":\"https:\\\/\\\/dana.com.br\\\/canaldana\\\/#website\"},\"datePublished\":\"2021-07-22T11:09:25+00:00\",\"author\":{\"@id\":\"https:\\\/\\\/dana.com.br\\\/canaldana\\\/#\\\/schema\\\/person\\\/3c21f22f56fcf3bc46b94bc60ea4fef6\"},\"breadcrumb\":{\"@id\":\"https:\\\/\\\/dana.com.br\\\/canaldana\\\/2021\\\/07\\\/22\\\/decreto-de-joao-doria-determina-adesao-de-sao-paulo-a-campanhas-da-onu-para-reducao-de-emissoes-de-poluentes-e-combate-a-efeitos-das-mudancas-climaticas\\\/#breadcrumb\"},\"inLanguage\":\"pt-BR\",\"potentialAction\":[{\"@type\":\"ReadAction\",\"target\":[\"https:\\\/\\\/dana.com.br\\\/canaldana\\\/2021\\\/07\\\/22\\\/decreto-de-joao-doria-determina-adesao-de-sao-paulo-a-campanhas-da-onu-para-reducao-de-emissoes-de-poluentes-e-combate-a-efeitos-das-mudancas-climaticas\\\/\"]}]},{\"@type\":\"BreadcrumbList\",\"@id\":\"https:\\\/\\\/dana.com.br\\\/canaldana\\\/2021\\\/07\\\/22\\\/decreto-de-joao-doria-determina-adesao-de-sao-paulo-a-campanhas-da-onu-para-reducao-de-emissoes-de-poluentes-e-combate-a-efeitos-das-mudancas-climaticas\\\/#breadcrumb\",\"itemListElement\":[{\"@type\":\"ListItem\",\"position\":1,\"name\":\"Home\",\"item\":\"https:\\\/\\\/dana.com.br\\\/canaldana\\\/\"},{\"@type\":\"ListItem\",\"position\":2,\"name\":\"Meio Ambiente\",\"item\":\"https:\\\/\\\/dana.com.br\\\/canaldana\\\/meio-ambiente\\\/\"},{\"@type\":\"ListItem\",\"position\":3,\"name\":\"Decreto de Jo\u00e3o Doria determina ades\u00e3o de S\u00e3o Paulo a campanhas da ONU para redu\u00e7\u00e3o de emiss\u00f5es de poluentes e combate a efeitos das mudan\u00e7as clim\u00e1ticas\"}]},{\"@type\":\"WebSite\",\"@id\":\"https:\\\/\\\/dana.com.br\\\/canaldana\\\/#website\",\"url\":\"https:\\\/\\\/dana.com.br\\\/canaldana\\\/\",\"name\":\"Canal Dana\",\"description\":\"Informativo com as principais not\u00edcias da ind\u00fastria automotiva\",\"potentialAction\":[{\"@type\":\"SearchAction\",\"target\":{\"@type\":\"EntryPoint\",\"urlTemplate\":\"https:\\\/\\\/dana.com.br\\\/canaldana\\\/?s={search_term_string}\"},\"query-input\":{\"@type\":\"PropertyValueSpecification\",\"valueRequired\":true,\"valueName\":\"search_term_string\"}}],\"inLanguage\":\"pt-BR\"},{\"@type\":\"Person\",\"@id\":\"https:\\\/\\\/dana.com.br\\\/canaldana\\\/#\\\/schema\\\/person\\\/3c21f22f56fcf3bc46b94bc60ea4fef6\",\"name\":\"Canal Dana\",\"image\":{\"@type\":\"ImageObject\",\"inLanguage\":\"pt-BR\",\"@id\":\"https:\\\/\\\/secure.gravatar.com\\\/avatar\\\/420aaf9278582877d9018637c6817617705899d2858d7572ef0fe59a6b6454b4?s=96&d=mm&r=g\",\"url\":\"https:\\\/\\\/secure.gravatar.com\\\/avatar\\\/420aaf9278582877d9018637c6817617705899d2858d7572ef0fe59a6b6454b4?s=96&d=mm&r=g\",\"contentUrl\":\"https:\\\/\\\/secure.gravatar.com\\\/avatar\\\/420aaf9278582877d9018637c6817617705899d2858d7572ef0fe59a6b6454b4?s=96&d=mm&r=g\",\"caption\":\"Canal Dana\"},\"url\":\"https:\\\/\\\/dana.com.br\\\/canaldana\\\/author\\\/cdeditor\\\/\"}]}<\/script>\n<!-- \/ Yoast SEO plugin. -->","yoast_head_json":{"title":"Decreto de Jo\u00e3o Doria determina ades\u00e3o de S\u00e3o Paulo a campanhas da ONU para redu\u00e7\u00e3o de emiss\u00f5es de poluentes e combate a efeitos das mudan\u00e7as clim\u00e1ticas - Canal Dana","robots":{"index":"index","follow":"follow","max-snippet":"max-snippet:-1","max-image-preview":"max-image-preview:large","max-video-preview":"max-video-preview:-1"},"canonical":"https:\/\/dana.com.br\/canaldana\/2021\/07\/22\/decreto-de-joao-doria-determina-adesao-de-sao-paulo-a-campanhas-da-onu-para-reducao-de-emissoes-de-poluentes-e-combate-a-efeitos-das-mudancas-climaticas\/","og_locale":"pt_BR","og_type":"article","og_title":"Decreto de Jo\u00e3o Doria determina ades\u00e3o de S\u00e3o Paulo a campanhas da ONU para redu\u00e7\u00e3o de emiss\u00f5es de poluentes e combate a efeitos das mudan\u00e7as clim\u00e1ticas - Canal Dana","og_description":"Di\u00e1rio do Transporte &nbsp; O Governador Jo\u00e3o Doria participou nessa ter\u00e7a-feira, 20 de julho de 2021, da cerim\u00f4nia de ades\u00e3o do Estado de S\u00e3o Paulo \u00e0 campanha da ONU (Organiza\u00e7\u00e3o das Na\u00e7\u00f5es Unidas) destinada \u00e0 redu\u00e7\u00e3o de emiss\u00f5es de poluentes e \u00e0 resili\u00eancia clim\u00e1tica. &nbsp; O decreto governamental formalizando a participa\u00e7\u00e3o de S\u00e3o Paulo foi\u2026 Leia mais \u00bb","og_url":"https:\/\/dana.com.br\/canaldana\/2021\/07\/22\/decreto-de-joao-doria-determina-adesao-de-sao-paulo-a-campanhas-da-onu-para-reducao-de-emissoes-de-poluentes-e-combate-a-efeitos-das-mudancas-climaticas\/","og_site_name":"Canal Dana","article_published_time":"2021-07-22T11:09:25+00:00","author":"Canal Dana","twitter_card":"summary_large_image","twitter_misc":{"Escrito por":"Canal Dana","Est. tempo de leitura":"3 minutos"},"schema":{"@context":"https:\/\/schema.org","@graph":[{"@type":"Article","@id":"https:\/\/dana.com.br\/canaldana\/2021\/07\/22\/decreto-de-joao-doria-determina-adesao-de-sao-paulo-a-campanhas-da-onu-para-reducao-de-emissoes-de-poluentes-e-combate-a-efeitos-das-mudancas-climaticas\/#article","isPartOf":{"@id":"https:\/\/dana.com.br\/canaldana\/2021\/07\/22\/decreto-de-joao-doria-determina-adesao-de-sao-paulo-a-campanhas-da-onu-para-reducao-de-emissoes-de-poluentes-e-combate-a-efeitos-das-mudancas-climaticas\/"},"author":{"name":"Canal Dana","@id":"https:\/\/dana.com.br\/canaldana\/#\/schema\/person\/3c21f22f56fcf3bc46b94bc60ea4fef6"},"headline":"Decreto de Jo\u00e3o Doria determina ades\u00e3o de S\u00e3o Paulo a campanhas da ONU para redu\u00e7\u00e3o de emiss\u00f5es de poluentes e combate a efeitos das mudan\u00e7as clim\u00e1ticas","datePublished":"2021-07-22T11:09:25+00:00","mainEntityOfPage":{"@id":"https:\/\/dana.com.br\/canaldana\/2021\/07\/22\/decreto-de-joao-doria-determina-adesao-de-sao-paulo-a-campanhas-da-onu-para-reducao-de-emissoes-de-poluentes-e-combate-a-efeitos-das-mudancas-climaticas\/"},"wordCount":540,"articleSection":["Meio Ambiente"],"inLanguage":"pt-BR"},{"@type":"WebPage","@id":"https:\/\/dana.com.br\/canaldana\/2021\/07\/22\/decreto-de-joao-doria-determina-adesao-de-sao-paulo-a-campanhas-da-onu-para-reducao-de-emissoes-de-poluentes-e-combate-a-efeitos-das-mudancas-climaticas\/","url":"https:\/\/dana.com.br\/canaldana\/2021\/07\/22\/decreto-de-joao-doria-determina-adesao-de-sao-paulo-a-campanhas-da-onu-para-reducao-de-emissoes-de-poluentes-e-combate-a-efeitos-das-mudancas-climaticas\/","name":"Decreto de Jo\u00e3o Doria determina ades\u00e3o de S\u00e3o Paulo a campanhas da ONU para redu\u00e7\u00e3o de emiss\u00f5es de poluentes e combate a efeitos das mudan\u00e7as clim\u00e1ticas - Canal Dana","isPartOf":{"@id":"https:\/\/dana.com.br\/canaldana\/#website"},"datePublished":"2021-07-22T11:09:25+00:00","author":{"@id":"https:\/\/dana.com.br\/canaldana\/#\/schema\/person\/3c21f22f56fcf3bc46b94bc60ea4fef6"},"breadcrumb":{"@id":"https:\/\/dana.com.br\/canaldana\/2021\/07\/22\/decreto-de-joao-doria-determina-adesao-de-sao-paulo-a-campanhas-da-onu-para-reducao-de-emissoes-de-poluentes-e-combate-a-efeitos-das-mudancas-climaticas\/#breadcrumb"},"inLanguage":"pt-BR","potentialAction":[{"@type":"ReadAction","target":["https:\/\/dana.com.br\/canaldana\/2021\/07\/22\/decreto-de-joao-doria-determina-adesao-de-sao-paulo-a-campanhas-da-onu-para-reducao-de-emissoes-de-poluentes-e-combate-a-efeitos-das-mudancas-climaticas\/"]}]},{"@type":"BreadcrumbList","@id":"https:\/\/dana.com.br\/canaldana\/2021\/07\/22\/decreto-de-joao-doria-determina-adesao-de-sao-paulo-a-campanhas-da-onu-para-reducao-de-emissoes-de-poluentes-e-combate-a-efeitos-das-mudancas-climaticas\/#breadcrumb","itemListElement":[{"@type":"ListItem","position":1,"name":"Home","item":"https:\/\/dana.com.br\/canaldana\/"},{"@type":"ListItem","position":2,"name":"Meio Ambiente","item":"https:\/\/dana.com.br\/canaldana\/meio-ambiente\/"},{"@type":"ListItem","position":3,"name":"Decreto de Jo\u00e3o Doria determina ades\u00e3o de S\u00e3o Paulo a campanhas da ONU para redu\u00e7\u00e3o de emiss\u00f5es de poluentes e combate a efeitos das mudan\u00e7as clim\u00e1ticas"}]},{"@type":"WebSite","@id":"https:\/\/dana.com.br\/canaldana\/#website","url":"https:\/\/dana.com.br\/canaldana\/","name":"Canal Dana","description":"Informativo com as principais not\u00edcias da ind\u00fastria automotiva","potentialAction":[{"@type":"SearchAction","target":{"@type":"EntryPoint","urlTemplate":"https:\/\/dana.com.br\/canaldana\/?s={search_term_string}"},"query-input":{"@type":"PropertyValueSpecification","valueRequired":true,"valueName":"search_term_string"}}],"inLanguage":"pt-BR"},{"@type":"Person","@id":"https:\/\/dana.com.br\/canaldana\/#\/schema\/person\/3c21f22f56fcf3bc46b94bc60ea4fef6","name":"Canal Dana","image":{"@type":"ImageObject","inLanguage":"pt-BR","@id":"https:\/\/secure.gravatar.com\/avatar\/420aaf9278582877d9018637c6817617705899d2858d7572ef0fe59a6b6454b4?s=96&d=mm&r=g","url":"https:\/\/secure.gravatar.com\/avatar\/420aaf9278582877d9018637c6817617705899d2858d7572ef0fe59a6b6454b4?s=96&d=mm&r=g","contentUrl":"https:\/\/secure.gravatar.com\/avatar\/420aaf9278582877d9018637c6817617705899d2858d7572ef0fe59a6b6454b4?s=96&d=mm&r=g","caption":"Canal Dana"},"url":"https:\/\/dana.com.br\/canaldana\/author\/cdeditor\/"}]}},"_links":{"self":[{"href":"https:\/\/dana.com.br\/canaldana\/wp-json\/wp\/v2\/posts\/51717","targetHints":{"allow":["GET"]}}],"collection":[{"href":"https:\/\/dana.com.br\/canaldana\/wp-json\/wp\/v2\/posts"}],"about":[{"href":"https:\/\/dana.com.br\/canaldana\/wp-json\/wp\/v2\/types\/post"}],"author":[{"embeddable":true,"href":"https:\/\/dana.com.br\/canaldana\/wp-json\/wp\/v2\/users\/3"}],"replies":[{"embeddable":true,"href":"https:\/\/dana.com.br\/canaldana\/wp-json\/wp\/v2\/comments?post=51717"}],"version-history":[{"count":0,"href":"https:\/\/dana.com.br\/canaldana\/wp-json\/wp\/v2\/posts\/51717\/revisions"}],"wp:attachment":[{"href":"https:\/\/dana.com.br\/canaldana\/wp-json\/wp\/v2\/media?parent=51717"}],"wp:term":[{"taxonomy":"category","embeddable":true,"href":"https:\/\/dana.com.br\/canaldana\/wp-json\/wp\/v2\/categories?post=51717"},{"taxonomy":"post_tag","embeddable":true,"href":"https:\/\/dana.com.br\/canaldana\/wp-json\/wp\/v2\/tags?post=51717"}],"curies":[{"name":"wp","href":"https:\/\/api.w.org\/{rel}","templated":true}]}}