{"id":51715,"date":"2021-07-22T08:08:53","date_gmt":"2021-07-22T11:08:53","guid":{"rendered":"https:\/\/dana.com.br\/canaldana\/?p=51715"},"modified":"2021-07-22T08:08:53","modified_gmt":"2021-07-22T11:08:53","slug":"despoluir-mostra-sua-importancia","status":"publish","type":"post","link":"https:\/\/dana.com.br\/canaldana\/2021\/07\/22\/despoluir-mostra-sua-importancia\/","title":{"rendered":"Despoluir mostra sua import\u00e2ncia"},"content":{"rendered":"<p><em>Rede do Transporte\/Ag\u00eancia CNT<\/em><\/p>\n<p>&nbsp;<\/p>\n<p>H\u00e1 14 anos empresas transportadoras e caminhoneiros aut\u00f4nomos contam com o maior programa ambiental da iniciativa privada do Brasil, o Despoluir. Essa \u00e9 uma realiza\u00e7\u00e3o da CNT e do SEST SENAT que, entre outras a\u00e7\u00f5es, vai at\u00e9 as empresas de caminh\u00f5es e \u00f4nibus para fazer avalia\u00e7\u00e3o veicular gratuita. O Despoluir ganhou notoriedade internacional h\u00e1 dois anos, quando foi reconhecido pelas Na\u00e7\u00f5es Unidas por promover a redu\u00e7\u00e3o de poluentes e favorecer a qualidade de vida dos trabalhadores do transporte e de toda a sociedade.<\/p>\n<p>&nbsp;<\/p>\n<p>Desde 2007, o Despoluir desenvolve atividades pr\u00e1ticas que buscam evitar os impactos na natureza advindos do setor. Ao longo da sua trajet\u00f3ria, foram mais de 3,3 milh\u00f5es de avalia\u00e7\u00f5es veiculares, atendendo mais de 55 mil transportadores, engajando-os em a\u00e7\u00f5es de cuidado com o meio ambiente e contribuindo para a melhoria da qualidade de vida e do ar, especialmente nos grandes centros urbanos. Desta forma, o Programa atinge seu prop\u00f3sito de contribuir para o desenvolvimento sustent\u00e1vel no Brasil, gerando benef\u00edcios para todos.<\/p>\n<p>&nbsp;<\/p>\n<p>O Despoluir tem capilaridade nacional e conta com uma equipe de t\u00e9cnicos com conhecimento amplo e capacidade de orientar as empresas para uma correta gest\u00e3o ambiental. Al\u00e9m disso, produz materiais diversos, como manuais, cartilhas e an\u00e1lises constru\u00eddas especialmente para os transportadores. Os ganhos s\u00e3o percebidos desde o aumento da efici\u00eancia energ\u00e9tica dos ve\u00edculos \u2013 implicando na redu\u00e7\u00e3o de custos \u2013 at\u00e9 a melhoria das condi\u00e7\u00f5es de sa\u00fade dos profissionais do setor. Soma-se aos resultados a promo\u00e7\u00e3o da educa\u00e7\u00e3o para o meio ambiente e a diminui\u00e7\u00e3o da emiss\u00e3o de poluentes, sem contar com o compromisso com pr\u00e1ticas sustent\u00e1veis, um diferencial competitivo.<\/p>\n<p>&nbsp;<\/p>\n<p>Ao longo da \u00faltima d\u00e9cada, o Despoluir criou a\u00e7\u00f5es que se baseiam em energia limpa e buscam reduzir o consumo de combust\u00edvel f\u00f3ssil, tornando eficientes os ve\u00edculos pesados ou incentivando o uso de tecnologias menos poluentes. Em 2016 deu-se in\u00edcio \u00e0 \u201cAvalia\u00e7\u00e3o da Qualidade do Diesel\u201d (AQD). A a\u00e7\u00e3o aborda, de maneira ampla, uma an\u00e1lise do combust\u00edvel contido no tanque de armazenamento das garagens de \u00f4nibus e caminh\u00f5es. Assim, \u00e9 poss\u00edvel, por meio de testes sucintos e r\u00e1pidos, identificar a presen\u00e7a de impurezas e se as especifica\u00e7\u00f5es est\u00e3o de acordo com as definidas pela Ag\u00eancia Nacional do Petr\u00f3leo, Biocombust\u00edveis e G\u00e1s Natural (ANP).<\/p>\n<p>&nbsp;<\/p>\n<p>H\u00e1 pouco mais de um m\u00eas foi dado in\u00edcio ao projeto-piloto Servi\u00e7o de Orienta\u00e7\u00e3o Ambiental ao Transportador (SOAT), a\u00e7\u00e3o que vai acompanhar as medidas adotadas pelas empresas do setor para refor\u00e7ar o desenvolvimento de boas pr\u00e1ticas de sustentabilidade. (Rede do Transporte\/Ag\u00eancia CNT)<\/p>\n","protected":false},"excerpt":{"rendered":"<p>Rede do Transporte\/Ag\u00eancia CNT &nbsp; H\u00e1 14 anos empresas transportadoras e caminhoneiros aut\u00f4nomos contam com o maior programa ambiental da iniciativa privada do Brasil, o Despoluir. Essa \u00e9 uma realiza\u00e7\u00e3o da CNT e do SEST SENAT que, entre outras a\u00e7\u00f5es, vai at\u00e9 as empresas de caminh\u00f5es e \u00f4nibus para fazer avalia\u00e7\u00e3o veicular gratuita. O Despoluir\u2026 <a class=\"readmore\" href=\"https:\/\/dana.com.br\/canaldana\/2021\/07\/22\/despoluir-mostra-sua-importancia\/\">Leia mais \u00bb<\/a><\/p>\n","protected":false},"author":3,"featured_media":0,"comment_status":"closed","ping_status":"closed","sticky":false,"template":"","format":"standard","meta":{"_acf_changed":false,"footnotes":""},"categories":[63],"tags":[],"class_list":["post-51715","post","type-post","status-publish","format-standard","hentry","category-meio-ambiente"],"acf":[],"yoast_head":"<!-- This site is optimized with the Yoast SEO plugin v27.3 - https:\/\/yoast.com\/product\/yoast-seo-wordpress\/ -->\n<title>Despoluir mostra sua import\u00e2ncia - Canal Dana<\/title>\n<meta name=\"robots\" content=\"index, follow, max-snippet:-1, max-image-preview:large, max-video-preview:-1\" \/>\n<link rel=\"canonical\" href=\"https:\/\/dana.com.br\/canaldana\/2021\/07\/22\/despoluir-mostra-sua-importancia\/\" \/>\n<meta property=\"og:locale\" content=\"pt_BR\" \/>\n<meta property=\"og:type\" content=\"article\" \/>\n<meta property=\"og:title\" content=\"Despoluir mostra sua import\u00e2ncia - Canal Dana\" \/>\n<meta property=\"og:description\" content=\"Rede do Transporte\/Ag\u00eancia CNT &nbsp; H\u00e1 14 anos empresas transportadoras e caminhoneiros aut\u00f4nomos contam com o maior programa ambiental da iniciativa privada do Brasil, o Despoluir. Essa \u00e9 uma realiza\u00e7\u00e3o da CNT e do SEST SENAT que, entre outras a\u00e7\u00f5es, vai at\u00e9 as empresas de caminh\u00f5es e \u00f4nibus para fazer avalia\u00e7\u00e3o veicular gratuita. O Despoluir\u2026 Leia mais \u00bb\" \/>\n<meta property=\"og:url\" content=\"https:\/\/dana.com.br\/canaldana\/2021\/07\/22\/despoluir-mostra-sua-importancia\/\" \/>\n<meta property=\"og:site_name\" content=\"Canal Dana\" \/>\n<meta property=\"article:published_time\" content=\"2021-07-22T11:08:53+00:00\" \/>\n<meta name=\"author\" content=\"Canal Dana\" \/>\n<meta name=\"twitter:card\" content=\"summary_large_image\" \/>\n<meta name=\"twitter:label1\" content=\"Escrito por\" \/>\n\t<meta name=\"twitter:data1\" content=\"Canal Dana\" \/>\n\t<meta name=\"twitter:label2\" content=\"Est. tempo de leitura\" \/>\n\t<meta name=\"twitter:data2\" content=\"2 minutos\" \/>\n<script type=\"application\/ld+json\" class=\"yoast-schema-graph\">{\"@context\":\"https:\\\/\\\/schema.org\",\"@graph\":[{\"@type\":\"Article\",\"@id\":\"https:\\\/\\\/dana.com.br\\\/canaldana\\\/2021\\\/07\\\/22\\\/despoluir-mostra-sua-importancia\\\/#article\",\"isPartOf\":{\"@id\":\"https:\\\/\\\/dana.com.br\\\/canaldana\\\/2021\\\/07\\\/22\\\/despoluir-mostra-sua-importancia\\\/\"},\"author\":{\"name\":\"Canal Dana\",\"@id\":\"https:\\\/\\\/dana.com.br\\\/canaldana\\\/#\\\/schema\\\/person\\\/3c21f22f56fcf3bc46b94bc60ea4fef6\"},\"headline\":\"Despoluir mostra sua import\u00e2ncia\",\"datePublished\":\"2021-07-22T11:08:53+00:00\",\"mainEntityOfPage\":{\"@id\":\"https:\\\/\\\/dana.com.br\\\/canaldana\\\/2021\\\/07\\\/22\\\/despoluir-mostra-sua-importancia\\\/\"},\"wordCount\":477,\"articleSection\":[\"Meio Ambiente\"],\"inLanguage\":\"pt-BR\"},{\"@type\":\"WebPage\",\"@id\":\"https:\\\/\\\/dana.com.br\\\/canaldana\\\/2021\\\/07\\\/22\\\/despoluir-mostra-sua-importancia\\\/\",\"url\":\"https:\\\/\\\/dana.com.br\\\/canaldana\\\/2021\\\/07\\\/22\\\/despoluir-mostra-sua-importancia\\\/\",\"name\":\"Despoluir mostra sua import\u00e2ncia - Canal Dana\",\"isPartOf\":{\"@id\":\"https:\\\/\\\/dana.com.br\\\/canaldana\\\/#website\"},\"datePublished\":\"2021-07-22T11:08:53+00:00\",\"author\":{\"@id\":\"https:\\\/\\\/dana.com.br\\\/canaldana\\\/#\\\/schema\\\/person\\\/3c21f22f56fcf3bc46b94bc60ea4fef6\"},\"breadcrumb\":{\"@id\":\"https:\\\/\\\/dana.com.br\\\/canaldana\\\/2021\\\/07\\\/22\\\/despoluir-mostra-sua-importancia\\\/#breadcrumb\"},\"inLanguage\":\"pt-BR\",\"potentialAction\":[{\"@type\":\"ReadAction\",\"target\":[\"https:\\\/\\\/dana.com.br\\\/canaldana\\\/2021\\\/07\\\/22\\\/despoluir-mostra-sua-importancia\\\/\"]}]},{\"@type\":\"BreadcrumbList\",\"@id\":\"https:\\\/\\\/dana.com.br\\\/canaldana\\\/2021\\\/07\\\/22\\\/despoluir-mostra-sua-importancia\\\/#breadcrumb\",\"itemListElement\":[{\"@type\":\"ListItem\",\"position\":1,\"name\":\"Home\",\"item\":\"https:\\\/\\\/dana.com.br\\\/canaldana\\\/\"},{\"@type\":\"ListItem\",\"position\":2,\"name\":\"Meio Ambiente\",\"item\":\"https:\\\/\\\/dana.com.br\\\/canaldana\\\/meio-ambiente\\\/\"},{\"@type\":\"ListItem\",\"position\":3,\"name\":\"Despoluir mostra sua import\u00e2ncia\"}]},{\"@type\":\"WebSite\",\"@id\":\"https:\\\/\\\/dana.com.br\\\/canaldana\\\/#website\",\"url\":\"https:\\\/\\\/dana.com.br\\\/canaldana\\\/\",\"name\":\"Canal Dana\",\"description\":\"Informativo com as principais not\u00edcias da ind\u00fastria automotiva\",\"potentialAction\":[{\"@type\":\"SearchAction\",\"target\":{\"@type\":\"EntryPoint\",\"urlTemplate\":\"https:\\\/\\\/dana.com.br\\\/canaldana\\\/?s={search_term_string}\"},\"query-input\":{\"@type\":\"PropertyValueSpecification\",\"valueRequired\":true,\"valueName\":\"search_term_string\"}}],\"inLanguage\":\"pt-BR\"},{\"@type\":\"Person\",\"@id\":\"https:\\\/\\\/dana.com.br\\\/canaldana\\\/#\\\/schema\\\/person\\\/3c21f22f56fcf3bc46b94bc60ea4fef6\",\"name\":\"Canal Dana\",\"image\":{\"@type\":\"ImageObject\",\"inLanguage\":\"pt-BR\",\"@id\":\"https:\\\/\\\/secure.gravatar.com\\\/avatar\\\/420aaf9278582877d9018637c6817617705899d2858d7572ef0fe59a6b6454b4?s=96&d=mm&r=g\",\"url\":\"https:\\\/\\\/secure.gravatar.com\\\/avatar\\\/420aaf9278582877d9018637c6817617705899d2858d7572ef0fe59a6b6454b4?s=96&d=mm&r=g\",\"contentUrl\":\"https:\\\/\\\/secure.gravatar.com\\\/avatar\\\/420aaf9278582877d9018637c6817617705899d2858d7572ef0fe59a6b6454b4?s=96&d=mm&r=g\",\"caption\":\"Canal Dana\"},\"url\":\"https:\\\/\\\/dana.com.br\\\/canaldana\\\/author\\\/cdeditor\\\/\"}]}<\/script>\n<!-- \/ Yoast SEO plugin. -->","yoast_head_json":{"title":"Despoluir mostra sua import\u00e2ncia - Canal Dana","robots":{"index":"index","follow":"follow","max-snippet":"max-snippet:-1","max-image-preview":"max-image-preview:large","max-video-preview":"max-video-preview:-1"},"canonical":"https:\/\/dana.com.br\/canaldana\/2021\/07\/22\/despoluir-mostra-sua-importancia\/","og_locale":"pt_BR","og_type":"article","og_title":"Despoluir mostra sua import\u00e2ncia - Canal Dana","og_description":"Rede do Transporte\/Ag\u00eancia CNT &nbsp; H\u00e1 14 anos empresas transportadoras e caminhoneiros aut\u00f4nomos contam com o maior programa ambiental da iniciativa privada do Brasil, o Despoluir. Essa \u00e9 uma realiza\u00e7\u00e3o da CNT e do SEST SENAT que, entre outras a\u00e7\u00f5es, vai at\u00e9 as empresas de caminh\u00f5es e \u00f4nibus para fazer avalia\u00e7\u00e3o veicular gratuita. O Despoluir\u2026 Leia mais \u00bb","og_url":"https:\/\/dana.com.br\/canaldana\/2021\/07\/22\/despoluir-mostra-sua-importancia\/","og_site_name":"Canal Dana","article_published_time":"2021-07-22T11:08:53+00:00","author":"Canal Dana","twitter_card":"summary_large_image","twitter_misc":{"Escrito por":"Canal Dana","Est. tempo de leitura":"2 minutos"},"schema":{"@context":"https:\/\/schema.org","@graph":[{"@type":"Article","@id":"https:\/\/dana.com.br\/canaldana\/2021\/07\/22\/despoluir-mostra-sua-importancia\/#article","isPartOf":{"@id":"https:\/\/dana.com.br\/canaldana\/2021\/07\/22\/despoluir-mostra-sua-importancia\/"},"author":{"name":"Canal Dana","@id":"https:\/\/dana.com.br\/canaldana\/#\/schema\/person\/3c21f22f56fcf3bc46b94bc60ea4fef6"},"headline":"Despoluir mostra sua import\u00e2ncia","datePublished":"2021-07-22T11:08:53+00:00","mainEntityOfPage":{"@id":"https:\/\/dana.com.br\/canaldana\/2021\/07\/22\/despoluir-mostra-sua-importancia\/"},"wordCount":477,"articleSection":["Meio Ambiente"],"inLanguage":"pt-BR"},{"@type":"WebPage","@id":"https:\/\/dana.com.br\/canaldana\/2021\/07\/22\/despoluir-mostra-sua-importancia\/","url":"https:\/\/dana.com.br\/canaldana\/2021\/07\/22\/despoluir-mostra-sua-importancia\/","name":"Despoluir mostra sua import\u00e2ncia - Canal Dana","isPartOf":{"@id":"https:\/\/dana.com.br\/canaldana\/#website"},"datePublished":"2021-07-22T11:08:53+00:00","author":{"@id":"https:\/\/dana.com.br\/canaldana\/#\/schema\/person\/3c21f22f56fcf3bc46b94bc60ea4fef6"},"breadcrumb":{"@id":"https:\/\/dana.com.br\/canaldana\/2021\/07\/22\/despoluir-mostra-sua-importancia\/#breadcrumb"},"inLanguage":"pt-BR","potentialAction":[{"@type":"ReadAction","target":["https:\/\/dana.com.br\/canaldana\/2021\/07\/22\/despoluir-mostra-sua-importancia\/"]}]},{"@type":"BreadcrumbList","@id":"https:\/\/dana.com.br\/canaldana\/2021\/07\/22\/despoluir-mostra-sua-importancia\/#breadcrumb","itemListElement":[{"@type":"ListItem","position":1,"name":"Home","item":"https:\/\/dana.com.br\/canaldana\/"},{"@type":"ListItem","position":2,"name":"Meio Ambiente","item":"https:\/\/dana.com.br\/canaldana\/meio-ambiente\/"},{"@type":"ListItem","position":3,"name":"Despoluir mostra sua import\u00e2ncia"}]},{"@type":"WebSite","@id":"https:\/\/dana.com.br\/canaldana\/#website","url":"https:\/\/dana.com.br\/canaldana\/","name":"Canal Dana","description":"Informativo com as principais not\u00edcias da ind\u00fastria automotiva","potentialAction":[{"@type":"SearchAction","target":{"@type":"EntryPoint","urlTemplate":"https:\/\/dana.com.br\/canaldana\/?s={search_term_string}"},"query-input":{"@type":"PropertyValueSpecification","valueRequired":true,"valueName":"search_term_string"}}],"inLanguage":"pt-BR"},{"@type":"Person","@id":"https:\/\/dana.com.br\/canaldana\/#\/schema\/person\/3c21f22f56fcf3bc46b94bc60ea4fef6","name":"Canal Dana","image":{"@type":"ImageObject","inLanguage":"pt-BR","@id":"https:\/\/secure.gravatar.com\/avatar\/420aaf9278582877d9018637c6817617705899d2858d7572ef0fe59a6b6454b4?s=96&d=mm&r=g","url":"https:\/\/secure.gravatar.com\/avatar\/420aaf9278582877d9018637c6817617705899d2858d7572ef0fe59a6b6454b4?s=96&d=mm&r=g","contentUrl":"https:\/\/secure.gravatar.com\/avatar\/420aaf9278582877d9018637c6817617705899d2858d7572ef0fe59a6b6454b4?s=96&d=mm&r=g","caption":"Canal Dana"},"url":"https:\/\/dana.com.br\/canaldana\/author\/cdeditor\/"}]}},"_links":{"self":[{"href":"https:\/\/dana.com.br\/canaldana\/wp-json\/wp\/v2\/posts\/51715","targetHints":{"allow":["GET"]}}],"collection":[{"href":"https:\/\/dana.com.br\/canaldana\/wp-json\/wp\/v2\/posts"}],"about":[{"href":"https:\/\/dana.com.br\/canaldana\/wp-json\/wp\/v2\/types\/post"}],"author":[{"embeddable":true,"href":"https:\/\/dana.com.br\/canaldana\/wp-json\/wp\/v2\/users\/3"}],"replies":[{"embeddable":true,"href":"https:\/\/dana.com.br\/canaldana\/wp-json\/wp\/v2\/comments?post=51715"}],"version-history":[{"count":0,"href":"https:\/\/dana.com.br\/canaldana\/wp-json\/wp\/v2\/posts\/51715\/revisions"}],"wp:attachment":[{"href":"https:\/\/dana.com.br\/canaldana\/wp-json\/wp\/v2\/media?parent=51715"}],"wp:term":[{"taxonomy":"category","embeddable":true,"href":"https:\/\/dana.com.br\/canaldana\/wp-json\/wp\/v2\/categories?post=51715"},{"taxonomy":"post_tag","embeddable":true,"href":"https:\/\/dana.com.br\/canaldana\/wp-json\/wp\/v2\/tags?post=51715"}],"curies":[{"name":"wp","href":"https:\/\/api.w.org\/{rel}","templated":true}]}}