{"id":51682,"date":"2021-07-21T08:39:44","date_gmt":"2021-07-21T11:39:44","guid":{"rendered":"https:\/\/dana.com.br\/canaldana\/?p=51682"},"modified":"2021-07-21T08:39:44","modified_gmt":"2021-07-21T11:39:44","slug":"falta-de-veiculos-novos-pode-comprometer-a-mobilidade","status":"publish","type":"post","link":"https:\/\/dana.com.br\/canaldana\/2021\/07\/21\/falta-de-veiculos-novos-pode-comprometer-a-mobilidade\/","title":{"rendered":"Falta de ve\u00edculos novos pode comprometer a mobilidade"},"content":{"rendered":"<p><em>O Estado de S. Paulo\/Mobilidade<\/em><\/p>\n<p>&nbsp;<\/p>\n<p>Muitos entraves consequentes da pandemia seguem afetando diversos setores da economia brasileira. No caso das locadoras, boa parte est\u00e1 recebendo somente agora ve\u00edculos encomendados no \u00faltimo trimestre de 2020 e continuam ocorrendo paralisa\u00e7\u00f5es de produ\u00e7\u00e3o em diferentes montadoras, principalmente pela falta dos semicondutores.<\/p>\n<p>&nbsp;<\/p>\n<p>Em recente balan\u00e7o da Anfavea, a associa\u00e7\u00e3o que re\u00fane a ind\u00fastria automotiva no Brasil, confirmou-se que as dificuldades ainda seguem, inclusive com a entidade baixando a estimativa de produ\u00e7\u00e3o anual de 2,52 milh\u00f5es de unidades para 2,40 milh\u00f5es. As montadoras no Pa\u00eds atingiram o chamado \u2018teto t\u00e9cnico\u2019, ou seja, elas n\u00e3o conseguem aumentar a produ\u00e7\u00e3o, mesmo com a alta na demanda.<\/p>\n<p>&nbsp;<\/p>\n<p>O maior motivo desse entrave passa pela crise global no fornecimento de semicondutores, problema que, infelizmente, deve se alongar, pelo menos, at\u00e9 o segundo semestre de 2022. A demanda aquecida, sem produ\u00e7\u00e3o equivalente, j\u00e1 est\u00e1 elevando os pre\u00e7os dos ve\u00edculos novos.<\/p>\n<p>&nbsp;<\/p>\n<p>A situa\u00e7\u00e3o preocupa as locadoras, que precisam renovar frotas para atender \u00e0 retomada dos segmentos de transporte por aplicativos, carros por assinatura e alugu\u00e9is de longo prazo a empresas p\u00fablicas e privadas.<\/p>\n<p>&nbsp;<\/p>\n<p>A atual escassez de ve\u00edculos novos no mercado \u00e9 um problema mundial. Nos Estados Unidos, por exemplo, isso ocorre em uma dimens\u00e3o jamais vista neste s\u00e9culo. A ind\u00fastria automotiva norte-americana n\u00e3o tem produzido o suficiente e, com isso, tem priorizado as vendas no varejo, em detrimento dos pedidos das locadoras.<\/p>\n<p>&nbsp;<\/p>\n<p><strong>Normaliza\u00e7\u00e3o vai demorar\u00a0 <\/strong><\/p>\n<p>&nbsp;<\/p>\n<p>O mesmo ocorre por aqui. Frente a esse cen\u00e1rio, para al\u00e9m do fato de algumas montadoras n\u00e3o estarem aceitando novos pedidos das locadoras, as empresas do nosso setor est\u00e3o tendo de se ajustar, administrando a frota da melhor maneira poss\u00edvel para atender n\u00e3o apenas pessoas em viagens de lazer ou de neg\u00f3cios, mas tamb\u00e9m para cumprir com as obriga\u00e7\u00f5es em licita\u00e7\u00f5es para aluguel de ve\u00edculos aos \u00f3rg\u00e3os p\u00fablicos.<\/p>\n<p>&nbsp;<\/p>\n<p>Se a expectativa inicial era uma normaliza\u00e7\u00e3o da rela\u00e7\u00e3o entre produ\u00e7\u00e3o, oferta e entrega de ve\u00edculos novos, ainda para este segundo semestre de 2021, agora, as perspectivas apontam que isso somente ocorrer\u00e1 no segundo semestre de 2022!<\/p>\n<p>&nbsp;<\/p>\n<p>Em fun\u00e7\u00e3o de tudo isso, n\u00f3s, da Abla, reduzimos a proje\u00e7\u00e3o de compras anuais de ve\u00edculos do setor de loca\u00e7\u00e3o, de 450 mil para at\u00e9 400 mil unidades. Na compara\u00e7\u00e3o com o per\u00edodo anterior \u00e0 pandemia, dentro da normalidade, o setor de loca\u00e7\u00e3o de ve\u00edculos estaria comprando entre 750 mil e 800 mil autom\u00f3veis e comerciais leves neste ano.<\/p>\n<p>&nbsp;<\/p>\n<p>Fica a expectativa de uma nova retomada do mercado, com o avan\u00e7o da vacina\u00e7\u00e3o. E, quando isso acontecer, talvez n\u00e3o tenhamos carros para alugar nos meses de f\u00e9rias e festejos de final de ano. Isso pode trazer preju\u00edzos ao turismo dom\u00e9stico, na medida em que boa parte dos interessados ter\u00e1 de entrar em filas de espera para conseguir seus ve\u00edculos.<\/p>\n<p>&nbsp;<\/p>\n<p>&#8220;Com o avan\u00e7o da vacina\u00e7\u00e3o, talvez n\u00e3o tenhamos carros para alugar nos meses de f\u00e9rias e festejos de final de ano&#8221;, Paulo Miguel Junior, presidente do Conselho Nacional da Associa\u00e7\u00e3o Brasileira das Locadoras de Autom\u00f3veis &#8211; Abla. (O Estado de S. Paulo\/Mobilidade)<\/p>\n","protected":false},"excerpt":{"rendered":"<p>O Estado de S. Paulo\/Mobilidade &nbsp; Muitos entraves consequentes da pandemia seguem afetando diversos setores da economia brasileira. No caso das locadoras, boa parte est\u00e1 recebendo somente agora ve\u00edculos encomendados no \u00faltimo trimestre de 2020 e continuam ocorrendo paralisa\u00e7\u00f5es de produ\u00e7\u00e3o em diferentes montadoras, principalmente pela falta dos semicondutores. &nbsp; Em recente balan\u00e7o da Anfavea,\u2026 <a class=\"readmore\" href=\"https:\/\/dana.com.br\/canaldana\/2021\/07\/21\/falta-de-veiculos-novos-pode-comprometer-a-mobilidade\/\">Leia mais \u00bb<\/a><\/p>\n","protected":false},"author":3,"featured_media":0,"comment_status":"closed","ping_status":"closed","sticky":false,"template":"","format":"standard","meta":{"_acf_changed":false,"footnotes":""},"categories":[102],"tags":[],"class_list":["post-51682","post","type-post","status-publish","format-standard","hentry","category-mobilidade"],"acf":[],"yoast_head":"<!-- This site is optimized with the Yoast SEO plugin v27.3 - https:\/\/yoast.com\/product\/yoast-seo-wordpress\/ -->\n<title>Falta de ve\u00edculos novos pode comprometer a mobilidade - Canal Dana<\/title>\n<meta name=\"robots\" content=\"index, follow, max-snippet:-1, max-image-preview:large, max-video-preview:-1\" \/>\n<link rel=\"canonical\" href=\"https:\/\/dana.com.br\/canaldana\/2021\/07\/21\/falta-de-veiculos-novos-pode-comprometer-a-mobilidade\/\" \/>\n<meta property=\"og:locale\" content=\"pt_BR\" \/>\n<meta property=\"og:type\" content=\"article\" \/>\n<meta property=\"og:title\" content=\"Falta de ve\u00edculos novos pode comprometer a mobilidade - Canal Dana\" \/>\n<meta property=\"og:description\" content=\"O Estado de S. Paulo\/Mobilidade &nbsp; Muitos entraves consequentes da pandemia seguem afetando diversos setores da economia brasileira. No caso das locadoras, boa parte est\u00e1 recebendo somente agora ve\u00edculos encomendados no \u00faltimo trimestre de 2020 e continuam ocorrendo paralisa\u00e7\u00f5es de produ\u00e7\u00e3o em diferentes montadoras, principalmente pela falta dos semicondutores. &nbsp; Em recente balan\u00e7o da Anfavea,\u2026 Leia mais \u00bb\" \/>\n<meta property=\"og:url\" content=\"https:\/\/dana.com.br\/canaldana\/2021\/07\/21\/falta-de-veiculos-novos-pode-comprometer-a-mobilidade\/\" \/>\n<meta property=\"og:site_name\" content=\"Canal Dana\" \/>\n<meta property=\"article:published_time\" content=\"2021-07-21T11:39:44+00:00\" \/>\n<meta name=\"author\" content=\"Canal Dana\" \/>\n<meta name=\"twitter:card\" content=\"summary_large_image\" \/>\n<meta name=\"twitter:label1\" content=\"Escrito por\" \/>\n\t<meta name=\"twitter:data1\" content=\"Canal Dana\" \/>\n\t<meta name=\"twitter:label2\" content=\"Est. tempo de leitura\" \/>\n\t<meta name=\"twitter:data2\" content=\"3 minutos\" \/>\n<script type=\"application\/ld+json\" class=\"yoast-schema-graph\">{\"@context\":\"https:\\\/\\\/schema.org\",\"@graph\":[{\"@type\":\"Article\",\"@id\":\"https:\\\/\\\/dana.com.br\\\/canaldana\\\/2021\\\/07\\\/21\\\/falta-de-veiculos-novos-pode-comprometer-a-mobilidade\\\/#article\",\"isPartOf\":{\"@id\":\"https:\\\/\\\/dana.com.br\\\/canaldana\\\/2021\\\/07\\\/21\\\/falta-de-veiculos-novos-pode-comprometer-a-mobilidade\\\/\"},\"author\":{\"name\":\"Canal Dana\",\"@id\":\"https:\\\/\\\/dana.com.br\\\/canaldana\\\/#\\\/schema\\\/person\\\/3c21f22f56fcf3bc46b94bc60ea4fef6\"},\"headline\":\"Falta de ve\u00edculos novos pode comprometer a mobilidade\",\"datePublished\":\"2021-07-21T11:39:44+00:00\",\"mainEntityOfPage\":{\"@id\":\"https:\\\/\\\/dana.com.br\\\/canaldana\\\/2021\\\/07\\\/21\\\/falta-de-veiculos-novos-pode-comprometer-a-mobilidade\\\/\"},\"wordCount\":576,\"articleSection\":[\"Mobilidade\"],\"inLanguage\":\"pt-BR\"},{\"@type\":\"WebPage\",\"@id\":\"https:\\\/\\\/dana.com.br\\\/canaldana\\\/2021\\\/07\\\/21\\\/falta-de-veiculos-novos-pode-comprometer-a-mobilidade\\\/\",\"url\":\"https:\\\/\\\/dana.com.br\\\/canaldana\\\/2021\\\/07\\\/21\\\/falta-de-veiculos-novos-pode-comprometer-a-mobilidade\\\/\",\"name\":\"Falta de ve\u00edculos novos pode comprometer a mobilidade - Canal Dana\",\"isPartOf\":{\"@id\":\"https:\\\/\\\/dana.com.br\\\/canaldana\\\/#website\"},\"datePublished\":\"2021-07-21T11:39:44+00:00\",\"author\":{\"@id\":\"https:\\\/\\\/dana.com.br\\\/canaldana\\\/#\\\/schema\\\/person\\\/3c21f22f56fcf3bc46b94bc60ea4fef6\"},\"breadcrumb\":{\"@id\":\"https:\\\/\\\/dana.com.br\\\/canaldana\\\/2021\\\/07\\\/21\\\/falta-de-veiculos-novos-pode-comprometer-a-mobilidade\\\/#breadcrumb\"},\"inLanguage\":\"pt-BR\",\"potentialAction\":[{\"@type\":\"ReadAction\",\"target\":[\"https:\\\/\\\/dana.com.br\\\/canaldana\\\/2021\\\/07\\\/21\\\/falta-de-veiculos-novos-pode-comprometer-a-mobilidade\\\/\"]}]},{\"@type\":\"BreadcrumbList\",\"@id\":\"https:\\\/\\\/dana.com.br\\\/canaldana\\\/2021\\\/07\\\/21\\\/falta-de-veiculos-novos-pode-comprometer-a-mobilidade\\\/#breadcrumb\",\"itemListElement\":[{\"@type\":\"ListItem\",\"position\":1,\"name\":\"Home\",\"item\":\"https:\\\/\\\/dana.com.br\\\/canaldana\\\/\"},{\"@type\":\"ListItem\",\"position\":2,\"name\":\"Mobilidade\",\"item\":\"https:\\\/\\\/dana.com.br\\\/canaldana\\\/mobilidade\\\/\"},{\"@type\":\"ListItem\",\"position\":3,\"name\":\"Falta de ve\u00edculos novos pode comprometer a mobilidade\"}]},{\"@type\":\"WebSite\",\"@id\":\"https:\\\/\\\/dana.com.br\\\/canaldana\\\/#website\",\"url\":\"https:\\\/\\\/dana.com.br\\\/canaldana\\\/\",\"name\":\"Canal Dana\",\"description\":\"Informativo com as principais not\u00edcias da ind\u00fastria automotiva\",\"potentialAction\":[{\"@type\":\"SearchAction\",\"target\":{\"@type\":\"EntryPoint\",\"urlTemplate\":\"https:\\\/\\\/dana.com.br\\\/canaldana\\\/?s={search_term_string}\"},\"query-input\":{\"@type\":\"PropertyValueSpecification\",\"valueRequired\":true,\"valueName\":\"search_term_string\"}}],\"inLanguage\":\"pt-BR\"},{\"@type\":\"Person\",\"@id\":\"https:\\\/\\\/dana.com.br\\\/canaldana\\\/#\\\/schema\\\/person\\\/3c21f22f56fcf3bc46b94bc60ea4fef6\",\"name\":\"Canal Dana\",\"image\":{\"@type\":\"ImageObject\",\"inLanguage\":\"pt-BR\",\"@id\":\"https:\\\/\\\/secure.gravatar.com\\\/avatar\\\/420aaf9278582877d9018637c6817617705899d2858d7572ef0fe59a6b6454b4?s=96&d=mm&r=g\",\"url\":\"https:\\\/\\\/secure.gravatar.com\\\/avatar\\\/420aaf9278582877d9018637c6817617705899d2858d7572ef0fe59a6b6454b4?s=96&d=mm&r=g\",\"contentUrl\":\"https:\\\/\\\/secure.gravatar.com\\\/avatar\\\/420aaf9278582877d9018637c6817617705899d2858d7572ef0fe59a6b6454b4?s=96&d=mm&r=g\",\"caption\":\"Canal Dana\"},\"url\":\"https:\\\/\\\/dana.com.br\\\/canaldana\\\/author\\\/cdeditor\\\/\"}]}<\/script>\n<!-- \/ Yoast SEO plugin. -->","yoast_head_json":{"title":"Falta de ve\u00edculos novos pode comprometer a mobilidade - Canal Dana","robots":{"index":"index","follow":"follow","max-snippet":"max-snippet:-1","max-image-preview":"max-image-preview:large","max-video-preview":"max-video-preview:-1"},"canonical":"https:\/\/dana.com.br\/canaldana\/2021\/07\/21\/falta-de-veiculos-novos-pode-comprometer-a-mobilidade\/","og_locale":"pt_BR","og_type":"article","og_title":"Falta de ve\u00edculos novos pode comprometer a mobilidade - Canal Dana","og_description":"O Estado de S. Paulo\/Mobilidade &nbsp; Muitos entraves consequentes da pandemia seguem afetando diversos setores da economia brasileira. No caso das locadoras, boa parte est\u00e1 recebendo somente agora ve\u00edculos encomendados no \u00faltimo trimestre de 2020 e continuam ocorrendo paralisa\u00e7\u00f5es de produ\u00e7\u00e3o em diferentes montadoras, principalmente pela falta dos semicondutores. &nbsp; Em recente balan\u00e7o da Anfavea,\u2026 Leia mais \u00bb","og_url":"https:\/\/dana.com.br\/canaldana\/2021\/07\/21\/falta-de-veiculos-novos-pode-comprometer-a-mobilidade\/","og_site_name":"Canal Dana","article_published_time":"2021-07-21T11:39:44+00:00","author":"Canal Dana","twitter_card":"summary_large_image","twitter_misc":{"Escrito por":"Canal Dana","Est. tempo de leitura":"3 minutos"},"schema":{"@context":"https:\/\/schema.org","@graph":[{"@type":"Article","@id":"https:\/\/dana.com.br\/canaldana\/2021\/07\/21\/falta-de-veiculos-novos-pode-comprometer-a-mobilidade\/#article","isPartOf":{"@id":"https:\/\/dana.com.br\/canaldana\/2021\/07\/21\/falta-de-veiculos-novos-pode-comprometer-a-mobilidade\/"},"author":{"name":"Canal Dana","@id":"https:\/\/dana.com.br\/canaldana\/#\/schema\/person\/3c21f22f56fcf3bc46b94bc60ea4fef6"},"headline":"Falta de ve\u00edculos novos pode comprometer a mobilidade","datePublished":"2021-07-21T11:39:44+00:00","mainEntityOfPage":{"@id":"https:\/\/dana.com.br\/canaldana\/2021\/07\/21\/falta-de-veiculos-novos-pode-comprometer-a-mobilidade\/"},"wordCount":576,"articleSection":["Mobilidade"],"inLanguage":"pt-BR"},{"@type":"WebPage","@id":"https:\/\/dana.com.br\/canaldana\/2021\/07\/21\/falta-de-veiculos-novos-pode-comprometer-a-mobilidade\/","url":"https:\/\/dana.com.br\/canaldana\/2021\/07\/21\/falta-de-veiculos-novos-pode-comprometer-a-mobilidade\/","name":"Falta de ve\u00edculos novos pode comprometer a mobilidade - Canal Dana","isPartOf":{"@id":"https:\/\/dana.com.br\/canaldana\/#website"},"datePublished":"2021-07-21T11:39:44+00:00","author":{"@id":"https:\/\/dana.com.br\/canaldana\/#\/schema\/person\/3c21f22f56fcf3bc46b94bc60ea4fef6"},"breadcrumb":{"@id":"https:\/\/dana.com.br\/canaldana\/2021\/07\/21\/falta-de-veiculos-novos-pode-comprometer-a-mobilidade\/#breadcrumb"},"inLanguage":"pt-BR","potentialAction":[{"@type":"ReadAction","target":["https:\/\/dana.com.br\/canaldana\/2021\/07\/21\/falta-de-veiculos-novos-pode-comprometer-a-mobilidade\/"]}]},{"@type":"BreadcrumbList","@id":"https:\/\/dana.com.br\/canaldana\/2021\/07\/21\/falta-de-veiculos-novos-pode-comprometer-a-mobilidade\/#breadcrumb","itemListElement":[{"@type":"ListItem","position":1,"name":"Home","item":"https:\/\/dana.com.br\/canaldana\/"},{"@type":"ListItem","position":2,"name":"Mobilidade","item":"https:\/\/dana.com.br\/canaldana\/mobilidade\/"},{"@type":"ListItem","position":3,"name":"Falta de ve\u00edculos novos pode comprometer a mobilidade"}]},{"@type":"WebSite","@id":"https:\/\/dana.com.br\/canaldana\/#website","url":"https:\/\/dana.com.br\/canaldana\/","name":"Canal Dana","description":"Informativo com as principais not\u00edcias da ind\u00fastria automotiva","potentialAction":[{"@type":"SearchAction","target":{"@type":"EntryPoint","urlTemplate":"https:\/\/dana.com.br\/canaldana\/?s={search_term_string}"},"query-input":{"@type":"PropertyValueSpecification","valueRequired":true,"valueName":"search_term_string"}}],"inLanguage":"pt-BR"},{"@type":"Person","@id":"https:\/\/dana.com.br\/canaldana\/#\/schema\/person\/3c21f22f56fcf3bc46b94bc60ea4fef6","name":"Canal Dana","image":{"@type":"ImageObject","inLanguage":"pt-BR","@id":"https:\/\/secure.gravatar.com\/avatar\/420aaf9278582877d9018637c6817617705899d2858d7572ef0fe59a6b6454b4?s=96&d=mm&r=g","url":"https:\/\/secure.gravatar.com\/avatar\/420aaf9278582877d9018637c6817617705899d2858d7572ef0fe59a6b6454b4?s=96&d=mm&r=g","contentUrl":"https:\/\/secure.gravatar.com\/avatar\/420aaf9278582877d9018637c6817617705899d2858d7572ef0fe59a6b6454b4?s=96&d=mm&r=g","caption":"Canal Dana"},"url":"https:\/\/dana.com.br\/canaldana\/author\/cdeditor\/"}]}},"_links":{"self":[{"href":"https:\/\/dana.com.br\/canaldana\/wp-json\/wp\/v2\/posts\/51682","targetHints":{"allow":["GET"]}}],"collection":[{"href":"https:\/\/dana.com.br\/canaldana\/wp-json\/wp\/v2\/posts"}],"about":[{"href":"https:\/\/dana.com.br\/canaldana\/wp-json\/wp\/v2\/types\/post"}],"author":[{"embeddable":true,"href":"https:\/\/dana.com.br\/canaldana\/wp-json\/wp\/v2\/users\/3"}],"replies":[{"embeddable":true,"href":"https:\/\/dana.com.br\/canaldana\/wp-json\/wp\/v2\/comments?post=51682"}],"version-history":[{"count":0,"href":"https:\/\/dana.com.br\/canaldana\/wp-json\/wp\/v2\/posts\/51682\/revisions"}],"wp:attachment":[{"href":"https:\/\/dana.com.br\/canaldana\/wp-json\/wp\/v2\/media?parent=51682"}],"wp:term":[{"taxonomy":"category","embeddable":true,"href":"https:\/\/dana.com.br\/canaldana\/wp-json\/wp\/v2\/categories?post=51682"},{"taxonomy":"post_tag","embeddable":true,"href":"https:\/\/dana.com.br\/canaldana\/wp-json\/wp\/v2\/tags?post=51682"}],"curies":[{"name":"wp","href":"https:\/\/api.w.org\/{rel}","templated":true}]}}