{"id":51680,"date":"2021-07-21T08:38:54","date_gmt":"2021-07-21T11:38:54","guid":{"rendered":"https:\/\/dana.com.br\/canaldana\/?p=51680"},"modified":"2021-07-21T08:38:54","modified_gmt":"2021-07-21T11:38:54","slug":"cadeg-inaugura-posto-de-recarga-para-veiculos-eletricos","status":"publish","type":"post","link":"https:\/\/dana.com.br\/canaldana\/2021\/07\/21\/cadeg-inaugura-posto-de-recarga-para-veiculos-eletricos\/","title":{"rendered":"Cadeg inaugura posto de recarga para ve\u00edculos el\u00e9tricos"},"content":{"rendered":"<p><em>Revista Torque<\/em><\/p>\n<p>&nbsp;<\/p>\n<p>Os carros el\u00e9tricos est\u00e3o cada vez mais populares no Brasil, que j\u00e1 conta com cerca de 50 mil unidades. Para os cariocas que adotaram esta forma menos poluentes de locomo\u00e7\u00e3o, uma novidade \u00e9 o novo eletroposto do Cadeg, o Mercado Municipal do Rio de Janeiro, em Benfica (Zona Norte do Rio).<\/p>\n<p>&nbsp;<\/p>\n<p>A iniciativa acontece dois anos ap\u00f3s o Cadeg colocar em circula\u00e7\u00e3o o primeiro caminh\u00e3o el\u00e9trico da cidade, respons\u00e1vel pela coleta e transporte dos res\u00edduos do mercado at\u00e9 a esta\u00e7\u00e3o da Comlurb no Caju, em um trajeto de 3 quil\u00f4metros. Neste per\u00edodo, o ve\u00edculo evitou a emiss\u00e3o de 336 toneladas de CO\u00b2 na atmosfera. Um similar a diesel iria emitir aproximadamente 14 toneladas de CO\u00b2 por m\u00eas.<\/p>\n<p>&nbsp;<\/p>\n<p>O eletroposto conta com dois conectores, um s\u00f3 para o caminh\u00e3o (de 380 volts), e outro para ve\u00edculos leves, de 220 volts, dispon\u00edvel para a popula\u00e7\u00e3o.\u00a0 O Rio concentra 9,31% do total de 500 eletropostos p\u00fablicos e semip\u00fablicos que existem no Brasil, segundo dados da ABVE (Associa\u00e7\u00e3o Brasileira de Ve\u00edculos El\u00e9tricos) em 2020. O n\u00famero n\u00e3o inclui pontos de recarga em condom\u00ednios residenciais e edif\u00edcios de acesso privado.<\/p>\n<p>&nbsp;<\/p>\n<p>A inaugura\u00e7\u00e3o \u00e9 mais uma a\u00e7\u00e3o na agenda de sustentabilidade do Cadeg, que, al\u00e9m do caminh\u00e3o, conta, ainda, com o maior telhado solar do estado, com mais de 5 mil placas fotovoltaicas.<\/p>\n<p>&nbsp;<\/p>\n<p>Segundo o diretor social do Cadeg, Andr\u00e9 Lobo, a ado\u00e7\u00e3o de energias renov\u00e1veis, tanto para gera\u00e7\u00e3o el\u00e9trica, quanto no transporte de res\u00edduos, faz parte da agenda de sustentabilidade que o Cadeg vem construindo.<\/p>\n<p>&nbsp;<\/p>\n<p>\u201cQueremos servir de exemplo de como \u00e9 poss\u00edvel melhorar o meio ambiente. Os carros el\u00e9tricos s\u00e3o uma op\u00e7\u00e3o na redu\u00e7\u00e3o dos gases do efeito estufa. Fomos pioneiros no Rio de Janeiro ao adotar o caminh\u00e3o para fazer a remo\u00e7\u00e3o dos nossos res\u00edduos, e agora, j\u00e1 contamos com um posto de recarga no local, tanto para o nosso caminh\u00e3o, quanto para qualquer propriet\u00e1rio de carro el\u00e9trico\u201d, contou.<\/p>\n<p>&nbsp;<\/p>\n<p>O modelo do conector para os autom\u00f3veis \u00e9 o IEC 62196 TIPO 2 (padr\u00e3o europeu). (Revista Torque)<\/p>\n","protected":false},"excerpt":{"rendered":"<p>Revista Torque &nbsp; Os carros el\u00e9tricos est\u00e3o cada vez mais populares no Brasil, que j\u00e1 conta com cerca de 50 mil unidades. Para os cariocas que adotaram esta forma menos poluentes de locomo\u00e7\u00e3o, uma novidade \u00e9 o novo eletroposto do Cadeg, o Mercado Municipal do Rio de Janeiro, em Benfica (Zona Norte do Rio). &nbsp;\u2026 <a class=\"readmore\" href=\"https:\/\/dana.com.br\/canaldana\/2021\/07\/21\/cadeg-inaugura-posto-de-recarga-para-veiculos-eletricos\/\">Leia mais \u00bb<\/a><\/p>\n","protected":false},"author":3,"featured_media":0,"comment_status":"closed","ping_status":"closed","sticky":false,"template":"","format":"standard","meta":{"_acf_changed":false,"footnotes":""},"categories":[110],"tags":[],"class_list":["post-51680","post","type-post","status-publish","format-standard","hentry","category-eletricos"],"acf":[],"yoast_head":"<!-- This site is optimized with the Yoast SEO plugin v27.3 - https:\/\/yoast.com\/product\/yoast-seo-wordpress\/ -->\n<title>Cadeg inaugura posto de recarga para ve\u00edculos el\u00e9tricos - Canal Dana<\/title>\n<meta name=\"robots\" content=\"index, follow, max-snippet:-1, max-image-preview:large, max-video-preview:-1\" \/>\n<link rel=\"canonical\" href=\"https:\/\/dana.com.br\/canaldana\/2021\/07\/21\/cadeg-inaugura-posto-de-recarga-para-veiculos-eletricos\/\" \/>\n<meta property=\"og:locale\" content=\"pt_BR\" \/>\n<meta property=\"og:type\" content=\"article\" \/>\n<meta property=\"og:title\" content=\"Cadeg inaugura posto de recarga para ve\u00edculos el\u00e9tricos - Canal Dana\" \/>\n<meta property=\"og:description\" content=\"Revista Torque &nbsp; Os carros el\u00e9tricos est\u00e3o cada vez mais populares no Brasil, que j\u00e1 conta com cerca de 50 mil unidades. Para os cariocas que adotaram esta forma menos poluentes de locomo\u00e7\u00e3o, uma novidade \u00e9 o novo eletroposto do Cadeg, o Mercado Municipal do Rio de Janeiro, em Benfica (Zona Norte do Rio). &nbsp;\u2026 Leia mais \u00bb\" \/>\n<meta property=\"og:url\" content=\"https:\/\/dana.com.br\/canaldana\/2021\/07\/21\/cadeg-inaugura-posto-de-recarga-para-veiculos-eletricos\/\" \/>\n<meta property=\"og:site_name\" content=\"Canal Dana\" \/>\n<meta property=\"article:published_time\" content=\"2021-07-21T11:38:54+00:00\" \/>\n<meta name=\"author\" content=\"Canal Dana\" \/>\n<meta name=\"twitter:card\" content=\"summary_large_image\" \/>\n<meta name=\"twitter:label1\" content=\"Escrito por\" \/>\n\t<meta name=\"twitter:data1\" content=\"Canal Dana\" \/>\n\t<meta name=\"twitter:label2\" content=\"Est. tempo de leitura\" \/>\n\t<meta name=\"twitter:data2\" content=\"2 minutos\" \/>\n<script type=\"application\/ld+json\" class=\"yoast-schema-graph\">{\"@context\":\"https:\\\/\\\/schema.org\",\"@graph\":[{\"@type\":\"Article\",\"@id\":\"https:\\\/\\\/dana.com.br\\\/canaldana\\\/2021\\\/07\\\/21\\\/cadeg-inaugura-posto-de-recarga-para-veiculos-eletricos\\\/#article\",\"isPartOf\":{\"@id\":\"https:\\\/\\\/dana.com.br\\\/canaldana\\\/2021\\\/07\\\/21\\\/cadeg-inaugura-posto-de-recarga-para-veiculos-eletricos\\\/\"},\"author\":{\"name\":\"Canal Dana\",\"@id\":\"https:\\\/\\\/dana.com.br\\\/canaldana\\\/#\\\/schema\\\/person\\\/3c21f22f56fcf3bc46b94bc60ea4fef6\"},\"headline\":\"Cadeg inaugura posto de recarga para ve\u00edculos el\u00e9tricos\",\"datePublished\":\"2021-07-21T11:38:54+00:00\",\"mainEntityOfPage\":{\"@id\":\"https:\\\/\\\/dana.com.br\\\/canaldana\\\/2021\\\/07\\\/21\\\/cadeg-inaugura-posto-de-recarga-para-veiculos-eletricos\\\/\"},\"wordCount\":386,\"articleSection\":[\"El\u00e9tricos\"],\"inLanguage\":\"pt-BR\"},{\"@type\":\"WebPage\",\"@id\":\"https:\\\/\\\/dana.com.br\\\/canaldana\\\/2021\\\/07\\\/21\\\/cadeg-inaugura-posto-de-recarga-para-veiculos-eletricos\\\/\",\"url\":\"https:\\\/\\\/dana.com.br\\\/canaldana\\\/2021\\\/07\\\/21\\\/cadeg-inaugura-posto-de-recarga-para-veiculos-eletricos\\\/\",\"name\":\"Cadeg inaugura posto de recarga para ve\u00edculos el\u00e9tricos - Canal Dana\",\"isPartOf\":{\"@id\":\"https:\\\/\\\/dana.com.br\\\/canaldana\\\/#website\"},\"datePublished\":\"2021-07-21T11:38:54+00:00\",\"author\":{\"@id\":\"https:\\\/\\\/dana.com.br\\\/canaldana\\\/#\\\/schema\\\/person\\\/3c21f22f56fcf3bc46b94bc60ea4fef6\"},\"breadcrumb\":{\"@id\":\"https:\\\/\\\/dana.com.br\\\/canaldana\\\/2021\\\/07\\\/21\\\/cadeg-inaugura-posto-de-recarga-para-veiculos-eletricos\\\/#breadcrumb\"},\"inLanguage\":\"pt-BR\",\"potentialAction\":[{\"@type\":\"ReadAction\",\"target\":[\"https:\\\/\\\/dana.com.br\\\/canaldana\\\/2021\\\/07\\\/21\\\/cadeg-inaugura-posto-de-recarga-para-veiculos-eletricos\\\/\"]}]},{\"@type\":\"BreadcrumbList\",\"@id\":\"https:\\\/\\\/dana.com.br\\\/canaldana\\\/2021\\\/07\\\/21\\\/cadeg-inaugura-posto-de-recarga-para-veiculos-eletricos\\\/#breadcrumb\",\"itemListElement\":[{\"@type\":\"ListItem\",\"position\":1,\"name\":\"Home\",\"item\":\"https:\\\/\\\/dana.com.br\\\/canaldana\\\/\"},{\"@type\":\"ListItem\",\"position\":2,\"name\":\"El\u00e9tricos\",\"item\":\"https:\\\/\\\/dana.com.br\\\/canaldana\\\/eletricos\\\/\"},{\"@type\":\"ListItem\",\"position\":3,\"name\":\"Cadeg inaugura posto de recarga para ve\u00edculos el\u00e9tricos\"}]},{\"@type\":\"WebSite\",\"@id\":\"https:\\\/\\\/dana.com.br\\\/canaldana\\\/#website\",\"url\":\"https:\\\/\\\/dana.com.br\\\/canaldana\\\/\",\"name\":\"Canal Dana\",\"description\":\"Informativo com as principais not\u00edcias da ind\u00fastria automotiva\",\"potentialAction\":[{\"@type\":\"SearchAction\",\"target\":{\"@type\":\"EntryPoint\",\"urlTemplate\":\"https:\\\/\\\/dana.com.br\\\/canaldana\\\/?s={search_term_string}\"},\"query-input\":{\"@type\":\"PropertyValueSpecification\",\"valueRequired\":true,\"valueName\":\"search_term_string\"}}],\"inLanguage\":\"pt-BR\"},{\"@type\":\"Person\",\"@id\":\"https:\\\/\\\/dana.com.br\\\/canaldana\\\/#\\\/schema\\\/person\\\/3c21f22f56fcf3bc46b94bc60ea4fef6\",\"name\":\"Canal Dana\",\"image\":{\"@type\":\"ImageObject\",\"inLanguage\":\"pt-BR\",\"@id\":\"https:\\\/\\\/secure.gravatar.com\\\/avatar\\\/420aaf9278582877d9018637c6817617705899d2858d7572ef0fe59a6b6454b4?s=96&d=mm&r=g\",\"url\":\"https:\\\/\\\/secure.gravatar.com\\\/avatar\\\/420aaf9278582877d9018637c6817617705899d2858d7572ef0fe59a6b6454b4?s=96&d=mm&r=g\",\"contentUrl\":\"https:\\\/\\\/secure.gravatar.com\\\/avatar\\\/420aaf9278582877d9018637c6817617705899d2858d7572ef0fe59a6b6454b4?s=96&d=mm&r=g\",\"caption\":\"Canal Dana\"},\"url\":\"https:\\\/\\\/dana.com.br\\\/canaldana\\\/author\\\/cdeditor\\\/\"}]}<\/script>\n<!-- \/ Yoast SEO plugin. -->","yoast_head_json":{"title":"Cadeg inaugura posto de recarga para ve\u00edculos el\u00e9tricos - Canal Dana","robots":{"index":"index","follow":"follow","max-snippet":"max-snippet:-1","max-image-preview":"max-image-preview:large","max-video-preview":"max-video-preview:-1"},"canonical":"https:\/\/dana.com.br\/canaldana\/2021\/07\/21\/cadeg-inaugura-posto-de-recarga-para-veiculos-eletricos\/","og_locale":"pt_BR","og_type":"article","og_title":"Cadeg inaugura posto de recarga para ve\u00edculos el\u00e9tricos - Canal Dana","og_description":"Revista Torque &nbsp; Os carros el\u00e9tricos est\u00e3o cada vez mais populares no Brasil, que j\u00e1 conta com cerca de 50 mil unidades. Para os cariocas que adotaram esta forma menos poluentes de locomo\u00e7\u00e3o, uma novidade \u00e9 o novo eletroposto do Cadeg, o Mercado Municipal do Rio de Janeiro, em Benfica (Zona Norte do Rio). &nbsp;\u2026 Leia mais \u00bb","og_url":"https:\/\/dana.com.br\/canaldana\/2021\/07\/21\/cadeg-inaugura-posto-de-recarga-para-veiculos-eletricos\/","og_site_name":"Canal Dana","article_published_time":"2021-07-21T11:38:54+00:00","author":"Canal Dana","twitter_card":"summary_large_image","twitter_misc":{"Escrito por":"Canal Dana","Est. tempo de leitura":"2 minutos"},"schema":{"@context":"https:\/\/schema.org","@graph":[{"@type":"Article","@id":"https:\/\/dana.com.br\/canaldana\/2021\/07\/21\/cadeg-inaugura-posto-de-recarga-para-veiculos-eletricos\/#article","isPartOf":{"@id":"https:\/\/dana.com.br\/canaldana\/2021\/07\/21\/cadeg-inaugura-posto-de-recarga-para-veiculos-eletricos\/"},"author":{"name":"Canal Dana","@id":"https:\/\/dana.com.br\/canaldana\/#\/schema\/person\/3c21f22f56fcf3bc46b94bc60ea4fef6"},"headline":"Cadeg inaugura posto de recarga para ve\u00edculos el\u00e9tricos","datePublished":"2021-07-21T11:38:54+00:00","mainEntityOfPage":{"@id":"https:\/\/dana.com.br\/canaldana\/2021\/07\/21\/cadeg-inaugura-posto-de-recarga-para-veiculos-eletricos\/"},"wordCount":386,"articleSection":["El\u00e9tricos"],"inLanguage":"pt-BR"},{"@type":"WebPage","@id":"https:\/\/dana.com.br\/canaldana\/2021\/07\/21\/cadeg-inaugura-posto-de-recarga-para-veiculos-eletricos\/","url":"https:\/\/dana.com.br\/canaldana\/2021\/07\/21\/cadeg-inaugura-posto-de-recarga-para-veiculos-eletricos\/","name":"Cadeg inaugura posto de recarga para ve\u00edculos el\u00e9tricos - Canal Dana","isPartOf":{"@id":"https:\/\/dana.com.br\/canaldana\/#website"},"datePublished":"2021-07-21T11:38:54+00:00","author":{"@id":"https:\/\/dana.com.br\/canaldana\/#\/schema\/person\/3c21f22f56fcf3bc46b94bc60ea4fef6"},"breadcrumb":{"@id":"https:\/\/dana.com.br\/canaldana\/2021\/07\/21\/cadeg-inaugura-posto-de-recarga-para-veiculos-eletricos\/#breadcrumb"},"inLanguage":"pt-BR","potentialAction":[{"@type":"ReadAction","target":["https:\/\/dana.com.br\/canaldana\/2021\/07\/21\/cadeg-inaugura-posto-de-recarga-para-veiculos-eletricos\/"]}]},{"@type":"BreadcrumbList","@id":"https:\/\/dana.com.br\/canaldana\/2021\/07\/21\/cadeg-inaugura-posto-de-recarga-para-veiculos-eletricos\/#breadcrumb","itemListElement":[{"@type":"ListItem","position":1,"name":"Home","item":"https:\/\/dana.com.br\/canaldana\/"},{"@type":"ListItem","position":2,"name":"El\u00e9tricos","item":"https:\/\/dana.com.br\/canaldana\/eletricos\/"},{"@type":"ListItem","position":3,"name":"Cadeg inaugura posto de recarga para ve\u00edculos el\u00e9tricos"}]},{"@type":"WebSite","@id":"https:\/\/dana.com.br\/canaldana\/#website","url":"https:\/\/dana.com.br\/canaldana\/","name":"Canal Dana","description":"Informativo com as principais not\u00edcias da ind\u00fastria automotiva","potentialAction":[{"@type":"SearchAction","target":{"@type":"EntryPoint","urlTemplate":"https:\/\/dana.com.br\/canaldana\/?s={search_term_string}"},"query-input":{"@type":"PropertyValueSpecification","valueRequired":true,"valueName":"search_term_string"}}],"inLanguage":"pt-BR"},{"@type":"Person","@id":"https:\/\/dana.com.br\/canaldana\/#\/schema\/person\/3c21f22f56fcf3bc46b94bc60ea4fef6","name":"Canal Dana","image":{"@type":"ImageObject","inLanguage":"pt-BR","@id":"https:\/\/secure.gravatar.com\/avatar\/420aaf9278582877d9018637c6817617705899d2858d7572ef0fe59a6b6454b4?s=96&d=mm&r=g","url":"https:\/\/secure.gravatar.com\/avatar\/420aaf9278582877d9018637c6817617705899d2858d7572ef0fe59a6b6454b4?s=96&d=mm&r=g","contentUrl":"https:\/\/secure.gravatar.com\/avatar\/420aaf9278582877d9018637c6817617705899d2858d7572ef0fe59a6b6454b4?s=96&d=mm&r=g","caption":"Canal Dana"},"url":"https:\/\/dana.com.br\/canaldana\/author\/cdeditor\/"}]}},"_links":{"self":[{"href":"https:\/\/dana.com.br\/canaldana\/wp-json\/wp\/v2\/posts\/51680","targetHints":{"allow":["GET"]}}],"collection":[{"href":"https:\/\/dana.com.br\/canaldana\/wp-json\/wp\/v2\/posts"}],"about":[{"href":"https:\/\/dana.com.br\/canaldana\/wp-json\/wp\/v2\/types\/post"}],"author":[{"embeddable":true,"href":"https:\/\/dana.com.br\/canaldana\/wp-json\/wp\/v2\/users\/3"}],"replies":[{"embeddable":true,"href":"https:\/\/dana.com.br\/canaldana\/wp-json\/wp\/v2\/comments?post=51680"}],"version-history":[{"count":0,"href":"https:\/\/dana.com.br\/canaldana\/wp-json\/wp\/v2\/posts\/51680\/revisions"}],"wp:attachment":[{"href":"https:\/\/dana.com.br\/canaldana\/wp-json\/wp\/v2\/media?parent=51680"}],"wp:term":[{"taxonomy":"category","embeddable":true,"href":"https:\/\/dana.com.br\/canaldana\/wp-json\/wp\/v2\/categories?post=51680"},{"taxonomy":"post_tag","embeddable":true,"href":"https:\/\/dana.com.br\/canaldana\/wp-json\/wp\/v2\/tags?post=51680"}],"curies":[{"name":"wp","href":"https:\/\/api.w.org\/{rel}","templated":true}]}}