{"id":51678,"date":"2021-07-21T08:38:20","date_gmt":"2021-07-21T11:38:20","guid":{"rendered":"https:\/\/dana.com.br\/canaldana\/?p=51678"},"modified":"2021-07-21T08:38:20","modified_gmt":"2021-07-21T11:38:20","slug":"byd-fornecera-200-onibus-100-eletricos-para-a-nta-da-irlanda","status":"publish","type":"post","link":"https:\/\/dana.com.br\/canaldana\/2021\/07\/21\/byd-fornecera-200-onibus-100-eletricos-para-a-nta-da-irlanda\/","title":{"rendered":"BYD fornecer\u00e1 200 \u00f4nibus 100% el\u00e9tricos para a NTA da Irlanda"},"content":{"rendered":"<p><em>Di\u00e1rio do Transporte<\/em><\/p>\n<p>&nbsp;<\/p>\n<p>A Autoridade Nacional de Transporte (NTA) e a parceria formada pelas empresas Alexander Dennis Limited (ADL) e BYD assinaram nesta segunda-feira, 19 de julho de 2021, um acordo para a entrega de at\u00e9 200 \u00f4nibus el\u00e9tricos a bateria com emiss\u00e3o zero.<\/p>\n<p>&nbsp;<\/p>\n<p>O contrato prev\u00ea um pedido inicial de 45 \u00f4nibus com in\u00edcio de entrega em 2022.<\/p>\n<p>&nbsp;<\/p>\n<p>A ADL \u00e9 uma subsidi\u00e1ria do fabricante l\u00edder global independente de \u00f4nibus NFI Group Inc. (NFI). J\u00e1 a BYD \u00e9 l\u00edder global em baterias, gerenciamento de energia e mobilidade el\u00e9trica.<\/p>\n<p>&nbsp;<\/p>\n<p>O contrato tem validade por at\u00e9 cinco anos e cobre a entrega de \u00f4nibus el\u00e9tricos a bateria de um andar. Os primeiros 45 ve\u00edculos dever\u00e3o operar servi\u00e7os em Athlone, cidade situada no centro da ilha, e na \u00c1rea Metropolitana de Dublin.<\/p>\n<p>&nbsp;<\/p>\n<p>Este \u00e9 o primeiro contrato da parceria BYD ADL na Irlanda, bem como o maior pedido de \u00f4nibus com emiss\u00e3o zero no pa\u00eds at\u00e9 o momento.<\/p>\n<p>&nbsp;<\/p>\n<p>O ve\u00edculo \u00e9 uma variante de porta dupla do Enviro200EV para a NTA, e tem 27 lugares e capacidade para mais de 75 passageiros, e comprimento de 12 metros.<\/p>\n<p>&nbsp;<\/p>\n<p><strong>Modelo BYD ADL Enviro200EV feito sob medida para a NTA<\/strong><\/p>\n<p>&nbsp;<\/p>\n<p>O interior do \u00f4nibus foi configurado para maximizar o fluxo de passageiros e a acessibilidade, e incorpora um espa\u00e7o para cadeiras de rodas e uma \u00e1rea dedicada \u00e0 acomoda\u00e7\u00e3o de pelo menos um carrinho de beb\u00ea.<\/p>\n<p>&nbsp;<\/p>\n<p>Todos os \u00f4nibus para a NTA ser\u00e3o produzidos nas f\u00e1bricas da ADL no Reino Unido com a comprovada combina\u00e7\u00e3o da tecnologia el\u00e9trica BYD com a carroceria da ADL, com o interior focado no passageiro.<\/p>\n<p>&nbsp;<\/p>\n<p>O \u00f4nibus n\u00e3o produz emiss\u00f5es e oferece n\u00edveis reduzidos de ru\u00eddo interno e externo em compara\u00e7\u00e3o com um \u00f4nibus apenas a diesel. Isso n\u00e3o s\u00f3 resultar\u00e1 em um ar mais limpo e menos polui\u00e7\u00e3o sonora nas \u00e1reas onde os \u00f4nibus operam, mas tamb\u00e9m proporcionar\u00e1 uma viagem mais silenciosa para os passageiros.<\/p>\n<p>&nbsp;<\/p>\n<p>O contrato faz parte do compromisso do Governo da Irlanda com a redu\u00e7\u00e3o das emiss\u00f5es de carbono nos transportes, conforme estabelecido no Plano de A\u00e7\u00e3o Clim\u00e1tica de 2019, bem como no Programa de Governo 2020. Este \u00faltimo compromete-se com uma descarboniza\u00e7\u00e3o significativa da frota de transporte p\u00fablico da Irlanda e exige que todos os novos \u00f4nibus urbanos sejam h\u00edbridos el\u00e9tricos ou el\u00e9tricos.<\/p>\n<p>&nbsp;<\/p>\n<p>A parceria BYD ADL foi selecionada como a licitante vencedora ap\u00f3s um processo de aquisi\u00e7\u00e3o abrangente e rigoroso.<\/p>\n<p>&nbsp;<\/p>\n<p><strong>Depoimentos<\/strong><\/p>\n<p>&nbsp;<\/p>\n<p>No ato de assinatura do contrato, o CEO da NTA Anne Graham disse:<\/p>\n<p>&nbsp;<\/p>\n<p>\u201cO contrato assinado para o fornecimento desses \u00f4nibus el\u00e9tricos destaca o compromisso da NTA com uma rede de transporte sustent\u00e1vel e acess\u00edvel. Nos pr\u00f3ximos cinco anos, estamos planejando um grande aumento no n\u00famero de \u00f4nibus urbanos de baixa e\/ou zero emiss\u00e3o em opera\u00e7\u00e3o na rede Transport For Ireland (TFI) em todo o pa\u00eds. A frota encomendada hoje representa a melhor combina\u00e7\u00e3o de tecnologia el\u00e9trica de ponta, confiabilidade comprovada, acessibilidade e conforto para todos os passageiros que utilizam os servi\u00e7os de \u00f4nibus da TFI. Estou ansiosa para trabalhar com nossos parceiros operadores de \u00f4nibus, bem como com a ADL, para garantir que os primeiros desses \u00f4nibus sejam entregues e estejam prontos para operar em 2022\u201d.<\/p>\n<p>&nbsp;<\/p>\n<p>J\u00e1 o presidente e diretor administrativo da ADL, Paul Davies, disse que o novo contrato de 200 \u00f4nibus com emiss\u00e3o zero \u201c\u00e9 mais uma prova do nosso foco no cliente, exemplificada em nossa capacidade de adaptar as especifica\u00e7\u00f5es do ve\u00edculo aos requisitos operacionais. Junto com nosso acordo existente para at\u00e9 600 \u00f4nibus h\u00edbridos plug-in Enviro400ER com capacidade de emiss\u00e3o zero, temos a honra de desempenhar um papel fundamental na implanta\u00e7\u00e3o da mobilidade com emiss\u00e3o zero na Irlanda\u201d.<\/p>\n<p>&nbsp;<\/p>\n<p>Por fim o diretor administrativo da BYD no Reino Unido, Frank Thorpe, ressaltou que o acordo com a NTA da Irlanda \u201c\u00e9 um dos compromissos mais significativos para eletromobilidade que j\u00e1 vimos na Europa\u201d. Thorpe completou: \u201cA parceria BYD ADL \u00e9 cada vez mais a escolha preferida para autoridades locais e operadores de transporte p\u00fablico. Este acordo \u00e9 uma promessa de trazer um futuro sustent\u00e1vel para o transporte p\u00fablico na Irlanda e estamos muito satisfeitos por nos juntarmos \u00e0 NTA\u201d. (Di\u00e1rio do Transporte\/Alexandre Pelegi)<\/p>\n","protected":false},"excerpt":{"rendered":"<p>Di\u00e1rio do Transporte &nbsp; A Autoridade Nacional de Transporte (NTA) e a parceria formada pelas empresas Alexander Dennis Limited (ADL) e BYD assinaram nesta segunda-feira, 19 de julho de 2021, um acordo para a entrega de at\u00e9 200 \u00f4nibus el\u00e9tricos a bateria com emiss\u00e3o zero. &nbsp; O contrato prev\u00ea um pedido inicial de 45 \u00f4nibus\u2026 <a class=\"readmore\" href=\"https:\/\/dana.com.br\/canaldana\/2021\/07\/21\/byd-fornecera-200-onibus-100-eletricos-para-a-nta-da-irlanda\/\">Leia mais \u00bb<\/a><\/p>\n","protected":false},"author":3,"featured_media":0,"comment_status":"closed","ping_status":"closed","sticky":false,"template":"","format":"standard","meta":{"_acf_changed":false,"footnotes":""},"categories":[110],"tags":[],"class_list":["post-51678","post","type-post","status-publish","format-standard","hentry","category-eletricos"],"acf":[],"yoast_head":"<!-- This site is optimized with the Yoast SEO plugin v27.3 - https:\/\/yoast.com\/product\/yoast-seo-wordpress\/ -->\n<title>BYD fornecer\u00e1 200 \u00f4nibus 100% el\u00e9tricos para a NTA da Irlanda - Canal Dana<\/title>\n<meta name=\"robots\" content=\"index, follow, max-snippet:-1, max-image-preview:large, max-video-preview:-1\" \/>\n<link rel=\"canonical\" href=\"https:\/\/dana.com.br\/canaldana\/2021\/07\/21\/byd-fornecera-200-onibus-100-eletricos-para-a-nta-da-irlanda\/\" \/>\n<meta property=\"og:locale\" content=\"pt_BR\" \/>\n<meta property=\"og:type\" content=\"article\" \/>\n<meta property=\"og:title\" content=\"BYD fornecer\u00e1 200 \u00f4nibus 100% el\u00e9tricos para a NTA da Irlanda - Canal Dana\" \/>\n<meta property=\"og:description\" content=\"Di\u00e1rio do Transporte &nbsp; A Autoridade Nacional de Transporte (NTA) e a parceria formada pelas empresas Alexander Dennis Limited (ADL) e BYD assinaram nesta segunda-feira, 19 de julho de 2021, um acordo para a entrega de at\u00e9 200 \u00f4nibus el\u00e9tricos a bateria com emiss\u00e3o zero. &nbsp; O contrato prev\u00ea um pedido inicial de 45 \u00f4nibus\u2026 Leia mais \u00bb\" \/>\n<meta property=\"og:url\" content=\"https:\/\/dana.com.br\/canaldana\/2021\/07\/21\/byd-fornecera-200-onibus-100-eletricos-para-a-nta-da-irlanda\/\" \/>\n<meta property=\"og:site_name\" content=\"Canal Dana\" \/>\n<meta property=\"article:published_time\" content=\"2021-07-21T11:38:20+00:00\" \/>\n<meta name=\"author\" content=\"Canal Dana\" \/>\n<meta name=\"twitter:card\" content=\"summary_large_image\" \/>\n<meta name=\"twitter:label1\" content=\"Escrito por\" \/>\n\t<meta name=\"twitter:data1\" content=\"Canal Dana\" \/>\n\t<meta name=\"twitter:label2\" content=\"Est. tempo de leitura\" \/>\n\t<meta name=\"twitter:data2\" content=\"4 minutos\" \/>\n<script type=\"application\/ld+json\" class=\"yoast-schema-graph\">{\"@context\":\"https:\\\/\\\/schema.org\",\"@graph\":[{\"@type\":\"Article\",\"@id\":\"https:\\\/\\\/dana.com.br\\\/canaldana\\\/2021\\\/07\\\/21\\\/byd-fornecera-200-onibus-100-eletricos-para-a-nta-da-irlanda\\\/#article\",\"isPartOf\":{\"@id\":\"https:\\\/\\\/dana.com.br\\\/canaldana\\\/2021\\\/07\\\/21\\\/byd-fornecera-200-onibus-100-eletricos-para-a-nta-da-irlanda\\\/\"},\"author\":{\"name\":\"Canal Dana\",\"@id\":\"https:\\\/\\\/dana.com.br\\\/canaldana\\\/#\\\/schema\\\/person\\\/3c21f22f56fcf3bc46b94bc60ea4fef6\"},\"headline\":\"BYD fornecer\u00e1 200 \u00f4nibus 100% el\u00e9tricos para a NTA da Irlanda\",\"datePublished\":\"2021-07-21T11:38:20+00:00\",\"mainEntityOfPage\":{\"@id\":\"https:\\\/\\\/dana.com.br\\\/canaldana\\\/2021\\\/07\\\/21\\\/byd-fornecera-200-onibus-100-eletricos-para-a-nta-da-irlanda\\\/\"},\"wordCount\":755,\"articleSection\":[\"El\u00e9tricos\"],\"inLanguage\":\"pt-BR\"},{\"@type\":\"WebPage\",\"@id\":\"https:\\\/\\\/dana.com.br\\\/canaldana\\\/2021\\\/07\\\/21\\\/byd-fornecera-200-onibus-100-eletricos-para-a-nta-da-irlanda\\\/\",\"url\":\"https:\\\/\\\/dana.com.br\\\/canaldana\\\/2021\\\/07\\\/21\\\/byd-fornecera-200-onibus-100-eletricos-para-a-nta-da-irlanda\\\/\",\"name\":\"BYD fornecer\u00e1 200 \u00f4nibus 100% el\u00e9tricos para a NTA da Irlanda - Canal Dana\",\"isPartOf\":{\"@id\":\"https:\\\/\\\/dana.com.br\\\/canaldana\\\/#website\"},\"datePublished\":\"2021-07-21T11:38:20+00:00\",\"author\":{\"@id\":\"https:\\\/\\\/dana.com.br\\\/canaldana\\\/#\\\/schema\\\/person\\\/3c21f22f56fcf3bc46b94bc60ea4fef6\"},\"breadcrumb\":{\"@id\":\"https:\\\/\\\/dana.com.br\\\/canaldana\\\/2021\\\/07\\\/21\\\/byd-fornecera-200-onibus-100-eletricos-para-a-nta-da-irlanda\\\/#breadcrumb\"},\"inLanguage\":\"pt-BR\",\"potentialAction\":[{\"@type\":\"ReadAction\",\"target\":[\"https:\\\/\\\/dana.com.br\\\/canaldana\\\/2021\\\/07\\\/21\\\/byd-fornecera-200-onibus-100-eletricos-para-a-nta-da-irlanda\\\/\"]}]},{\"@type\":\"BreadcrumbList\",\"@id\":\"https:\\\/\\\/dana.com.br\\\/canaldana\\\/2021\\\/07\\\/21\\\/byd-fornecera-200-onibus-100-eletricos-para-a-nta-da-irlanda\\\/#breadcrumb\",\"itemListElement\":[{\"@type\":\"ListItem\",\"position\":1,\"name\":\"Home\",\"item\":\"https:\\\/\\\/dana.com.br\\\/canaldana\\\/\"},{\"@type\":\"ListItem\",\"position\":2,\"name\":\"El\u00e9tricos\",\"item\":\"https:\\\/\\\/dana.com.br\\\/canaldana\\\/eletricos\\\/\"},{\"@type\":\"ListItem\",\"position\":3,\"name\":\"BYD fornecer\u00e1 200 \u00f4nibus 100% el\u00e9tricos para a NTA da Irlanda\"}]},{\"@type\":\"WebSite\",\"@id\":\"https:\\\/\\\/dana.com.br\\\/canaldana\\\/#website\",\"url\":\"https:\\\/\\\/dana.com.br\\\/canaldana\\\/\",\"name\":\"Canal Dana\",\"description\":\"Informativo com as principais not\u00edcias da ind\u00fastria automotiva\",\"potentialAction\":[{\"@type\":\"SearchAction\",\"target\":{\"@type\":\"EntryPoint\",\"urlTemplate\":\"https:\\\/\\\/dana.com.br\\\/canaldana\\\/?s={search_term_string}\"},\"query-input\":{\"@type\":\"PropertyValueSpecification\",\"valueRequired\":true,\"valueName\":\"search_term_string\"}}],\"inLanguage\":\"pt-BR\"},{\"@type\":\"Person\",\"@id\":\"https:\\\/\\\/dana.com.br\\\/canaldana\\\/#\\\/schema\\\/person\\\/3c21f22f56fcf3bc46b94bc60ea4fef6\",\"name\":\"Canal Dana\",\"image\":{\"@type\":\"ImageObject\",\"inLanguage\":\"pt-BR\",\"@id\":\"https:\\\/\\\/secure.gravatar.com\\\/avatar\\\/420aaf9278582877d9018637c6817617705899d2858d7572ef0fe59a6b6454b4?s=96&d=mm&r=g\",\"url\":\"https:\\\/\\\/secure.gravatar.com\\\/avatar\\\/420aaf9278582877d9018637c6817617705899d2858d7572ef0fe59a6b6454b4?s=96&d=mm&r=g\",\"contentUrl\":\"https:\\\/\\\/secure.gravatar.com\\\/avatar\\\/420aaf9278582877d9018637c6817617705899d2858d7572ef0fe59a6b6454b4?s=96&d=mm&r=g\",\"caption\":\"Canal Dana\"},\"url\":\"https:\\\/\\\/dana.com.br\\\/canaldana\\\/author\\\/cdeditor\\\/\"}]}<\/script>\n<!-- \/ Yoast SEO plugin. -->","yoast_head_json":{"title":"BYD fornecer\u00e1 200 \u00f4nibus 100% el\u00e9tricos para a NTA da Irlanda - Canal Dana","robots":{"index":"index","follow":"follow","max-snippet":"max-snippet:-1","max-image-preview":"max-image-preview:large","max-video-preview":"max-video-preview:-1"},"canonical":"https:\/\/dana.com.br\/canaldana\/2021\/07\/21\/byd-fornecera-200-onibus-100-eletricos-para-a-nta-da-irlanda\/","og_locale":"pt_BR","og_type":"article","og_title":"BYD fornecer\u00e1 200 \u00f4nibus 100% el\u00e9tricos para a NTA da Irlanda - Canal Dana","og_description":"Di\u00e1rio do Transporte &nbsp; A Autoridade Nacional de Transporte (NTA) e a parceria formada pelas empresas Alexander Dennis Limited (ADL) e BYD assinaram nesta segunda-feira, 19 de julho de 2021, um acordo para a entrega de at\u00e9 200 \u00f4nibus el\u00e9tricos a bateria com emiss\u00e3o zero. &nbsp; O contrato prev\u00ea um pedido inicial de 45 \u00f4nibus\u2026 Leia mais \u00bb","og_url":"https:\/\/dana.com.br\/canaldana\/2021\/07\/21\/byd-fornecera-200-onibus-100-eletricos-para-a-nta-da-irlanda\/","og_site_name":"Canal Dana","article_published_time":"2021-07-21T11:38:20+00:00","author":"Canal Dana","twitter_card":"summary_large_image","twitter_misc":{"Escrito por":"Canal Dana","Est. tempo de leitura":"4 minutos"},"schema":{"@context":"https:\/\/schema.org","@graph":[{"@type":"Article","@id":"https:\/\/dana.com.br\/canaldana\/2021\/07\/21\/byd-fornecera-200-onibus-100-eletricos-para-a-nta-da-irlanda\/#article","isPartOf":{"@id":"https:\/\/dana.com.br\/canaldana\/2021\/07\/21\/byd-fornecera-200-onibus-100-eletricos-para-a-nta-da-irlanda\/"},"author":{"name":"Canal Dana","@id":"https:\/\/dana.com.br\/canaldana\/#\/schema\/person\/3c21f22f56fcf3bc46b94bc60ea4fef6"},"headline":"BYD fornecer\u00e1 200 \u00f4nibus 100% el\u00e9tricos para a NTA da Irlanda","datePublished":"2021-07-21T11:38:20+00:00","mainEntityOfPage":{"@id":"https:\/\/dana.com.br\/canaldana\/2021\/07\/21\/byd-fornecera-200-onibus-100-eletricos-para-a-nta-da-irlanda\/"},"wordCount":755,"articleSection":["El\u00e9tricos"],"inLanguage":"pt-BR"},{"@type":"WebPage","@id":"https:\/\/dana.com.br\/canaldana\/2021\/07\/21\/byd-fornecera-200-onibus-100-eletricos-para-a-nta-da-irlanda\/","url":"https:\/\/dana.com.br\/canaldana\/2021\/07\/21\/byd-fornecera-200-onibus-100-eletricos-para-a-nta-da-irlanda\/","name":"BYD fornecer\u00e1 200 \u00f4nibus 100% el\u00e9tricos para a NTA da Irlanda - Canal Dana","isPartOf":{"@id":"https:\/\/dana.com.br\/canaldana\/#website"},"datePublished":"2021-07-21T11:38:20+00:00","author":{"@id":"https:\/\/dana.com.br\/canaldana\/#\/schema\/person\/3c21f22f56fcf3bc46b94bc60ea4fef6"},"breadcrumb":{"@id":"https:\/\/dana.com.br\/canaldana\/2021\/07\/21\/byd-fornecera-200-onibus-100-eletricos-para-a-nta-da-irlanda\/#breadcrumb"},"inLanguage":"pt-BR","potentialAction":[{"@type":"ReadAction","target":["https:\/\/dana.com.br\/canaldana\/2021\/07\/21\/byd-fornecera-200-onibus-100-eletricos-para-a-nta-da-irlanda\/"]}]},{"@type":"BreadcrumbList","@id":"https:\/\/dana.com.br\/canaldana\/2021\/07\/21\/byd-fornecera-200-onibus-100-eletricos-para-a-nta-da-irlanda\/#breadcrumb","itemListElement":[{"@type":"ListItem","position":1,"name":"Home","item":"https:\/\/dana.com.br\/canaldana\/"},{"@type":"ListItem","position":2,"name":"El\u00e9tricos","item":"https:\/\/dana.com.br\/canaldana\/eletricos\/"},{"@type":"ListItem","position":3,"name":"BYD fornecer\u00e1 200 \u00f4nibus 100% el\u00e9tricos para a NTA da Irlanda"}]},{"@type":"WebSite","@id":"https:\/\/dana.com.br\/canaldana\/#website","url":"https:\/\/dana.com.br\/canaldana\/","name":"Canal Dana","description":"Informativo com as principais not\u00edcias da ind\u00fastria automotiva","potentialAction":[{"@type":"SearchAction","target":{"@type":"EntryPoint","urlTemplate":"https:\/\/dana.com.br\/canaldana\/?s={search_term_string}"},"query-input":{"@type":"PropertyValueSpecification","valueRequired":true,"valueName":"search_term_string"}}],"inLanguage":"pt-BR"},{"@type":"Person","@id":"https:\/\/dana.com.br\/canaldana\/#\/schema\/person\/3c21f22f56fcf3bc46b94bc60ea4fef6","name":"Canal Dana","image":{"@type":"ImageObject","inLanguage":"pt-BR","@id":"https:\/\/secure.gravatar.com\/avatar\/420aaf9278582877d9018637c6817617705899d2858d7572ef0fe59a6b6454b4?s=96&d=mm&r=g","url":"https:\/\/secure.gravatar.com\/avatar\/420aaf9278582877d9018637c6817617705899d2858d7572ef0fe59a6b6454b4?s=96&d=mm&r=g","contentUrl":"https:\/\/secure.gravatar.com\/avatar\/420aaf9278582877d9018637c6817617705899d2858d7572ef0fe59a6b6454b4?s=96&d=mm&r=g","caption":"Canal Dana"},"url":"https:\/\/dana.com.br\/canaldana\/author\/cdeditor\/"}]}},"_links":{"self":[{"href":"https:\/\/dana.com.br\/canaldana\/wp-json\/wp\/v2\/posts\/51678","targetHints":{"allow":["GET"]}}],"collection":[{"href":"https:\/\/dana.com.br\/canaldana\/wp-json\/wp\/v2\/posts"}],"about":[{"href":"https:\/\/dana.com.br\/canaldana\/wp-json\/wp\/v2\/types\/post"}],"author":[{"embeddable":true,"href":"https:\/\/dana.com.br\/canaldana\/wp-json\/wp\/v2\/users\/3"}],"replies":[{"embeddable":true,"href":"https:\/\/dana.com.br\/canaldana\/wp-json\/wp\/v2\/comments?post=51678"}],"version-history":[{"count":0,"href":"https:\/\/dana.com.br\/canaldana\/wp-json\/wp\/v2\/posts\/51678\/revisions"}],"wp:attachment":[{"href":"https:\/\/dana.com.br\/canaldana\/wp-json\/wp\/v2\/media?parent=51678"}],"wp:term":[{"taxonomy":"category","embeddable":true,"href":"https:\/\/dana.com.br\/canaldana\/wp-json\/wp\/v2\/categories?post=51678"},{"taxonomy":"post_tag","embeddable":true,"href":"https:\/\/dana.com.br\/canaldana\/wp-json\/wp\/v2\/tags?post=51678"}],"curies":[{"name":"wp","href":"https:\/\/api.w.org\/{rel}","templated":true}]}}