{"id":51676,"date":"2021-07-21T08:37:51","date_gmt":"2021-07-21T11:37:51","guid":{"rendered":"https:\/\/dana.com.br\/canaldana\/?p=51676"},"modified":"2021-07-21T08:37:51","modified_gmt":"2021-07-21T11:37:51","slug":"polo-automotivo-de-betim-aplica-6-mil-doses-de-vacina-contra-covid-19","status":"publish","type":"post","link":"https:\/\/dana.com.br\/canaldana\/2021\/07\/21\/polo-automotivo-de-betim-aplica-6-mil-doses-de-vacina-contra-covid-19\/","title":{"rendered":"Polo Automotivo de Betim aplica 6 mil doses de vacina contra Covid-19"},"content":{"rendered":"<p><em>Coisas de Agora<\/em><\/p>\n<p>&nbsp;<\/p>\n<p>O Polo Automotivo da Stellantis em Betim concluiu a aplica\u00e7\u00e3o de 6 mil doses de vacinas contra Covid-19 em trabalhadores com idade igual ou inferior a 40 anos, em uma a\u00e7\u00e3o de sa\u00fade p\u00fablica coordenada pela Prefeitura de Betim, atrav\u00e9s da Secretaria Municipal de Sa\u00fade. A opera\u00e7\u00e3o de imuniza\u00e7\u00e3o dos trabalhadores industriais de Betim, da qual a planta da Fiat participou, integra o Plano Nacional de Operacionaliza\u00e7\u00e3o da Vacina\u00e7\u00e3o contra a Covid-19.<\/p>\n<p>&nbsp;<\/p>\n<p>\u201cEste \u00e9 um esfor\u00e7o que representa um passo fundamental no combate \u00e0 pandemia do Covid-19. Traz tranquilidade a milhares de pessoas, que veem avan\u00e7ar o necess\u00e1rio processo de imuniza\u00e7\u00e3o\u201d, afirmou Cristiane Paix\u00e3o, respons\u00e1vel pelo servi\u00e7o de Sa\u00fade da Stellantis, estrutura que presta servi\u00e7os de sa\u00fade (m\u00e9dico, odontol\u00f3gico e psicol\u00f3gico) para as empresas do grupo, cuidando de cerca de 80 mil vidas \u2013 seja por meio do seu modelo de autogest\u00e3o ou pelo gerenciamento de contratos com outras operadoras de sa\u00fade. Ela tamb\u00e9m coordena o WHS (Well Being, Occupational Health and Safety \u2013 Bem-estar, Sa\u00fade Ocupacional e Seguran\u00e7a) da empresa.<\/p>\n<p>&nbsp;<\/p>\n<p>A vacina\u00e7\u00e3o dos trabalhadores do Polo Automotivo come\u00e7ou na quinta-feira, com o recebimento de 6 mil doses de vacina. O entrosamento entre o servi\u00e7o de Sa\u00fade da Stellantis e a Secretaria Municipal de Sa\u00fade permitiu a vacina\u00e7\u00e3o dos trabalhadores em tempo recorde. \u201cA transpar\u00eancia das autoridades e t\u00e9cnicos municipais foi fundamental para o \u00eaxito desta grande opera\u00e7\u00e3o. Contamos com todo o apoio necess\u00e1rio das autoridades municipais, \u00e0s quais expressamos nosso agradecimento\u201d, disse Neylor Bastos, do WHS.<\/p>\n<p>&nbsp;<\/p>\n<p>Segundo Cristiane Paix\u00e3o, a segunda dose da vacina ser\u00e1 aplicada em outubro, conforme recomenda\u00e7\u00e3o das autoridades de Sa\u00fade. \u201cParalelamente, a vacina\u00e7\u00e3o da popula\u00e7\u00e3o do munic\u00edpio est\u00e1 avan\u00e7ando rapidamente. Estes esfor\u00e7os combinados contribuem para o gradativo retorno seguro \u00e0 normalidade da vida econ\u00f4mica e social de Betim\u201d, acrescentou. (Coisas de Agora)<\/p>\n","protected":false},"excerpt":{"rendered":"<p>Coisas de Agora &nbsp; O Polo Automotivo da Stellantis em Betim concluiu a aplica\u00e7\u00e3o de 6 mil doses de vacinas contra Covid-19 em trabalhadores com idade igual ou inferior a 40 anos, em uma a\u00e7\u00e3o de sa\u00fade p\u00fablica coordenada pela Prefeitura de Betim, atrav\u00e9s da Secretaria Municipal de Sa\u00fade. A opera\u00e7\u00e3o de imuniza\u00e7\u00e3o dos trabalhadores\u2026 <a class=\"readmore\" href=\"https:\/\/dana.com.br\/canaldana\/2021\/07\/21\/polo-automotivo-de-betim-aplica-6-mil-doses-de-vacina-contra-covid-19\/\">Leia mais \u00bb<\/a><\/p>\n","protected":false},"author":3,"featured_media":0,"comment_status":"closed","ping_status":"closed","sticky":false,"template":"","format":"standard","meta":{"_acf_changed":false,"footnotes":""},"categories":[119],"tags":[],"class_list":["post-51676","post","type-post","status-publish","format-standard","hentry","category-saude"],"acf":[],"yoast_head":"<!-- This site is optimized with the Yoast SEO plugin v27.3 - https:\/\/yoast.com\/product\/yoast-seo-wordpress\/ -->\n<title>Polo Automotivo de Betim aplica 6 mil doses de vacina contra Covid-19 - Canal Dana<\/title>\n<meta name=\"robots\" content=\"index, follow, max-snippet:-1, max-image-preview:large, max-video-preview:-1\" \/>\n<link rel=\"canonical\" href=\"https:\/\/dana.com.br\/canaldana\/2021\/07\/21\/polo-automotivo-de-betim-aplica-6-mil-doses-de-vacina-contra-covid-19\/\" \/>\n<meta property=\"og:locale\" content=\"pt_BR\" \/>\n<meta property=\"og:type\" content=\"article\" \/>\n<meta property=\"og:title\" content=\"Polo Automotivo de Betim aplica 6 mil doses de vacina contra Covid-19 - Canal Dana\" \/>\n<meta property=\"og:description\" content=\"Coisas de Agora &nbsp; O Polo Automotivo da Stellantis em Betim concluiu a aplica\u00e7\u00e3o de 6 mil doses de vacinas contra Covid-19 em trabalhadores com idade igual ou inferior a 40 anos, em uma a\u00e7\u00e3o de sa\u00fade p\u00fablica coordenada pela Prefeitura de Betim, atrav\u00e9s da Secretaria Municipal de Sa\u00fade. A opera\u00e7\u00e3o de imuniza\u00e7\u00e3o dos trabalhadores\u2026 Leia mais \u00bb\" \/>\n<meta property=\"og:url\" content=\"https:\/\/dana.com.br\/canaldana\/2021\/07\/21\/polo-automotivo-de-betim-aplica-6-mil-doses-de-vacina-contra-covid-19\/\" \/>\n<meta property=\"og:site_name\" content=\"Canal Dana\" \/>\n<meta property=\"article:published_time\" content=\"2021-07-21T11:37:51+00:00\" \/>\n<meta name=\"author\" content=\"Canal Dana\" \/>\n<meta name=\"twitter:card\" content=\"summary_large_image\" \/>\n<meta name=\"twitter:label1\" content=\"Escrito por\" \/>\n\t<meta name=\"twitter:data1\" content=\"Canal Dana\" \/>\n\t<meta name=\"twitter:label2\" content=\"Est. tempo de leitura\" \/>\n\t<meta name=\"twitter:data2\" content=\"2 minutos\" \/>\n<script type=\"application\/ld+json\" class=\"yoast-schema-graph\">{\"@context\":\"https:\\\/\\\/schema.org\",\"@graph\":[{\"@type\":\"Article\",\"@id\":\"https:\\\/\\\/dana.com.br\\\/canaldana\\\/2021\\\/07\\\/21\\\/polo-automotivo-de-betim-aplica-6-mil-doses-de-vacina-contra-covid-19\\\/#article\",\"isPartOf\":{\"@id\":\"https:\\\/\\\/dana.com.br\\\/canaldana\\\/2021\\\/07\\\/21\\\/polo-automotivo-de-betim-aplica-6-mil-doses-de-vacina-contra-covid-19\\\/\"},\"author\":{\"name\":\"Canal Dana\",\"@id\":\"https:\\\/\\\/dana.com.br\\\/canaldana\\\/#\\\/schema\\\/person\\\/3c21f22f56fcf3bc46b94bc60ea4fef6\"},\"headline\":\"Polo Automotivo de Betim aplica 6 mil doses de vacina contra Covid-19\",\"datePublished\":\"2021-07-21T11:37:51+00:00\",\"mainEntityOfPage\":{\"@id\":\"https:\\\/\\\/dana.com.br\\\/canaldana\\\/2021\\\/07\\\/21\\\/polo-automotivo-de-betim-aplica-6-mil-doses-de-vacina-contra-covid-19\\\/\"},\"wordCount\":353,\"articleSection\":[\"Sa\u00fade\"],\"inLanguage\":\"pt-BR\"},{\"@type\":\"WebPage\",\"@id\":\"https:\\\/\\\/dana.com.br\\\/canaldana\\\/2021\\\/07\\\/21\\\/polo-automotivo-de-betim-aplica-6-mil-doses-de-vacina-contra-covid-19\\\/\",\"url\":\"https:\\\/\\\/dana.com.br\\\/canaldana\\\/2021\\\/07\\\/21\\\/polo-automotivo-de-betim-aplica-6-mil-doses-de-vacina-contra-covid-19\\\/\",\"name\":\"Polo Automotivo de Betim aplica 6 mil doses de vacina contra Covid-19 - Canal Dana\",\"isPartOf\":{\"@id\":\"https:\\\/\\\/dana.com.br\\\/canaldana\\\/#website\"},\"datePublished\":\"2021-07-21T11:37:51+00:00\",\"author\":{\"@id\":\"https:\\\/\\\/dana.com.br\\\/canaldana\\\/#\\\/schema\\\/person\\\/3c21f22f56fcf3bc46b94bc60ea4fef6\"},\"breadcrumb\":{\"@id\":\"https:\\\/\\\/dana.com.br\\\/canaldana\\\/2021\\\/07\\\/21\\\/polo-automotivo-de-betim-aplica-6-mil-doses-de-vacina-contra-covid-19\\\/#breadcrumb\"},\"inLanguage\":\"pt-BR\",\"potentialAction\":[{\"@type\":\"ReadAction\",\"target\":[\"https:\\\/\\\/dana.com.br\\\/canaldana\\\/2021\\\/07\\\/21\\\/polo-automotivo-de-betim-aplica-6-mil-doses-de-vacina-contra-covid-19\\\/\"]}]},{\"@type\":\"BreadcrumbList\",\"@id\":\"https:\\\/\\\/dana.com.br\\\/canaldana\\\/2021\\\/07\\\/21\\\/polo-automotivo-de-betim-aplica-6-mil-doses-de-vacina-contra-covid-19\\\/#breadcrumb\",\"itemListElement\":[{\"@type\":\"ListItem\",\"position\":1,\"name\":\"Home\",\"item\":\"https:\\\/\\\/dana.com.br\\\/canaldana\\\/\"},{\"@type\":\"ListItem\",\"position\":2,\"name\":\"Sa\u00fade\",\"item\":\"https:\\\/\\\/dana.com.br\\\/canaldana\\\/saude\\\/\"},{\"@type\":\"ListItem\",\"position\":3,\"name\":\"Polo Automotivo de Betim aplica 6 mil doses de vacina contra Covid-19\"}]},{\"@type\":\"WebSite\",\"@id\":\"https:\\\/\\\/dana.com.br\\\/canaldana\\\/#website\",\"url\":\"https:\\\/\\\/dana.com.br\\\/canaldana\\\/\",\"name\":\"Canal Dana\",\"description\":\"Informativo com as principais not\u00edcias da ind\u00fastria automotiva\",\"potentialAction\":[{\"@type\":\"SearchAction\",\"target\":{\"@type\":\"EntryPoint\",\"urlTemplate\":\"https:\\\/\\\/dana.com.br\\\/canaldana\\\/?s={search_term_string}\"},\"query-input\":{\"@type\":\"PropertyValueSpecification\",\"valueRequired\":true,\"valueName\":\"search_term_string\"}}],\"inLanguage\":\"pt-BR\"},{\"@type\":\"Person\",\"@id\":\"https:\\\/\\\/dana.com.br\\\/canaldana\\\/#\\\/schema\\\/person\\\/3c21f22f56fcf3bc46b94bc60ea4fef6\",\"name\":\"Canal Dana\",\"image\":{\"@type\":\"ImageObject\",\"inLanguage\":\"pt-BR\",\"@id\":\"https:\\\/\\\/secure.gravatar.com\\\/avatar\\\/420aaf9278582877d9018637c6817617705899d2858d7572ef0fe59a6b6454b4?s=96&d=mm&r=g\",\"url\":\"https:\\\/\\\/secure.gravatar.com\\\/avatar\\\/420aaf9278582877d9018637c6817617705899d2858d7572ef0fe59a6b6454b4?s=96&d=mm&r=g\",\"contentUrl\":\"https:\\\/\\\/secure.gravatar.com\\\/avatar\\\/420aaf9278582877d9018637c6817617705899d2858d7572ef0fe59a6b6454b4?s=96&d=mm&r=g\",\"caption\":\"Canal Dana\"},\"url\":\"https:\\\/\\\/dana.com.br\\\/canaldana\\\/author\\\/cdeditor\\\/\"}]}<\/script>\n<!-- \/ Yoast SEO plugin. -->","yoast_head_json":{"title":"Polo Automotivo de Betim aplica 6 mil doses de vacina contra Covid-19 - Canal Dana","robots":{"index":"index","follow":"follow","max-snippet":"max-snippet:-1","max-image-preview":"max-image-preview:large","max-video-preview":"max-video-preview:-1"},"canonical":"https:\/\/dana.com.br\/canaldana\/2021\/07\/21\/polo-automotivo-de-betim-aplica-6-mil-doses-de-vacina-contra-covid-19\/","og_locale":"pt_BR","og_type":"article","og_title":"Polo Automotivo de Betim aplica 6 mil doses de vacina contra Covid-19 - Canal Dana","og_description":"Coisas de Agora &nbsp; O Polo Automotivo da Stellantis em Betim concluiu a aplica\u00e7\u00e3o de 6 mil doses de vacinas contra Covid-19 em trabalhadores com idade igual ou inferior a 40 anos, em uma a\u00e7\u00e3o de sa\u00fade p\u00fablica coordenada pela Prefeitura de Betim, atrav\u00e9s da Secretaria Municipal de Sa\u00fade. A opera\u00e7\u00e3o de imuniza\u00e7\u00e3o dos trabalhadores\u2026 Leia mais \u00bb","og_url":"https:\/\/dana.com.br\/canaldana\/2021\/07\/21\/polo-automotivo-de-betim-aplica-6-mil-doses-de-vacina-contra-covid-19\/","og_site_name":"Canal Dana","article_published_time":"2021-07-21T11:37:51+00:00","author":"Canal Dana","twitter_card":"summary_large_image","twitter_misc":{"Escrito por":"Canal Dana","Est. tempo de leitura":"2 minutos"},"schema":{"@context":"https:\/\/schema.org","@graph":[{"@type":"Article","@id":"https:\/\/dana.com.br\/canaldana\/2021\/07\/21\/polo-automotivo-de-betim-aplica-6-mil-doses-de-vacina-contra-covid-19\/#article","isPartOf":{"@id":"https:\/\/dana.com.br\/canaldana\/2021\/07\/21\/polo-automotivo-de-betim-aplica-6-mil-doses-de-vacina-contra-covid-19\/"},"author":{"name":"Canal Dana","@id":"https:\/\/dana.com.br\/canaldana\/#\/schema\/person\/3c21f22f56fcf3bc46b94bc60ea4fef6"},"headline":"Polo Automotivo de Betim aplica 6 mil doses de vacina contra Covid-19","datePublished":"2021-07-21T11:37:51+00:00","mainEntityOfPage":{"@id":"https:\/\/dana.com.br\/canaldana\/2021\/07\/21\/polo-automotivo-de-betim-aplica-6-mil-doses-de-vacina-contra-covid-19\/"},"wordCount":353,"articleSection":["Sa\u00fade"],"inLanguage":"pt-BR"},{"@type":"WebPage","@id":"https:\/\/dana.com.br\/canaldana\/2021\/07\/21\/polo-automotivo-de-betim-aplica-6-mil-doses-de-vacina-contra-covid-19\/","url":"https:\/\/dana.com.br\/canaldana\/2021\/07\/21\/polo-automotivo-de-betim-aplica-6-mil-doses-de-vacina-contra-covid-19\/","name":"Polo Automotivo de Betim aplica 6 mil doses de vacina contra Covid-19 - Canal Dana","isPartOf":{"@id":"https:\/\/dana.com.br\/canaldana\/#website"},"datePublished":"2021-07-21T11:37:51+00:00","author":{"@id":"https:\/\/dana.com.br\/canaldana\/#\/schema\/person\/3c21f22f56fcf3bc46b94bc60ea4fef6"},"breadcrumb":{"@id":"https:\/\/dana.com.br\/canaldana\/2021\/07\/21\/polo-automotivo-de-betim-aplica-6-mil-doses-de-vacina-contra-covid-19\/#breadcrumb"},"inLanguage":"pt-BR","potentialAction":[{"@type":"ReadAction","target":["https:\/\/dana.com.br\/canaldana\/2021\/07\/21\/polo-automotivo-de-betim-aplica-6-mil-doses-de-vacina-contra-covid-19\/"]}]},{"@type":"BreadcrumbList","@id":"https:\/\/dana.com.br\/canaldana\/2021\/07\/21\/polo-automotivo-de-betim-aplica-6-mil-doses-de-vacina-contra-covid-19\/#breadcrumb","itemListElement":[{"@type":"ListItem","position":1,"name":"Home","item":"https:\/\/dana.com.br\/canaldana\/"},{"@type":"ListItem","position":2,"name":"Sa\u00fade","item":"https:\/\/dana.com.br\/canaldana\/saude\/"},{"@type":"ListItem","position":3,"name":"Polo Automotivo de Betim aplica 6 mil doses de vacina contra Covid-19"}]},{"@type":"WebSite","@id":"https:\/\/dana.com.br\/canaldana\/#website","url":"https:\/\/dana.com.br\/canaldana\/","name":"Canal Dana","description":"Informativo com as principais not\u00edcias da ind\u00fastria automotiva","potentialAction":[{"@type":"SearchAction","target":{"@type":"EntryPoint","urlTemplate":"https:\/\/dana.com.br\/canaldana\/?s={search_term_string}"},"query-input":{"@type":"PropertyValueSpecification","valueRequired":true,"valueName":"search_term_string"}}],"inLanguage":"pt-BR"},{"@type":"Person","@id":"https:\/\/dana.com.br\/canaldana\/#\/schema\/person\/3c21f22f56fcf3bc46b94bc60ea4fef6","name":"Canal Dana","image":{"@type":"ImageObject","inLanguage":"pt-BR","@id":"https:\/\/secure.gravatar.com\/avatar\/420aaf9278582877d9018637c6817617705899d2858d7572ef0fe59a6b6454b4?s=96&d=mm&r=g","url":"https:\/\/secure.gravatar.com\/avatar\/420aaf9278582877d9018637c6817617705899d2858d7572ef0fe59a6b6454b4?s=96&d=mm&r=g","contentUrl":"https:\/\/secure.gravatar.com\/avatar\/420aaf9278582877d9018637c6817617705899d2858d7572ef0fe59a6b6454b4?s=96&d=mm&r=g","caption":"Canal Dana"},"url":"https:\/\/dana.com.br\/canaldana\/author\/cdeditor\/"}]}},"_links":{"self":[{"href":"https:\/\/dana.com.br\/canaldana\/wp-json\/wp\/v2\/posts\/51676","targetHints":{"allow":["GET"]}}],"collection":[{"href":"https:\/\/dana.com.br\/canaldana\/wp-json\/wp\/v2\/posts"}],"about":[{"href":"https:\/\/dana.com.br\/canaldana\/wp-json\/wp\/v2\/types\/post"}],"author":[{"embeddable":true,"href":"https:\/\/dana.com.br\/canaldana\/wp-json\/wp\/v2\/users\/3"}],"replies":[{"embeddable":true,"href":"https:\/\/dana.com.br\/canaldana\/wp-json\/wp\/v2\/comments?post=51676"}],"version-history":[{"count":0,"href":"https:\/\/dana.com.br\/canaldana\/wp-json\/wp\/v2\/posts\/51676\/revisions"}],"wp:attachment":[{"href":"https:\/\/dana.com.br\/canaldana\/wp-json\/wp\/v2\/media?parent=51676"}],"wp:term":[{"taxonomy":"category","embeddable":true,"href":"https:\/\/dana.com.br\/canaldana\/wp-json\/wp\/v2\/categories?post=51676"},{"taxonomy":"post_tag","embeddable":true,"href":"https:\/\/dana.com.br\/canaldana\/wp-json\/wp\/v2\/tags?post=51676"}],"curies":[{"name":"wp","href":"https:\/\/api.w.org\/{rel}","templated":true}]}}