{"id":51663,"date":"2021-07-20T08:21:55","date_gmt":"2021-07-20T11:21:55","guid":{"rendered":"https:\/\/dana.com.br\/canaldana\/?p=51663"},"modified":"2021-07-20T08:21:55","modified_gmt":"2021-07-20T11:21:55","slug":"anip-pede-fim-da-medida-que-zera-o-imposto-da-importacao-de-pneus","status":"publish","type":"post","link":"https:\/\/dana.com.br\/canaldana\/2021\/07\/20\/anip-pede-fim-da-medida-que-zera-o-imposto-da-importacao-de-pneus\/","title":{"rendered":"Anip pede fim da medida que zera o imposto da importa\u00e7\u00e3o de pneus"},"content":{"rendered":"<p><em>Frota &amp; Cia\/\u00c9poca Neg\u00f3cios<\/em><\/p>\n<p>&nbsp;<\/p>\n<p>Na \u00faltima quinta-feira (15), os fabricantes nacionais de pneus defenderam o fim da medida do governo federal que zera o imposto de importa\u00e7\u00f5es do produto. Essa provid\u00eancia teve in\u00edcio no come\u00e7o do ano e \u00e9 voltada ao transporte de carga. Segundo os fabricantes brasileiros, al\u00e9m de gerar desvantagem a eles com rela\u00e7\u00e3o a produtores de fora do pa\u00eds, n\u00e3o colabora para reduzir custos de caminhoneiros aut\u00f4nomos.<\/p>\n<p>&nbsp;<\/p>\n<p>A Associa\u00e7\u00e3o Nacional da Ind\u00fastria de Pneum\u00e1ticos (Anip) trouxe dados que afirmam que, em maio, o Brasil registrou a maior importa\u00e7\u00e3o dos \u00faltimos 10 anos. O volume \u00e9 de 274 mil e representa alta de 74,5% em rela\u00e7\u00e3o \u00e0 m\u00e9dia mensal desde 2017.<\/p>\n<p>&nbsp;<\/p>\n<p>A medida tribut\u00e1ria foi sancionada pelo Presidente da Rep\u00fablica em janeiro. Pressionado pelas amea\u00e7as de greves de caminhoneiros, Jair Bolsonaro (sem partido) reduziu os impostos de 16% para zero. De acordo com ele, a medida visa reduzir custos do transporte rodovi\u00e1rio no Brasil.<\/p>\n<p>&nbsp;<\/p>\n<p><strong>Maiores custos<\/strong><\/p>\n<p>&nbsp;<\/p>\n<p>Mas a Anip ressalta que, mesmo com os pre\u00e7os menores, eles ainda assim acarretam em maiores custos. Visto que, os pneus precisam ser trocados com maior frequ\u00eancia por conta das condi\u00e7\u00f5es brasileiras de tr\u00e1fego.<\/p>\n<p>&nbsp;<\/p>\n<p>\u201cO custo adicional num caminh\u00e3o que usa 18 pneus vai ser de 56 mil reais em rela\u00e7\u00e3o ao uso do pneu nacional\u201d, disse a jornalistas o presidente da Anip, Klaus Curt Muller. E ainda segundo ele, um pneu nacional permite ser reformado duas vezes ao longo de um intervalo de 300 mil Km. J\u00e1 o importado, a reforma pode ser feita apenas uma vez no mesmo intervalo e em 30% dos casos ele n\u00e3o pode ser reformado.<\/p>\n<p>&nbsp;<\/p>\n<p>A Anip tamb\u00e9m refor\u00e7a que, do in\u00edcio do ano at\u00e9 junho, a ind\u00fastria deixou de arrecadar R$ 117 milh\u00f5es devido o imposto zero. Al\u00e9m disso, a entidade reclama que a medida foi publicada sem estabelecimento de prazo para ser revertida.<\/p>\n<p>&nbsp;<\/p>\n<p>\u201cQuando se tem medida que \u00e9 para sanar problema econ\u00f4mico, esse problema tem um per\u00edodo para ser resolvido\u2026isso \u00e9 cl\u00e1ssico, mas com um prazo estabelecido\u201d, disse Muller. \u201cA inten\u00e7\u00e3o do governo de abrir a importa\u00e7\u00e3o para ajudar caminhoneiro vai contra ele e atrapalha\u2026A medida beneficia apenas os importadores\u201d, acrescentou. (Frota &amp; Cia\/\u00c9poca Neg\u00f3cios)<\/p>\n","protected":false},"excerpt":{"rendered":"<p>Frota &amp; Cia\/\u00c9poca Neg\u00f3cios &nbsp; Na \u00faltima quinta-feira (15), os fabricantes nacionais de pneus defenderam o fim da medida do governo federal que zera o imposto de importa\u00e7\u00f5es do produto. Essa provid\u00eancia teve in\u00edcio no come\u00e7o do ano e \u00e9 voltada ao transporte de carga. Segundo os fabricantes brasileiros, al\u00e9m de gerar desvantagem a eles\u2026 <a class=\"readmore\" href=\"https:\/\/dana.com.br\/canaldana\/2021\/07\/20\/anip-pede-fim-da-medida-que-zera-o-imposto-da-importacao-de-pneus\/\">Leia mais \u00bb<\/a><\/p>\n","protected":false},"author":3,"featured_media":0,"comment_status":"closed","ping_status":"closed","sticky":false,"template":"","format":"standard","meta":{"_acf_changed":false,"footnotes":""},"categories":[61],"tags":[],"class_list":["post-51663","post","type-post","status-publish","format-standard","hentry","category-destaques"],"acf":[],"yoast_head":"<!-- This site is optimized with the Yoast SEO plugin v27.3 - https:\/\/yoast.com\/product\/yoast-seo-wordpress\/ -->\n<title>Anip pede fim da medida que zera o imposto da importa\u00e7\u00e3o de pneus - Canal Dana<\/title>\n<meta name=\"robots\" content=\"index, follow, max-snippet:-1, max-image-preview:large, max-video-preview:-1\" \/>\n<link rel=\"canonical\" href=\"https:\/\/dana.com.br\/canaldana\/2021\/07\/20\/anip-pede-fim-da-medida-que-zera-o-imposto-da-importacao-de-pneus\/\" \/>\n<meta property=\"og:locale\" content=\"pt_BR\" \/>\n<meta property=\"og:type\" content=\"article\" \/>\n<meta property=\"og:title\" content=\"Anip pede fim da medida que zera o imposto da importa\u00e7\u00e3o de pneus - Canal Dana\" \/>\n<meta property=\"og:description\" content=\"Frota &amp; Cia\/\u00c9poca Neg\u00f3cios &nbsp; Na \u00faltima quinta-feira (15), os fabricantes nacionais de pneus defenderam o fim da medida do governo federal que zera o imposto de importa\u00e7\u00f5es do produto. Essa provid\u00eancia teve in\u00edcio no come\u00e7o do ano e \u00e9 voltada ao transporte de carga. Segundo os fabricantes brasileiros, al\u00e9m de gerar desvantagem a eles\u2026 Leia mais \u00bb\" \/>\n<meta property=\"og:url\" content=\"https:\/\/dana.com.br\/canaldana\/2021\/07\/20\/anip-pede-fim-da-medida-que-zera-o-imposto-da-importacao-de-pneus\/\" \/>\n<meta property=\"og:site_name\" content=\"Canal Dana\" \/>\n<meta property=\"article:published_time\" content=\"2021-07-20T11:21:55+00:00\" \/>\n<meta name=\"author\" content=\"Canal Dana\" \/>\n<meta name=\"twitter:card\" content=\"summary_large_image\" \/>\n<meta name=\"twitter:label1\" content=\"Escrito por\" \/>\n\t<meta name=\"twitter:data1\" content=\"Canal Dana\" \/>\n\t<meta name=\"twitter:label2\" content=\"Est. tempo de leitura\" \/>\n\t<meta name=\"twitter:data2\" content=\"2 minutos\" \/>\n<script type=\"application\/ld+json\" class=\"yoast-schema-graph\">{\"@context\":\"https:\\\/\\\/schema.org\",\"@graph\":[{\"@type\":\"Article\",\"@id\":\"https:\\\/\\\/dana.com.br\\\/canaldana\\\/2021\\\/07\\\/20\\\/anip-pede-fim-da-medida-que-zera-o-imposto-da-importacao-de-pneus\\\/#article\",\"isPartOf\":{\"@id\":\"https:\\\/\\\/dana.com.br\\\/canaldana\\\/2021\\\/07\\\/20\\\/anip-pede-fim-da-medida-que-zera-o-imposto-da-importacao-de-pneus\\\/\"},\"author\":{\"name\":\"Canal Dana\",\"@id\":\"https:\\\/\\\/dana.com.br\\\/canaldana\\\/#\\\/schema\\\/person\\\/3c21f22f56fcf3bc46b94bc60ea4fef6\"},\"headline\":\"Anip pede fim da medida que zera o imposto da importa\u00e7\u00e3o de pneus\",\"datePublished\":\"2021-07-20T11:21:55+00:00\",\"mainEntityOfPage\":{\"@id\":\"https:\\\/\\\/dana.com.br\\\/canaldana\\\/2021\\\/07\\\/20\\\/anip-pede-fim-da-medida-que-zera-o-imposto-da-importacao-de-pneus\\\/\"},\"wordCount\":411,\"articleSection\":[\"Destaques\"],\"inLanguage\":\"pt-BR\"},{\"@type\":\"WebPage\",\"@id\":\"https:\\\/\\\/dana.com.br\\\/canaldana\\\/2021\\\/07\\\/20\\\/anip-pede-fim-da-medida-que-zera-o-imposto-da-importacao-de-pneus\\\/\",\"url\":\"https:\\\/\\\/dana.com.br\\\/canaldana\\\/2021\\\/07\\\/20\\\/anip-pede-fim-da-medida-que-zera-o-imposto-da-importacao-de-pneus\\\/\",\"name\":\"Anip pede fim da medida que zera o imposto da importa\u00e7\u00e3o de pneus - Canal Dana\",\"isPartOf\":{\"@id\":\"https:\\\/\\\/dana.com.br\\\/canaldana\\\/#website\"},\"datePublished\":\"2021-07-20T11:21:55+00:00\",\"author\":{\"@id\":\"https:\\\/\\\/dana.com.br\\\/canaldana\\\/#\\\/schema\\\/person\\\/3c21f22f56fcf3bc46b94bc60ea4fef6\"},\"breadcrumb\":{\"@id\":\"https:\\\/\\\/dana.com.br\\\/canaldana\\\/2021\\\/07\\\/20\\\/anip-pede-fim-da-medida-que-zera-o-imposto-da-importacao-de-pneus\\\/#breadcrumb\"},\"inLanguage\":\"pt-BR\",\"potentialAction\":[{\"@type\":\"ReadAction\",\"target\":[\"https:\\\/\\\/dana.com.br\\\/canaldana\\\/2021\\\/07\\\/20\\\/anip-pede-fim-da-medida-que-zera-o-imposto-da-importacao-de-pneus\\\/\"]}]},{\"@type\":\"BreadcrumbList\",\"@id\":\"https:\\\/\\\/dana.com.br\\\/canaldana\\\/2021\\\/07\\\/20\\\/anip-pede-fim-da-medida-que-zera-o-imposto-da-importacao-de-pneus\\\/#breadcrumb\",\"itemListElement\":[{\"@type\":\"ListItem\",\"position\":1,\"name\":\"Home\",\"item\":\"https:\\\/\\\/dana.com.br\\\/canaldana\\\/\"},{\"@type\":\"ListItem\",\"position\":2,\"name\":\"Destaques\",\"item\":\"https:\\\/\\\/dana.com.br\\\/canaldana\\\/destaques\\\/\"},{\"@type\":\"ListItem\",\"position\":3,\"name\":\"Anip pede fim da medida que zera o imposto da importa\u00e7\u00e3o de pneus\"}]},{\"@type\":\"WebSite\",\"@id\":\"https:\\\/\\\/dana.com.br\\\/canaldana\\\/#website\",\"url\":\"https:\\\/\\\/dana.com.br\\\/canaldana\\\/\",\"name\":\"Canal Dana\",\"description\":\"Informativo com as principais not\u00edcias da ind\u00fastria automotiva\",\"potentialAction\":[{\"@type\":\"SearchAction\",\"target\":{\"@type\":\"EntryPoint\",\"urlTemplate\":\"https:\\\/\\\/dana.com.br\\\/canaldana\\\/?s={search_term_string}\"},\"query-input\":{\"@type\":\"PropertyValueSpecification\",\"valueRequired\":true,\"valueName\":\"search_term_string\"}}],\"inLanguage\":\"pt-BR\"},{\"@type\":\"Person\",\"@id\":\"https:\\\/\\\/dana.com.br\\\/canaldana\\\/#\\\/schema\\\/person\\\/3c21f22f56fcf3bc46b94bc60ea4fef6\",\"name\":\"Canal Dana\",\"image\":{\"@type\":\"ImageObject\",\"inLanguage\":\"pt-BR\",\"@id\":\"https:\\\/\\\/secure.gravatar.com\\\/avatar\\\/420aaf9278582877d9018637c6817617705899d2858d7572ef0fe59a6b6454b4?s=96&d=mm&r=g\",\"url\":\"https:\\\/\\\/secure.gravatar.com\\\/avatar\\\/420aaf9278582877d9018637c6817617705899d2858d7572ef0fe59a6b6454b4?s=96&d=mm&r=g\",\"contentUrl\":\"https:\\\/\\\/secure.gravatar.com\\\/avatar\\\/420aaf9278582877d9018637c6817617705899d2858d7572ef0fe59a6b6454b4?s=96&d=mm&r=g\",\"caption\":\"Canal Dana\"},\"url\":\"https:\\\/\\\/dana.com.br\\\/canaldana\\\/author\\\/cdeditor\\\/\"}]}<\/script>\n<!-- \/ Yoast SEO plugin. -->","yoast_head_json":{"title":"Anip pede fim da medida que zera o imposto da importa\u00e7\u00e3o de pneus - Canal Dana","robots":{"index":"index","follow":"follow","max-snippet":"max-snippet:-1","max-image-preview":"max-image-preview:large","max-video-preview":"max-video-preview:-1"},"canonical":"https:\/\/dana.com.br\/canaldana\/2021\/07\/20\/anip-pede-fim-da-medida-que-zera-o-imposto-da-importacao-de-pneus\/","og_locale":"pt_BR","og_type":"article","og_title":"Anip pede fim da medida que zera o imposto da importa\u00e7\u00e3o de pneus - Canal Dana","og_description":"Frota &amp; Cia\/\u00c9poca Neg\u00f3cios &nbsp; Na \u00faltima quinta-feira (15), os fabricantes nacionais de pneus defenderam o fim da medida do governo federal que zera o imposto de importa\u00e7\u00f5es do produto. Essa provid\u00eancia teve in\u00edcio no come\u00e7o do ano e \u00e9 voltada ao transporte de carga. Segundo os fabricantes brasileiros, al\u00e9m de gerar desvantagem a eles\u2026 Leia mais \u00bb","og_url":"https:\/\/dana.com.br\/canaldana\/2021\/07\/20\/anip-pede-fim-da-medida-que-zera-o-imposto-da-importacao-de-pneus\/","og_site_name":"Canal Dana","article_published_time":"2021-07-20T11:21:55+00:00","author":"Canal Dana","twitter_card":"summary_large_image","twitter_misc":{"Escrito por":"Canal Dana","Est. tempo de leitura":"2 minutos"},"schema":{"@context":"https:\/\/schema.org","@graph":[{"@type":"Article","@id":"https:\/\/dana.com.br\/canaldana\/2021\/07\/20\/anip-pede-fim-da-medida-que-zera-o-imposto-da-importacao-de-pneus\/#article","isPartOf":{"@id":"https:\/\/dana.com.br\/canaldana\/2021\/07\/20\/anip-pede-fim-da-medida-que-zera-o-imposto-da-importacao-de-pneus\/"},"author":{"name":"Canal Dana","@id":"https:\/\/dana.com.br\/canaldana\/#\/schema\/person\/3c21f22f56fcf3bc46b94bc60ea4fef6"},"headline":"Anip pede fim da medida que zera o imposto da importa\u00e7\u00e3o de pneus","datePublished":"2021-07-20T11:21:55+00:00","mainEntityOfPage":{"@id":"https:\/\/dana.com.br\/canaldana\/2021\/07\/20\/anip-pede-fim-da-medida-que-zera-o-imposto-da-importacao-de-pneus\/"},"wordCount":411,"articleSection":["Destaques"],"inLanguage":"pt-BR"},{"@type":"WebPage","@id":"https:\/\/dana.com.br\/canaldana\/2021\/07\/20\/anip-pede-fim-da-medida-que-zera-o-imposto-da-importacao-de-pneus\/","url":"https:\/\/dana.com.br\/canaldana\/2021\/07\/20\/anip-pede-fim-da-medida-que-zera-o-imposto-da-importacao-de-pneus\/","name":"Anip pede fim da medida que zera o imposto da importa\u00e7\u00e3o de pneus - Canal Dana","isPartOf":{"@id":"https:\/\/dana.com.br\/canaldana\/#website"},"datePublished":"2021-07-20T11:21:55+00:00","author":{"@id":"https:\/\/dana.com.br\/canaldana\/#\/schema\/person\/3c21f22f56fcf3bc46b94bc60ea4fef6"},"breadcrumb":{"@id":"https:\/\/dana.com.br\/canaldana\/2021\/07\/20\/anip-pede-fim-da-medida-que-zera-o-imposto-da-importacao-de-pneus\/#breadcrumb"},"inLanguage":"pt-BR","potentialAction":[{"@type":"ReadAction","target":["https:\/\/dana.com.br\/canaldana\/2021\/07\/20\/anip-pede-fim-da-medida-que-zera-o-imposto-da-importacao-de-pneus\/"]}]},{"@type":"BreadcrumbList","@id":"https:\/\/dana.com.br\/canaldana\/2021\/07\/20\/anip-pede-fim-da-medida-que-zera-o-imposto-da-importacao-de-pneus\/#breadcrumb","itemListElement":[{"@type":"ListItem","position":1,"name":"Home","item":"https:\/\/dana.com.br\/canaldana\/"},{"@type":"ListItem","position":2,"name":"Destaques","item":"https:\/\/dana.com.br\/canaldana\/destaques\/"},{"@type":"ListItem","position":3,"name":"Anip pede fim da medida que zera o imposto da importa\u00e7\u00e3o de pneus"}]},{"@type":"WebSite","@id":"https:\/\/dana.com.br\/canaldana\/#website","url":"https:\/\/dana.com.br\/canaldana\/","name":"Canal Dana","description":"Informativo com as principais not\u00edcias da ind\u00fastria automotiva","potentialAction":[{"@type":"SearchAction","target":{"@type":"EntryPoint","urlTemplate":"https:\/\/dana.com.br\/canaldana\/?s={search_term_string}"},"query-input":{"@type":"PropertyValueSpecification","valueRequired":true,"valueName":"search_term_string"}}],"inLanguage":"pt-BR"},{"@type":"Person","@id":"https:\/\/dana.com.br\/canaldana\/#\/schema\/person\/3c21f22f56fcf3bc46b94bc60ea4fef6","name":"Canal Dana","image":{"@type":"ImageObject","inLanguage":"pt-BR","@id":"https:\/\/secure.gravatar.com\/avatar\/420aaf9278582877d9018637c6817617705899d2858d7572ef0fe59a6b6454b4?s=96&d=mm&r=g","url":"https:\/\/secure.gravatar.com\/avatar\/420aaf9278582877d9018637c6817617705899d2858d7572ef0fe59a6b6454b4?s=96&d=mm&r=g","contentUrl":"https:\/\/secure.gravatar.com\/avatar\/420aaf9278582877d9018637c6817617705899d2858d7572ef0fe59a6b6454b4?s=96&d=mm&r=g","caption":"Canal Dana"},"url":"https:\/\/dana.com.br\/canaldana\/author\/cdeditor\/"}]}},"_links":{"self":[{"href":"https:\/\/dana.com.br\/canaldana\/wp-json\/wp\/v2\/posts\/51663","targetHints":{"allow":["GET"]}}],"collection":[{"href":"https:\/\/dana.com.br\/canaldana\/wp-json\/wp\/v2\/posts"}],"about":[{"href":"https:\/\/dana.com.br\/canaldana\/wp-json\/wp\/v2\/types\/post"}],"author":[{"embeddable":true,"href":"https:\/\/dana.com.br\/canaldana\/wp-json\/wp\/v2\/users\/3"}],"replies":[{"embeddable":true,"href":"https:\/\/dana.com.br\/canaldana\/wp-json\/wp\/v2\/comments?post=51663"}],"version-history":[{"count":0,"href":"https:\/\/dana.com.br\/canaldana\/wp-json\/wp\/v2\/posts\/51663\/revisions"}],"wp:attachment":[{"href":"https:\/\/dana.com.br\/canaldana\/wp-json\/wp\/v2\/media?parent=51663"}],"wp:term":[{"taxonomy":"category","embeddable":true,"href":"https:\/\/dana.com.br\/canaldana\/wp-json\/wp\/v2\/categories?post=51663"},{"taxonomy":"post_tag","embeddable":true,"href":"https:\/\/dana.com.br\/canaldana\/wp-json\/wp\/v2\/tags?post=51663"}],"curies":[{"name":"wp","href":"https:\/\/api.w.org\/{rel}","templated":true}]}}